{"id":107761,"date":"2025-12-30T11:00:00","date_gmt":"2025-12-30T14:00:00","guid":{"rendered":"https:\/\/portaltela.pt\/noticias\/2025\/12\/30\/pensoes-aumentam-em-fevereiro-com-retroactivos\/"},"modified":"2025-12-30T11:00:00","modified_gmt":"2025-12-30T14:00:00","slug":"pensoes-aumentam-em-fevereiro-com-retroactivos","status":"publish","type":"post","link":"https:\/\/portaltela.pt\/noticias\/2025\/12\/30\/pensoes-aumentam-em-fevereiro-com-retroactivos\/","title":{"rendered":"Pens\u00f5es aumentam em Fevereiro com retroactivos"},"content":{"rendered":"<p>As pens\u00f5es v\u00e3o aumentar em 2026, com um reajuste m\u00ednimo de 2,02% para valores at\u00e9 6445,56 euros. A atualiza\u00e7\u00e3o usa uma f\u00f3rmula que pondera PIB\/IPC, com retroativos a janeiro, sendo paga em fevereiro. Em janeiro de 2026 mant\u00eam-se os valores antigos.<\/p>\n<p>A Portaria publicada no Di\u00e1rio da Rep\u00fablica define o aumento de 2,8% do Indexante dos Apoios Sociais (IAS), fixado em 537,13 euros. Este valor serve de refer\u00eancia para v\u00e1rias presta\u00e7\u00f5es, incluindo as pens\u00f5es de incapacidade, morte e acidente de trabalho.<\/p>\n<p>Para os rendimentos at\u00e9 1074,26 euros, o aumento \u00e9 de 2,8%. No escal\u00e3o entre 331,79 e 1074,26 euros, a subida m\u00ednima n\u00e3o pode ficar aqu\u00e9m de 9,29 euros. Entre 1074,26 e 3222,78 euros, o aumento \u00e9 de 2,27%, com subida m\u00ednima de 30,08 euros. Valores acima de 322,78 at\u00e9 6445,56 euros sobem 2,02%.<\/p>\n<h3>Detalhes das inclus\u00f5es<\/h3>\n<p>A atualiza\u00e7\u00e3o de 2,8% aplica-se \u00e0s pens\u00f5es de invalidez, de doen\u00e7a e de acidente de trabalho, mantendo a mesma percentagem para o IAS. O Complemento Solid\u00e1rio para Idosos sobe em 40 euros mensais, conforme portaria publicada no mesmo di\u00e1rio oficial.<\/p>\n<p>H\u00e1 ainda a possibilidade de um b\u00f3nus anual para pensionistas, dependente de contas p\u00fablicas, mas n\u00e3o permanente. A medida depende da situa\u00e7\u00e3o financeira do Estado e de aprova\u00e7\u00e3o parlamentar. Em 2026 n\u00e3o h\u00e1 confirma\u00e7\u00e3o de pagamento autom\u00e1tico em definitivo.<\/p>\n","protected":false},"excerpt":{"rendered":"<ul>\n<li>Em janeiro de 2026 as pens\u00f5es mant\u00eam o valor anterior; a atualiza\u00e7\u00e3o com retroativos entra em fevereiro.<\/li>\n<li>A atualiza\u00e7\u00e3o est\u00e1 baseada numa f\u00f3rmula que combina o crescimento do PIB e a varia\u00e7\u00e3o m\u00e9dia do IPC sem habita\u00e7\u00e3o dos dois anos anteriores.<\/li>\n<li>O aumento m\u00ednimo de 2,02% aplica-se a pens\u00f5es at\u00e9 6.445,56 euros (quando n\u00e3o houve atualiza\u00e7\u00e3o adicional).<\/li>\n<li>O acr\u00e9scimo para pens\u00f5es at\u00e9 1.074,26 euros \u00e9 de 2,8%, com ganho m\u00ednimo de 9,29 euros para valores mais baixos; acima desse patamar, o aumento varia consoante faixas, desde 2,02% at\u00e9 2,27% e 30,08 euros de piso.<\/li>\n<li>Al\u00e9m disso, h\u00e1 aumento de 2,8% no Indexante de Apoios Sociais (537,13 euros) e nos subs\u00eddios de incapacidade, de morte e de acidente de trabalho; o Complemento Solid\u00e1rio para Idosos aumenta 40 euros por m\u00eas; pode existir um b\u00f3nus anual n\u00e3o permanente, dependendo das contas p\u00fablicas.<\/li>\n<\/ul>\n","protected":false},"author":2,"featured_media":107764,"comment_status":"closed","ping_status":"closed","sticky":false,"template":"","format":"standard","meta":{"footnotes":""},"categories":[1],"tags":[1211,2169,733,133,173,243],"class_list":["post-107761","post","type-post","status-publish","format-standard","has-post-thumbnail","hentry","category-noticias","tag-apoio-social","tag-complemento-solidario-para-idosos","tag-financas-publicas","tag-politicas-publicas","tag-protecao-social","tag-seguranca-social"],"yoast_head":"<!-- This site is optimized with the Yoast SEO plugin v27.2 - https:\/\/yoast.com\/product\/yoast-seo-wordpress\/ -->\n<title>Pens\u00f5es aumentam em Fevereiro com retroactivos - Portal Tela Portugal<\/title>\n<meta name=\"robots\" content=\"index, follow, max-snippet:-1, max-image-preview:large, max-video-preview:-1\" \/>\n<meta property=\"og:locale\" content=\"pt_PT\" \/>\n<meta property=\"og:type\" content=\"article\" \/>\n<meta property=\"og:title\" content=\"Pens\u00f5es aumentam em Fevereiro com retroactivos - Portal Tela Portugal\" \/>\n<meta property=\"og:description\" content=\"Em janeiro de 2026 as pens\u00f5es mant\u00eam o valor anterior; a atualiza\u00e7\u00e3o com retroativos entra em fevereiro. A atualiza\u00e7\u00e3o est\u00e1 baseada numa f\u00f3rmula que combina o crescimento do PIB e a varia\u00e7\u00e3o m\u00e9dia do IPC sem habita\u00e7\u00e3o dos dois anos anteriores. O aumento m\u00ednimo de 2,02% aplica-se a pens\u00f5es at\u00e9 6.445,56 euros (quando n\u00e3o houve atualiza\u00e7\u00e3o adicional). O acr\u00e9scimo para pens\u00f5es at\u00e9 1.074,26 euros \u00e9 de 2,8%, com ganho m\u00ednimo de 9,29 euros para valores mais baixos; acima desse patamar, o aumento varia consoante faixas, desde 2,02% at\u00e9 2,27% e 30,08 euros de piso. Al\u00e9m disso, h\u00e1 aumento de 2,8% no Indexante de Apoios Sociais (537,13 euros) e nos subs\u00eddios de incapacidade, de morte e de acidente de trabalho; o Complemento Solid\u00e1rio para Idosos aumenta 40 euros por m\u00eas; pode existir um b\u00f3nus anual n\u00e3o permanente, dependendo das contas p\u00fablicas.\" \/>\n<meta property=\"og:url\" content=\"https:\/\/portaltela.pt\/noticias\/2025\/12\/30\/pensoes-aumentam-em-fevereiro-com-retroactivos\/\" \/>\n<meta property=\"og:site_name\" content=\"Portal Tela Portugal\" \/>\n<meta property=\"article:published_time\" content=\"2025-12-30T14:00:00+00:00\" \/>\n<meta name=\"author\" content=\"Telinha\" \/>\n<meta name=\"twitter:card\" content=\"summary_large_image\" \/>\n<meta name=\"twitter:label1\" content=\"Escrito por\" \/>\n\t<meta name=\"twitter:data1\" content=\"Telinha\" \/>\n\t<meta name=\"twitter:label2\" content=\"Tempo estimado de leitura\" \/>\n\t<meta name=\"twitter:data2\" content=\"1 minuto\" \/>\n<script type=\"application\/ld+json\" class=\"yoast-schema-graph\">{\"@context\":\"https:\/\/schema.org\",\"@graph\":[{\"@type\":\"Article\",\"@id\":\"https:\/\/portaltela.pt\/noticias\/2025\/12\/30\/pensoes-aumentam-em-fevereiro-com-retroactivos\/#article\",\"isPartOf\":{\"@id\":\"https:\/\/portaltela.pt\/noticias\/2025\/12\/30\/pensoes-aumentam-em-fevereiro-com-retroactivos\/\"},\"author\":{\"name\":\"Telinha\",\"@id\":\"https:\/\/portaltela.pt\/#\/schema\/person\/c4278d4a6028830caff9ee44b42d32ed\"},\"headline\":\"Pens\u00f5es aumentam em Fevereiro com retroactivos\",\"datePublished\":\"2025-12-30T14:00:00+00:00\",\"mainEntityOfPage\":{\"@id\":\"https:\/\/portaltela.pt\/noticias\/2025\/12\/30\/pensoes-aumentam-em-fevereiro-com-retroactivos\/\"},\"wordCount\":232,\"image\":{\"@id\":\"https:\/\/portaltela.pt\/noticias\/2025\/12\/30\/pensoes-aumentam-em-fevereiro-com-retroactivos\/#primaryimage\"},\"thumbnailUrl\":\"https:\/\/portaltela.pt\/s.01k8rhncp4jt1\/2025\/12\/2055646.jpg\",\"keywords\":[\"Apoio Social\",\"Complemento Solid\u00e1rio para Idosos\",\"finan\u00e7as p\u00fablicas\",\"pol\u00edticas p\u00fablicas\",\"prote\u00e7\u00e3o social\",\"seguran\u00e7a social\"],\"articleSection\":[\"Not\u00edcias\"],\"inLanguage\":\"pt-PT\"},{\"@type\":\"WebPage\",\"@id\":\"https:\/\/portaltela.pt\/noticias\/2025\/12\/30\/pensoes-aumentam-em-fevereiro-com-retroactivos\/\",\"url\":\"https:\/\/portaltela.pt\/noticias\/2025\/12\/30\/pensoes-aumentam-em-fevereiro-com-retroactivos\/\",\"name\":\"Pens\u00f5es aumentam em Fevereiro com retroactivos - Portal Tela Portugal\",\"isPartOf\":{\"@id\":\"https:\/\/portaltela.pt\/#website\"},\"primaryImageOfPage\":{\"@id\":\"https:\/\/portaltela.pt\/noticias\/2025\/12\/30\/pensoes-aumentam-em-fevereiro-com-retroactivos\/#primaryimage\"},\"image\":{\"@id\":\"https:\/\/portaltela.pt\/noticias\/2025\/12\/30\/pensoes-aumentam-em-fevereiro-com-retroactivos\/#primaryimage\"},\"thumbnailUrl\":\"https:\/\/portaltela.pt\/s.01k8rhncp4jt1\/2025\/12\/2055646.jpg\",\"datePublished\":\"2025-12-30T14:00:00+00:00\",\"author\":{\"@id\":\"https:\/\/portaltela.pt\/#\/schema\/person\/c4278d4a6028830caff9ee44b42d32ed\"},\"breadcrumb\":{\"@id\":\"https:\/\/portaltela.pt\/noticias\/2025\/12\/30\/pensoes-aumentam-em-fevereiro-com-retroactivos\/#breadcrumb\"},\"inLanguage\":\"pt-PT\",\"potentialAction\":[{\"@type\":\"ReadAction\",\"target\":[\"https:\/\/portaltela.pt\/noticias\/2025\/12\/30\/pensoes-aumentam-em-fevereiro-com-retroactivos\/\"]}]},{\"@type\":\"ImageObject\",\"inLanguage\":\"pt-PT\",\"@id\":\"https:\/\/portaltela.pt\/noticias\/2025\/12\/30\/pensoes-aumentam-em-fevereiro-com-retroactivos\/#primaryimage\",\"url\":\"https:\/\/portaltela.pt\/s.01k8rhncp4jt1\/2025\/12\/2055646.jpg\",\"contentUrl\":\"https:\/\/portaltela.pt\/s.01k8rhncp4jt1\/2025\/12\/2055646.jpg\",\"width\":796,\"height\":448,\"caption\":\"As pens\u00f5es de montante igual ou inferior a 1074,26 euros ter\u00e3o um aumento de 2,8% em 2026\"},{\"@type\":\"BreadcrumbList\",\"@id\":\"https:\/\/portaltela.pt\/noticias\/2025\/12\/30\/pensoes-aumentam-em-fevereiro-com-retroactivos\/#breadcrumb\",\"itemListElement\":[{\"@type\":\"ListItem\",\"position\":1,\"name\":\"In\u00edcio\",\"item\":\"https:\/\/portaltela.pt\/\"},{\"@type\":\"ListItem\",\"position\":2,\"name\":\"Pens\u00f5es aumentam em Fevereiro com retroactivos\"}]},{\"@type\":\"WebSite\",\"@id\":\"https:\/\/portaltela.pt\/#website\",\"url\":\"https:\/\/portaltela.pt\/\",\"name\":\"Portal Tela Portugal\",\"description\":\"\",\"potentialAction\":[{\"@type\":\"SearchAction\",\"target\":{\"@type\":\"EntryPoint\",\"urlTemplate\":\"https:\/\/portaltela.pt\/?s={search_term_string}\"},\"query-input\":{\"@type\":\"PropertyValueSpecification\",\"valueRequired\":true,\"valueName\":\"search_term_string\"}}],\"inLanguage\":\"pt-PT\"},{\"@type\":\"Person\",\"@id\":\"https:\/\/portaltela.pt\/#\/schema\/person\/c4278d4a6028830caff9ee44b42d32ed\",\"name\":\"Telinha\",\"image\":{\"@type\":\"ImageObject\",\"inLanguage\":\"pt-PT\",\"@id\":\"https:\/\/portaltela.pt\/s.01k8rhncp4jt1\/2025\/11\/talking-bot-125x125.png\",\"url\":\"https:\/\/portaltela.pt\/s.01k8rhncp4jt1\/2025\/11\/talking-bot-125x125.png\",\"contentUrl\":\"https:\/\/portaltela.pt\/s.01k8rhncp4jt1\/2025\/11\/talking-bot-125x125.png\",\"caption\":\"Telinha\"},\"sameAs\":[\"https:\/\/portaltela.pt\/\"],\"url\":\"https:\/\/portaltela.pt\/por\/367410592786\/\"}]}<\/script>\n<!-- \/ Yoast SEO plugin. -->","yoast_head_json":{"title":"Pens\u00f5es aumentam em Fevereiro com retroactivos - Portal Tela Portugal","robots":{"index":"index","follow":"follow","max-snippet":"max-snippet:-1","max-image-preview":"max-image-preview:large","max-video-preview":"max-video-preview:-1"},"og_locale":"pt_PT","og_type":"article","og_title":"Pens\u00f5es aumentam em Fevereiro com retroactivos - Portal Tela Portugal","og_description":"Em janeiro de 2026 as pens\u00f5es mant\u00eam o valor anterior; a atualiza\u00e7\u00e3o com retroativos entra em fevereiro. A atualiza\u00e7\u00e3o est\u00e1 baseada numa f\u00f3rmula que combina o crescimento do PIB e a varia\u00e7\u00e3o m\u00e9dia do IPC sem habita\u00e7\u00e3o dos dois anos anteriores. O aumento m\u00ednimo de 2,02% aplica-se a pens\u00f5es at\u00e9 6.445,56 euros (quando n\u00e3o houve atualiza\u00e7\u00e3o adicional). O acr\u00e9scimo para pens\u00f5es at\u00e9 1.074,26 euros \u00e9 de 2,8%, com ganho m\u00ednimo de 9,29 euros para valores mais baixos; acima desse patamar, o aumento varia consoante faixas, desde 2,02% at\u00e9 2,27% e 30,08 euros de piso. Al\u00e9m disso, h\u00e1 aumento de 2,8% no Indexante de Apoios Sociais (537,13 euros) e nos subs\u00eddios de incapacidade, de morte e de acidente de trabalho; o Complemento Solid\u00e1rio para Idosos aumenta 40 euros por m\u00eas; pode existir um b\u00f3nus anual n\u00e3o permanente, dependendo das contas p\u00fablicas.","og_url":"https:\/\/portaltela.pt\/noticias\/2025\/12\/30\/pensoes-aumentam-em-fevereiro-com-retroactivos\/","og_site_name":"Portal Tela Portugal","article_published_time":"2025-12-30T14:00:00+00:00","author":"Telinha","twitter_card":"summary_large_image","twitter_misc":{"Escrito por":"Telinha","Tempo estimado de leitura":"1 minuto"},"schema":{"@context":"https:\/\/schema.org","@graph":[{"@type":"Article","@id":"https:\/\/portaltela.pt\/noticias\/2025\/12\/30\/pensoes-aumentam-em-fevereiro-com-retroactivos\/#article","isPartOf":{"@id":"https:\/\/portaltela.pt\/noticias\/2025\/12\/30\/pensoes-aumentam-em-fevereiro-com-retroactivos\/"},"author":{"name":"Telinha","@id":"https:\/\/portaltela.pt\/#\/schema\/person\/c4278d4a6028830caff9ee44b42d32ed"},"headline":"Pens\u00f5es aumentam em Fevereiro com retroactivos","datePublished":"2025-12-30T14:00:00+00:00","mainEntityOfPage":{"@id":"https:\/\/portaltela.pt\/noticias\/2025\/12\/30\/pensoes-aumentam-em-fevereiro-com-retroactivos\/"},"wordCount":232,"image":{"@id":"https:\/\/portaltela.pt\/noticias\/2025\/12\/30\/pensoes-aumentam-em-fevereiro-com-retroactivos\/#primaryimage"},"thumbnailUrl":"https:\/\/portaltela.pt\/s.01k8rhncp4jt1\/2025\/12\/2055646.jpg","keywords":["Apoio Social","Complemento Solid\u00e1rio para Idosos","finan\u00e7as p\u00fablicas","pol\u00edticas p\u00fablicas","prote\u00e7\u00e3o social","seguran\u00e7a social"],"articleSection":["Not\u00edcias"],"inLanguage":"pt-PT"},{"@type":"WebPage","@id":"https:\/\/portaltela.pt\/noticias\/2025\/12\/30\/pensoes-aumentam-em-fevereiro-com-retroactivos\/","url":"https:\/\/portaltela.pt\/noticias\/2025\/12\/30\/pensoes-aumentam-em-fevereiro-com-retroactivos\/","name":"Pens\u00f5es aumentam em Fevereiro com retroactivos - Portal Tela Portugal","isPartOf":{"@id":"https:\/\/portaltela.pt\/#website"},"primaryImageOfPage":{"@id":"https:\/\/portaltela.pt\/noticias\/2025\/12\/30\/pensoes-aumentam-em-fevereiro-com-retroactivos\/#primaryimage"},"image":{"@id":"https:\/\/portaltela.pt\/noticias\/2025\/12\/30\/pensoes-aumentam-em-fevereiro-com-retroactivos\/#primaryimage"},"thumbnailUrl":"https:\/\/portaltela.pt\/s.01k8rhncp4jt1\/2025\/12\/2055646.jpg","datePublished":"2025-12-30T14:00:00+00:00","author":{"@id":"https:\/\/portaltela.pt\/#\/schema\/person\/c4278d4a6028830caff9ee44b42d32ed"},"breadcrumb":{"@id":"https:\/\/portaltela.pt\/noticias\/2025\/12\/30\/pensoes-aumentam-em-fevereiro-com-retroactivos\/#breadcrumb"},"inLanguage":"pt-PT","potentialAction":[{"@type":"ReadAction","target":["https:\/\/portaltela.pt\/noticias\/2025\/12\/30\/pensoes-aumentam-em-fevereiro-com-retroactivos\/"]}]},{"@type":"ImageObject","inLanguage":"pt-PT","@id":"https:\/\/portaltela.pt\/noticias\/2025\/12\/30\/pensoes-aumentam-em-fevereiro-com-retroactivos\/#primaryimage","url":"https:\/\/portaltela.pt\/s.01k8rhncp4jt1\/2025\/12\/2055646.jpg","contentUrl":"https:\/\/portaltela.pt\/s.01k8rhncp4jt1\/2025\/12\/2055646.jpg","width":796,"height":448,"caption":"As pens\u00f5es de montante igual ou inferior a 1074,26 euros ter\u00e3o um aumento de 2,8% em 2026"},{"@type":"BreadcrumbList","@id":"https:\/\/portaltela.pt\/noticias\/2025\/12\/30\/pensoes-aumentam-em-fevereiro-com-retroactivos\/#breadcrumb","itemListElement":[{"@type":"ListItem","position":1,"name":"In\u00edcio","item":"https:\/\/portaltela.pt\/"},{"@type":"ListItem","position":2,"name":"Pens\u00f5es aumentam em Fevereiro com retroactivos"}]},{"@type":"WebSite","@id":"https:\/\/portaltela.pt\/#website","url":"https:\/\/portaltela.pt\/","name":"Portal Tela Portugal","description":"","potentialAction":[{"@type":"SearchAction","target":{"@type":"EntryPoint","urlTemplate":"https:\/\/portaltela.pt\/?s={search_term_string}"},"query-input":{"@type":"PropertyValueSpecification","valueRequired":true,"valueName":"search_term_string"}}],"inLanguage":"pt-PT"},{"@type":"Person","@id":"https:\/\/portaltela.pt\/#\/schema\/person\/c4278d4a6028830caff9ee44b42d32ed","name":"Telinha","image":{"@type":"ImageObject","inLanguage":"pt-PT","@id":"https:\/\/portaltela.pt\/s.01k8rhncp4jt1\/2025\/11\/talking-bot-125x125.png","url":"https:\/\/portaltela.pt\/s.01k8rhncp4jt1\/2025\/11\/talking-bot-125x125.png","contentUrl":"https:\/\/portaltela.pt\/s.01k8rhncp4jt1\/2025\/11\/talking-bot-125x125.png","caption":"Telinha"},"sameAs":["https:\/\/portaltela.pt\/"],"url":"https:\/\/portaltela.pt\/por\/367410592786\/"}]}},"_links":{"self":[{"href":"https:\/\/portaltela.pt\/api\/wp\/v2\/posts\/107761","targetHints":{"allow":["GET"]}}],"collection":[{"href":"https:\/\/portaltela.pt\/api\/wp\/v2\/posts"}],"about":[{"href":"https:\/\/portaltela.pt\/api\/wp\/v2\/types\/post"}],"author":[{"embeddable":true,"href":"https:\/\/portaltela.pt\/api\/wp\/v2\/users\/2"}],"replies":[{"embeddable":true,"href":"https:\/\/portaltela.pt\/api\/wp\/v2\/comments?post=107761"}],"version-history":[{"count":0,"href":"https:\/\/portaltela.pt\/api\/wp\/v2\/posts\/107761\/revisions"}],"wp:featuredmedia":[{"embeddable":true,"href":"https:\/\/portaltela.pt\/api\/wp\/v2\/media\/107764"}],"wp:attachment":[{"href":"https:\/\/portaltela.pt\/api\/wp\/v2\/media?parent=107761"}],"wp:term":[{"taxonomy":"category","embeddable":true,"href":"https:\/\/portaltela.pt\/api\/wp\/v2\/categories?post=107761"},{"taxonomy":"post_tag","embeddable":true,"href":"https:\/\/portaltela.pt\/api\/wp\/v2\/tags?post=107761"}],"curies":[{"name":"wp","href":"https:\/\/api.w.org\/{rel}","templated":true}]}}