{"id":107665,"date":"2025-12-30T10:00:00","date_gmt":"2025-12-30T13:00:00","guid":{"rendered":"https:\/\/portaltela.pt\/noticias\/2025\/12\/30\/evora-mantem-carga-fiscal-em-2026-com-aprovacao-unanime\/"},"modified":"2025-12-30T10:00:00","modified_gmt":"2025-12-30T13:00:00","slug":"evora-mantem-carga-fiscal-em-2026-com-aprovacao-unanime","status":"publish","type":"post","link":"https:\/\/portaltela.pt\/noticias\/politica\/2025\/12\/30\/evora-mantem-carga-fiscal-em-2026-com-aprovacao-unanime\/","title":{"rendered":"\u00c9vora mant\u00e9m carga fiscal em 2026 com aprova\u00e7\u00e3o un\u00e2nime"},"content":{"rendered":"<p>A Assembleia Municipal de \u00c9vora aprovou manter inalterados, em 2026, os impostos e taxas municipais em vigor. A decis\u00e3o foi tomada na reuni\u00e3o de 19 de dezembro, com maioria absoluta e sem altera\u00e7\u00f5es.<\/p>\n<p>O presidente da C\u00e2mara, Carlos Zorrinho, explicou que a op\u00e7\u00e3o preserva o perfil fiscal atual, visando aumentar a receita futura por via de gest\u00e3o mais eficiente da despesa. Pode abrir caminho a medidas de al\u00edvio fiscal posteriormente.<\/p>\n<p>IMI, Derrama, TMDP e Participa\u00e7\u00e3o Vari\u00e1vel no IRS ficam exactamente como est\u00e3o, de acordo com a proposta aprovada por unanimidade. Tamb\u00e9m foi acordado, por consenso, o calend\u00e1rio das sess\u00f5es para 2026.<\/p>\n<h3>Atividades e parcerias em foco<\/h3>\n<p>Zorrinho apresentou a atividade municipal do \u00faltimo trimestre e o estado financeiro. Destacaram-se projetos com diversas entidades, entre eles candidaturas a fundos para a \u00c9vora Capital Europeia da Cultura 2027 e o acordo para acessibilidades ao Hospital Central do Alentejo.<\/p>\n<p>Foi ainda anunciada a auditoria \u00e0s contas e o avan\u00e7o do Plano de Urbaniza\u00e7\u00e3o de \u00c9vora, com publica\u00e7\u00e3o prevista no Di\u00e1rio da Rep\u00fablica no outono de 2026. Paralelamente, foram aprovados contratos interadministrativos para 2026.<\/p>\n<h3>Outras delibera\u00e7\u00f5es e mo\u00e7\u00f5es<\/h3>\n<p>A Assembleia aprovou, sem voto contra, as medidas associadas \u00e0 Hab\u00e9vora, incluindo a remunera\u00e7\u00e3o do gerente executivo e a renova\u00e7\u00e3o de acordos com a Cruz Vermelha. Tamb\u00e9m foi apresentado o relat\u00f3rio de execu\u00e7\u00e3o or\u00e7amental de Hab\u00e9vora at\u00e9 junho de 2025.<\/p>\n<p>No que respeita \u00e0s mo\u00e7\u00f5es, a sauda\u00e7\u00e3o aos trabalhadores e \u00e0 Greve Geral de 11 de dezembro foi aprovada por maioria. Propostas sobre parques fotovoltaicos, apresentadas pela AD \u2013 \u00c9vora Tem Mais Futuro, foram remetidas para Confer\u00eancia de Representantes.<\/p>\n","protected":false},"excerpt":{"rendered":"<ul>\n<li>A Assembleia Municipal de \u00c9vora aprovou, por unanimidade, manter inalterados em 2026 o IMI, a Derrama, a TMDP e a Participa\u00e7\u00e3o Vari\u00e1vel no IRS.<\/li>\n<li>O presidente da C\u00e2mara, Carlos Zorrinho, explicou que a op\u00e7\u00e3o busca preservar o perfil fiscal atual e medir aumento de receita no futuro atrav\u00e9s de uma gest\u00e3o mais eficiente da despesa.<\/li>\n<li>Foi ainda aprovado, por unanimidade, o calend\u00e1rio das sess\u00f5es ordin\u00e1rias para 2026: 27 de fevereiro, 17 de abril, 26 de junho, 25 de setembro e 18 de dezembro.<\/li>\n<li>Foram apresentados avan\u00e7os em projetos locais, como candidaturas a fundos para a \u00c9vora Capital Europeia da Cultura 2027, acesso ao Hospital Central do Alentejo, auditoria \u00e0s contas e o Plano de Urbaniza\u00e7\u00e3o de \u00c9vora, com publica\u00e7\u00e3o prevista no Di\u00e1rio da Rep\u00fablica no outono de 2026.<\/li>\n<li>A reuni\u00e3o incluiu a aprova\u00e7\u00e3o de contratos interadministrativos para delega\u00e7\u00e3o de compet\u00eancias em 2026 e assuntos da Hab\u00e9vora, al\u00e9m de mo\u00e7\u00f5es sobre a sauda\u00e7\u00e3o aos trabalhadores e \u00e0 greve de 11 de dezembro; e as propostas sobre parques fotovoltaicos, desenvolvimento do Alentejo e distribui\u00e7\u00e3o de periodicamente nos distritos do interior foram decididas conforme os votos.<\/li>\n<\/ul>\n","protected":false},"author":2,"featured_media":107671,"comment_status":"closed","ping_status":"closed","sticky":false,"template":"","format":"standard","meta":{"footnotes":""},"categories":[1,5],"tags":[1125,1209,1074,2163,633,1208],"class_list":["post-107665","post","type-post","status-publish","format-standard","has-post-thumbnail","hentry","category-noticias","category-politica","tag-contratos","tag-derrama","tag-evora","tag-habevora","tag-hospital","tag-imi"],"yoast_head":"<!-- This site is optimized with the Yoast SEO plugin v27.2 - https:\/\/yoast.com\/product\/yoast-seo-wordpress\/ -->\n<title>\u00c9vora mant\u00e9m carga fiscal em 2026 com aprova\u00e7\u00e3o un\u00e2nime - Portal Tela Portugal<\/title>\n<meta name=\"robots\" content=\"index, follow, max-snippet:-1, max-image-preview:large, max-video-preview:-1\" \/>\n<meta property=\"og:locale\" content=\"pt_PT\" \/>\n<meta property=\"og:type\" content=\"article\" \/>\n<meta property=\"og:title\" content=\"\u00c9vora mant\u00e9m carga fiscal em 2026 com aprova\u00e7\u00e3o un\u00e2nime - Portal Tela Portugal\" \/>\n<meta property=\"og:description\" content=\"A Assembleia Municipal de \u00c9vora aprovou, por unanimidade, manter inalterados em 2026 o IMI, a Derrama, a TMDP e a Participa\u00e7\u00e3o Vari\u00e1vel no IRS. O presidente da C\u00e2mara, Carlos Zorrinho, explicou que a op\u00e7\u00e3o busca preservar o perfil fiscal atual e medir aumento de receita no futuro atrav\u00e9s de uma gest\u00e3o mais eficiente da despesa. Foi ainda aprovado, por unanimidade, o calend\u00e1rio das sess\u00f5es ordin\u00e1rias para 2026: 27 de fevereiro, 17 de abril, 26 de junho, 25 de setembro e 18 de dezembro. Foram apresentados avan\u00e7os em projetos locais, como candidaturas a fundos para a \u00c9vora Capital Europeia da Cultura 2027, acesso ao Hospital Central do Alentejo, auditoria \u00e0s contas e o Plano de Urbaniza\u00e7\u00e3o de \u00c9vora, com publica\u00e7\u00e3o prevista no Di\u00e1rio da Rep\u00fablica no outono de 2026. A reuni\u00e3o incluiu a aprova\u00e7\u00e3o de contratos interadministrativos para delega\u00e7\u00e3o de compet\u00eancias em 2026 e assuntos da Hab\u00e9vora, al\u00e9m de mo\u00e7\u00f5es sobre a sauda\u00e7\u00e3o aos trabalhadores e \u00e0 greve de 11 de dezembro; e as propostas sobre parques fotovoltaicos, desenvolvimento do Alentejo e distribui\u00e7\u00e3o de periodicamente nos distritos do interior foram decididas conforme os votos.\" \/>\n<meta property=\"og:url\" content=\"https:\/\/portaltela.pt\/noticias\/2025\/12\/30\/evora-mantem-carga-fiscal-em-2026-com-aprovacao-unanime\/\" \/>\n<meta property=\"og:site_name\" content=\"Portal Tela Portugal\" \/>\n<meta property=\"article:published_time\" content=\"2025-12-30T13:00:00+00:00\" \/>\n<meta name=\"author\" content=\"Telinha\" \/>\n<meta name=\"twitter:card\" content=\"summary_large_image\" \/>\n<meta name=\"twitter:label1\" content=\"Escrito por\" \/>\n\t<meta name=\"twitter:data1\" content=\"Telinha\" \/>\n\t<meta name=\"twitter:label2\" content=\"Tempo estimado de leitura\" \/>\n\t<meta name=\"twitter:data2\" content=\"1 minuto\" \/>\n<script type=\"application\/ld+json\" class=\"yoast-schema-graph\">{\"@context\":\"https:\/\/schema.org\",\"@graph\":[{\"@type\":\"Article\",\"@id\":\"https:\/\/portaltela.pt\/noticias\/2025\/12\/30\/evora-mantem-carga-fiscal-em-2026-com-aprovacao-unanime\/#article\",\"isPartOf\":{\"@id\":\"https:\/\/portaltela.pt\/noticias\/2025\/12\/30\/evora-mantem-carga-fiscal-em-2026-com-aprovacao-unanime\/\"},\"author\":{\"name\":\"Telinha\",\"@id\":\"https:\/\/portaltela.pt\/#\/schema\/person\/c4278d4a6028830caff9ee44b42d32ed\"},\"headline\":\"\u00c9vora mant\u00e9m carga fiscal em 2026 com aprova\u00e7\u00e3o un\u00e2nime\",\"datePublished\":\"2025-12-30T13:00:00+00:00\",\"mainEntityOfPage\":{\"@id\":\"https:\/\/portaltela.pt\/noticias\/2025\/12\/30\/evora-mantem-carga-fiscal-em-2026-com-aprovacao-unanime\/\"},\"wordCount\":294,\"image\":{\"@id\":\"https:\/\/portaltela.pt\/noticias\/2025\/12\/30\/evora-mantem-carga-fiscal-em-2026-com-aprovacao-unanime\/#primaryimage\"},\"thumbnailUrl\":\"https:\/\/portaltela.pt\/s.01k8rhncp4jt1\/2025\/12\/unnamed-file-2537.jpg\",\"keywords\":[\"contratos\",\"Derrama\",\"\u00c9vora\",\"Hab\u00e9vora\",\"hospital\",\"IMI\"],\"articleSection\":[\"Not\u00edcias\",\"Pol\u00edtica\"],\"inLanguage\":\"pt-PT\"},{\"@type\":\"WebPage\",\"@id\":\"https:\/\/portaltela.pt\/noticias\/2025\/12\/30\/evora-mantem-carga-fiscal-em-2026-com-aprovacao-unanime\/\",\"url\":\"https:\/\/portaltela.pt\/noticias\/2025\/12\/30\/evora-mantem-carga-fiscal-em-2026-com-aprovacao-unanime\/\",\"name\":\"\u00c9vora mant\u00e9m carga fiscal em 2026 com aprova\u00e7\u00e3o un\u00e2nime - Portal Tela Portugal\",\"isPartOf\":{\"@id\":\"https:\/\/portaltela.pt\/#website\"},\"primaryImageOfPage\":{\"@id\":\"https:\/\/portaltela.pt\/noticias\/2025\/12\/30\/evora-mantem-carga-fiscal-em-2026-com-aprovacao-unanime\/#primaryimage\"},\"image\":{\"@id\":\"https:\/\/portaltela.pt\/noticias\/2025\/12\/30\/evora-mantem-carga-fiscal-em-2026-com-aprovacao-unanime\/#primaryimage\"},\"thumbnailUrl\":\"https:\/\/portaltela.pt\/s.01k8rhncp4jt1\/2025\/12\/unnamed-file-2537.jpg\",\"datePublished\":\"2025-12-30T13:00:00+00:00\",\"author\":{\"@id\":\"https:\/\/portaltela.pt\/#\/schema\/person\/c4278d4a6028830caff9ee44b42d32ed\"},\"breadcrumb\":{\"@id\":\"https:\/\/portaltela.pt\/noticias\/2025\/12\/30\/evora-mantem-carga-fiscal-em-2026-com-aprovacao-unanime\/#breadcrumb\"},\"inLanguage\":\"pt-PT\",\"potentialAction\":[{\"@type\":\"ReadAction\",\"target\":[\"https:\/\/portaltela.pt\/noticias\/2025\/12\/30\/evora-mantem-carga-fiscal-em-2026-com-aprovacao-unanime\/\"]}]},{\"@type\":\"ImageObject\",\"inLanguage\":\"pt-PT\",\"@id\":\"https:\/\/portaltela.pt\/noticias\/2025\/12\/30\/evora-mantem-carga-fiscal-em-2026-com-aprovacao-unanime\/#primaryimage\",\"url\":\"https:\/\/portaltela.pt\/s.01k8rhncp4jt1\/2025\/12\/unnamed-file-2537.jpg\",\"contentUrl\":\"https:\/\/portaltela.pt\/s.01k8rhncp4jt1\/2025\/12\/unnamed-file-2537.jpg\",\"width\":796,\"height\":448,\"caption\":\"\u00c9vora mant\u00e9m carga fiscal em 2026 com aprova\u00e7\u00e3o un\u00e2nime da Assembleia Municipal\"},{\"@type\":\"BreadcrumbList\",\"@id\":\"https:\/\/portaltela.pt\/noticias\/2025\/12\/30\/evora-mantem-carga-fiscal-em-2026-com-aprovacao-unanime\/#breadcrumb\",\"itemListElement\":[{\"@type\":\"ListItem\",\"position\":1,\"name\":\"In\u00edcio\",\"item\":\"https:\/\/portaltela.pt\/\"},{\"@type\":\"ListItem\",\"position\":2,\"name\":\"\u00c9vora mant\u00e9m carga fiscal em 2026 com aprova\u00e7\u00e3o un\u00e2nime\"}]},{\"@type\":\"WebSite\",\"@id\":\"https:\/\/portaltela.pt\/#website\",\"url\":\"https:\/\/portaltela.pt\/\",\"name\":\"Portal Tela Portugal\",\"description\":\"\",\"potentialAction\":[{\"@type\":\"SearchAction\",\"target\":{\"@type\":\"EntryPoint\",\"urlTemplate\":\"https:\/\/portaltela.pt\/?s={search_term_string}\"},\"query-input\":{\"@type\":\"PropertyValueSpecification\",\"valueRequired\":true,\"valueName\":\"search_term_string\"}}],\"inLanguage\":\"pt-PT\"},{\"@type\":\"Person\",\"@id\":\"https:\/\/portaltela.pt\/#\/schema\/person\/c4278d4a6028830caff9ee44b42d32ed\",\"name\":\"Telinha\",\"image\":{\"@type\":\"ImageObject\",\"inLanguage\":\"pt-PT\",\"@id\":\"https:\/\/portaltela.pt\/s.01k8rhncp4jt1\/2025\/11\/talking-bot-125x125.png\",\"url\":\"https:\/\/portaltela.pt\/s.01k8rhncp4jt1\/2025\/11\/talking-bot-125x125.png\",\"contentUrl\":\"https:\/\/portaltela.pt\/s.01k8rhncp4jt1\/2025\/11\/talking-bot-125x125.png\",\"caption\":\"Telinha\"},\"sameAs\":[\"https:\/\/portaltela.pt\/\"],\"url\":\"https:\/\/portaltela.pt\/por\/367410592786\/\"}]}<\/script>\n<!-- \/ Yoast SEO plugin. -->","yoast_head_json":{"title":"\u00c9vora mant\u00e9m carga fiscal em 2026 com aprova\u00e7\u00e3o un\u00e2nime - Portal Tela Portugal","robots":{"index":"index","follow":"follow","max-snippet":"max-snippet:-1","max-image-preview":"max-image-preview:large","max-video-preview":"max-video-preview:-1"},"og_locale":"pt_PT","og_type":"article","og_title":"\u00c9vora mant\u00e9m carga fiscal em 2026 com aprova\u00e7\u00e3o un\u00e2nime - Portal Tela Portugal","og_description":"A Assembleia Municipal de \u00c9vora aprovou, por unanimidade, manter inalterados em 2026 o IMI, a Derrama, a TMDP e a Participa\u00e7\u00e3o Vari\u00e1vel no IRS. O presidente da C\u00e2mara, Carlos Zorrinho, explicou que a op\u00e7\u00e3o busca preservar o perfil fiscal atual e medir aumento de receita no futuro atrav\u00e9s de uma gest\u00e3o mais eficiente da despesa. Foi ainda aprovado, por unanimidade, o calend\u00e1rio das sess\u00f5es ordin\u00e1rias para 2026: 27 de fevereiro, 17 de abril, 26 de junho, 25 de setembro e 18 de dezembro. Foram apresentados avan\u00e7os em projetos locais, como candidaturas a fundos para a \u00c9vora Capital Europeia da Cultura 2027, acesso ao Hospital Central do Alentejo, auditoria \u00e0s contas e o Plano de Urbaniza\u00e7\u00e3o de \u00c9vora, com publica\u00e7\u00e3o prevista no Di\u00e1rio da Rep\u00fablica no outono de 2026. A reuni\u00e3o incluiu a aprova\u00e7\u00e3o de contratos interadministrativos para delega\u00e7\u00e3o de compet\u00eancias em 2026 e assuntos da Hab\u00e9vora, al\u00e9m de mo\u00e7\u00f5es sobre a sauda\u00e7\u00e3o aos trabalhadores e \u00e0 greve de 11 de dezembro; e as propostas sobre parques fotovoltaicos, desenvolvimento do Alentejo e distribui\u00e7\u00e3o de periodicamente nos distritos do interior foram decididas conforme os votos.","og_url":"https:\/\/portaltela.pt\/noticias\/2025\/12\/30\/evora-mantem-carga-fiscal-em-2026-com-aprovacao-unanime\/","og_site_name":"Portal Tela Portugal","article_published_time":"2025-12-30T13:00:00+00:00","author":"Telinha","twitter_card":"summary_large_image","twitter_misc":{"Escrito por":"Telinha","Tempo estimado de leitura":"1 minuto"},"schema":{"@context":"https:\/\/schema.org","@graph":[{"@type":"Article","@id":"https:\/\/portaltela.pt\/noticias\/2025\/12\/30\/evora-mantem-carga-fiscal-em-2026-com-aprovacao-unanime\/#article","isPartOf":{"@id":"https:\/\/portaltela.pt\/noticias\/2025\/12\/30\/evora-mantem-carga-fiscal-em-2026-com-aprovacao-unanime\/"},"author":{"name":"Telinha","@id":"https:\/\/portaltela.pt\/#\/schema\/person\/c4278d4a6028830caff9ee44b42d32ed"},"headline":"\u00c9vora mant\u00e9m carga fiscal em 2026 com aprova\u00e7\u00e3o un\u00e2nime","datePublished":"2025-12-30T13:00:00+00:00","mainEntityOfPage":{"@id":"https:\/\/portaltela.pt\/noticias\/2025\/12\/30\/evora-mantem-carga-fiscal-em-2026-com-aprovacao-unanime\/"},"wordCount":294,"image":{"@id":"https:\/\/portaltela.pt\/noticias\/2025\/12\/30\/evora-mantem-carga-fiscal-em-2026-com-aprovacao-unanime\/#primaryimage"},"thumbnailUrl":"https:\/\/portaltela.pt\/s.01k8rhncp4jt1\/2025\/12\/unnamed-file-2537.jpg","keywords":["contratos","Derrama","\u00c9vora","Hab\u00e9vora","hospital","IMI"],"articleSection":["Not\u00edcias","Pol\u00edtica"],"inLanguage":"pt-PT"},{"@type":"WebPage","@id":"https:\/\/portaltela.pt\/noticias\/2025\/12\/30\/evora-mantem-carga-fiscal-em-2026-com-aprovacao-unanime\/","url":"https:\/\/portaltela.pt\/noticias\/2025\/12\/30\/evora-mantem-carga-fiscal-em-2026-com-aprovacao-unanime\/","name":"\u00c9vora mant\u00e9m carga fiscal em 2026 com aprova\u00e7\u00e3o un\u00e2nime - Portal Tela Portugal","isPartOf":{"@id":"https:\/\/portaltela.pt\/#website"},"primaryImageOfPage":{"@id":"https:\/\/portaltela.pt\/noticias\/2025\/12\/30\/evora-mantem-carga-fiscal-em-2026-com-aprovacao-unanime\/#primaryimage"},"image":{"@id":"https:\/\/portaltela.pt\/noticias\/2025\/12\/30\/evora-mantem-carga-fiscal-em-2026-com-aprovacao-unanime\/#primaryimage"},"thumbnailUrl":"https:\/\/portaltela.pt\/s.01k8rhncp4jt1\/2025\/12\/unnamed-file-2537.jpg","datePublished":"2025-12-30T13:00:00+00:00","author":{"@id":"https:\/\/portaltela.pt\/#\/schema\/person\/c4278d4a6028830caff9ee44b42d32ed"},"breadcrumb":{"@id":"https:\/\/portaltela.pt\/noticias\/2025\/12\/30\/evora-mantem-carga-fiscal-em-2026-com-aprovacao-unanime\/#breadcrumb"},"inLanguage":"pt-PT","potentialAction":[{"@type":"ReadAction","target":["https:\/\/portaltela.pt\/noticias\/2025\/12\/30\/evora-mantem-carga-fiscal-em-2026-com-aprovacao-unanime\/"]}]},{"@type":"ImageObject","inLanguage":"pt-PT","@id":"https:\/\/portaltela.pt\/noticias\/2025\/12\/30\/evora-mantem-carga-fiscal-em-2026-com-aprovacao-unanime\/#primaryimage","url":"https:\/\/portaltela.pt\/s.01k8rhncp4jt1\/2025\/12\/unnamed-file-2537.jpg","contentUrl":"https:\/\/portaltela.pt\/s.01k8rhncp4jt1\/2025\/12\/unnamed-file-2537.jpg","width":796,"height":448,"caption":"\u00c9vora mant\u00e9m carga fiscal em 2026 com aprova\u00e7\u00e3o un\u00e2nime da Assembleia Municipal"},{"@type":"BreadcrumbList","@id":"https:\/\/portaltela.pt\/noticias\/2025\/12\/30\/evora-mantem-carga-fiscal-em-2026-com-aprovacao-unanime\/#breadcrumb","itemListElement":[{"@type":"ListItem","position":1,"name":"In\u00edcio","item":"https:\/\/portaltela.pt\/"},{"@type":"ListItem","position":2,"name":"\u00c9vora mant\u00e9m carga fiscal em 2026 com aprova\u00e7\u00e3o un\u00e2nime"}]},{"@type":"WebSite","@id":"https:\/\/portaltela.pt\/#website","url":"https:\/\/portaltela.pt\/","name":"Portal Tela Portugal","description":"","potentialAction":[{"@type":"SearchAction","target":{"@type":"EntryPoint","urlTemplate":"https:\/\/portaltela.pt\/?s={search_term_string}"},"query-input":{"@type":"PropertyValueSpecification","valueRequired":true,"valueName":"search_term_string"}}],"inLanguage":"pt-PT"},{"@type":"Person","@id":"https:\/\/portaltela.pt\/#\/schema\/person\/c4278d4a6028830caff9ee44b42d32ed","name":"Telinha","image":{"@type":"ImageObject","inLanguage":"pt-PT","@id":"https:\/\/portaltela.pt\/s.01k8rhncp4jt1\/2025\/11\/talking-bot-125x125.png","url":"https:\/\/portaltela.pt\/s.01k8rhncp4jt1\/2025\/11\/talking-bot-125x125.png","contentUrl":"https:\/\/portaltela.pt\/s.01k8rhncp4jt1\/2025\/11\/talking-bot-125x125.png","caption":"Telinha"},"sameAs":["https:\/\/portaltela.pt\/"],"url":"https:\/\/portaltela.pt\/por\/367410592786\/"}]}},"_links":{"self":[{"href":"https:\/\/portaltela.pt\/api\/wp\/v2\/posts\/107665","targetHints":{"allow":["GET"]}}],"collection":[{"href":"https:\/\/portaltela.pt\/api\/wp\/v2\/posts"}],"about":[{"href":"https:\/\/portaltela.pt\/api\/wp\/v2\/types\/post"}],"author":[{"embeddable":true,"href":"https:\/\/portaltela.pt\/api\/wp\/v2\/users\/2"}],"replies":[{"embeddable":true,"href":"https:\/\/portaltela.pt\/api\/wp\/v2\/comments?post=107665"}],"version-history":[{"count":0,"href":"https:\/\/portaltela.pt\/api\/wp\/v2\/posts\/107665\/revisions"}],"wp:featuredmedia":[{"embeddable":true,"href":"https:\/\/portaltela.pt\/api\/wp\/v2\/media\/107671"}],"wp:attachment":[{"href":"https:\/\/portaltela.pt\/api\/wp\/v2\/media?parent=107665"}],"wp:term":[{"taxonomy":"category","embeddable":true,"href":"https:\/\/portaltela.pt\/api\/wp\/v2\/categories?post=107665"},{"taxonomy":"post_tag","embeddable":true,"href":"https:\/\/portaltela.pt\/api\/wp\/v2\/tags?post=107665"}],"curies":[{"name":"wp","href":"https:\/\/api.w.org\/{rel}","templated":true}]}}