{"id":107594,"date":"2025-12-30T09:21:00","date_gmt":"2025-12-30T12:21:00","guid":{"rendered":"https:\/\/portaltela.pt\/noticias\/2025\/12\/30\/mais-de-10-filmes-portugueses-em-exibicao-no-1-o-trimestre\/"},"modified":"2025-12-30T09:21:00","modified_gmt":"2025-12-30T12:21:00","slug":"mais-de-10-filmes-portugueses-em-exibicao-no-1-o-trimestre","status":"publish","type":"post","link":"https:\/\/portaltela.pt\/noticias\/2025\/12\/30\/mais-de-10-filmes-portugueses-em-exibicao-no-1-o-trimestre\/","title":{"rendered":"Mais de 10 filmes portugueses em exibi\u00e7\u00e3o no 1.\u00ba trimestre"},"content":{"rendered":"<p>Pelo menos 10 filmes portugueses chegam \u00e0s salas de cinema no primeiro trimestre de 2026. Entre os lan\u00e7amentos anunciados est\u00e3o Terra Vil, de Lu\u00eds Campos, Vit\u00f3ria, de M\u00e1rio Patroc\u00ednio, e o document\u00e1rio Balane 3, de Ico Costa. Os t\u00edtulos abrangem fic\u00e7\u00e3o, document\u00e1rios e propostas que exploram tem\u00e1ticas sociais e familiares.<\/p>\n<p>Os filmes antevistos chegam em quatro meses de estreias, com v\u00e1rias produ\u00e7\u00f5es a marcar presen\u00e7a em festivais internacionais. A programa\u00e7\u00e3o contempla coprodu\u00e7\u00f5es com Portugal e obras de realizadores nacionais a estrear em v\u00e1rias cidades do pa\u00eds.<\/p>\n<h3>Estreias de fevereiro<\/h3>\n<p>No dia 12 de fevereiro chega \u00e0s salas o document\u00e1rio La vie de Maria Manuela, de Jo\u00e3o Marques, que acompanha quatro anos da vida de uma jovem digital influencer. O filme prop\u00f5e uma reflex\u00e3o sobre a Gera\u00e7\u00e3o Z e a press\u00e3o da exposi\u00e7\u00e3o online.<\/p>\n<p>No dia 19 de fevereiro estreia Primeira Pessoa do Plural, de Sandro Aguilar, com Albano Jer\u00f3nimo e Isabel Abreu, como casal a enfrentar a dor da perda de uma filha. O filme integra o circuito de festivais internacional e j\u00e1 recebeu distin\u00e7\u00f5es, segundo a produtora.<\/p>\n<h3>Terra Vil e Balane 3<\/h3>\n<p>A 26 de fevereiro ocorre a dupla estreia de Terra Vil, de Lu\u00eds Campos, e Balane 3, de Ico Costa. Terra Vil aborda a ruralidade, viol\u00eancia dom\u00e9stica e um acidente hist\u00f3rico, ligando-os a contextos de Entre-os-Rios. Balane 3 retrata a vida cotidiana em Inhambane, Mo\u00e7ambique, com \u00eanfase a profiss\u00f5es e rela\u00e7\u00f5es locais.<\/p>\n<p>Balane 3 j\u00e1 gerou controv\u00e9rsia antes da planifica\u00e7\u00e3o para IndieLisboa, devido a den\u00fancias de viol\u00eancia dom\u00e9stica associadas ao cineasta, que o pr\u00f3prio nega. As informa\u00e7\u00f5es oficiais indicam uma abordagem de vida comunit\u00e1ria e conviv\u00eancia di\u00e1ria.<\/p>\n<h3>Maria Vit\u00f3ria e Cenas de mar\u00e7o<\/h3>\n<p>Em 5 de mar\u00e7o estreia Maria Vit\u00f3ria, de M\u00e1rio Patroc\u00ednio, a primeira longa-metragem de fic\u00e7\u00e3o do realizador, centrada numa jovem que aspira tornar-se jogadora de futebol numa aldeia rural. O elenco inclui Mariana Cardoso e Miguel Nunes, com participa\u00e7\u00e3o de Miguel Borges.<\/p>\n<p>C\u00e9us de mar\u00e7o traz C\u2019est pas la vie en rose, de Leonor Bettencourt Loureiro, explorando a Lisboa gentrificada entre fic\u00e7\u00e3o sat\u00edrica e document\u00e1rio. A estreia est\u00e1 marcada para 12 de mar\u00e7o, acompanhando outras propostas do m\u00eas.<\/p>\n<h3>Bulg\u00e1ria: bulakna e cinema nacional<\/h3>\n<p>A 19 de mar\u00e7o chega Bulakna, de Leonor Noivo, sobre a migra\u00e7\u00e3o de mulheres filipinas para trabalhar como empregadas dom\u00e9sticas no ocidente. O filme acompanha diferentes gera\u00e7\u00f5es e perspetivas, com foco em Lisboa.<\/p>\n<p>Outras estreias de mar\u00e7o incluem o document\u00e1rio sobre migra\u00e7\u00e3o e rela\u00e7\u00f5es laborais, mantendo o tom social presente na agenda de cinema portugu\u00eas.<\/p>\n<h3>Abril e perspetivas para 2026<\/h3>\n<p>Em 9 de abril est\u00e1 prevista a estreia de O Barqueiro, de Sim\u00e3o Cayatte, e de Projeto Global, de Ivo M. Ferreira. Valores de distribui\u00e7\u00e3o e rece\u00e7\u00e3o de p\u00fablico ainda n\u00e3o s\u00e3o conhecidos.<\/p>\n<p>A calendariza\u00e7\u00e3o para 2026 inclui projetos como Pai Nosso \u2014 Os \u00faltimos dias de Salazar, de Jos\u00e9 Filipe Costa, 18 buracos para o para\u00edso, de Jo\u00e3o Nuno Pinto, e Playback, de S\u00e9rgio Graciano, sem datas oficiais.<\/p>\n<h3>Desempenho de bilheteira e contexto<\/h3>\n<p>Este ano, mais de 50 filmes com produ\u00e7\u00e3o nacional ou coprodu\u00e7\u00e3o estiveram em salas, sendo O p\u00e1tio da saudade o mais visto, com 69.562 espetadores, segundo o ICA. Os dados apontam Lavagante como o segundo, com 21.619 entradas, e O lugar dos sonhos como terceiro, com 17.931 bilhetes.<\/p>\n<p>O cinema portugu\u00eas contabilizou, at\u00e9 novembro, 218.572 espetadores em 2025, correspondentes a uma quota de 2,3% do total de entradas no ano. Dados do ICA indicam um cen\u00e1rio desafiador para a produ\u00e7\u00e3o nacional face ao mercado em expans\u00e3o de conte\u00fados.<\/p>\n","protected":false},"excerpt":{"rendered":"<ul>\n<li>Em 2026 chegam \u00e0s salas de cinema portuguesas pelo menos dez filmes nacionais nos primeiros meses, incluindo Terra Vil e Vit\u00f3ria, duas estreias de longa-metragem de fic\u00e7\u00e3o.<\/li>\n<li>1 de janeiro estreia Os enforcados, thriller de Fernando Coimbra (Brasil), coproduzido por Portugal pela Fado Filmes, com Leandra Leal, Irandhir Santos e P\u00eap\u00ea Rapazote.<\/li>\n<li>12 de fevereiro estreia La vie de Maria Manuela, document\u00e1rio de Jo\u00e3o Marques, que acompanha quatro anos de vida de uma jovem influenciadora e aborda a Gera\u00e7\u00e3o Z.<\/li>\n<li>19 de fevereiro estreia Primeira Pessoa do Plural, de Sandro Aguilar, protagonizado por Albano Jer\u00f3nimo, Isabel Abreu e Eduardo Aguilar, centrado num casal \u00e0 beira de celebrar vinte anos de casamento.<\/li>\n<li>26 de fevereiro estreia Terra Vil, de Lu\u00eds Campos, e Balane 3, de Ico Costa, com Terra Vil a explorar ruralidade, viol\u00eancia dom\u00e9stica e o acidente de Entre-os-Rios; Balane 3 foca a vida de moradores de um bairro em Inhambane, Mo\u00e7ambique.<\/li>\n<\/ul>\n","protected":false},"author":2,"featured_media":107603,"comment_status":"closed","ping_status":"closed","sticky":false,"template":"","format":"standard","meta":{"footnotes":""},"categories":[12,1],"tags":[112,2158,196,107,981,1014],"class_list":["post-107594","post","type-post","status-publish","format-standard","has-post-thumbnail","hentry","category-entretenimento","category-noticias","tag-cinema","tag-coproducoes-internacionais","tag-documentarios","tag-festivais","tag-lisboa","tag-portugal"],"yoast_head":"<!-- This site is optimized with the Yoast SEO plugin v27.2 - https:\/\/yoast.com\/product\/yoast-seo-wordpress\/ -->\n<title>Mais de 10 filmes portugueses em exibi\u00e7\u00e3o no 1.\u00ba trimestre - Portal Tela Portugal<\/title>\n<meta name=\"robots\" content=\"index, follow, max-snippet:-1, max-image-preview:large, max-video-preview:-1\" \/>\n<meta property=\"og:locale\" content=\"pt_PT\" \/>\n<meta property=\"og:type\" content=\"article\" \/>\n<meta property=\"og:title\" content=\"Mais de 10 filmes portugueses em exibi\u00e7\u00e3o no 1.\u00ba trimestre - Portal Tela Portugal\" \/>\n<meta property=\"og:description\" content=\"Em 2026 chegam \u00e0s salas de cinema portuguesas pelo menos dez filmes nacionais nos primeiros meses, incluindo Terra Vil e Vit\u00f3ria, duas estreias de longa-metragem de fic\u00e7\u00e3o. 1 de janeiro estreia Os enforcados, thriller de Fernando Coimbra (Brasil), coproduzido por Portugal pela Fado Filmes, com Leandra Leal, Irandhir Santos e P\u00eap\u00ea Rapazote. 12 de fevereiro estreia La vie de Maria Manuela, document\u00e1rio de Jo\u00e3o Marques, que acompanha quatro anos de vida de uma jovem influenciadora e aborda a Gera\u00e7\u00e3o Z. 19 de fevereiro estreia Primeira Pessoa do Plural, de Sandro Aguilar, protagonizado por Albano Jer\u00f3nimo, Isabel Abreu e Eduardo Aguilar, centrado num casal \u00e0 beira de celebrar vinte anos de casamento. 26 de fevereiro estreia Terra Vil, de Lu\u00eds Campos, e Balane 3, de Ico Costa, com Terra Vil a explorar ruralidade, viol\u00eancia dom\u00e9stica e o acidente de Entre-os-Rios; Balane 3 foca a vida de moradores de um bairro em Inhambane, Mo\u00e7ambique.\" \/>\n<meta property=\"og:url\" content=\"https:\/\/portaltela.pt\/noticias\/2025\/12\/30\/mais-de-10-filmes-portugueses-em-exibicao-no-1-o-trimestre\/\" \/>\n<meta property=\"og:site_name\" content=\"Portal Tela Portugal\" \/>\n<meta property=\"article:published_time\" content=\"2025-12-30T12:21:00+00:00\" \/>\n<meta name=\"author\" content=\"Telinha\" \/>\n<meta name=\"twitter:card\" content=\"summary_large_image\" \/>\n<meta name=\"twitter:label1\" content=\"Escrito por\" \/>\n\t<meta name=\"twitter:data1\" content=\"Telinha\" \/>\n\t<meta name=\"twitter:label2\" content=\"Tempo estimado de leitura\" \/>\n\t<meta name=\"twitter:data2\" content=\"3 minutos\" \/>\n<script type=\"application\/ld+json\" class=\"yoast-schema-graph\">{\"@context\":\"https:\/\/schema.org\",\"@graph\":[{\"@type\":\"Article\",\"@id\":\"https:\/\/portaltela.pt\/noticias\/2025\/12\/30\/mais-de-10-filmes-portugueses-em-exibicao-no-1-o-trimestre\/#article\",\"isPartOf\":{\"@id\":\"https:\/\/portaltela.pt\/noticias\/2025\/12\/30\/mais-de-10-filmes-portugueses-em-exibicao-no-1-o-trimestre\/\"},\"author\":{\"name\":\"Telinha\",\"@id\":\"https:\/\/portaltela.pt\/#\/schema\/person\/c4278d4a6028830caff9ee44b42d32ed\"},\"headline\":\"Mais de 10 filmes portugueses em exibi\u00e7\u00e3o no 1.\u00ba trimestre\",\"datePublished\":\"2025-12-30T12:21:00+00:00\",\"mainEntityOfPage\":{\"@id\":\"https:\/\/portaltela.pt\/noticias\/2025\/12\/30\/mais-de-10-filmes-portugueses-em-exibicao-no-1-o-trimestre\/\"},\"wordCount\":653,\"image\":{\"@id\":\"https:\/\/portaltela.pt\/noticias\/2025\/12\/30\/mais-de-10-filmes-portugueses-em-exibicao-no-1-o-trimestre\/#primaryimage\"},\"thumbnailUrl\":\"https:\/\/portaltela.pt\/s.01k8rhncp4jt1\/2025\/12\/dventura-jorge-silva-cinema-sao-jorge-5-scaled-1.jpg\",\"keywords\":[\"cinema\",\"coprodu\u00e7\u00f5es internacionais\",\"document\u00e1rios\",\"festivais\",\"Lisboa\",\"Portugal\"],\"articleSection\":[\"Entretenimento\",\"Not\u00edcias\"],\"inLanguage\":\"pt-PT\"},{\"@type\":\"WebPage\",\"@id\":\"https:\/\/portaltela.pt\/noticias\/2025\/12\/30\/mais-de-10-filmes-portugueses-em-exibicao-no-1-o-trimestre\/\",\"url\":\"https:\/\/portaltela.pt\/noticias\/2025\/12\/30\/mais-de-10-filmes-portugueses-em-exibicao-no-1-o-trimestre\/\",\"name\":\"Mais de 10 filmes portugueses em exibi\u00e7\u00e3o no 1.\u00ba trimestre - Portal Tela Portugal\",\"isPartOf\":{\"@id\":\"https:\/\/portaltela.pt\/#website\"},\"primaryImageOfPage\":{\"@id\":\"https:\/\/portaltela.pt\/noticias\/2025\/12\/30\/mais-de-10-filmes-portugueses-em-exibicao-no-1-o-trimestre\/#primaryimage\"},\"image\":{\"@id\":\"https:\/\/portaltela.pt\/noticias\/2025\/12\/30\/mais-de-10-filmes-portugueses-em-exibicao-no-1-o-trimestre\/#primaryimage\"},\"thumbnailUrl\":\"https:\/\/portaltela.pt\/s.01k8rhncp4jt1\/2025\/12\/dventura-jorge-silva-cinema-sao-jorge-5-scaled-1.jpg\",\"datePublished\":\"2025-12-30T12:21:00+00:00\",\"author\":{\"@id\":\"https:\/\/portaltela.pt\/#\/schema\/person\/c4278d4a6028830caff9ee44b42d32ed\"},\"breadcrumb\":{\"@id\":\"https:\/\/portaltela.pt\/noticias\/2025\/12\/30\/mais-de-10-filmes-portugueses-em-exibicao-no-1-o-trimestre\/#breadcrumb\"},\"inLanguage\":\"pt-PT\",\"potentialAction\":[{\"@type\":\"ReadAction\",\"target\":[\"https:\/\/portaltela.pt\/noticias\/2025\/12\/30\/mais-de-10-filmes-portugueses-em-exibicao-no-1-o-trimestre\/\"]}]},{\"@type\":\"ImageObject\",\"inLanguage\":\"pt-PT\",\"@id\":\"https:\/\/portaltela.pt\/noticias\/2025\/12\/30\/mais-de-10-filmes-portugueses-em-exibicao-no-1-o-trimestre\/#primaryimage\",\"url\":\"https:\/\/portaltela.pt\/s.01k8rhncp4jt1\/2025\/12\/dventura-jorge-silva-cinema-sao-jorge-5-scaled-1.jpg\",\"contentUrl\":\"https:\/\/portaltela.pt\/s.01k8rhncp4jt1\/2025\/12\/dventura-jorge-silva-cinema-sao-jorge-5-scaled-1.jpg\",\"width\":796,\"height\":448,\"caption\":\"Este ano, at\u00e9 novembro, o cinema portugu\u00eas somou este ano 218.572 espetadores\"},{\"@type\":\"BreadcrumbList\",\"@id\":\"https:\/\/portaltela.pt\/noticias\/2025\/12\/30\/mais-de-10-filmes-portugueses-em-exibicao-no-1-o-trimestre\/#breadcrumb\",\"itemListElement\":[{\"@type\":\"ListItem\",\"position\":1,\"name\":\"In\u00edcio\",\"item\":\"https:\/\/portaltela.pt\/\"},{\"@type\":\"ListItem\",\"position\":2,\"name\":\"Mais de 10 filmes portugueses em exibi\u00e7\u00e3o no 1.\u00ba trimestre\"}]},{\"@type\":\"WebSite\",\"@id\":\"https:\/\/portaltela.pt\/#website\",\"url\":\"https:\/\/portaltela.pt\/\",\"name\":\"Portal Tela Portugal\",\"description\":\"\",\"potentialAction\":[{\"@type\":\"SearchAction\",\"target\":{\"@type\":\"EntryPoint\",\"urlTemplate\":\"https:\/\/portaltela.pt\/?s={search_term_string}\"},\"query-input\":{\"@type\":\"PropertyValueSpecification\",\"valueRequired\":true,\"valueName\":\"search_term_string\"}}],\"inLanguage\":\"pt-PT\"},{\"@type\":\"Person\",\"@id\":\"https:\/\/portaltela.pt\/#\/schema\/person\/c4278d4a6028830caff9ee44b42d32ed\",\"name\":\"Telinha\",\"image\":{\"@type\":\"ImageObject\",\"inLanguage\":\"pt-PT\",\"@id\":\"https:\/\/portaltela.pt\/s.01k8rhncp4jt1\/2025\/11\/talking-bot-125x125.png\",\"url\":\"https:\/\/portaltela.pt\/s.01k8rhncp4jt1\/2025\/11\/talking-bot-125x125.png\",\"contentUrl\":\"https:\/\/portaltela.pt\/s.01k8rhncp4jt1\/2025\/11\/talking-bot-125x125.png\",\"caption\":\"Telinha\"},\"sameAs\":[\"https:\/\/portaltela.pt\/\"],\"url\":\"https:\/\/portaltela.pt\/por\/367410592786\/\"}]}<\/script>\n<!-- \/ Yoast SEO plugin. -->","yoast_head_json":{"title":"Mais de 10 filmes portugueses em exibi\u00e7\u00e3o no 1.\u00ba trimestre - Portal Tela Portugal","robots":{"index":"index","follow":"follow","max-snippet":"max-snippet:-1","max-image-preview":"max-image-preview:large","max-video-preview":"max-video-preview:-1"},"og_locale":"pt_PT","og_type":"article","og_title":"Mais de 10 filmes portugueses em exibi\u00e7\u00e3o no 1.\u00ba trimestre - Portal Tela Portugal","og_description":"Em 2026 chegam \u00e0s salas de cinema portuguesas pelo menos dez filmes nacionais nos primeiros meses, incluindo Terra Vil e Vit\u00f3ria, duas estreias de longa-metragem de fic\u00e7\u00e3o. 1 de janeiro estreia Os enforcados, thriller de Fernando Coimbra (Brasil), coproduzido por Portugal pela Fado Filmes, com Leandra Leal, Irandhir Santos e P\u00eap\u00ea Rapazote. 12 de fevereiro estreia La vie de Maria Manuela, document\u00e1rio de Jo\u00e3o Marques, que acompanha quatro anos de vida de uma jovem influenciadora e aborda a Gera\u00e7\u00e3o Z. 19 de fevereiro estreia Primeira Pessoa do Plural, de Sandro Aguilar, protagonizado por Albano Jer\u00f3nimo, Isabel Abreu e Eduardo Aguilar, centrado num casal \u00e0 beira de celebrar vinte anos de casamento. 26 de fevereiro estreia Terra Vil, de Lu\u00eds Campos, e Balane 3, de Ico Costa, com Terra Vil a explorar ruralidade, viol\u00eancia dom\u00e9stica e o acidente de Entre-os-Rios; Balane 3 foca a vida de moradores de um bairro em Inhambane, Mo\u00e7ambique.","og_url":"https:\/\/portaltela.pt\/noticias\/2025\/12\/30\/mais-de-10-filmes-portugueses-em-exibicao-no-1-o-trimestre\/","og_site_name":"Portal Tela Portugal","article_published_time":"2025-12-30T12:21:00+00:00","author":"Telinha","twitter_card":"summary_large_image","twitter_misc":{"Escrito por":"Telinha","Tempo estimado de leitura":"3 minutos"},"schema":{"@context":"https:\/\/schema.org","@graph":[{"@type":"Article","@id":"https:\/\/portaltela.pt\/noticias\/2025\/12\/30\/mais-de-10-filmes-portugueses-em-exibicao-no-1-o-trimestre\/#article","isPartOf":{"@id":"https:\/\/portaltela.pt\/noticias\/2025\/12\/30\/mais-de-10-filmes-portugueses-em-exibicao-no-1-o-trimestre\/"},"author":{"name":"Telinha","@id":"https:\/\/portaltela.pt\/#\/schema\/person\/c4278d4a6028830caff9ee44b42d32ed"},"headline":"Mais de 10 filmes portugueses em exibi\u00e7\u00e3o no 1.\u00ba trimestre","datePublished":"2025-12-30T12:21:00+00:00","mainEntityOfPage":{"@id":"https:\/\/portaltela.pt\/noticias\/2025\/12\/30\/mais-de-10-filmes-portugueses-em-exibicao-no-1-o-trimestre\/"},"wordCount":653,"image":{"@id":"https:\/\/portaltela.pt\/noticias\/2025\/12\/30\/mais-de-10-filmes-portugueses-em-exibicao-no-1-o-trimestre\/#primaryimage"},"thumbnailUrl":"https:\/\/portaltela.pt\/s.01k8rhncp4jt1\/2025\/12\/dventura-jorge-silva-cinema-sao-jorge-5-scaled-1.jpg","keywords":["cinema","coprodu\u00e7\u00f5es internacionais","document\u00e1rios","festivais","Lisboa","Portugal"],"articleSection":["Entretenimento","Not\u00edcias"],"inLanguage":"pt-PT"},{"@type":"WebPage","@id":"https:\/\/portaltela.pt\/noticias\/2025\/12\/30\/mais-de-10-filmes-portugueses-em-exibicao-no-1-o-trimestre\/","url":"https:\/\/portaltela.pt\/noticias\/2025\/12\/30\/mais-de-10-filmes-portugueses-em-exibicao-no-1-o-trimestre\/","name":"Mais de 10 filmes portugueses em exibi\u00e7\u00e3o no 1.\u00ba trimestre - Portal Tela Portugal","isPartOf":{"@id":"https:\/\/portaltela.pt\/#website"},"primaryImageOfPage":{"@id":"https:\/\/portaltela.pt\/noticias\/2025\/12\/30\/mais-de-10-filmes-portugueses-em-exibicao-no-1-o-trimestre\/#primaryimage"},"image":{"@id":"https:\/\/portaltela.pt\/noticias\/2025\/12\/30\/mais-de-10-filmes-portugueses-em-exibicao-no-1-o-trimestre\/#primaryimage"},"thumbnailUrl":"https:\/\/portaltela.pt\/s.01k8rhncp4jt1\/2025\/12\/dventura-jorge-silva-cinema-sao-jorge-5-scaled-1.jpg","datePublished":"2025-12-30T12:21:00+00:00","author":{"@id":"https:\/\/portaltela.pt\/#\/schema\/person\/c4278d4a6028830caff9ee44b42d32ed"},"breadcrumb":{"@id":"https:\/\/portaltela.pt\/noticias\/2025\/12\/30\/mais-de-10-filmes-portugueses-em-exibicao-no-1-o-trimestre\/#breadcrumb"},"inLanguage":"pt-PT","potentialAction":[{"@type":"ReadAction","target":["https:\/\/portaltela.pt\/noticias\/2025\/12\/30\/mais-de-10-filmes-portugueses-em-exibicao-no-1-o-trimestre\/"]}]},{"@type":"ImageObject","inLanguage":"pt-PT","@id":"https:\/\/portaltela.pt\/noticias\/2025\/12\/30\/mais-de-10-filmes-portugueses-em-exibicao-no-1-o-trimestre\/#primaryimage","url":"https:\/\/portaltela.pt\/s.01k8rhncp4jt1\/2025\/12\/dventura-jorge-silva-cinema-sao-jorge-5-scaled-1.jpg","contentUrl":"https:\/\/portaltela.pt\/s.01k8rhncp4jt1\/2025\/12\/dventura-jorge-silva-cinema-sao-jorge-5-scaled-1.jpg","width":796,"height":448,"caption":"Este ano, at\u00e9 novembro, o cinema portugu\u00eas somou este ano 218.572 espetadores"},{"@type":"BreadcrumbList","@id":"https:\/\/portaltela.pt\/noticias\/2025\/12\/30\/mais-de-10-filmes-portugueses-em-exibicao-no-1-o-trimestre\/#breadcrumb","itemListElement":[{"@type":"ListItem","position":1,"name":"In\u00edcio","item":"https:\/\/portaltela.pt\/"},{"@type":"ListItem","position":2,"name":"Mais de 10 filmes portugueses em exibi\u00e7\u00e3o no 1.\u00ba trimestre"}]},{"@type":"WebSite","@id":"https:\/\/portaltela.pt\/#website","url":"https:\/\/portaltela.pt\/","name":"Portal Tela Portugal","description":"","potentialAction":[{"@type":"SearchAction","target":{"@type":"EntryPoint","urlTemplate":"https:\/\/portaltela.pt\/?s={search_term_string}"},"query-input":{"@type":"PropertyValueSpecification","valueRequired":true,"valueName":"search_term_string"}}],"inLanguage":"pt-PT"},{"@type":"Person","@id":"https:\/\/portaltela.pt\/#\/schema\/person\/c4278d4a6028830caff9ee44b42d32ed","name":"Telinha","image":{"@type":"ImageObject","inLanguage":"pt-PT","@id":"https:\/\/portaltela.pt\/s.01k8rhncp4jt1\/2025\/11\/talking-bot-125x125.png","url":"https:\/\/portaltela.pt\/s.01k8rhncp4jt1\/2025\/11\/talking-bot-125x125.png","contentUrl":"https:\/\/portaltela.pt\/s.01k8rhncp4jt1\/2025\/11\/talking-bot-125x125.png","caption":"Telinha"},"sameAs":["https:\/\/portaltela.pt\/"],"url":"https:\/\/portaltela.pt\/por\/367410592786\/"}]}},"_links":{"self":[{"href":"https:\/\/portaltela.pt\/api\/wp\/v2\/posts\/107594","targetHints":{"allow":["GET"]}}],"collection":[{"href":"https:\/\/portaltela.pt\/api\/wp\/v2\/posts"}],"about":[{"href":"https:\/\/portaltela.pt\/api\/wp\/v2\/types\/post"}],"author":[{"embeddable":true,"href":"https:\/\/portaltela.pt\/api\/wp\/v2\/users\/2"}],"replies":[{"embeddable":true,"href":"https:\/\/portaltela.pt\/api\/wp\/v2\/comments?post=107594"}],"version-history":[{"count":0,"href":"https:\/\/portaltela.pt\/api\/wp\/v2\/posts\/107594\/revisions"}],"wp:featuredmedia":[{"embeddable":true,"href":"https:\/\/portaltela.pt\/api\/wp\/v2\/media\/107603"}],"wp:attachment":[{"href":"https:\/\/portaltela.pt\/api\/wp\/v2\/media?parent=107594"}],"wp:term":[{"taxonomy":"category","embeddable":true,"href":"https:\/\/portaltela.pt\/api\/wp\/v2\/categories?post=107594"},{"taxonomy":"post_tag","embeddable":true,"href":"https:\/\/portaltela.pt\/api\/wp\/v2\/tags?post=107594"}],"curies":[{"name":"wp","href":"https:\/\/api.w.org\/{rel}","templated":true}]}}