{"id":107405,"date":"2025-12-30T07:59:00","date_gmt":"2025-12-30T10:59:00","guid":{"rendered":"https:\/\/portaltela.pt\/noticias\/2025\/12\/30\/indexante-dos-apoios-sociais-sobe-para-53713-euros-em-2026\/"},"modified":"2025-12-30T07:59:00","modified_gmt":"2025-12-30T10:59:00","slug":"indexante-dos-apoios-sociais-sobe-para-53713-euros-em-2026","status":"publish","type":"post","link":"https:\/\/portaltela.pt\/noticias\/2025\/12\/30\/indexante-dos-apoios-sociais-sobe-para-53713-euros-em-2026\/","title":{"rendered":"Indexante dos apoios sociais sobe para 537,13 euros em 2026"},"content":{"rendered":"<p>O indexante dos apoios sociais (IAS) para 2026 fixou-se em 537,13 euros. A atualiza\u00e7\u00e3o foi publicada numa portaria do Di\u00e1rio da Rep\u00fablica nesta ter\u00e7a-feira.<\/p>\n<p>O valor do IAS \u00e9 calculado com base na taxa de crescimento m\u00e9dio anual do PIB dos dois anos anteriores ao terceiro trimestre, aliada \u00e0 infla\u00e7\u00e3o m\u00e9dia dos \u00faltimos 12 meses, sem habita\u00e7\u00e3o, de novembro.<\/p>\n<p>A atualiza\u00e7\u00e3o contempla uma taxa de 2,80%, fazendo o IAS subir de 522,50 euros para 537,13 euros. O IAS serve de refer\u00eancia para v\u00e1rias presta\u00e7\u00f5es sociais.<\/p>\n<p>\u00c9 utilizado no c\u00e1lculo de presta\u00e7\u00f5es como subs\u00eddio por doen\u00e7a, desemprego, rendimento social de inser\u00e7\u00e3o, abono de fam\u00edlia, bolsas de estudo e complemento solid\u00e1rio para idosos, entre outras.<\/p>\n","protected":false},"excerpt":{"rendered":"<ul>\n<li>O indexante dos apoios sociais (IAS) para 2026 fica em 537,13 euros, conforme portaria publicada no Di\u00e1rio da Rep\u00fablica.<\/li>\n<li>O valor \u00e9 calculado com base na taxa de crescimento m\u00e9dio anual do Produto Interno Bruto (PIB) dos dois \u00faltimos anos, terminados no terceiro trimestre, e na infla\u00e7\u00e3o m\u00e9dia dos \u00faltimos 12 meses, sem habita\u00e7\u00e3o, at\u00e9 novembro.<\/li>\n<li>A atualiza\u00e7\u00e3o fica assim em 2,80%, resultando no aumento do IAS de 522,50 euros para 537,13 euros.<\/li>\n<li>O IAS serve de base para v\u00e1rias presta\u00e7\u00f5es sociais, incluindo doen\u00e7a, desemprego, rendimento social de inser\u00e7\u00e3o, abono de fam\u00edlia, bolsas de estudo e complemento solid\u00e1rio para idosos.<\/li>\n<li>O an\u00fancio n\u00e3o acrescenta novos benef\u00edcios, apenas atualiza o valor do IAS para o pr\u00f3ximo ano.<\/li>\n<\/ul>\n","protected":false},"author":2,"featured_media":107410,"comment_status":"closed","ping_status":"closed","sticky":false,"template":"","format":"standard","meta":{"footnotes":""},"categories":[1],"tags":[2151,1211,2035,2102,243,1251],"class_list":["post-107405","post","type-post","status-publish","format-standard","has-post-thumbnail","hentry","category-noticias","tag-abono-de-familia","tag-apoio-social","tag-bolsas","tag-rendimento-social-de-insercao","tag-seguranca-social","tag-subsidios"],"yoast_head":"<!-- This site is optimized with the Yoast SEO plugin v27.2 - https:\/\/yoast.com\/product\/yoast-seo-wordpress\/ -->\n<title>Indexante dos apoios sociais sobe para 537,13 euros em 2026 - Portal Tela Portugal<\/title>\n<meta name=\"robots\" content=\"index, follow, max-snippet:-1, max-image-preview:large, max-video-preview:-1\" \/>\n<meta property=\"og:locale\" content=\"pt_PT\" \/>\n<meta property=\"og:type\" content=\"article\" \/>\n<meta property=\"og:title\" content=\"Indexante dos apoios sociais sobe para 537,13 euros em 2026 - Portal Tela Portugal\" \/>\n<meta property=\"og:description\" content=\"O indexante dos apoios sociais (IAS) para 2026 fica em 537,13 euros, conforme portaria publicada no Di\u00e1rio da Rep\u00fablica. O valor \u00e9 calculado com base na taxa de crescimento m\u00e9dio anual do Produto Interno Bruto (PIB) dos dois \u00faltimos anos, terminados no terceiro trimestre, e na infla\u00e7\u00e3o m\u00e9dia dos \u00faltimos 12 meses, sem habita\u00e7\u00e3o, at\u00e9 novembro. A atualiza\u00e7\u00e3o fica assim em 2,80%, resultando no aumento do IAS de 522,50 euros para 537,13 euros. O IAS serve de base para v\u00e1rias presta\u00e7\u00f5es sociais, incluindo doen\u00e7a, desemprego, rendimento social de inser\u00e7\u00e3o, abono de fam\u00edlia, bolsas de estudo e complemento solid\u00e1rio para idosos. O an\u00fancio n\u00e3o acrescenta novos benef\u00edcios, apenas atualiza o valor do IAS para o pr\u00f3ximo ano.\" \/>\n<meta property=\"og:url\" content=\"https:\/\/portaltela.pt\/noticias\/2025\/12\/30\/indexante-dos-apoios-sociais-sobe-para-53713-euros-em-2026\/\" \/>\n<meta property=\"og:site_name\" content=\"Portal Tela Portugal\" \/>\n<meta property=\"article:published_time\" content=\"2025-12-30T10:59:00+00:00\" \/>\n<meta name=\"author\" content=\"Telinha\" \/>\n<meta name=\"twitter:card\" content=\"summary_large_image\" \/>\n<meta name=\"twitter:label1\" content=\"Escrito por\" \/>\n\t<meta name=\"twitter:data1\" content=\"Telinha\" \/>\n\t<meta name=\"twitter:label2\" content=\"Tempo estimado de leitura\" \/>\n\t<meta name=\"twitter:data2\" content=\"1 minuto\" \/>\n<script type=\"application\/ld+json\" class=\"yoast-schema-graph\">{\"@context\":\"https:\/\/schema.org\",\"@graph\":[{\"@type\":\"Article\",\"@id\":\"https:\/\/portaltela.pt\/noticias\/2025\/12\/30\/indexante-dos-apoios-sociais-sobe-para-53713-euros-em-2026\/#article\",\"isPartOf\":{\"@id\":\"https:\/\/portaltela.pt\/noticias\/2025\/12\/30\/indexante-dos-apoios-sociais-sobe-para-53713-euros-em-2026\/\"},\"author\":{\"name\":\"Telinha\",\"@id\":\"https:\/\/portaltela.pt\/#\/schema\/person\/c4278d4a6028830caff9ee44b42d32ed\"},\"headline\":\"Indexante dos apoios sociais sobe para 537,13 euros em 2026\",\"datePublished\":\"2025-12-30T10:59:00+00:00\",\"mainEntityOfPage\":{\"@id\":\"https:\/\/portaltela.pt\/noticias\/2025\/12\/30\/indexante-dos-apoios-sociais-sobe-para-53713-euros-em-2026\/\"},\"wordCount\":131,\"image\":{\"@id\":\"https:\/\/portaltela.pt\/noticias\/2025\/12\/30\/indexante-dos-apoios-sociais-sobe-para-53713-euros-em-2026\/#primaryimage\"},\"thumbnailUrl\":\"https:\/\/portaltela.pt\/s.01k8rhncp4jt1\/2025\/12\/image-1276.jpg\",\"keywords\":[\"abono de fam\u00edlia\",\"Apoio Social\",\"bolsas\",\"Rendimento Social de Inser\u00e7\u00e3o\",\"seguran\u00e7a social\",\"subs\u00eddios\"],\"articleSection\":[\"Not\u00edcias\"],\"inLanguage\":\"pt-PT\"},{\"@type\":\"WebPage\",\"@id\":\"https:\/\/portaltela.pt\/noticias\/2025\/12\/30\/indexante-dos-apoios-sociais-sobe-para-53713-euros-em-2026\/\",\"url\":\"https:\/\/portaltela.pt\/noticias\/2025\/12\/30\/indexante-dos-apoios-sociais-sobe-para-53713-euros-em-2026\/\",\"name\":\"Indexante dos apoios sociais sobe para 537,13 euros em 2026 - Portal Tela Portugal\",\"isPartOf\":{\"@id\":\"https:\/\/portaltela.pt\/#website\"},\"primaryImageOfPage\":{\"@id\":\"https:\/\/portaltela.pt\/noticias\/2025\/12\/30\/indexante-dos-apoios-sociais-sobe-para-53713-euros-em-2026\/#primaryimage\"},\"image\":{\"@id\":\"https:\/\/portaltela.pt\/noticias\/2025\/12\/30\/indexante-dos-apoios-sociais-sobe-para-53713-euros-em-2026\/#primaryimage\"},\"thumbnailUrl\":\"https:\/\/portaltela.pt\/s.01k8rhncp4jt1\/2025\/12\/image-1276.jpg\",\"datePublished\":\"2025-12-30T10:59:00+00:00\",\"author\":{\"@id\":\"https:\/\/portaltela.pt\/#\/schema\/person\/c4278d4a6028830caff9ee44b42d32ed\"},\"breadcrumb\":{\"@id\":\"https:\/\/portaltela.pt\/noticias\/2025\/12\/30\/indexante-dos-apoios-sociais-sobe-para-53713-euros-em-2026\/#breadcrumb\"},\"inLanguage\":\"pt-PT\",\"potentialAction\":[{\"@type\":\"ReadAction\",\"target\":[\"https:\/\/portaltela.pt\/noticias\/2025\/12\/30\/indexante-dos-apoios-sociais-sobe-para-53713-euros-em-2026\/\"]}]},{\"@type\":\"ImageObject\",\"inLanguage\":\"pt-PT\",\"@id\":\"https:\/\/portaltela.pt\/noticias\/2025\/12\/30\/indexante-dos-apoios-sociais-sobe-para-53713-euros-em-2026\/#primaryimage\",\"url\":\"https:\/\/portaltela.pt\/s.01k8rhncp4jt1\/2025\/12\/image-1276.jpg\",\"contentUrl\":\"https:\/\/portaltela.pt\/s.01k8rhncp4jt1\/2025\/12\/image-1276.jpg\",\"width\":796,\"height\":448,\"caption\":\"IAS sobe de 522,50 euros para 537,13 euros\"},{\"@type\":\"BreadcrumbList\",\"@id\":\"https:\/\/portaltela.pt\/noticias\/2025\/12\/30\/indexante-dos-apoios-sociais-sobe-para-53713-euros-em-2026\/#breadcrumb\",\"itemListElement\":[{\"@type\":\"ListItem\",\"position\":1,\"name\":\"In\u00edcio\",\"item\":\"https:\/\/portaltela.pt\/\"},{\"@type\":\"ListItem\",\"position\":2,\"name\":\"Indexante dos apoios sociais sobe para 537,13 euros em 2026\"}]},{\"@type\":\"WebSite\",\"@id\":\"https:\/\/portaltela.pt\/#website\",\"url\":\"https:\/\/portaltela.pt\/\",\"name\":\"Portal Tela Portugal\",\"description\":\"\",\"potentialAction\":[{\"@type\":\"SearchAction\",\"target\":{\"@type\":\"EntryPoint\",\"urlTemplate\":\"https:\/\/portaltela.pt\/?s={search_term_string}\"},\"query-input\":{\"@type\":\"PropertyValueSpecification\",\"valueRequired\":true,\"valueName\":\"search_term_string\"}}],\"inLanguage\":\"pt-PT\"},{\"@type\":\"Person\",\"@id\":\"https:\/\/portaltela.pt\/#\/schema\/person\/c4278d4a6028830caff9ee44b42d32ed\",\"name\":\"Telinha\",\"image\":{\"@type\":\"ImageObject\",\"inLanguage\":\"pt-PT\",\"@id\":\"https:\/\/portaltela.pt\/s.01k8rhncp4jt1\/2025\/11\/talking-bot-125x125.png\",\"url\":\"https:\/\/portaltela.pt\/s.01k8rhncp4jt1\/2025\/11\/talking-bot-125x125.png\",\"contentUrl\":\"https:\/\/portaltela.pt\/s.01k8rhncp4jt1\/2025\/11\/talking-bot-125x125.png\",\"caption\":\"Telinha\"},\"sameAs\":[\"https:\/\/portaltela.pt\/\"],\"url\":\"https:\/\/portaltela.pt\/por\/367410592786\/\"}]}<\/script>\n<!-- \/ Yoast SEO plugin. -->","yoast_head_json":{"title":"Indexante dos apoios sociais sobe para 537,13 euros em 2026 - Portal Tela Portugal","robots":{"index":"index","follow":"follow","max-snippet":"max-snippet:-1","max-image-preview":"max-image-preview:large","max-video-preview":"max-video-preview:-1"},"og_locale":"pt_PT","og_type":"article","og_title":"Indexante dos apoios sociais sobe para 537,13 euros em 2026 - Portal Tela Portugal","og_description":"O indexante dos apoios sociais (IAS) para 2026 fica em 537,13 euros, conforme portaria publicada no Di\u00e1rio da Rep\u00fablica. O valor \u00e9 calculado com base na taxa de crescimento m\u00e9dio anual do Produto Interno Bruto (PIB) dos dois \u00faltimos anos, terminados no terceiro trimestre, e na infla\u00e7\u00e3o m\u00e9dia dos \u00faltimos 12 meses, sem habita\u00e7\u00e3o, at\u00e9 novembro. A atualiza\u00e7\u00e3o fica assim em 2,80%, resultando no aumento do IAS de 522,50 euros para 537,13 euros. O IAS serve de base para v\u00e1rias presta\u00e7\u00f5es sociais, incluindo doen\u00e7a, desemprego, rendimento social de inser\u00e7\u00e3o, abono de fam\u00edlia, bolsas de estudo e complemento solid\u00e1rio para idosos. O an\u00fancio n\u00e3o acrescenta novos benef\u00edcios, apenas atualiza o valor do IAS para o pr\u00f3ximo ano.","og_url":"https:\/\/portaltela.pt\/noticias\/2025\/12\/30\/indexante-dos-apoios-sociais-sobe-para-53713-euros-em-2026\/","og_site_name":"Portal Tela Portugal","article_published_time":"2025-12-30T10:59:00+00:00","author":"Telinha","twitter_card":"summary_large_image","twitter_misc":{"Escrito por":"Telinha","Tempo estimado de leitura":"1 minuto"},"schema":{"@context":"https:\/\/schema.org","@graph":[{"@type":"Article","@id":"https:\/\/portaltela.pt\/noticias\/2025\/12\/30\/indexante-dos-apoios-sociais-sobe-para-53713-euros-em-2026\/#article","isPartOf":{"@id":"https:\/\/portaltela.pt\/noticias\/2025\/12\/30\/indexante-dos-apoios-sociais-sobe-para-53713-euros-em-2026\/"},"author":{"name":"Telinha","@id":"https:\/\/portaltela.pt\/#\/schema\/person\/c4278d4a6028830caff9ee44b42d32ed"},"headline":"Indexante dos apoios sociais sobe para 537,13 euros em 2026","datePublished":"2025-12-30T10:59:00+00:00","mainEntityOfPage":{"@id":"https:\/\/portaltela.pt\/noticias\/2025\/12\/30\/indexante-dos-apoios-sociais-sobe-para-53713-euros-em-2026\/"},"wordCount":131,"image":{"@id":"https:\/\/portaltela.pt\/noticias\/2025\/12\/30\/indexante-dos-apoios-sociais-sobe-para-53713-euros-em-2026\/#primaryimage"},"thumbnailUrl":"https:\/\/portaltela.pt\/s.01k8rhncp4jt1\/2025\/12\/image-1276.jpg","keywords":["abono de fam\u00edlia","Apoio Social","bolsas","Rendimento Social de Inser\u00e7\u00e3o","seguran\u00e7a social","subs\u00eddios"],"articleSection":["Not\u00edcias"],"inLanguage":"pt-PT"},{"@type":"WebPage","@id":"https:\/\/portaltela.pt\/noticias\/2025\/12\/30\/indexante-dos-apoios-sociais-sobe-para-53713-euros-em-2026\/","url":"https:\/\/portaltela.pt\/noticias\/2025\/12\/30\/indexante-dos-apoios-sociais-sobe-para-53713-euros-em-2026\/","name":"Indexante dos apoios sociais sobe para 537,13 euros em 2026 - Portal Tela Portugal","isPartOf":{"@id":"https:\/\/portaltela.pt\/#website"},"primaryImageOfPage":{"@id":"https:\/\/portaltela.pt\/noticias\/2025\/12\/30\/indexante-dos-apoios-sociais-sobe-para-53713-euros-em-2026\/#primaryimage"},"image":{"@id":"https:\/\/portaltela.pt\/noticias\/2025\/12\/30\/indexante-dos-apoios-sociais-sobe-para-53713-euros-em-2026\/#primaryimage"},"thumbnailUrl":"https:\/\/portaltela.pt\/s.01k8rhncp4jt1\/2025\/12\/image-1276.jpg","datePublished":"2025-12-30T10:59:00+00:00","author":{"@id":"https:\/\/portaltela.pt\/#\/schema\/person\/c4278d4a6028830caff9ee44b42d32ed"},"breadcrumb":{"@id":"https:\/\/portaltela.pt\/noticias\/2025\/12\/30\/indexante-dos-apoios-sociais-sobe-para-53713-euros-em-2026\/#breadcrumb"},"inLanguage":"pt-PT","potentialAction":[{"@type":"ReadAction","target":["https:\/\/portaltela.pt\/noticias\/2025\/12\/30\/indexante-dos-apoios-sociais-sobe-para-53713-euros-em-2026\/"]}]},{"@type":"ImageObject","inLanguage":"pt-PT","@id":"https:\/\/portaltela.pt\/noticias\/2025\/12\/30\/indexante-dos-apoios-sociais-sobe-para-53713-euros-em-2026\/#primaryimage","url":"https:\/\/portaltela.pt\/s.01k8rhncp4jt1\/2025\/12\/image-1276.jpg","contentUrl":"https:\/\/portaltela.pt\/s.01k8rhncp4jt1\/2025\/12\/image-1276.jpg","width":796,"height":448,"caption":"IAS sobe de 522,50 euros para 537,13 euros"},{"@type":"BreadcrumbList","@id":"https:\/\/portaltela.pt\/noticias\/2025\/12\/30\/indexante-dos-apoios-sociais-sobe-para-53713-euros-em-2026\/#breadcrumb","itemListElement":[{"@type":"ListItem","position":1,"name":"In\u00edcio","item":"https:\/\/portaltela.pt\/"},{"@type":"ListItem","position":2,"name":"Indexante dos apoios sociais sobe para 537,13 euros em 2026"}]},{"@type":"WebSite","@id":"https:\/\/portaltela.pt\/#website","url":"https:\/\/portaltela.pt\/","name":"Portal Tela Portugal","description":"","potentialAction":[{"@type":"SearchAction","target":{"@type":"EntryPoint","urlTemplate":"https:\/\/portaltela.pt\/?s={search_term_string}"},"query-input":{"@type":"PropertyValueSpecification","valueRequired":true,"valueName":"search_term_string"}}],"inLanguage":"pt-PT"},{"@type":"Person","@id":"https:\/\/portaltela.pt\/#\/schema\/person\/c4278d4a6028830caff9ee44b42d32ed","name":"Telinha","image":{"@type":"ImageObject","inLanguage":"pt-PT","@id":"https:\/\/portaltela.pt\/s.01k8rhncp4jt1\/2025\/11\/talking-bot-125x125.png","url":"https:\/\/portaltela.pt\/s.01k8rhncp4jt1\/2025\/11\/talking-bot-125x125.png","contentUrl":"https:\/\/portaltela.pt\/s.01k8rhncp4jt1\/2025\/11\/talking-bot-125x125.png","caption":"Telinha"},"sameAs":["https:\/\/portaltela.pt\/"],"url":"https:\/\/portaltela.pt\/por\/367410592786\/"}]}},"_links":{"self":[{"href":"https:\/\/portaltela.pt\/api\/wp\/v2\/posts\/107405","targetHints":{"allow":["GET"]}}],"collection":[{"href":"https:\/\/portaltela.pt\/api\/wp\/v2\/posts"}],"about":[{"href":"https:\/\/portaltela.pt\/api\/wp\/v2\/types\/post"}],"author":[{"embeddable":true,"href":"https:\/\/portaltela.pt\/api\/wp\/v2\/users\/2"}],"replies":[{"embeddable":true,"href":"https:\/\/portaltela.pt\/api\/wp\/v2\/comments?post=107405"}],"version-history":[{"count":0,"href":"https:\/\/portaltela.pt\/api\/wp\/v2\/posts\/107405\/revisions"}],"wp:featuredmedia":[{"embeddable":true,"href":"https:\/\/portaltela.pt\/api\/wp\/v2\/media\/107410"}],"wp:attachment":[{"href":"https:\/\/portaltela.pt\/api\/wp\/v2\/media?parent=107405"}],"wp:term":[{"taxonomy":"category","embeddable":true,"href":"https:\/\/portaltela.pt\/api\/wp\/v2\/categories?post=107405"},{"taxonomy":"post_tag","embeddable":true,"href":"https:\/\/portaltela.pt\/api\/wp\/v2\/tags?post=107405"}],"curies":[{"name":"wp","href":"https:\/\/api.w.org\/{rel}","templated":true}]}}