{"id":107227,"date":"2025-12-30T06:34:00","date_gmt":"2025-12-30T09:34:00","guid":{"rendered":"https:\/\/portaltela.pt\/noticias\/2025\/12\/30\/futsal-viseu-2001-inicia-fora-de-casa-a-luta-pela-subida-a-liga\/"},"modified":"2025-12-30T06:34:00","modified_gmt":"2025-12-30T09:34:00","slug":"futsal-viseu-2001-inicia-fora-de-casa-a-luta-pela-subida-a-liga","status":"publish","type":"post","link":"https:\/\/portaltela.pt\/desporto\/futebol\/2025\/12\/30\/futsal-viseu-2001-inicia-fora-de-casa-a-luta-pela-subida-a-liga\/","title":{"rendered":"Futsal: Viseu 2001 inicia fora de casa a luta pela subida \u00e0 Liga"},"content":{"rendered":"<p>O Viseu 2001 ficou a conhecer o sorteio da 2.\u00aa Fase do Campeonato Nacional da II Divis\u00e3o de futsal. A estreia ser\u00e1 fora de casa, no dia 24 de janeiro de 2026, diante do Belenenses.<\/p>\n<p>Al\u00e9m do Viseu 2001, entram na corrida pelo acesso \u00e0 Liga os clubes Venda Nova, Arsenal da Maia, Valpa\u00e7os, Portimonense, Amigos da Cerva e Barbarense. A meta \u00e9 ficar entre os dois primeiros classificados.<\/p>\n<p>O calend\u00e1rio prev\u00ea 14 jornadas, todas a duas voltas. Na ronda de abertura, o Viseu 2001 viaja ao Pavilh\u00e3o Ac\u00e1cio Rosa, em Lisboa, para defrontar o Belenenses. Na segunda jornada, a 31 de janeiro, recebe o Venda Nova.<\/p>\n<p>Recorde-se que sobem \u00e0 Liga apenas os dois primeiros classificados. O percurso competitivo foi definido com o objetivo de assegurar a subida \u00e0 elite do futsal portugu\u00eas.<\/p>\n<p>Esta not\u00edcia \u00e9 para ouvir na Esta\u00e7\u00e3o Di\u00e1ria \u2013 96.8 FM ou no site da esta\u00e7\u00e3o.<\/p>\n","protected":false},"excerpt":{"rendered":"<ul>\n<li>O Viseu 2001 come\u00e7a fora de casa a 2.\u00aa fase do Campeonato Nacional da II Divis\u00e3o de futsal, a 24 de janeiro de 2026, frente ao Belenenses, em Lisboa.<\/li>\n<li>Na corrida pelo acesso \u00e0 Liga est\u00e3o ainda Venda Nova, Arsenal da Maia, Valpa\u00e7os, Portimonense, Amigos da Cerva e Barbarense.<\/li>\n<li>O campeonato prev\u00ea catorze jornadas, todas a duas voltas, com os dois primeiros classificados a subir \u00e0 Liga.<\/li>\n<li>Na ronda de abertura, o Viseu 2001 joga no Pavilh\u00e3o Ac\u00e1cio Rosa, em Lisboa, frente ao Belenenses; a segunda jornada \u00e9 em casa contra o Venda Nova, a 31 de janeiro.<\/li>\n<li>Mais not\u00edcias na Esta\u00e7\u00e3o Di\u00e1ria \u2013 96.8 FM ou no site da emissora.<\/li>\n<\/ul>\n","protected":false},"author":2,"featured_media":107229,"comment_status":"closed","ping_status":"closed","sticky":false,"template":"","format":"standard","meta":{"footnotes":""},"categories":[21,24],"tags":[1788,2147,628,161,2146,1171],"class_list":["post-107227","post","type-post","status-publish","format-standard","has-post-thumbnail","hentry","category-desporto","category-futebol","tag-a-liga","tag-amigos-da-cerva","tag-arsenal-da-maia","tag-futsal","tag-valpacos","tag-viseu"],"yoast_head":"<!-- This site is optimized with the Yoast SEO plugin v27.2 - https:\/\/yoast.com\/product\/yoast-seo-wordpress\/ -->\n<title>Futsal: Viseu 2001 inicia fora de casa a luta pela subida \u00e0 Liga - Portal Tela Portugal<\/title>\n<meta name=\"robots\" content=\"index, follow, max-snippet:-1, max-image-preview:large, max-video-preview:-1\" \/>\n<meta property=\"og:locale\" content=\"pt_PT\" \/>\n<meta property=\"og:type\" content=\"article\" \/>\n<meta property=\"og:title\" content=\"Futsal: Viseu 2001 inicia fora de casa a luta pela subida \u00e0 Liga - Portal Tela Portugal\" \/>\n<meta property=\"og:description\" content=\"O Viseu 2001 come\u00e7a fora de casa a 2.\u00aa fase do Campeonato Nacional da II Divis\u00e3o de futsal, a 24 de janeiro de 2026, frente ao Belenenses, em Lisboa. Na corrida pelo acesso \u00e0 Liga est\u00e3o ainda Venda Nova, Arsenal da Maia, Valpa\u00e7os, Portimonense, Amigos da Cerva e Barbarense. O campeonato prev\u00ea catorze jornadas, todas a duas voltas, com os dois primeiros classificados a subir \u00e0 Liga. Na ronda de abertura, o Viseu 2001 joga no Pavilh\u00e3o Ac\u00e1cio Rosa, em Lisboa, frente ao Belenenses; a segunda jornada \u00e9 em casa contra o Venda Nova, a 31 de janeiro. Mais not\u00edcias na Esta\u00e7\u00e3o Di\u00e1ria \u2013 96.8 FM ou no site da emissora.\" \/>\n<meta property=\"og:url\" content=\"https:\/\/portaltela.pt\/noticias\/2025\/12\/30\/futsal-viseu-2001-inicia-fora-de-casa-a-luta-pela-subida-a-liga\/\" \/>\n<meta property=\"og:site_name\" content=\"Portal Tela Portugal\" \/>\n<meta property=\"article:published_time\" content=\"2025-12-30T09:34:00+00:00\" \/>\n<meta name=\"author\" content=\"Telinha\" \/>\n<meta name=\"twitter:card\" content=\"summary_large_image\" \/>\n<meta name=\"twitter:label1\" content=\"Escrito por\" \/>\n\t<meta name=\"twitter:data1\" content=\"Telinha\" \/>\n\t<meta name=\"twitter:label2\" content=\"Tempo estimado de leitura\" \/>\n\t<meta name=\"twitter:data2\" content=\"1 minuto\" \/>\n<script type=\"application\/ld+json\" class=\"yoast-schema-graph\">{\"@context\":\"https:\/\/schema.org\",\"@graph\":[{\"@type\":\"Article\",\"@id\":\"https:\/\/portaltela.pt\/noticias\/2025\/12\/30\/futsal-viseu-2001-inicia-fora-de-casa-a-luta-pela-subida-a-liga\/#article\",\"isPartOf\":{\"@id\":\"https:\/\/portaltela.pt\/noticias\/2025\/12\/30\/futsal-viseu-2001-inicia-fora-de-casa-a-luta-pela-subida-a-liga\/\"},\"author\":{\"name\":\"Telinha\",\"@id\":\"https:\/\/portaltela.pt\/#\/schema\/person\/c4278d4a6028830caff9ee44b42d32ed\"},\"headline\":\"Futsal: Viseu 2001 inicia fora de casa a luta pela subida \u00e0 Liga\",\"datePublished\":\"2025-12-30T09:34:00+00:00\",\"mainEntityOfPage\":{\"@id\":\"https:\/\/portaltela.pt\/noticias\/2025\/12\/30\/futsal-viseu-2001-inicia-fora-de-casa-a-luta-pela-subida-a-liga\/\"},\"wordCount\":157,\"image\":{\"@id\":\"https:\/\/portaltela.pt\/noticias\/2025\/12\/30\/futsal-viseu-2001-inicia-fora-de-casa-a-luta-pela-subida-a-liga\/#primaryimage\"},\"thumbnailUrl\":\"https:\/\/portaltela.pt\/s.01k8rhncp4jt1\/2025\/12\/viseu-2001-plantel-25-3.jpg\",\"keywords\":[\"A Liga\",\"Amigos da Cerva\",\"Arsenal da Maia\",\"futsal\",\"Valpa\u00e7os\",\"Viseu\"],\"articleSection\":[\"Desporto\",\"Futebol\"],\"inLanguage\":\"pt-PT\"},{\"@type\":\"WebPage\",\"@id\":\"https:\/\/portaltela.pt\/noticias\/2025\/12\/30\/futsal-viseu-2001-inicia-fora-de-casa-a-luta-pela-subida-a-liga\/\",\"url\":\"https:\/\/portaltela.pt\/noticias\/2025\/12\/30\/futsal-viseu-2001-inicia-fora-de-casa-a-luta-pela-subida-a-liga\/\",\"name\":\"Futsal: Viseu 2001 inicia fora de casa a luta pela subida \u00e0 Liga - Portal Tela Portugal\",\"isPartOf\":{\"@id\":\"https:\/\/portaltela.pt\/#website\"},\"primaryImageOfPage\":{\"@id\":\"https:\/\/portaltela.pt\/noticias\/2025\/12\/30\/futsal-viseu-2001-inicia-fora-de-casa-a-luta-pela-subida-a-liga\/#primaryimage\"},\"image\":{\"@id\":\"https:\/\/portaltela.pt\/noticias\/2025\/12\/30\/futsal-viseu-2001-inicia-fora-de-casa-a-luta-pela-subida-a-liga\/#primaryimage\"},\"thumbnailUrl\":\"https:\/\/portaltela.pt\/s.01k8rhncp4jt1\/2025\/12\/viseu-2001-plantel-25-3.jpg\",\"datePublished\":\"2025-12-30T09:34:00+00:00\",\"author\":{\"@id\":\"https:\/\/portaltela.pt\/#\/schema\/person\/c4278d4a6028830caff9ee44b42d32ed\"},\"breadcrumb\":{\"@id\":\"https:\/\/portaltela.pt\/noticias\/2025\/12\/30\/futsal-viseu-2001-inicia-fora-de-casa-a-luta-pela-subida-a-liga\/#breadcrumb\"},\"inLanguage\":\"pt-PT\",\"potentialAction\":[{\"@type\":\"ReadAction\",\"target\":[\"https:\/\/portaltela.pt\/noticias\/2025\/12\/30\/futsal-viseu-2001-inicia-fora-de-casa-a-luta-pela-subida-a-liga\/\"]}]},{\"@type\":\"ImageObject\",\"inLanguage\":\"pt-PT\",\"@id\":\"https:\/\/portaltela.pt\/noticias\/2025\/12\/30\/futsal-viseu-2001-inicia-fora-de-casa-a-luta-pela-subida-a-liga\/#primaryimage\",\"url\":\"https:\/\/portaltela.pt\/s.01k8rhncp4jt1\/2025\/12\/viseu-2001-plantel-25-3.jpg\",\"contentUrl\":\"https:\/\/portaltela.pt\/s.01k8rhncp4jt1\/2025\/12\/viseu-2001-plantel-25-3.jpg\",\"width\":796,\"height\":448,\"caption\":\"Futsal: Viseu 2001 venceu o Boavista\"},{\"@type\":\"BreadcrumbList\",\"@id\":\"https:\/\/portaltela.pt\/noticias\/2025\/12\/30\/futsal-viseu-2001-inicia-fora-de-casa-a-luta-pela-subida-a-liga\/#breadcrumb\",\"itemListElement\":[{\"@type\":\"ListItem\",\"position\":1,\"name\":\"In\u00edcio\",\"item\":\"https:\/\/portaltela.pt\/\"},{\"@type\":\"ListItem\",\"position\":2,\"name\":\"Futsal: Viseu 2001 inicia fora de casa a luta pela subida \u00e0 Liga\"}]},{\"@type\":\"WebSite\",\"@id\":\"https:\/\/portaltela.pt\/#website\",\"url\":\"https:\/\/portaltela.pt\/\",\"name\":\"Portal Tela Portugal\",\"description\":\"\",\"potentialAction\":[{\"@type\":\"SearchAction\",\"target\":{\"@type\":\"EntryPoint\",\"urlTemplate\":\"https:\/\/portaltela.pt\/?s={search_term_string}\"},\"query-input\":{\"@type\":\"PropertyValueSpecification\",\"valueRequired\":true,\"valueName\":\"search_term_string\"}}],\"inLanguage\":\"pt-PT\"},{\"@type\":\"Person\",\"@id\":\"https:\/\/portaltela.pt\/#\/schema\/person\/c4278d4a6028830caff9ee44b42d32ed\",\"name\":\"Telinha\",\"image\":{\"@type\":\"ImageObject\",\"inLanguage\":\"pt-PT\",\"@id\":\"https:\/\/portaltela.pt\/s.01k8rhncp4jt1\/2025\/11\/talking-bot-125x125.png\",\"url\":\"https:\/\/portaltela.pt\/s.01k8rhncp4jt1\/2025\/11\/talking-bot-125x125.png\",\"contentUrl\":\"https:\/\/portaltela.pt\/s.01k8rhncp4jt1\/2025\/11\/talking-bot-125x125.png\",\"caption\":\"Telinha\"},\"sameAs\":[\"https:\/\/portaltela.pt\/\"],\"url\":\"https:\/\/portaltela.pt\/por\/367410592786\/\"}]}<\/script>\n<!-- \/ Yoast SEO plugin. -->","yoast_head_json":{"title":"Futsal: Viseu 2001 inicia fora de casa a luta pela subida \u00e0 Liga - Portal Tela Portugal","robots":{"index":"index","follow":"follow","max-snippet":"max-snippet:-1","max-image-preview":"max-image-preview:large","max-video-preview":"max-video-preview:-1"},"og_locale":"pt_PT","og_type":"article","og_title":"Futsal: Viseu 2001 inicia fora de casa a luta pela subida \u00e0 Liga - Portal Tela Portugal","og_description":"O Viseu 2001 come\u00e7a fora de casa a 2.\u00aa fase do Campeonato Nacional da II Divis\u00e3o de futsal, a 24 de janeiro de 2026, frente ao Belenenses, em Lisboa. Na corrida pelo acesso \u00e0 Liga est\u00e3o ainda Venda Nova, Arsenal da Maia, Valpa\u00e7os, Portimonense, Amigos da Cerva e Barbarense. O campeonato prev\u00ea catorze jornadas, todas a duas voltas, com os dois primeiros classificados a subir \u00e0 Liga. Na ronda de abertura, o Viseu 2001 joga no Pavilh\u00e3o Ac\u00e1cio Rosa, em Lisboa, frente ao Belenenses; a segunda jornada \u00e9 em casa contra o Venda Nova, a 31 de janeiro. Mais not\u00edcias na Esta\u00e7\u00e3o Di\u00e1ria \u2013 96.8 FM ou no site da emissora.","og_url":"https:\/\/portaltela.pt\/noticias\/2025\/12\/30\/futsal-viseu-2001-inicia-fora-de-casa-a-luta-pela-subida-a-liga\/","og_site_name":"Portal Tela Portugal","article_published_time":"2025-12-30T09:34:00+00:00","author":"Telinha","twitter_card":"summary_large_image","twitter_misc":{"Escrito por":"Telinha","Tempo estimado de leitura":"1 minuto"},"schema":{"@context":"https:\/\/schema.org","@graph":[{"@type":"Article","@id":"https:\/\/portaltela.pt\/noticias\/2025\/12\/30\/futsal-viseu-2001-inicia-fora-de-casa-a-luta-pela-subida-a-liga\/#article","isPartOf":{"@id":"https:\/\/portaltela.pt\/noticias\/2025\/12\/30\/futsal-viseu-2001-inicia-fora-de-casa-a-luta-pela-subida-a-liga\/"},"author":{"name":"Telinha","@id":"https:\/\/portaltela.pt\/#\/schema\/person\/c4278d4a6028830caff9ee44b42d32ed"},"headline":"Futsal: Viseu 2001 inicia fora de casa a luta pela subida \u00e0 Liga","datePublished":"2025-12-30T09:34:00+00:00","mainEntityOfPage":{"@id":"https:\/\/portaltela.pt\/noticias\/2025\/12\/30\/futsal-viseu-2001-inicia-fora-de-casa-a-luta-pela-subida-a-liga\/"},"wordCount":157,"image":{"@id":"https:\/\/portaltela.pt\/noticias\/2025\/12\/30\/futsal-viseu-2001-inicia-fora-de-casa-a-luta-pela-subida-a-liga\/#primaryimage"},"thumbnailUrl":"https:\/\/portaltela.pt\/s.01k8rhncp4jt1\/2025\/12\/viseu-2001-plantel-25-3.jpg","keywords":["A Liga","Amigos da Cerva","Arsenal da Maia","futsal","Valpa\u00e7os","Viseu"],"articleSection":["Desporto","Futebol"],"inLanguage":"pt-PT"},{"@type":"WebPage","@id":"https:\/\/portaltela.pt\/noticias\/2025\/12\/30\/futsal-viseu-2001-inicia-fora-de-casa-a-luta-pela-subida-a-liga\/","url":"https:\/\/portaltela.pt\/noticias\/2025\/12\/30\/futsal-viseu-2001-inicia-fora-de-casa-a-luta-pela-subida-a-liga\/","name":"Futsal: Viseu 2001 inicia fora de casa a luta pela subida \u00e0 Liga - Portal Tela Portugal","isPartOf":{"@id":"https:\/\/portaltela.pt\/#website"},"primaryImageOfPage":{"@id":"https:\/\/portaltela.pt\/noticias\/2025\/12\/30\/futsal-viseu-2001-inicia-fora-de-casa-a-luta-pela-subida-a-liga\/#primaryimage"},"image":{"@id":"https:\/\/portaltela.pt\/noticias\/2025\/12\/30\/futsal-viseu-2001-inicia-fora-de-casa-a-luta-pela-subida-a-liga\/#primaryimage"},"thumbnailUrl":"https:\/\/portaltela.pt\/s.01k8rhncp4jt1\/2025\/12\/viseu-2001-plantel-25-3.jpg","datePublished":"2025-12-30T09:34:00+00:00","author":{"@id":"https:\/\/portaltela.pt\/#\/schema\/person\/c4278d4a6028830caff9ee44b42d32ed"},"breadcrumb":{"@id":"https:\/\/portaltela.pt\/noticias\/2025\/12\/30\/futsal-viseu-2001-inicia-fora-de-casa-a-luta-pela-subida-a-liga\/#breadcrumb"},"inLanguage":"pt-PT","potentialAction":[{"@type":"ReadAction","target":["https:\/\/portaltela.pt\/noticias\/2025\/12\/30\/futsal-viseu-2001-inicia-fora-de-casa-a-luta-pela-subida-a-liga\/"]}]},{"@type":"ImageObject","inLanguage":"pt-PT","@id":"https:\/\/portaltela.pt\/noticias\/2025\/12\/30\/futsal-viseu-2001-inicia-fora-de-casa-a-luta-pela-subida-a-liga\/#primaryimage","url":"https:\/\/portaltela.pt\/s.01k8rhncp4jt1\/2025\/12\/viseu-2001-plantel-25-3.jpg","contentUrl":"https:\/\/portaltela.pt\/s.01k8rhncp4jt1\/2025\/12\/viseu-2001-plantel-25-3.jpg","width":796,"height":448,"caption":"Futsal: Viseu 2001 venceu o Boavista"},{"@type":"BreadcrumbList","@id":"https:\/\/portaltela.pt\/noticias\/2025\/12\/30\/futsal-viseu-2001-inicia-fora-de-casa-a-luta-pela-subida-a-liga\/#breadcrumb","itemListElement":[{"@type":"ListItem","position":1,"name":"In\u00edcio","item":"https:\/\/portaltela.pt\/"},{"@type":"ListItem","position":2,"name":"Futsal: Viseu 2001 inicia fora de casa a luta pela subida \u00e0 Liga"}]},{"@type":"WebSite","@id":"https:\/\/portaltela.pt\/#website","url":"https:\/\/portaltela.pt\/","name":"Portal Tela Portugal","description":"","potentialAction":[{"@type":"SearchAction","target":{"@type":"EntryPoint","urlTemplate":"https:\/\/portaltela.pt\/?s={search_term_string}"},"query-input":{"@type":"PropertyValueSpecification","valueRequired":true,"valueName":"search_term_string"}}],"inLanguage":"pt-PT"},{"@type":"Person","@id":"https:\/\/portaltela.pt\/#\/schema\/person\/c4278d4a6028830caff9ee44b42d32ed","name":"Telinha","image":{"@type":"ImageObject","inLanguage":"pt-PT","@id":"https:\/\/portaltela.pt\/s.01k8rhncp4jt1\/2025\/11\/talking-bot-125x125.png","url":"https:\/\/portaltela.pt\/s.01k8rhncp4jt1\/2025\/11\/talking-bot-125x125.png","contentUrl":"https:\/\/portaltela.pt\/s.01k8rhncp4jt1\/2025\/11\/talking-bot-125x125.png","caption":"Telinha"},"sameAs":["https:\/\/portaltela.pt\/"],"url":"https:\/\/portaltela.pt\/por\/367410592786\/"}]}},"_links":{"self":[{"href":"https:\/\/portaltela.pt\/api\/wp\/v2\/posts\/107227","targetHints":{"allow":["GET"]}}],"collection":[{"href":"https:\/\/portaltela.pt\/api\/wp\/v2\/posts"}],"about":[{"href":"https:\/\/portaltela.pt\/api\/wp\/v2\/types\/post"}],"author":[{"embeddable":true,"href":"https:\/\/portaltela.pt\/api\/wp\/v2\/users\/2"}],"replies":[{"embeddable":true,"href":"https:\/\/portaltela.pt\/api\/wp\/v2\/comments?post=107227"}],"version-history":[{"count":0,"href":"https:\/\/portaltela.pt\/api\/wp\/v2\/posts\/107227\/revisions"}],"wp:featuredmedia":[{"embeddable":true,"href":"https:\/\/portaltela.pt\/api\/wp\/v2\/media\/107229"}],"wp:attachment":[{"href":"https:\/\/portaltela.pt\/api\/wp\/v2\/media?parent=107227"}],"wp:term":[{"taxonomy":"category","embeddable":true,"href":"https:\/\/portaltela.pt\/api\/wp\/v2\/categories?post=107227"},{"taxonomy":"post_tag","embeddable":true,"href":"https:\/\/portaltela.pt\/api\/wp\/v2\/tags?post=107227"}],"curies":[{"name":"wp","href":"https:\/\/api.w.org\/{rel}","templated":true}]}}