{"id":106969,"date":"2025-12-29T17:06:09","date_gmt":"2025-12-29T20:06:09","guid":{"rendered":"https:\/\/portaltela.pt\/noticias\/2025\/12\/29\/acionistas-do-benfica-elegem-administracao-e-aprovam-politica-de-vencimentos\/"},"modified":"2025-12-29T17:06:09","modified_gmt":"2025-12-29T20:06:09","slug":"acionistas-do-benfica-elegem-administracao-e-aprovam-politica-de-vencimentos","status":"publish","type":"post","link":"https:\/\/portaltela.pt\/desporto\/futebol\/2025\/12\/29\/acionistas-do-benfica-elegem-administracao-e-aprovam-politica-de-vencimentos\/","title":{"rendered":"Acionistas do Benfica elegem Administra\u00e7\u00e3o e aprovam pol\u00edtica de vencimentos"},"content":{"rendered":"<p>Os acionistas elegeram hoje a nova Administra\u00e7\u00e3o da Benfica SAD para o mandato at\u00e9 2029, em assembleia no audit\u00f3rio do Museu Cosme Dami\u00e3o. A vota\u00e7\u00e3o confirmou os \u00f3rg\u00e3os sociais e a nova pol\u00edtica de remunera\u00e7\u00f5es.<\/p>\n<p>A Mesa da Assembleia Geral, o Conselho de Administra\u00e7\u00e3o, o Conselho Fiscal e a Comiss\u00e3o de Remunera\u00e7\u00f5es receberam 93,8% dos votos. A pol\u00edtica de remunera\u00e7\u00f5es foi aprovada com 99,9%.<\/p>\n<p>Rui Costa permanece \u00e0 frente da Administra\u00e7\u00e3o, com Nuno Catarino como vice-presidente. Chegam S\u00edlvio Cervan e M\u00f3nica Sabrosa, enquanto Stock da Cunha e Manuel da Costa deixam os lugares. Mant\u00eam-se Jos\u00e9 Gandarez, Elizabete Cardoso, Ros\u00e1rio Pinto Correia e Ant\u00f3nio Pires de Andrade.<\/p>\n<h3>Mesa da Assembleia Geral<\/h3>\n<p>A presid\u00eancia \u00e9 de Nuno Miguel Miranda de Magalh\u00e3es. O cargo de vice-presidente fica com Pedro Miguel Santiago Neves Faria, e a secret\u00e1ria \u00e9 Rita Domingues dos Santos da Cunha Leal.<\/p>\n<h3>Conselho de Administra\u00e7\u00e3o<\/h3>\n<p>O presidente \u00e9 Rui Costa e o vice-presidente, Nuno Catarino. Integram o \u00f3rg\u00e3o os vogais Manuel de Brito, Jos\u00e9 Gandarez, Ros\u00e1rio Correia, Elizabete Cardoso, M\u00f3nica Sabrosa, S\u00edlvio Cervan e Ant\u00f3nio Pires de Andrade.<\/p>\n<h3>Conselho Fiscal<\/h3>\n<p>A presid\u00eancia pertence a Ema Palma. Os vogais s\u00e3o Jo\u00e3o Augusto, Rui Rodrigues e Carlos Rocha.<\/p>\n<h3>Comiss\u00e3o de Remunera\u00e7\u00f5es<\/h3>\n<p>A Comiss\u00e3o de Remunera\u00e7\u00f5es tem Jo\u00e3o Augusto como presidente, com Ana Porf\u00edrio e Rute Marta como vogais.<\/p>\n","protected":false},"excerpt":{"rendered":"<ul>\n<li>Os novos \u00f3rg\u00e3os sociais da Benfica SAD (Sociedade An\u00f3nima Desportiva) foram eleitos hoje, para o mandato at\u00e9 2029, numa assembleia realizada no audit\u00f3rio do Museu Cosme Dami\u00e3o; a administra\u00e7\u00e3o, o conselho fiscal, a mesa da assembleia e a comiss\u00e3o de remunera\u00e7\u00f5es receberam 93,8% dos votos, e a pol\u00edtica de remunera\u00e7\u00f5es teve 99,9% a favor.<\/li>\n<li>Rui Costa mant\u00e9m a presid\u00eancia da Administra\u00e7\u00e3o, com Nuno Catarino como vice-presidente; entram S\u00edlvio Cervan e M\u00f3nica Sabrosa, substituindo Stock da Cunha e Manuel da Costa.<\/li>\n<li>Permanecem na Administra\u00e7\u00e3o Jos\u00e9 Gandarez, Elizabete Cardoso, Ros\u00e1rio Pinto Correia e Ant\u00f3nio Pires de Andrade.<\/li>\n<li>Na Mesa da Assembleia Geral ficaram: presidente, Nuno Miguel Miranda de Magalh\u00e3es; vice-presidente, Pedro Miguel Santiago Neves Faria; secret\u00e1ria, Rita Domingues dos Santos da Cunha Leal.<\/li>\n<li>No Conselho de Administra\u00e7\u00e3o: presidente Rui Costa, vice-presidente Nuno Catarino, vogais Manuel de Brito, Jos\u00e9 Gandarez, Ros\u00e1rio Correia, Elizabete Cardoso, M\u00f3nica Sabrosa, S\u00edlvio Cervan e Ant\u00f3nio Pires de Andrade; no Conselho Fiscal: presidente Ema Palma e vogais Jo\u00e3o Augusto, Rui Rodrigues e Carlos Rocha; na Comiss\u00e3o de Remunera\u00e7\u00f5es: presidente Jo\u00e3o Augusto e vogais Ana Porf\u00edrio e Rute Marta.<\/li>\n<\/ul>\n","protected":false},"author":2,"featured_media":106979,"comment_status":"closed","ping_status":"closed","sticky":false,"template":"","format":"standard","meta":{"footnotes":""},"categories":[21,24],"tags":[1946,2115,552,152,32,399],"class_list":["post-106969","post","type-post","status-publish","format-standard","has-post-thumbnail","hentry","category-desporto","category-futebol","tag-benfica","tag-comissao-de-remuneracoes","tag-conselho-de-administracao","tag-desporto","tag-futebol","tag-organizacao-desportiva"],"yoast_head":"<!-- This site is optimized with the Yoast SEO plugin v27.2 - https:\/\/yoast.com\/product\/yoast-seo-wordpress\/ -->\n<title>Acionistas do Benfica elegem Administra\u00e7\u00e3o e aprovam pol\u00edtica de vencimentos - Portal Tela Portugal<\/title>\n<meta name=\"robots\" content=\"index, follow, max-snippet:-1, max-image-preview:large, max-video-preview:-1\" \/>\n<meta property=\"og:locale\" content=\"pt_PT\" \/>\n<meta property=\"og:type\" content=\"article\" \/>\n<meta property=\"og:title\" content=\"Acionistas do Benfica elegem Administra\u00e7\u00e3o e aprovam pol\u00edtica de vencimentos - Portal Tela Portugal\" \/>\n<meta property=\"og:description\" content=\"Os novos \u00f3rg\u00e3os sociais da Benfica SAD (Sociedade An\u00f3nima Desportiva) foram eleitos hoje, para o mandato at\u00e9 2029, numa assembleia realizada no audit\u00f3rio do Museu Cosme Dami\u00e3o; a administra\u00e7\u00e3o, o conselho fiscal, a mesa da assembleia e a comiss\u00e3o de remunera\u00e7\u00f5es receberam 93,8% dos votos, e a pol\u00edtica de remunera\u00e7\u00f5es teve 99,9% a favor. Rui Costa mant\u00e9m a presid\u00eancia da Administra\u00e7\u00e3o, com Nuno Catarino como vice-presidente; entram S\u00edlvio Cervan e M\u00f3nica Sabrosa, substituindo Stock da Cunha e Manuel da Costa. Permanecem na Administra\u00e7\u00e3o Jos\u00e9 Gandarez, Elizabete Cardoso, Ros\u00e1rio Pinto Correia e Ant\u00f3nio Pires de Andrade. Na Mesa da Assembleia Geral ficaram: presidente, Nuno Miguel Miranda de Magalh\u00e3es; vice-presidente, Pedro Miguel Santiago Neves Faria; secret\u00e1ria, Rita Domingues dos Santos da Cunha Leal. No Conselho de Administra\u00e7\u00e3o: presidente Rui Costa, vice-presidente Nuno Catarino, vogais Manuel de Brito, Jos\u00e9 Gandarez, Ros\u00e1rio Correia, Elizabete Cardoso, M\u00f3nica Sabrosa, S\u00edlvio Cervan e Ant\u00f3nio Pires de Andrade; no Conselho Fiscal: presidente Ema Palma e vogais Jo\u00e3o Augusto, Rui Rodrigues e Carlos Rocha; na Comiss\u00e3o de Remunera\u00e7\u00f5es: presidente Jo\u00e3o Augusto e vogais Ana Porf\u00edrio e Rute Marta.\" \/>\n<meta property=\"og:url\" content=\"https:\/\/portaltela.pt\/noticias\/2025\/12\/29\/acionistas-do-benfica-elegem-administracao-e-aprovam-politica-de-vencimentos\/\" \/>\n<meta property=\"og:site_name\" content=\"Portal Tela Portugal\" \/>\n<meta property=\"article:published_time\" content=\"2025-12-29T20:06:09+00:00\" \/>\n<meta name=\"author\" content=\"Telinha\" \/>\n<meta name=\"twitter:card\" content=\"summary_large_image\" \/>\n<meta name=\"twitter:label1\" content=\"Escrito por\" \/>\n\t<meta name=\"twitter:data1\" content=\"Telinha\" \/>\n\t<meta name=\"twitter:label2\" content=\"Tempo estimado de leitura\" \/>\n\t<meta name=\"twitter:data2\" content=\"1 minuto\" \/>\n<script type=\"application\/ld+json\" class=\"yoast-schema-graph\">{\"@context\":\"https:\/\/schema.org\",\"@graph\":[{\"@type\":\"Article\",\"@id\":\"https:\/\/portaltela.pt\/noticias\/2025\/12\/29\/acionistas-do-benfica-elegem-administracao-e-aprovam-politica-de-vencimentos\/#article\",\"isPartOf\":{\"@id\":\"https:\/\/portaltela.pt\/noticias\/2025\/12\/29\/acionistas-do-benfica-elegem-administracao-e-aprovam-politica-de-vencimentos\/\"},\"author\":{\"name\":\"Telinha\",\"@id\":\"https:\/\/portaltela.pt\/#\/schema\/person\/c4278d4a6028830caff9ee44b42d32ed\"},\"headline\":\"Acionistas do Benfica elegem Administra\u00e7\u00e3o e aprovam pol\u00edtica de vencimentos\",\"datePublished\":\"2025-12-29T20:06:09+00:00\",\"mainEntityOfPage\":{\"@id\":\"https:\/\/portaltela.pt\/noticias\/2025\/12\/29\/acionistas-do-benfica-elegem-administracao-e-aprovam-politica-de-vencimentos\/\"},\"wordCount\":256,\"image\":{\"@id\":\"https:\/\/portaltela.pt\/noticias\/2025\/12\/29\/acionistas-do-benfica-elegem-administracao-e-aprovam-politica-de-vencimentos\/#primaryimage\"},\"thumbnailUrl\":\"https:\/\/portaltela.pt\/s.01k8rhncp4jt1\/2025\/12\/img_920x518uu2025-12-11-18-55-24-2408590-5.jpg\",\"keywords\":[\"Benfica\",\"Comiss\u00e3o de Remunera\u00e7\u00f5es\",\"Conselho de Administra\u00e7\u00e3o\",\"desporto\",\"futebol\",\"organiza\u00e7\u00e3o desportiva\"],\"articleSection\":[\"Desporto\",\"Futebol\"],\"inLanguage\":\"pt-PT\"},{\"@type\":\"WebPage\",\"@id\":\"https:\/\/portaltela.pt\/noticias\/2025\/12\/29\/acionistas-do-benfica-elegem-administracao-e-aprovam-politica-de-vencimentos\/\",\"url\":\"https:\/\/portaltela.pt\/noticias\/2025\/12\/29\/acionistas-do-benfica-elegem-administracao-e-aprovam-politica-de-vencimentos\/\",\"name\":\"Acionistas do Benfica elegem Administra\u00e7\u00e3o e aprovam pol\u00edtica de vencimentos - Portal Tela Portugal\",\"isPartOf\":{\"@id\":\"https:\/\/portaltela.pt\/#website\"},\"primaryImageOfPage\":{\"@id\":\"https:\/\/portaltela.pt\/noticias\/2025\/12\/29\/acionistas-do-benfica-elegem-administracao-e-aprovam-politica-de-vencimentos\/#primaryimage\"},\"image\":{\"@id\":\"https:\/\/portaltela.pt\/noticias\/2025\/12\/29\/acionistas-do-benfica-elegem-administracao-e-aprovam-politica-de-vencimentos\/#primaryimage\"},\"thumbnailUrl\":\"https:\/\/portaltela.pt\/s.01k8rhncp4jt1\/2025\/12\/img_920x518uu2025-12-11-18-55-24-2408590-5.jpg\",\"datePublished\":\"2025-12-29T20:06:09+00:00\",\"author\":{\"@id\":\"https:\/\/portaltela.pt\/#\/schema\/person\/c4278d4a6028830caff9ee44b42d32ed\"},\"breadcrumb\":{\"@id\":\"https:\/\/portaltela.pt\/noticias\/2025\/12\/29\/acionistas-do-benfica-elegem-administracao-e-aprovam-politica-de-vencimentos\/#breadcrumb\"},\"inLanguage\":\"pt-PT\",\"potentialAction\":[{\"@type\":\"ReadAction\",\"target\":[\"https:\/\/portaltela.pt\/noticias\/2025\/12\/29\/acionistas-do-benfica-elegem-administracao-e-aprovam-politica-de-vencimentos\/\"]}]},{\"@type\":\"ImageObject\",\"inLanguage\":\"pt-PT\",\"@id\":\"https:\/\/portaltela.pt\/noticias\/2025\/12\/29\/acionistas-do-benfica-elegem-administracao-e-aprovam-politica-de-vencimentos\/#primaryimage\",\"url\":\"https:\/\/portaltela.pt\/s.01k8rhncp4jt1\/2025\/12\/img_920x518uu2025-12-11-18-55-24-2408590-5.jpg\",\"contentUrl\":\"https:\/\/portaltela.pt\/s.01k8rhncp4jt1\/2025\/12\/img_920x518uu2025-12-11-18-55-24-2408590-5.jpg\",\"width\":796,\"height\":448,\"caption\":\"Rui Costa\"},{\"@type\":\"BreadcrumbList\",\"@id\":\"https:\/\/portaltela.pt\/noticias\/2025\/12\/29\/acionistas-do-benfica-elegem-administracao-e-aprovam-politica-de-vencimentos\/#breadcrumb\",\"itemListElement\":[{\"@type\":\"ListItem\",\"position\":1,\"name\":\"In\u00edcio\",\"item\":\"https:\/\/portaltela.pt\/\"},{\"@type\":\"ListItem\",\"position\":2,\"name\":\"Acionistas do Benfica elegem Administra\u00e7\u00e3o e aprovam pol\u00edtica de vencimentos\"}]},{\"@type\":\"WebSite\",\"@id\":\"https:\/\/portaltela.pt\/#website\",\"url\":\"https:\/\/portaltela.pt\/\",\"name\":\"Portal Tela Portugal\",\"description\":\"\",\"potentialAction\":[{\"@type\":\"SearchAction\",\"target\":{\"@type\":\"EntryPoint\",\"urlTemplate\":\"https:\/\/portaltela.pt\/?s={search_term_string}\"},\"query-input\":{\"@type\":\"PropertyValueSpecification\",\"valueRequired\":true,\"valueName\":\"search_term_string\"}}],\"inLanguage\":\"pt-PT\"},{\"@type\":\"Person\",\"@id\":\"https:\/\/portaltela.pt\/#\/schema\/person\/c4278d4a6028830caff9ee44b42d32ed\",\"name\":\"Telinha\",\"image\":{\"@type\":\"ImageObject\",\"inLanguage\":\"pt-PT\",\"@id\":\"https:\/\/portaltela.pt\/s.01k8rhncp4jt1\/2025\/11\/talking-bot-125x125.png\",\"url\":\"https:\/\/portaltela.pt\/s.01k8rhncp4jt1\/2025\/11\/talking-bot-125x125.png\",\"contentUrl\":\"https:\/\/portaltela.pt\/s.01k8rhncp4jt1\/2025\/11\/talking-bot-125x125.png\",\"caption\":\"Telinha\"},\"sameAs\":[\"https:\/\/portaltela.pt\/\"],\"url\":\"https:\/\/portaltela.pt\/por\/367410592786\/\"}]}<\/script>\n<!-- \/ Yoast SEO plugin. -->","yoast_head_json":{"title":"Acionistas do Benfica elegem Administra\u00e7\u00e3o e aprovam pol\u00edtica de vencimentos - Portal Tela Portugal","robots":{"index":"index","follow":"follow","max-snippet":"max-snippet:-1","max-image-preview":"max-image-preview:large","max-video-preview":"max-video-preview:-1"},"og_locale":"pt_PT","og_type":"article","og_title":"Acionistas do Benfica elegem Administra\u00e7\u00e3o e aprovam pol\u00edtica de vencimentos - Portal Tela Portugal","og_description":"Os novos \u00f3rg\u00e3os sociais da Benfica SAD (Sociedade An\u00f3nima Desportiva) foram eleitos hoje, para o mandato at\u00e9 2029, numa assembleia realizada no audit\u00f3rio do Museu Cosme Dami\u00e3o; a administra\u00e7\u00e3o, o conselho fiscal, a mesa da assembleia e a comiss\u00e3o de remunera\u00e7\u00f5es receberam 93,8% dos votos, e a pol\u00edtica de remunera\u00e7\u00f5es teve 99,9% a favor. Rui Costa mant\u00e9m a presid\u00eancia da Administra\u00e7\u00e3o, com Nuno Catarino como vice-presidente; entram S\u00edlvio Cervan e M\u00f3nica Sabrosa, substituindo Stock da Cunha e Manuel da Costa. Permanecem na Administra\u00e7\u00e3o Jos\u00e9 Gandarez, Elizabete Cardoso, Ros\u00e1rio Pinto Correia e Ant\u00f3nio Pires de Andrade. Na Mesa da Assembleia Geral ficaram: presidente, Nuno Miguel Miranda de Magalh\u00e3es; vice-presidente, Pedro Miguel Santiago Neves Faria; secret\u00e1ria, Rita Domingues dos Santos da Cunha Leal. No Conselho de Administra\u00e7\u00e3o: presidente Rui Costa, vice-presidente Nuno Catarino, vogais Manuel de Brito, Jos\u00e9 Gandarez, Ros\u00e1rio Correia, Elizabete Cardoso, M\u00f3nica Sabrosa, S\u00edlvio Cervan e Ant\u00f3nio Pires de Andrade; no Conselho Fiscal: presidente Ema Palma e vogais Jo\u00e3o Augusto, Rui Rodrigues e Carlos Rocha; na Comiss\u00e3o de Remunera\u00e7\u00f5es: presidente Jo\u00e3o Augusto e vogais Ana Porf\u00edrio e Rute Marta.","og_url":"https:\/\/portaltela.pt\/noticias\/2025\/12\/29\/acionistas-do-benfica-elegem-administracao-e-aprovam-politica-de-vencimentos\/","og_site_name":"Portal Tela Portugal","article_published_time":"2025-12-29T20:06:09+00:00","author":"Telinha","twitter_card":"summary_large_image","twitter_misc":{"Escrito por":"Telinha","Tempo estimado de leitura":"1 minuto"},"schema":{"@context":"https:\/\/schema.org","@graph":[{"@type":"Article","@id":"https:\/\/portaltela.pt\/noticias\/2025\/12\/29\/acionistas-do-benfica-elegem-administracao-e-aprovam-politica-de-vencimentos\/#article","isPartOf":{"@id":"https:\/\/portaltela.pt\/noticias\/2025\/12\/29\/acionistas-do-benfica-elegem-administracao-e-aprovam-politica-de-vencimentos\/"},"author":{"name":"Telinha","@id":"https:\/\/portaltela.pt\/#\/schema\/person\/c4278d4a6028830caff9ee44b42d32ed"},"headline":"Acionistas do Benfica elegem Administra\u00e7\u00e3o e aprovam pol\u00edtica de vencimentos","datePublished":"2025-12-29T20:06:09+00:00","mainEntityOfPage":{"@id":"https:\/\/portaltela.pt\/noticias\/2025\/12\/29\/acionistas-do-benfica-elegem-administracao-e-aprovam-politica-de-vencimentos\/"},"wordCount":256,"image":{"@id":"https:\/\/portaltela.pt\/noticias\/2025\/12\/29\/acionistas-do-benfica-elegem-administracao-e-aprovam-politica-de-vencimentos\/#primaryimage"},"thumbnailUrl":"https:\/\/portaltela.pt\/s.01k8rhncp4jt1\/2025\/12\/img_920x518uu2025-12-11-18-55-24-2408590-5.jpg","keywords":["Benfica","Comiss\u00e3o de Remunera\u00e7\u00f5es","Conselho de Administra\u00e7\u00e3o","desporto","futebol","organiza\u00e7\u00e3o desportiva"],"articleSection":["Desporto","Futebol"],"inLanguage":"pt-PT"},{"@type":"WebPage","@id":"https:\/\/portaltela.pt\/noticias\/2025\/12\/29\/acionistas-do-benfica-elegem-administracao-e-aprovam-politica-de-vencimentos\/","url":"https:\/\/portaltela.pt\/noticias\/2025\/12\/29\/acionistas-do-benfica-elegem-administracao-e-aprovam-politica-de-vencimentos\/","name":"Acionistas do Benfica elegem Administra\u00e7\u00e3o e aprovam pol\u00edtica de vencimentos - Portal Tela Portugal","isPartOf":{"@id":"https:\/\/portaltela.pt\/#website"},"primaryImageOfPage":{"@id":"https:\/\/portaltela.pt\/noticias\/2025\/12\/29\/acionistas-do-benfica-elegem-administracao-e-aprovam-politica-de-vencimentos\/#primaryimage"},"image":{"@id":"https:\/\/portaltela.pt\/noticias\/2025\/12\/29\/acionistas-do-benfica-elegem-administracao-e-aprovam-politica-de-vencimentos\/#primaryimage"},"thumbnailUrl":"https:\/\/portaltela.pt\/s.01k8rhncp4jt1\/2025\/12\/img_920x518uu2025-12-11-18-55-24-2408590-5.jpg","datePublished":"2025-12-29T20:06:09+00:00","author":{"@id":"https:\/\/portaltela.pt\/#\/schema\/person\/c4278d4a6028830caff9ee44b42d32ed"},"breadcrumb":{"@id":"https:\/\/portaltela.pt\/noticias\/2025\/12\/29\/acionistas-do-benfica-elegem-administracao-e-aprovam-politica-de-vencimentos\/#breadcrumb"},"inLanguage":"pt-PT","potentialAction":[{"@type":"ReadAction","target":["https:\/\/portaltela.pt\/noticias\/2025\/12\/29\/acionistas-do-benfica-elegem-administracao-e-aprovam-politica-de-vencimentos\/"]}]},{"@type":"ImageObject","inLanguage":"pt-PT","@id":"https:\/\/portaltela.pt\/noticias\/2025\/12\/29\/acionistas-do-benfica-elegem-administracao-e-aprovam-politica-de-vencimentos\/#primaryimage","url":"https:\/\/portaltela.pt\/s.01k8rhncp4jt1\/2025\/12\/img_920x518uu2025-12-11-18-55-24-2408590-5.jpg","contentUrl":"https:\/\/portaltela.pt\/s.01k8rhncp4jt1\/2025\/12\/img_920x518uu2025-12-11-18-55-24-2408590-5.jpg","width":796,"height":448,"caption":"Rui Costa"},{"@type":"BreadcrumbList","@id":"https:\/\/portaltela.pt\/noticias\/2025\/12\/29\/acionistas-do-benfica-elegem-administracao-e-aprovam-politica-de-vencimentos\/#breadcrumb","itemListElement":[{"@type":"ListItem","position":1,"name":"In\u00edcio","item":"https:\/\/portaltela.pt\/"},{"@type":"ListItem","position":2,"name":"Acionistas do Benfica elegem Administra\u00e7\u00e3o e aprovam pol\u00edtica de vencimentos"}]},{"@type":"WebSite","@id":"https:\/\/portaltela.pt\/#website","url":"https:\/\/portaltela.pt\/","name":"Portal Tela Portugal","description":"","potentialAction":[{"@type":"SearchAction","target":{"@type":"EntryPoint","urlTemplate":"https:\/\/portaltela.pt\/?s={search_term_string}"},"query-input":{"@type":"PropertyValueSpecification","valueRequired":true,"valueName":"search_term_string"}}],"inLanguage":"pt-PT"},{"@type":"Person","@id":"https:\/\/portaltela.pt\/#\/schema\/person\/c4278d4a6028830caff9ee44b42d32ed","name":"Telinha","image":{"@type":"ImageObject","inLanguage":"pt-PT","@id":"https:\/\/portaltela.pt\/s.01k8rhncp4jt1\/2025\/11\/talking-bot-125x125.png","url":"https:\/\/portaltela.pt\/s.01k8rhncp4jt1\/2025\/11\/talking-bot-125x125.png","contentUrl":"https:\/\/portaltela.pt\/s.01k8rhncp4jt1\/2025\/11\/talking-bot-125x125.png","caption":"Telinha"},"sameAs":["https:\/\/portaltela.pt\/"],"url":"https:\/\/portaltela.pt\/por\/367410592786\/"}]}},"_links":{"self":[{"href":"https:\/\/portaltela.pt\/api\/wp\/v2\/posts\/106969","targetHints":{"allow":["GET"]}}],"collection":[{"href":"https:\/\/portaltela.pt\/api\/wp\/v2\/posts"}],"about":[{"href":"https:\/\/portaltela.pt\/api\/wp\/v2\/types\/post"}],"author":[{"embeddable":true,"href":"https:\/\/portaltela.pt\/api\/wp\/v2\/users\/2"}],"replies":[{"embeddable":true,"href":"https:\/\/portaltela.pt\/api\/wp\/v2\/comments?post=106969"}],"version-history":[{"count":0,"href":"https:\/\/portaltela.pt\/api\/wp\/v2\/posts\/106969\/revisions"}],"wp:featuredmedia":[{"embeddable":true,"href":"https:\/\/portaltela.pt\/api\/wp\/v2\/media\/106979"}],"wp:attachment":[{"href":"https:\/\/portaltela.pt\/api\/wp\/v2\/media?parent=106969"}],"wp:term":[{"taxonomy":"category","embeddable":true,"href":"https:\/\/portaltela.pt\/api\/wp\/v2\/categories?post=106969"},{"taxonomy":"post_tag","embeddable":true,"href":"https:\/\/portaltela.pt\/api\/wp\/v2\/tags?post=106969"}],"curies":[{"name":"wp","href":"https:\/\/api.w.org\/{rel}","templated":true}]}}