{"id":106776,"date":"2025-12-30T00:11:00","date_gmt":"2025-12-30T03:11:00","guid":{"rendered":"https:\/\/portaltela.pt\/noticias\/2025\/12\/30\/luis-suarez-e-eleito-jogador-da-semana-na-liga-record\/"},"modified":"2025-12-30T00:11:00","modified_gmt":"2025-12-30T03:11:00","slug":"luis-suarez-e-eleito-jogador-da-semana-na-liga-record","status":"publish","type":"post","link":"https:\/\/portaltela.pt\/desporto\/futebol\/2025\/12\/30\/luis-suarez-e-eleito-jogador-da-semana-na-liga-record\/","title":{"rendered":"Luis Su\u00e1rez \u00e9 eleito jogador da semana na Liga Record"},"content":{"rendered":"<p>No jogo da Liga, o Sporting venceu o Rio Ave por 4-0, com Luis Su\u00e1rez a marcar um hat-trick. Foi o primeiro triplete do jogador pelo clube, consolidando o momento ofensivo da equipa. A vit\u00f3ria aproxima o Sporting da parte alta da classifica\u00e7\u00e3o.<\/p>\n<p>Su\u00e1rez iguala Pavlidis na artilharia da prova, ambos com 14 golos. O internacional colombiano assinou tr\u00eas remates certeiros, ampliando o registo pessoal neste campeonato. O triplete chegou numa noite em que o Sporting dominou o encontro.<\/p>\n<p>Contexto recente aponta Su\u00e1rez como decisivo para o rendimento do conjunto, mantendo-se entre os melhores goleadores da Liga. Pavlidis liderava j\u00e1 a lista de goleadores com 14 golos antes deste encontro.<\/p>\n<h3>Hat-trick coloca Su\u00e1rez ao lado de Pavlidis na artilharia<\/h3>\n<p>O resultado refor\u00e7a a posi\u00e7\u00e3o do Sporting na classifica\u00e7\u00e3o, sem altera\u00e7\u00f5es de longo alcance no que diz respeito ao objetivo de chegar aos lugares europeus. O pr\u00f3ximo obst\u00e1culo ainda n\u00e3o tem data definida.<\/p>\n","protected":false},"excerpt":{"rendered":"<ul>\n<li>Sporting empatou com o Rio Ave por 4-0, com hat-trick de Su\u00e1rez.<\/li>\n<li>Foi o primeiro triplete do jogador pelo Sporting, mantendo-o com 14 gols na liga.<\/li>\n<li>Su\u00e1rez iguala Pavlidis na lideran\u00e7a da artilharia da primeira liga.<\/li>\n<li>Luis Su\u00e1rez foi considerado jogador da semana pela Liga Record.<\/li>\n<li>Antes do jogo, Pavlidis j\u00e1 liderava a table de artilheiros com 14 gols.<\/li>\n<\/ul>\n","protected":false},"author":2,"featured_media":106777,"comment_status":"closed","ping_status":"closed","sticky":false,"template":"","format":"standard","meta":{"footnotes":""},"categories":[21,24],"tags":[1788,416,152,32,198,1652],"class_list":["post-106776","post","type-post","status-publish","format-standard","has-post-thumbnail","hentry","category-desporto","category-futebol","tag-a-liga","tag-artilharia","tag-desporto","tag-futebol","tag-golos","tag-sporting"],"yoast_head":"<!-- This site is optimized with the Yoast SEO plugin v27.2 - https:\/\/yoast.com\/product\/yoast-seo-wordpress\/ -->\n<title>Luis Su\u00e1rez \u00e9 eleito jogador da semana na Liga Record - Portal Tela Portugal<\/title>\n<meta name=\"robots\" content=\"index, follow, max-snippet:-1, max-image-preview:large, max-video-preview:-1\" \/>\n<meta property=\"og:locale\" content=\"pt_PT\" \/>\n<meta property=\"og:type\" content=\"article\" \/>\n<meta property=\"og:title\" content=\"Luis Su\u00e1rez \u00e9 eleito jogador da semana na Liga Record - Portal Tela Portugal\" \/>\n<meta property=\"og:description\" content=\"Sporting empatou com o Rio Ave por 4-0, com hat-trick de Su\u00e1rez. Foi o primeiro triplete do jogador pelo Sporting, mantendo-o com 14 gols na liga. Su\u00e1rez iguala Pavlidis na lideran\u00e7a da artilharia da primeira liga. Luis Su\u00e1rez foi considerado jogador da semana pela Liga Record. Antes do jogo, Pavlidis j\u00e1 liderava a table de artilheiros com 14 gols.\" \/>\n<meta property=\"og:url\" content=\"https:\/\/portaltela.pt\/noticias\/2025\/12\/30\/luis-suarez-e-eleito-jogador-da-semana-na-liga-record\/\" \/>\n<meta property=\"og:site_name\" content=\"Portal Tela Portugal\" \/>\n<meta property=\"article:published_time\" content=\"2025-12-30T03:11:00+00:00\" \/>\n<meta name=\"author\" content=\"Telinha\" \/>\n<meta name=\"twitter:card\" content=\"summary_large_image\" \/>\n<meta name=\"twitter:label1\" content=\"Escrito por\" \/>\n\t<meta name=\"twitter:data1\" content=\"Telinha\" \/>\n\t<meta name=\"twitter:label2\" content=\"Tempo estimado de leitura\" \/>\n\t<meta name=\"twitter:data2\" content=\"1 minuto\" \/>\n<script type=\"application\/ld+json\" class=\"yoast-schema-graph\">{\"@context\":\"https:\/\/schema.org\",\"@graph\":[{\"@type\":\"Article\",\"@id\":\"https:\/\/portaltela.pt\/noticias\/2025\/12\/30\/luis-suarez-e-eleito-jogador-da-semana-na-liga-record\/#article\",\"isPartOf\":{\"@id\":\"https:\/\/portaltela.pt\/noticias\/2025\/12\/30\/luis-suarez-e-eleito-jogador-da-semana-na-liga-record\/\"},\"author\":{\"name\":\"Telinha\",\"@id\":\"https:\/\/portaltela.pt\/#\/schema\/person\/c4278d4a6028830caff9ee44b42d32ed\"},\"headline\":\"Luis Su\u00e1rez \u00e9 eleito jogador da semana na Liga Record\",\"datePublished\":\"2025-12-30T03:11:00+00:00\",\"mainEntityOfPage\":{\"@id\":\"https:\/\/portaltela.pt\/noticias\/2025\/12\/30\/luis-suarez-e-eleito-jogador-da-semana-na-liga-record\/\"},\"wordCount\":174,\"image\":{\"@id\":\"https:\/\/portaltela.pt\/noticias\/2025\/12\/30\/luis-suarez-e-eleito-jogador-da-semana-na-liga-record\/#primaryimage\"},\"thumbnailUrl\":\"https:\/\/portaltela.pt\/s.01k8rhncp4jt1\/2025\/12\/img_920x518uu2025-12-28-23-05-12-2411737.jpg\",\"keywords\":[\"A Liga\",\"artilharia\",\"desporto\",\"futebol\",\"golos\",\"Sporting\"],\"articleSection\":[\"Desporto\",\"Futebol\"],\"inLanguage\":\"pt-PT\"},{\"@type\":\"WebPage\",\"@id\":\"https:\/\/portaltela.pt\/noticias\/2025\/12\/30\/luis-suarez-e-eleito-jogador-da-semana-na-liga-record\/\",\"url\":\"https:\/\/portaltela.pt\/noticias\/2025\/12\/30\/luis-suarez-e-eleito-jogador-da-semana-na-liga-record\/\",\"name\":\"Luis Su\u00e1rez \u00e9 eleito jogador da semana na Liga Record - Portal Tela Portugal\",\"isPartOf\":{\"@id\":\"https:\/\/portaltela.pt\/#website\"},\"primaryImageOfPage\":{\"@id\":\"https:\/\/portaltela.pt\/noticias\/2025\/12\/30\/luis-suarez-e-eleito-jogador-da-semana-na-liga-record\/#primaryimage\"},\"image\":{\"@id\":\"https:\/\/portaltela.pt\/noticias\/2025\/12\/30\/luis-suarez-e-eleito-jogador-da-semana-na-liga-record\/#primaryimage\"},\"thumbnailUrl\":\"https:\/\/portaltela.pt\/s.01k8rhncp4jt1\/2025\/12\/img_920x518uu2025-12-28-23-05-12-2411737.jpg\",\"datePublished\":\"2025-12-30T03:11:00+00:00\",\"author\":{\"@id\":\"https:\/\/portaltela.pt\/#\/schema\/person\/c4278d4a6028830caff9ee44b42d32ed\"},\"breadcrumb\":{\"@id\":\"https:\/\/portaltela.pt\/noticias\/2025\/12\/30\/luis-suarez-e-eleito-jogador-da-semana-na-liga-record\/#breadcrumb\"},\"inLanguage\":\"pt-PT\",\"potentialAction\":[{\"@type\":\"ReadAction\",\"target\":[\"https:\/\/portaltela.pt\/noticias\/2025\/12\/30\/luis-suarez-e-eleito-jogador-da-semana-na-liga-record\/\"]}]},{\"@type\":\"ImageObject\",\"inLanguage\":\"pt-PT\",\"@id\":\"https:\/\/portaltela.pt\/noticias\/2025\/12\/30\/luis-suarez-e-eleito-jogador-da-semana-na-liga-record\/#primaryimage\",\"url\":\"https:\/\/portaltela.pt\/s.01k8rhncp4jt1\/2025\/12\/img_920x518uu2025-12-28-23-05-12-2411737.jpg\",\"contentUrl\":\"https:\/\/portaltela.pt\/s.01k8rhncp4jt1\/2025\/12\/img_920x518uu2025-12-28-23-05-12-2411737.jpg\",\"width\":796,\"height\":448,\"caption\":\"Luis Su\u00e1rez\"},{\"@type\":\"BreadcrumbList\",\"@id\":\"https:\/\/portaltela.pt\/noticias\/2025\/12\/30\/luis-suarez-e-eleito-jogador-da-semana-na-liga-record\/#breadcrumb\",\"itemListElement\":[{\"@type\":\"ListItem\",\"position\":1,\"name\":\"In\u00edcio\",\"item\":\"https:\/\/portaltela.pt\/\"},{\"@type\":\"ListItem\",\"position\":2,\"name\":\"Luis Su\u00e1rez \u00e9 eleito jogador da semana na Liga Record\"}]},{\"@type\":\"WebSite\",\"@id\":\"https:\/\/portaltela.pt\/#website\",\"url\":\"https:\/\/portaltela.pt\/\",\"name\":\"Portal Tela Portugal\",\"description\":\"\",\"potentialAction\":[{\"@type\":\"SearchAction\",\"target\":{\"@type\":\"EntryPoint\",\"urlTemplate\":\"https:\/\/portaltela.pt\/?s={search_term_string}\"},\"query-input\":{\"@type\":\"PropertyValueSpecification\",\"valueRequired\":true,\"valueName\":\"search_term_string\"}}],\"inLanguage\":\"pt-PT\"},{\"@type\":\"Person\",\"@id\":\"https:\/\/portaltela.pt\/#\/schema\/person\/c4278d4a6028830caff9ee44b42d32ed\",\"name\":\"Telinha\",\"image\":{\"@type\":\"ImageObject\",\"inLanguage\":\"pt-PT\",\"@id\":\"https:\/\/portaltela.pt\/s.01k8rhncp4jt1\/2025\/11\/talking-bot-125x125.png\",\"url\":\"https:\/\/portaltela.pt\/s.01k8rhncp4jt1\/2025\/11\/talking-bot-125x125.png\",\"contentUrl\":\"https:\/\/portaltela.pt\/s.01k8rhncp4jt1\/2025\/11\/talking-bot-125x125.png\",\"caption\":\"Telinha\"},\"sameAs\":[\"https:\/\/portaltela.pt\/\"],\"url\":\"https:\/\/portaltela.pt\/por\/367410592786\/\"}]}<\/script>\n<!-- \/ Yoast SEO plugin. -->","yoast_head_json":{"title":"Luis Su\u00e1rez \u00e9 eleito jogador da semana na Liga Record - Portal Tela Portugal","robots":{"index":"index","follow":"follow","max-snippet":"max-snippet:-1","max-image-preview":"max-image-preview:large","max-video-preview":"max-video-preview:-1"},"og_locale":"pt_PT","og_type":"article","og_title":"Luis Su\u00e1rez \u00e9 eleito jogador da semana na Liga Record - Portal Tela Portugal","og_description":"Sporting empatou com o Rio Ave por 4-0, com hat-trick de Su\u00e1rez. Foi o primeiro triplete do jogador pelo Sporting, mantendo-o com 14 gols na liga. Su\u00e1rez iguala Pavlidis na lideran\u00e7a da artilharia da primeira liga. Luis Su\u00e1rez foi considerado jogador da semana pela Liga Record. Antes do jogo, Pavlidis j\u00e1 liderava a table de artilheiros com 14 gols.","og_url":"https:\/\/portaltela.pt\/noticias\/2025\/12\/30\/luis-suarez-e-eleito-jogador-da-semana-na-liga-record\/","og_site_name":"Portal Tela Portugal","article_published_time":"2025-12-30T03:11:00+00:00","author":"Telinha","twitter_card":"summary_large_image","twitter_misc":{"Escrito por":"Telinha","Tempo estimado de leitura":"1 minuto"},"schema":{"@context":"https:\/\/schema.org","@graph":[{"@type":"Article","@id":"https:\/\/portaltela.pt\/noticias\/2025\/12\/30\/luis-suarez-e-eleito-jogador-da-semana-na-liga-record\/#article","isPartOf":{"@id":"https:\/\/portaltela.pt\/noticias\/2025\/12\/30\/luis-suarez-e-eleito-jogador-da-semana-na-liga-record\/"},"author":{"name":"Telinha","@id":"https:\/\/portaltela.pt\/#\/schema\/person\/c4278d4a6028830caff9ee44b42d32ed"},"headline":"Luis Su\u00e1rez \u00e9 eleito jogador da semana na Liga Record","datePublished":"2025-12-30T03:11:00+00:00","mainEntityOfPage":{"@id":"https:\/\/portaltela.pt\/noticias\/2025\/12\/30\/luis-suarez-e-eleito-jogador-da-semana-na-liga-record\/"},"wordCount":174,"image":{"@id":"https:\/\/portaltela.pt\/noticias\/2025\/12\/30\/luis-suarez-e-eleito-jogador-da-semana-na-liga-record\/#primaryimage"},"thumbnailUrl":"https:\/\/portaltela.pt\/s.01k8rhncp4jt1\/2025\/12\/img_920x518uu2025-12-28-23-05-12-2411737.jpg","keywords":["A Liga","artilharia","desporto","futebol","golos","Sporting"],"articleSection":["Desporto","Futebol"],"inLanguage":"pt-PT"},{"@type":"WebPage","@id":"https:\/\/portaltela.pt\/noticias\/2025\/12\/30\/luis-suarez-e-eleito-jogador-da-semana-na-liga-record\/","url":"https:\/\/portaltela.pt\/noticias\/2025\/12\/30\/luis-suarez-e-eleito-jogador-da-semana-na-liga-record\/","name":"Luis Su\u00e1rez \u00e9 eleito jogador da semana na Liga Record - Portal Tela Portugal","isPartOf":{"@id":"https:\/\/portaltela.pt\/#website"},"primaryImageOfPage":{"@id":"https:\/\/portaltela.pt\/noticias\/2025\/12\/30\/luis-suarez-e-eleito-jogador-da-semana-na-liga-record\/#primaryimage"},"image":{"@id":"https:\/\/portaltela.pt\/noticias\/2025\/12\/30\/luis-suarez-e-eleito-jogador-da-semana-na-liga-record\/#primaryimage"},"thumbnailUrl":"https:\/\/portaltela.pt\/s.01k8rhncp4jt1\/2025\/12\/img_920x518uu2025-12-28-23-05-12-2411737.jpg","datePublished":"2025-12-30T03:11:00+00:00","author":{"@id":"https:\/\/portaltela.pt\/#\/schema\/person\/c4278d4a6028830caff9ee44b42d32ed"},"breadcrumb":{"@id":"https:\/\/portaltela.pt\/noticias\/2025\/12\/30\/luis-suarez-e-eleito-jogador-da-semana-na-liga-record\/#breadcrumb"},"inLanguage":"pt-PT","potentialAction":[{"@type":"ReadAction","target":["https:\/\/portaltela.pt\/noticias\/2025\/12\/30\/luis-suarez-e-eleito-jogador-da-semana-na-liga-record\/"]}]},{"@type":"ImageObject","inLanguage":"pt-PT","@id":"https:\/\/portaltela.pt\/noticias\/2025\/12\/30\/luis-suarez-e-eleito-jogador-da-semana-na-liga-record\/#primaryimage","url":"https:\/\/portaltela.pt\/s.01k8rhncp4jt1\/2025\/12\/img_920x518uu2025-12-28-23-05-12-2411737.jpg","contentUrl":"https:\/\/portaltela.pt\/s.01k8rhncp4jt1\/2025\/12\/img_920x518uu2025-12-28-23-05-12-2411737.jpg","width":796,"height":448,"caption":"Luis Su\u00e1rez"},{"@type":"BreadcrumbList","@id":"https:\/\/portaltela.pt\/noticias\/2025\/12\/30\/luis-suarez-e-eleito-jogador-da-semana-na-liga-record\/#breadcrumb","itemListElement":[{"@type":"ListItem","position":1,"name":"In\u00edcio","item":"https:\/\/portaltela.pt\/"},{"@type":"ListItem","position":2,"name":"Luis Su\u00e1rez \u00e9 eleito jogador da semana na Liga Record"}]},{"@type":"WebSite","@id":"https:\/\/portaltela.pt\/#website","url":"https:\/\/portaltela.pt\/","name":"Portal Tela Portugal","description":"","potentialAction":[{"@type":"SearchAction","target":{"@type":"EntryPoint","urlTemplate":"https:\/\/portaltela.pt\/?s={search_term_string}"},"query-input":{"@type":"PropertyValueSpecification","valueRequired":true,"valueName":"search_term_string"}}],"inLanguage":"pt-PT"},{"@type":"Person","@id":"https:\/\/portaltela.pt\/#\/schema\/person\/c4278d4a6028830caff9ee44b42d32ed","name":"Telinha","image":{"@type":"ImageObject","inLanguage":"pt-PT","@id":"https:\/\/portaltela.pt\/s.01k8rhncp4jt1\/2025\/11\/talking-bot-125x125.png","url":"https:\/\/portaltela.pt\/s.01k8rhncp4jt1\/2025\/11\/talking-bot-125x125.png","contentUrl":"https:\/\/portaltela.pt\/s.01k8rhncp4jt1\/2025\/11\/talking-bot-125x125.png","caption":"Telinha"},"sameAs":["https:\/\/portaltela.pt\/"],"url":"https:\/\/portaltela.pt\/por\/367410592786\/"}]}},"_links":{"self":[{"href":"https:\/\/portaltela.pt\/api\/wp\/v2\/posts\/106776","targetHints":{"allow":["GET"]}}],"collection":[{"href":"https:\/\/portaltela.pt\/api\/wp\/v2\/posts"}],"about":[{"href":"https:\/\/portaltela.pt\/api\/wp\/v2\/types\/post"}],"author":[{"embeddable":true,"href":"https:\/\/portaltela.pt\/api\/wp\/v2\/users\/2"}],"replies":[{"embeddable":true,"href":"https:\/\/portaltela.pt\/api\/wp\/v2\/comments?post=106776"}],"version-history":[{"count":0,"href":"https:\/\/portaltela.pt\/api\/wp\/v2\/posts\/106776\/revisions"}],"wp:featuredmedia":[{"embeddable":true,"href":"https:\/\/portaltela.pt\/api\/wp\/v2\/media\/106777"}],"wp:attachment":[{"href":"https:\/\/portaltela.pt\/api\/wp\/v2\/media?parent=106776"}],"wp:term":[{"taxonomy":"category","embeddable":true,"href":"https:\/\/portaltela.pt\/api\/wp\/v2\/categories?post=106776"},{"taxonomy":"post_tag","embeddable":true,"href":"https:\/\/portaltela.pt\/api\/wp\/v2\/tags?post=106776"}],"curies":[{"name":"wp","href":"https:\/\/api.w.org\/{rel}","templated":true}]}}