{"id":106456,"date":"2025-12-29T17:06:09","date_gmt":"2025-12-29T20:06:09","guid":{"rendered":"https:\/\/portaltela.pt\/noticias\/2025\/12\/29\/acionistas-do-benfica-elegem-administracao-e-aprovam-politica-de-remuneracoes\/"},"modified":"2025-12-29T17:06:09","modified_gmt":"2025-12-29T20:06:09","slug":"acionistas-do-benfica-elegem-administracao-e-aprovam-politica-de-remuneracoes","status":"publish","type":"post","link":"https:\/\/portaltela.pt\/desporto\/futebol\/2025\/12\/29\/acionistas-do-benfica-elegem-administracao-e-aprovam-politica-de-remuneracoes\/","title":{"rendered":"Acionistas do Benfica elegem administra\u00e7\u00e3o e aprovam pol\u00edtica de remunera\u00e7\u00f5es"},"content":{"rendered":"<p>Os acionistas elegeram hoje os novos \u00f3rg\u00e3os da Benfica SAD para o mandato at\u00e9 2029 e aprovaram a pol\u00edtica de remunera\u00e7\u00f5es, na assembleia realizada no audit\u00f3rio do Museu Cosme Dami\u00e3o. O Conselho de Administra\u00e7\u00e3o, o Conselho Fiscal, a Mesa da Assembleia Geral e a Comiss\u00e3o de Remunera\u00e7\u00f5es receberam 93,8% dos votos. A pol\u00edtica de remunera\u00e7\u00f5es foi aprovada com 99,9%.<\/p>\n<p>Rui Costa continua \u00e0 frente da Administra\u00e7\u00e3o, mantendo Nuno Catarino como vice-presidente. As novidades s\u00e3o S\u00edlvio Cervan e M\u00f3nica Sabrosa, que substituem Stock da Cunha e Manuel da Costa. Permanecem no \u00f3rg\u00e3o Jos\u00e9 Gandarez, Elizabete Cardoso, Ros\u00e1rio Pinto Correia e Ant\u00f3nio Pires de Andrade.<\/p>\n<p>Eis a composi\u00e7\u00e3o atual dos \u00f3rg\u00e3os, j\u00e1 consolidada na ata da reuni\u00e3o:<\/p>\n<h3>Mesa da Assembleia Geral<\/h3>\n<p>Presidente: Nuno Miguel Miranda de Magalh\u00e3es<\/p>\n<p>Vice-Presidente: Pedro Miguel Santiago Neves Faria<\/p>\n<p>Secret\u00e1rio: Rita Domingues dos Santos da Cunha Leal<\/p>\n<h3>Conselho de Administra\u00e7\u00e3o<\/h3>\n<p>Presidente: Rui Costa<\/p>\n<p>Vice-Presidente: Nuno Catarino<\/p>\n<p>Vogais: Manuel de Brito, Jos\u00e9 Gandarez, Ros\u00e1rio Correia, Elizabete Cardoso, M\u00f3nica Sabrosa, S\u00edlvio Cervan, Ant\u00f3nio Pires de Andrade<\/p>\n<h3>Conselho Fiscal<\/h3>\n<p>Presidente: Ema Palma<\/p>\n<p>Vogais: Jo\u00e3o Augusto, Rui Rodrigues, Carlos Rocha<\/p>\n<h3>Comiss\u00e3o de Remunera\u00e7\u00f5es<\/h3>\n<p>Presidente: Jo\u00e3o Augusto<\/p>\n<p>Vogais: Ana Porf\u00edrio, Rute Marta<\/p>\n","protected":false},"excerpt":{"rendered":"<ul>\n<li>Elei\u00e7\u00e3o dos \u00f3rg\u00e3os sociais da Benfica SAD para o mandato at\u00e9 2029, com aprova\u00e7\u00e3o da pol\u00edtica de remunera\u00e7\u00f5es, em assembleia no Museu Cosme Dami\u00e3o, recebendo 93,8% dos votos para os \u00f3rg\u00e3os e 99,9% para a pol\u00edtica de remunera\u00e7\u00f5es.<\/li>\n<li>Rui Costa permanece na presid\u00eancia da Administra\u00e7\u00e3o; Nuno Catarino continua como vice-presidente; S\u00edlvio Cervan e M\u00f3nica Sabrosa entram, substituindo Stock da Cunha e Manuel da Costa.<\/li>\n<li>Mant\u00eam-se na Administra\u00e7\u00e3o Jos\u00e9 Gandarez, Elizabete Cardoso, Ros\u00e1rio Pinto Correia e Ant\u00f3nio Pires de Andrade.<\/li>\n<li>Na Mesa da Assembleia Geral, o presidente \u00e9 Nuno Miguel Miranda de Magalh\u00e3es, o vice-presidente \u00e9 Pedro Miguel Santiago Neves Faria e a secret\u00e1ria \u00e9 Rita Domingues dos Santos da Cunha Leal.<\/li>\n<li>No Conselho Fiscal ficam Ema Palma (presidente) e vogais Jo\u00e3o Augusto, Rui Rodrigues e Carlos Rocha; na Comiss\u00e3o de Remunera\u00e7\u00f5es est\u00e3o Jo\u00e3o Augusto (presidente) e vogais Ana Porf\u00edrio e Rute Marta.<\/li>\n<\/ul>\n","protected":false},"author":2,"featured_media":106471,"comment_status":"closed","ping_status":"closed","sticky":false,"template":"","format":"standard","meta":{"footnotes":""},"categories":[21,24],"tags":[2115,552,551,68,399,30],"class_list":["post-106456","post","type-post","status-publish","format-standard","has-post-thumbnail","hentry","category-desporto","category-futebol","tag-comissao-de-remuneracoes","tag-conselho-de-administracao","tag-conselho-fiscal","tag-eleicoes","tag-organizacao-desportiva","tag-presidente"],"yoast_head":"<!-- This site is optimized with the Yoast SEO plugin v27.2 - https:\/\/yoast.com\/product\/yoast-seo-wordpress\/ -->\n<title>Acionistas do Benfica elegem administra\u00e7\u00e3o e aprovam pol\u00edtica de remunera\u00e7\u00f5es - Portal Tela Portugal<\/title>\n<meta name=\"robots\" content=\"index, follow, max-snippet:-1, max-image-preview:large, max-video-preview:-1\" \/>\n<meta property=\"og:locale\" content=\"pt_PT\" \/>\n<meta property=\"og:type\" content=\"article\" \/>\n<meta property=\"og:title\" content=\"Acionistas do Benfica elegem administra\u00e7\u00e3o e aprovam pol\u00edtica de remunera\u00e7\u00f5es - Portal Tela Portugal\" \/>\n<meta property=\"og:description\" content=\"Elei\u00e7\u00e3o dos \u00f3rg\u00e3os sociais da Benfica SAD para o mandato at\u00e9 2029, com aprova\u00e7\u00e3o da pol\u00edtica de remunera\u00e7\u00f5es, em assembleia no Museu Cosme Dami\u00e3o, recebendo 93,8% dos votos para os \u00f3rg\u00e3os e 99,9% para a pol\u00edtica de remunera\u00e7\u00f5es. Rui Costa permanece na presid\u00eancia da Administra\u00e7\u00e3o; Nuno Catarino continua como vice-presidente; S\u00edlvio Cervan e M\u00f3nica Sabrosa entram, substituindo Stock da Cunha e Manuel da Costa. Mant\u00eam-se na Administra\u00e7\u00e3o Jos\u00e9 Gandarez, Elizabete Cardoso, Ros\u00e1rio Pinto Correia e Ant\u00f3nio Pires de Andrade. Na Mesa da Assembleia Geral, o presidente \u00e9 Nuno Miguel Miranda de Magalh\u00e3es, o vice-presidente \u00e9 Pedro Miguel Santiago Neves Faria e a secret\u00e1ria \u00e9 Rita Domingues dos Santos da Cunha Leal. No Conselho Fiscal ficam Ema Palma (presidente) e vogais Jo\u00e3o Augusto, Rui Rodrigues e Carlos Rocha; na Comiss\u00e3o de Remunera\u00e7\u00f5es est\u00e3o Jo\u00e3o Augusto (presidente) e vogais Ana Porf\u00edrio e Rute Marta.\" \/>\n<meta property=\"og:url\" content=\"https:\/\/portaltela.pt\/noticias\/2025\/12\/29\/acionistas-do-benfica-elegem-administracao-e-aprovam-politica-de-remuneracoes\/\" \/>\n<meta property=\"og:site_name\" content=\"Portal Tela Portugal\" \/>\n<meta property=\"article:published_time\" content=\"2025-12-29T20:06:09+00:00\" \/>\n<meta name=\"author\" content=\"Telinha\" \/>\n<meta name=\"twitter:card\" content=\"summary_large_image\" \/>\n<meta name=\"twitter:label1\" content=\"Escrito por\" \/>\n\t<meta name=\"twitter:data1\" content=\"Telinha\" \/>\n\t<meta name=\"twitter:label2\" content=\"Tempo estimado de leitura\" \/>\n\t<meta name=\"twitter:data2\" content=\"1 minuto\" \/>\n<script type=\"application\/ld+json\" class=\"yoast-schema-graph\">{\"@context\":\"https:\/\/schema.org\",\"@graph\":[{\"@type\":\"Article\",\"@id\":\"https:\/\/portaltela.pt\/noticias\/2025\/12\/29\/acionistas-do-benfica-elegem-administracao-e-aprovam-politica-de-remuneracoes\/#article\",\"isPartOf\":{\"@id\":\"https:\/\/portaltela.pt\/noticias\/2025\/12\/29\/acionistas-do-benfica-elegem-administracao-e-aprovam-politica-de-remuneracoes\/\"},\"author\":{\"name\":\"Telinha\",\"@id\":\"https:\/\/portaltela.pt\/#\/schema\/person\/c4278d4a6028830caff9ee44b42d32ed\"},\"headline\":\"Acionistas do Benfica elegem administra\u00e7\u00e3o e aprovam pol\u00edtica de remunera\u00e7\u00f5es\",\"datePublished\":\"2025-12-29T20:06:09+00:00\",\"mainEntityOfPage\":{\"@id\":\"https:\/\/portaltela.pt\/noticias\/2025\/12\/29\/acionistas-do-benfica-elegem-administracao-e-aprovam-politica-de-remuneracoes\/\"},\"wordCount\":230,\"image\":{\"@id\":\"https:\/\/portaltela.pt\/noticias\/2025\/12\/29\/acionistas-do-benfica-elegem-administracao-e-aprovam-politica-de-remuneracoes\/#primaryimage\"},\"thumbnailUrl\":\"https:\/\/portaltela.pt\/s.01k8rhncp4jt1\/2025\/12\/img_920x518uu2025-12-11-18-55-24-2408590-4.jpg\",\"keywords\":[\"Comiss\u00e3o de Remunera\u00e7\u00f5es\",\"Conselho de Administra\u00e7\u00e3o\",\"Conselho Fiscal\",\"elei\u00e7\u00f5es\",\"organiza\u00e7\u00e3o desportiva\",\"presidente\"],\"articleSection\":[\"Desporto\",\"Futebol\"],\"inLanguage\":\"pt-PT\"},{\"@type\":\"WebPage\",\"@id\":\"https:\/\/portaltela.pt\/noticias\/2025\/12\/29\/acionistas-do-benfica-elegem-administracao-e-aprovam-politica-de-remuneracoes\/\",\"url\":\"https:\/\/portaltela.pt\/noticias\/2025\/12\/29\/acionistas-do-benfica-elegem-administracao-e-aprovam-politica-de-remuneracoes\/\",\"name\":\"Acionistas do Benfica elegem administra\u00e7\u00e3o e aprovam pol\u00edtica de remunera\u00e7\u00f5es - Portal Tela Portugal\",\"isPartOf\":{\"@id\":\"https:\/\/portaltela.pt\/#website\"},\"primaryImageOfPage\":{\"@id\":\"https:\/\/portaltela.pt\/noticias\/2025\/12\/29\/acionistas-do-benfica-elegem-administracao-e-aprovam-politica-de-remuneracoes\/#primaryimage\"},\"image\":{\"@id\":\"https:\/\/portaltela.pt\/noticias\/2025\/12\/29\/acionistas-do-benfica-elegem-administracao-e-aprovam-politica-de-remuneracoes\/#primaryimage\"},\"thumbnailUrl\":\"https:\/\/portaltela.pt\/s.01k8rhncp4jt1\/2025\/12\/img_920x518uu2025-12-11-18-55-24-2408590-4.jpg\",\"datePublished\":\"2025-12-29T20:06:09+00:00\",\"author\":{\"@id\":\"https:\/\/portaltela.pt\/#\/schema\/person\/c4278d4a6028830caff9ee44b42d32ed\"},\"breadcrumb\":{\"@id\":\"https:\/\/portaltela.pt\/noticias\/2025\/12\/29\/acionistas-do-benfica-elegem-administracao-e-aprovam-politica-de-remuneracoes\/#breadcrumb\"},\"inLanguage\":\"pt-PT\",\"potentialAction\":[{\"@type\":\"ReadAction\",\"target\":[\"https:\/\/portaltela.pt\/noticias\/2025\/12\/29\/acionistas-do-benfica-elegem-administracao-e-aprovam-politica-de-remuneracoes\/\"]}]},{\"@type\":\"ImageObject\",\"inLanguage\":\"pt-PT\",\"@id\":\"https:\/\/portaltela.pt\/noticias\/2025\/12\/29\/acionistas-do-benfica-elegem-administracao-e-aprovam-politica-de-remuneracoes\/#primaryimage\",\"url\":\"https:\/\/portaltela.pt\/s.01k8rhncp4jt1\/2025\/12\/img_920x518uu2025-12-11-18-55-24-2408590-4.jpg\",\"contentUrl\":\"https:\/\/portaltela.pt\/s.01k8rhncp4jt1\/2025\/12\/img_920x518uu2025-12-11-18-55-24-2408590-4.jpg\",\"width\":796,\"height\":448,\"caption\":\"Rui Costa\"},{\"@type\":\"BreadcrumbList\",\"@id\":\"https:\/\/portaltela.pt\/noticias\/2025\/12\/29\/acionistas-do-benfica-elegem-administracao-e-aprovam-politica-de-remuneracoes\/#breadcrumb\",\"itemListElement\":[{\"@type\":\"ListItem\",\"position\":1,\"name\":\"In\u00edcio\",\"item\":\"https:\/\/portaltela.pt\/\"},{\"@type\":\"ListItem\",\"position\":2,\"name\":\"Acionistas do Benfica elegem administra\u00e7\u00e3o e aprovam pol\u00edtica de remunera\u00e7\u00f5es\"}]},{\"@type\":\"WebSite\",\"@id\":\"https:\/\/portaltela.pt\/#website\",\"url\":\"https:\/\/portaltela.pt\/\",\"name\":\"Portal Tela Portugal\",\"description\":\"\",\"potentialAction\":[{\"@type\":\"SearchAction\",\"target\":{\"@type\":\"EntryPoint\",\"urlTemplate\":\"https:\/\/portaltela.pt\/?s={search_term_string}\"},\"query-input\":{\"@type\":\"PropertyValueSpecification\",\"valueRequired\":true,\"valueName\":\"search_term_string\"}}],\"inLanguage\":\"pt-PT\"},{\"@type\":\"Person\",\"@id\":\"https:\/\/portaltela.pt\/#\/schema\/person\/c4278d4a6028830caff9ee44b42d32ed\",\"name\":\"Telinha\",\"image\":{\"@type\":\"ImageObject\",\"inLanguage\":\"pt-PT\",\"@id\":\"https:\/\/portaltela.pt\/s.01k8rhncp4jt1\/2025\/11\/talking-bot-125x125.png\",\"url\":\"https:\/\/portaltela.pt\/s.01k8rhncp4jt1\/2025\/11\/talking-bot-125x125.png\",\"contentUrl\":\"https:\/\/portaltela.pt\/s.01k8rhncp4jt1\/2025\/11\/talking-bot-125x125.png\",\"caption\":\"Telinha\"},\"sameAs\":[\"https:\/\/portaltela.pt\/\"],\"url\":\"https:\/\/portaltela.pt\/por\/367410592786\/\"}]}<\/script>\n<!-- \/ Yoast SEO plugin. -->","yoast_head_json":{"title":"Acionistas do Benfica elegem administra\u00e7\u00e3o e aprovam pol\u00edtica de remunera\u00e7\u00f5es - Portal Tela Portugal","robots":{"index":"index","follow":"follow","max-snippet":"max-snippet:-1","max-image-preview":"max-image-preview:large","max-video-preview":"max-video-preview:-1"},"og_locale":"pt_PT","og_type":"article","og_title":"Acionistas do Benfica elegem administra\u00e7\u00e3o e aprovam pol\u00edtica de remunera\u00e7\u00f5es - Portal Tela Portugal","og_description":"Elei\u00e7\u00e3o dos \u00f3rg\u00e3os sociais da Benfica SAD para o mandato at\u00e9 2029, com aprova\u00e7\u00e3o da pol\u00edtica de remunera\u00e7\u00f5es, em assembleia no Museu Cosme Dami\u00e3o, recebendo 93,8% dos votos para os \u00f3rg\u00e3os e 99,9% para a pol\u00edtica de remunera\u00e7\u00f5es. Rui Costa permanece na presid\u00eancia da Administra\u00e7\u00e3o; Nuno Catarino continua como vice-presidente; S\u00edlvio Cervan e M\u00f3nica Sabrosa entram, substituindo Stock da Cunha e Manuel da Costa. Mant\u00eam-se na Administra\u00e7\u00e3o Jos\u00e9 Gandarez, Elizabete Cardoso, Ros\u00e1rio Pinto Correia e Ant\u00f3nio Pires de Andrade. Na Mesa da Assembleia Geral, o presidente \u00e9 Nuno Miguel Miranda de Magalh\u00e3es, o vice-presidente \u00e9 Pedro Miguel Santiago Neves Faria e a secret\u00e1ria \u00e9 Rita Domingues dos Santos da Cunha Leal. No Conselho Fiscal ficam Ema Palma (presidente) e vogais Jo\u00e3o Augusto, Rui Rodrigues e Carlos Rocha; na Comiss\u00e3o de Remunera\u00e7\u00f5es est\u00e3o Jo\u00e3o Augusto (presidente) e vogais Ana Porf\u00edrio e Rute Marta.","og_url":"https:\/\/portaltela.pt\/noticias\/2025\/12\/29\/acionistas-do-benfica-elegem-administracao-e-aprovam-politica-de-remuneracoes\/","og_site_name":"Portal Tela Portugal","article_published_time":"2025-12-29T20:06:09+00:00","author":"Telinha","twitter_card":"summary_large_image","twitter_misc":{"Escrito por":"Telinha","Tempo estimado de leitura":"1 minuto"},"schema":{"@context":"https:\/\/schema.org","@graph":[{"@type":"Article","@id":"https:\/\/portaltela.pt\/noticias\/2025\/12\/29\/acionistas-do-benfica-elegem-administracao-e-aprovam-politica-de-remuneracoes\/#article","isPartOf":{"@id":"https:\/\/portaltela.pt\/noticias\/2025\/12\/29\/acionistas-do-benfica-elegem-administracao-e-aprovam-politica-de-remuneracoes\/"},"author":{"name":"Telinha","@id":"https:\/\/portaltela.pt\/#\/schema\/person\/c4278d4a6028830caff9ee44b42d32ed"},"headline":"Acionistas do Benfica elegem administra\u00e7\u00e3o e aprovam pol\u00edtica de remunera\u00e7\u00f5es","datePublished":"2025-12-29T20:06:09+00:00","mainEntityOfPage":{"@id":"https:\/\/portaltela.pt\/noticias\/2025\/12\/29\/acionistas-do-benfica-elegem-administracao-e-aprovam-politica-de-remuneracoes\/"},"wordCount":230,"image":{"@id":"https:\/\/portaltela.pt\/noticias\/2025\/12\/29\/acionistas-do-benfica-elegem-administracao-e-aprovam-politica-de-remuneracoes\/#primaryimage"},"thumbnailUrl":"https:\/\/portaltela.pt\/s.01k8rhncp4jt1\/2025\/12\/img_920x518uu2025-12-11-18-55-24-2408590-4.jpg","keywords":["Comiss\u00e3o de Remunera\u00e7\u00f5es","Conselho de Administra\u00e7\u00e3o","Conselho Fiscal","elei\u00e7\u00f5es","organiza\u00e7\u00e3o desportiva","presidente"],"articleSection":["Desporto","Futebol"],"inLanguage":"pt-PT"},{"@type":"WebPage","@id":"https:\/\/portaltela.pt\/noticias\/2025\/12\/29\/acionistas-do-benfica-elegem-administracao-e-aprovam-politica-de-remuneracoes\/","url":"https:\/\/portaltela.pt\/noticias\/2025\/12\/29\/acionistas-do-benfica-elegem-administracao-e-aprovam-politica-de-remuneracoes\/","name":"Acionistas do Benfica elegem administra\u00e7\u00e3o e aprovam pol\u00edtica de remunera\u00e7\u00f5es - Portal Tela Portugal","isPartOf":{"@id":"https:\/\/portaltela.pt\/#website"},"primaryImageOfPage":{"@id":"https:\/\/portaltela.pt\/noticias\/2025\/12\/29\/acionistas-do-benfica-elegem-administracao-e-aprovam-politica-de-remuneracoes\/#primaryimage"},"image":{"@id":"https:\/\/portaltela.pt\/noticias\/2025\/12\/29\/acionistas-do-benfica-elegem-administracao-e-aprovam-politica-de-remuneracoes\/#primaryimage"},"thumbnailUrl":"https:\/\/portaltela.pt\/s.01k8rhncp4jt1\/2025\/12\/img_920x518uu2025-12-11-18-55-24-2408590-4.jpg","datePublished":"2025-12-29T20:06:09+00:00","author":{"@id":"https:\/\/portaltela.pt\/#\/schema\/person\/c4278d4a6028830caff9ee44b42d32ed"},"breadcrumb":{"@id":"https:\/\/portaltela.pt\/noticias\/2025\/12\/29\/acionistas-do-benfica-elegem-administracao-e-aprovam-politica-de-remuneracoes\/#breadcrumb"},"inLanguage":"pt-PT","potentialAction":[{"@type":"ReadAction","target":["https:\/\/portaltela.pt\/noticias\/2025\/12\/29\/acionistas-do-benfica-elegem-administracao-e-aprovam-politica-de-remuneracoes\/"]}]},{"@type":"ImageObject","inLanguage":"pt-PT","@id":"https:\/\/portaltela.pt\/noticias\/2025\/12\/29\/acionistas-do-benfica-elegem-administracao-e-aprovam-politica-de-remuneracoes\/#primaryimage","url":"https:\/\/portaltela.pt\/s.01k8rhncp4jt1\/2025\/12\/img_920x518uu2025-12-11-18-55-24-2408590-4.jpg","contentUrl":"https:\/\/portaltela.pt\/s.01k8rhncp4jt1\/2025\/12\/img_920x518uu2025-12-11-18-55-24-2408590-4.jpg","width":796,"height":448,"caption":"Rui Costa"},{"@type":"BreadcrumbList","@id":"https:\/\/portaltela.pt\/noticias\/2025\/12\/29\/acionistas-do-benfica-elegem-administracao-e-aprovam-politica-de-remuneracoes\/#breadcrumb","itemListElement":[{"@type":"ListItem","position":1,"name":"In\u00edcio","item":"https:\/\/portaltela.pt\/"},{"@type":"ListItem","position":2,"name":"Acionistas do Benfica elegem administra\u00e7\u00e3o e aprovam pol\u00edtica de remunera\u00e7\u00f5es"}]},{"@type":"WebSite","@id":"https:\/\/portaltela.pt\/#website","url":"https:\/\/portaltela.pt\/","name":"Portal Tela Portugal","description":"","potentialAction":[{"@type":"SearchAction","target":{"@type":"EntryPoint","urlTemplate":"https:\/\/portaltela.pt\/?s={search_term_string}"},"query-input":{"@type":"PropertyValueSpecification","valueRequired":true,"valueName":"search_term_string"}}],"inLanguage":"pt-PT"},{"@type":"Person","@id":"https:\/\/portaltela.pt\/#\/schema\/person\/c4278d4a6028830caff9ee44b42d32ed","name":"Telinha","image":{"@type":"ImageObject","inLanguage":"pt-PT","@id":"https:\/\/portaltela.pt\/s.01k8rhncp4jt1\/2025\/11\/talking-bot-125x125.png","url":"https:\/\/portaltela.pt\/s.01k8rhncp4jt1\/2025\/11\/talking-bot-125x125.png","contentUrl":"https:\/\/portaltela.pt\/s.01k8rhncp4jt1\/2025\/11\/talking-bot-125x125.png","caption":"Telinha"},"sameAs":["https:\/\/portaltela.pt\/"],"url":"https:\/\/portaltela.pt\/por\/367410592786\/"}]}},"_links":{"self":[{"href":"https:\/\/portaltela.pt\/api\/wp\/v2\/posts\/106456","targetHints":{"allow":["GET"]}}],"collection":[{"href":"https:\/\/portaltela.pt\/api\/wp\/v2\/posts"}],"about":[{"href":"https:\/\/portaltela.pt\/api\/wp\/v2\/types\/post"}],"author":[{"embeddable":true,"href":"https:\/\/portaltela.pt\/api\/wp\/v2\/users\/2"}],"replies":[{"embeddable":true,"href":"https:\/\/portaltela.pt\/api\/wp\/v2\/comments?post=106456"}],"version-history":[{"count":0,"href":"https:\/\/portaltela.pt\/api\/wp\/v2\/posts\/106456\/revisions"}],"wp:featuredmedia":[{"embeddable":true,"href":"https:\/\/portaltela.pt\/api\/wp\/v2\/media\/106471"}],"wp:attachment":[{"href":"https:\/\/portaltela.pt\/api\/wp\/v2\/media?parent=106456"}],"wp:term":[{"taxonomy":"category","embeddable":true,"href":"https:\/\/portaltela.pt\/api\/wp\/v2\/categories?post=106456"},{"taxonomy":"post_tag","embeddable":true,"href":"https:\/\/portaltela.pt\/api\/wp\/v2\/tags?post=106456"}],"curies":[{"name":"wp","href":"https:\/\/api.w.org\/{rel}","templated":true}]}}