{"id":106441,"date":"2025-12-29T18:58:55","date_gmt":"2025-12-29T21:58:55","guid":{"rendered":"https:\/\/portaltela.pt\/noticias\/2025\/12\/29\/gripe-a-com-casos-graves-mantem-pressao-hospitalar-no-medio-tejo-2\/"},"modified":"2025-12-29T18:58:55","modified_gmt":"2025-12-29T21:58:55","slug":"gripe-a-com-casos-graves-mantem-pressao-hospitalar-no-medio-tejo-2","status":"publish","type":"post","link":"https:\/\/portaltela.pt\/noticias\/2025\/12\/29\/gripe-a-com-casos-graves-mantem-pressao-hospitalar-no-medio-tejo-2\/","title":{"rendered":"Gripe A com casos graves mant\u00e9m press\u00e3o hospitalar no M\u00e9dio Tejo"},"content":{"rendered":"<p>A gripe A continua a manter elevada a press\u00e3o sobre os servi\u00e7os de sa\u00fade do M\u00e9dio Tejo, com destaque para a urg\u00eancia do Hospital de Abrantes. Nos \u00faltimos dias, oito doentes encontram-se em unidades de cuidados intensivos, cinco deles com infe\u00e7\u00e3o respirat\u00f3ria.<\/p>\n<p>Entre os dias 22 e 28 de dezembro, a regi\u00e3o registou uma m\u00e9dia di\u00e1ria de 430 atendimentos nas cinco urg\u00eancias da ULS M\u00e9dio Tejo, n\u00famero semelhante \u00e0s semanas anteriores, mas ainda ligado a infe\u00e7\u00f5es respirat\u00f3rias sazonais.<\/p>\n<p>Nos \u00faltimos sete dias, a urg\u00eancia de Abrantes manteve uma m\u00e9dia de 132 atendimentos di\u00e1rios, incluindo a v\u00e9spera e o dia de Natal. Na sexta-feira, esse valor subiu para 152 atendimentos, um acr\u00e9scimo de cerca de 15%.<\/p>\n<h3>Dados cl\u00ednicos e vacina\u00e7\u00e3o<\/h3>\n<p>Atualmente, oito doentes est\u00e3o internados em UTIs, com cinco casos de infe\u00e7\u00e3o respirat\u00f3ria. A ULS indica que os pacientes com infe\u00e7\u00e3o respirat\u00f3ria grave n\u00e3o estavam vacinados, e tr\u00eas dos casos est\u00e3o associados \u00e0 gripe A.<\/p>\n<p>Apesar da press\u00e3o assistencial, o funcionamento das cinco urg\u00eancias mant\u00e9m-se est\u00e1vel, sem suspender cirurgias ou atendimentos programados, segundo a ULS M\u00e9dio Tejo.<\/p>\n<h3>Medidas e apelos da ULS<\/h3>\n<p>Os cuidados de sa\u00fade prim\u00e1rios registaram uma m\u00e9dia de 323 atendimentos di\u00e1rios, cifra considerada elevada face ao feriado. O Plano de Conting\u00eancia de Inverno encontra-se ativo no n\u00edvel 1, com medidas de preven\u00e7\u00e3o e controlo da infe\u00e7\u00e3o.<\/p>\n<p>A ULS refor\u00e7a o apelo \u00e0 vacina\u00e7\u00e3o contra a gripe, especialmente para crian\u00e7as pequenas, idosos e doentes cr\u00f3nicos, e recomenda uso respons\u00e1vel dos servi\u00e7os de urg\u00eancia. O SNS 24 \u00e9 destacado como recurso de triagem digital para sintomas respirat\u00f3rios.<\/p>\n","protected":false},"excerpt":{"rendered":"<ul>\n<li>Nos \u00faltimos sete dias, a urg\u00eancia do Hospital de Abrantes registou uma m\u00e9dia de 132 atendimentos di\u00e1rios, com sexta-feira a chegar a 152 atendimentos (\u2191 cerca de 15%).<\/li>\n<li>No que respeita a doentes em cuidados intensivos, s\u00e3o oito os internados, cinco com infe\u00e7\u00e3o respirat\u00f3ria; tr\u00eas casos apresentam gripe A e h\u00e1 pacientes com infe\u00e7\u00e3o respirat\u00f3ria grave n\u00e3o vacinados.<\/li>\n<li>Entre os dias 22 e 28 de dezembro, as cinco urg\u00eancias da Unidade Local de Sa\u00fade (ULS) M\u00e9dio Tejo tiveram uma m\u00e9dia di\u00e1ria de 430 atendimentos, ainda associados a infe\u00e7\u00f5es respirat\u00f3rias sazonais.<\/li>\n<li>Apesar da press\u00e3o, o funcionamento das urg\u00eancias tem-se mantido cont\u00ednuo, sem suspens\u00e3o de cirurgia ou atividades programadas; o Plano de Conting\u00eancia de Inverno permanece ativo no n\u00edvel 1.<\/li>\n<li>A ULS apela \u00e0 vacina\u00e7\u00e3o contra a gripe, refor\u00e7a a Triagem Digital do SNS 24 e incentiva o uso respons\u00e1vel dos servi\u00e7os, privilegiando o contacto pr\u00e9vio com a Linha SNS 24 e os cuidados de sa\u00fade prim\u00e1rios.<\/li>\n<\/ul>\n","protected":false},"author":2,"featured_media":106481,"comment_status":"closed","ping_status":"closed","sticky":false,"template":"","format":"standard","meta":{"footnotes":""},"categories":[1],"tags":[1263,633,841,271,1221,1899],"class_list":["post-106441","post","type-post","status-publish","format-standard","has-post-thumbnail","hentry","category-noticias","tag-abrantes","tag-hospital","tag-infecao-respiratoria-aguda","tag-saude-publica","tag-servicos-publicos","tag-urgencias"],"yoast_head":"<!-- This site is optimized with the Yoast SEO plugin v27.2 - https:\/\/yoast.com\/product\/yoast-seo-wordpress\/ -->\n<title>Gripe A com casos graves mant\u00e9m press\u00e3o hospitalar no M\u00e9dio Tejo - Portal Tela Portugal<\/title>\n<meta name=\"robots\" content=\"index, follow, max-snippet:-1, max-image-preview:large, max-video-preview:-1\" \/>\n<meta property=\"og:locale\" content=\"pt_PT\" \/>\n<meta property=\"og:type\" content=\"article\" \/>\n<meta property=\"og:title\" content=\"Gripe A com casos graves mant\u00e9m press\u00e3o hospitalar no M\u00e9dio Tejo - Portal Tela Portugal\" \/>\n<meta property=\"og:description\" content=\"Nos \u00faltimos sete dias, a urg\u00eancia do Hospital de Abrantes registou uma m\u00e9dia de 132 atendimentos di\u00e1rios, com sexta-feira a chegar a 152 atendimentos (\u2191 cerca de 15%). No que respeita a doentes em cuidados intensivos, s\u00e3o oito os internados, cinco com infe\u00e7\u00e3o respirat\u00f3ria; tr\u00eas casos apresentam gripe A e h\u00e1 pacientes com infe\u00e7\u00e3o respirat\u00f3ria grave n\u00e3o vacinados. Entre os dias 22 e 28 de dezembro, as cinco urg\u00eancias da Unidade Local de Sa\u00fade (ULS) M\u00e9dio Tejo tiveram uma m\u00e9dia di\u00e1ria de 430 atendimentos, ainda associados a infe\u00e7\u00f5es respirat\u00f3rias sazonais. Apesar da press\u00e3o, o funcionamento das urg\u00eancias tem-se mantido cont\u00ednuo, sem suspens\u00e3o de cirurgia ou atividades programadas; o Plano de Conting\u00eancia de Inverno permanece ativo no n\u00edvel 1. A ULS apela \u00e0 vacina\u00e7\u00e3o contra a gripe, refor\u00e7a a Triagem Digital do SNS 24 e incentiva o uso respons\u00e1vel dos servi\u00e7os, privilegiando o contacto pr\u00e9vio com a Linha SNS 24 e os cuidados de sa\u00fade prim\u00e1rios.\" \/>\n<meta property=\"og:url\" content=\"https:\/\/portaltela.pt\/noticias\/2025\/12\/29\/gripe-a-com-casos-graves-mantem-pressao-hospitalar-no-medio-tejo-2\/\" \/>\n<meta property=\"og:site_name\" content=\"Portal Tela Portugal\" \/>\n<meta property=\"article:published_time\" content=\"2025-12-29T21:58:55+00:00\" \/>\n<meta name=\"author\" content=\"Telinha\" \/>\n<meta name=\"twitter:card\" content=\"summary_large_image\" \/>\n<meta name=\"twitter:label1\" content=\"Escrito por\" \/>\n\t<meta name=\"twitter:data1\" content=\"Telinha\" \/>\n\t<meta name=\"twitter:label2\" content=\"Tempo estimado de leitura\" \/>\n\t<meta name=\"twitter:data2\" content=\"1 minuto\" \/>\n<script type=\"application\/ld+json\" class=\"yoast-schema-graph\">{\"@context\":\"https:\/\/schema.org\",\"@graph\":[{\"@type\":\"Article\",\"@id\":\"https:\/\/portaltela.pt\/noticias\/2025\/12\/29\/gripe-a-com-casos-graves-mantem-pressao-hospitalar-no-medio-tejo-2\/#article\",\"isPartOf\":{\"@id\":\"https:\/\/portaltela.pt\/noticias\/2025\/12\/29\/gripe-a-com-casos-graves-mantem-pressao-hospitalar-no-medio-tejo-2\/\"},\"author\":{\"name\":\"Telinha\",\"@id\":\"https:\/\/portaltela.pt\/#\/schema\/person\/c4278d4a6028830caff9ee44b42d32ed\"},\"headline\":\"Gripe A com casos graves mant\u00e9m press\u00e3o hospitalar no M\u00e9dio Tejo\",\"datePublished\":\"2025-12-29T21:58:55+00:00\",\"mainEntityOfPage\":{\"@id\":\"https:\/\/portaltela.pt\/noticias\/2025\/12\/29\/gripe-a-com-casos-graves-mantem-pressao-hospitalar-no-medio-tejo-2\/\"},\"wordCount\":310,\"image\":{\"@id\":\"https:\/\/portaltela.pt\/noticias\/2025\/12\/29\/gripe-a-com-casos-graves-mantem-pressao-hospitalar-no-medio-tejo-2\/#primaryimage\"},\"thumbnailUrl\":\"https:\/\/portaltela.pt\/s.01k8rhncp4jt1\/2025\/12\/unnamed-file-2429.jpg\",\"keywords\":[\"Abrantes\",\"hospital\",\"infe\u00e7\u00e3o respirat\u00f3ria aguda\",\"sa\u00fade p\u00fablica\",\"servi\u00e7os p\u00fablicos\",\"urg\u00eancias\"],\"articleSection\":[\"Not\u00edcias\"],\"inLanguage\":\"pt-PT\"},{\"@type\":\"WebPage\",\"@id\":\"https:\/\/portaltela.pt\/noticias\/2025\/12\/29\/gripe-a-com-casos-graves-mantem-pressao-hospitalar-no-medio-tejo-2\/\",\"url\":\"https:\/\/portaltela.pt\/noticias\/2025\/12\/29\/gripe-a-com-casos-graves-mantem-pressao-hospitalar-no-medio-tejo-2\/\",\"name\":\"Gripe A com casos graves mant\u00e9m press\u00e3o hospitalar no M\u00e9dio Tejo - Portal Tela Portugal\",\"isPartOf\":{\"@id\":\"https:\/\/portaltela.pt\/#website\"},\"primaryImageOfPage\":{\"@id\":\"https:\/\/portaltela.pt\/noticias\/2025\/12\/29\/gripe-a-com-casos-graves-mantem-pressao-hospitalar-no-medio-tejo-2\/#primaryimage\"},\"image\":{\"@id\":\"https:\/\/portaltela.pt\/noticias\/2025\/12\/29\/gripe-a-com-casos-graves-mantem-pressao-hospitalar-no-medio-tejo-2\/#primaryimage\"},\"thumbnailUrl\":\"https:\/\/portaltela.pt\/s.01k8rhncp4jt1\/2025\/12\/unnamed-file-2429.jpg\",\"datePublished\":\"2025-12-29T21:58:55+00:00\",\"author\":{\"@id\":\"https:\/\/portaltela.pt\/#\/schema\/person\/c4278d4a6028830caff9ee44b42d32ed\"},\"breadcrumb\":{\"@id\":\"https:\/\/portaltela.pt\/noticias\/2025\/12\/29\/gripe-a-com-casos-graves-mantem-pressao-hospitalar-no-medio-tejo-2\/#breadcrumb\"},\"inLanguage\":\"pt-PT\",\"potentialAction\":[{\"@type\":\"ReadAction\",\"target\":[\"https:\/\/portaltela.pt\/noticias\/2025\/12\/29\/gripe-a-com-casos-graves-mantem-pressao-hospitalar-no-medio-tejo-2\/\"]}]},{\"@type\":\"ImageObject\",\"inLanguage\":\"pt-PT\",\"@id\":\"https:\/\/portaltela.pt\/noticias\/2025\/12\/29\/gripe-a-com-casos-graves-mantem-pressao-hospitalar-no-medio-tejo-2\/#primaryimage\",\"url\":\"https:\/\/portaltela.pt\/s.01k8rhncp4jt1\/2025\/12\/unnamed-file-2429.jpg\",\"contentUrl\":\"https:\/\/portaltela.pt\/s.01k8rhncp4jt1\/2025\/12\/unnamed-file-2429.jpg\",\"width\":796,\"height\":448,\"caption\":\"Gripe A associada a casos graves mant\u00e9m press\u00e3o hospitalar no M\u00e9dio Tejo\"},{\"@type\":\"BreadcrumbList\",\"@id\":\"https:\/\/portaltela.pt\/noticias\/2025\/12\/29\/gripe-a-com-casos-graves-mantem-pressao-hospitalar-no-medio-tejo-2\/#breadcrumb\",\"itemListElement\":[{\"@type\":\"ListItem\",\"position\":1,\"name\":\"In\u00edcio\",\"item\":\"https:\/\/portaltela.pt\/\"},{\"@type\":\"ListItem\",\"position\":2,\"name\":\"Gripe A com casos graves mant\u00e9m press\u00e3o hospitalar no M\u00e9dio Tejo\"}]},{\"@type\":\"WebSite\",\"@id\":\"https:\/\/portaltela.pt\/#website\",\"url\":\"https:\/\/portaltela.pt\/\",\"name\":\"Portal Tela Portugal\",\"description\":\"\",\"potentialAction\":[{\"@type\":\"SearchAction\",\"target\":{\"@type\":\"EntryPoint\",\"urlTemplate\":\"https:\/\/portaltela.pt\/?s={search_term_string}\"},\"query-input\":{\"@type\":\"PropertyValueSpecification\",\"valueRequired\":true,\"valueName\":\"search_term_string\"}}],\"inLanguage\":\"pt-PT\"},{\"@type\":\"Person\",\"@id\":\"https:\/\/portaltela.pt\/#\/schema\/person\/c4278d4a6028830caff9ee44b42d32ed\",\"name\":\"Telinha\",\"image\":{\"@type\":\"ImageObject\",\"inLanguage\":\"pt-PT\",\"@id\":\"https:\/\/portaltela.pt\/s.01k8rhncp4jt1\/2025\/11\/talking-bot-125x125.png\",\"url\":\"https:\/\/portaltela.pt\/s.01k8rhncp4jt1\/2025\/11\/talking-bot-125x125.png\",\"contentUrl\":\"https:\/\/portaltela.pt\/s.01k8rhncp4jt1\/2025\/11\/talking-bot-125x125.png\",\"caption\":\"Telinha\"},\"sameAs\":[\"https:\/\/portaltela.pt\/\"],\"url\":\"https:\/\/portaltela.pt\/por\/367410592786\/\"}]}<\/script>\n<!-- \/ Yoast SEO plugin. -->","yoast_head_json":{"title":"Gripe A com casos graves mant\u00e9m press\u00e3o hospitalar no M\u00e9dio Tejo - Portal Tela Portugal","robots":{"index":"index","follow":"follow","max-snippet":"max-snippet:-1","max-image-preview":"max-image-preview:large","max-video-preview":"max-video-preview:-1"},"og_locale":"pt_PT","og_type":"article","og_title":"Gripe A com casos graves mant\u00e9m press\u00e3o hospitalar no M\u00e9dio Tejo - Portal Tela Portugal","og_description":"Nos \u00faltimos sete dias, a urg\u00eancia do Hospital de Abrantes registou uma m\u00e9dia de 132 atendimentos di\u00e1rios, com sexta-feira a chegar a 152 atendimentos (\u2191 cerca de 15%). No que respeita a doentes em cuidados intensivos, s\u00e3o oito os internados, cinco com infe\u00e7\u00e3o respirat\u00f3ria; tr\u00eas casos apresentam gripe A e h\u00e1 pacientes com infe\u00e7\u00e3o respirat\u00f3ria grave n\u00e3o vacinados. Entre os dias 22 e 28 de dezembro, as cinco urg\u00eancias da Unidade Local de Sa\u00fade (ULS) M\u00e9dio Tejo tiveram uma m\u00e9dia di\u00e1ria de 430 atendimentos, ainda associados a infe\u00e7\u00f5es respirat\u00f3rias sazonais. Apesar da press\u00e3o, o funcionamento das urg\u00eancias tem-se mantido cont\u00ednuo, sem suspens\u00e3o de cirurgia ou atividades programadas; o Plano de Conting\u00eancia de Inverno permanece ativo no n\u00edvel 1. A ULS apela \u00e0 vacina\u00e7\u00e3o contra a gripe, refor\u00e7a a Triagem Digital do SNS 24 e incentiva o uso respons\u00e1vel dos servi\u00e7os, privilegiando o contacto pr\u00e9vio com a Linha SNS 24 e os cuidados de sa\u00fade prim\u00e1rios.","og_url":"https:\/\/portaltela.pt\/noticias\/2025\/12\/29\/gripe-a-com-casos-graves-mantem-pressao-hospitalar-no-medio-tejo-2\/","og_site_name":"Portal Tela Portugal","article_published_time":"2025-12-29T21:58:55+00:00","author":"Telinha","twitter_card":"summary_large_image","twitter_misc":{"Escrito por":"Telinha","Tempo estimado de leitura":"1 minuto"},"schema":{"@context":"https:\/\/schema.org","@graph":[{"@type":"Article","@id":"https:\/\/portaltela.pt\/noticias\/2025\/12\/29\/gripe-a-com-casos-graves-mantem-pressao-hospitalar-no-medio-tejo-2\/#article","isPartOf":{"@id":"https:\/\/portaltela.pt\/noticias\/2025\/12\/29\/gripe-a-com-casos-graves-mantem-pressao-hospitalar-no-medio-tejo-2\/"},"author":{"name":"Telinha","@id":"https:\/\/portaltela.pt\/#\/schema\/person\/c4278d4a6028830caff9ee44b42d32ed"},"headline":"Gripe A com casos graves mant\u00e9m press\u00e3o hospitalar no M\u00e9dio Tejo","datePublished":"2025-12-29T21:58:55+00:00","mainEntityOfPage":{"@id":"https:\/\/portaltela.pt\/noticias\/2025\/12\/29\/gripe-a-com-casos-graves-mantem-pressao-hospitalar-no-medio-tejo-2\/"},"wordCount":310,"image":{"@id":"https:\/\/portaltela.pt\/noticias\/2025\/12\/29\/gripe-a-com-casos-graves-mantem-pressao-hospitalar-no-medio-tejo-2\/#primaryimage"},"thumbnailUrl":"https:\/\/portaltela.pt\/s.01k8rhncp4jt1\/2025\/12\/unnamed-file-2429.jpg","keywords":["Abrantes","hospital","infe\u00e7\u00e3o respirat\u00f3ria aguda","sa\u00fade p\u00fablica","servi\u00e7os p\u00fablicos","urg\u00eancias"],"articleSection":["Not\u00edcias"],"inLanguage":"pt-PT"},{"@type":"WebPage","@id":"https:\/\/portaltela.pt\/noticias\/2025\/12\/29\/gripe-a-com-casos-graves-mantem-pressao-hospitalar-no-medio-tejo-2\/","url":"https:\/\/portaltela.pt\/noticias\/2025\/12\/29\/gripe-a-com-casos-graves-mantem-pressao-hospitalar-no-medio-tejo-2\/","name":"Gripe A com casos graves mant\u00e9m press\u00e3o hospitalar no M\u00e9dio Tejo - Portal Tela Portugal","isPartOf":{"@id":"https:\/\/portaltela.pt\/#website"},"primaryImageOfPage":{"@id":"https:\/\/portaltela.pt\/noticias\/2025\/12\/29\/gripe-a-com-casos-graves-mantem-pressao-hospitalar-no-medio-tejo-2\/#primaryimage"},"image":{"@id":"https:\/\/portaltela.pt\/noticias\/2025\/12\/29\/gripe-a-com-casos-graves-mantem-pressao-hospitalar-no-medio-tejo-2\/#primaryimage"},"thumbnailUrl":"https:\/\/portaltela.pt\/s.01k8rhncp4jt1\/2025\/12\/unnamed-file-2429.jpg","datePublished":"2025-12-29T21:58:55+00:00","author":{"@id":"https:\/\/portaltela.pt\/#\/schema\/person\/c4278d4a6028830caff9ee44b42d32ed"},"breadcrumb":{"@id":"https:\/\/portaltela.pt\/noticias\/2025\/12\/29\/gripe-a-com-casos-graves-mantem-pressao-hospitalar-no-medio-tejo-2\/#breadcrumb"},"inLanguage":"pt-PT","potentialAction":[{"@type":"ReadAction","target":["https:\/\/portaltela.pt\/noticias\/2025\/12\/29\/gripe-a-com-casos-graves-mantem-pressao-hospitalar-no-medio-tejo-2\/"]}]},{"@type":"ImageObject","inLanguage":"pt-PT","@id":"https:\/\/portaltela.pt\/noticias\/2025\/12\/29\/gripe-a-com-casos-graves-mantem-pressao-hospitalar-no-medio-tejo-2\/#primaryimage","url":"https:\/\/portaltela.pt\/s.01k8rhncp4jt1\/2025\/12\/unnamed-file-2429.jpg","contentUrl":"https:\/\/portaltela.pt\/s.01k8rhncp4jt1\/2025\/12\/unnamed-file-2429.jpg","width":796,"height":448,"caption":"Gripe A associada a casos graves mant\u00e9m press\u00e3o hospitalar no M\u00e9dio Tejo"},{"@type":"BreadcrumbList","@id":"https:\/\/portaltela.pt\/noticias\/2025\/12\/29\/gripe-a-com-casos-graves-mantem-pressao-hospitalar-no-medio-tejo-2\/#breadcrumb","itemListElement":[{"@type":"ListItem","position":1,"name":"In\u00edcio","item":"https:\/\/portaltela.pt\/"},{"@type":"ListItem","position":2,"name":"Gripe A com casos graves mant\u00e9m press\u00e3o hospitalar no M\u00e9dio Tejo"}]},{"@type":"WebSite","@id":"https:\/\/portaltela.pt\/#website","url":"https:\/\/portaltela.pt\/","name":"Portal Tela Portugal","description":"","potentialAction":[{"@type":"SearchAction","target":{"@type":"EntryPoint","urlTemplate":"https:\/\/portaltela.pt\/?s={search_term_string}"},"query-input":{"@type":"PropertyValueSpecification","valueRequired":true,"valueName":"search_term_string"}}],"inLanguage":"pt-PT"},{"@type":"Person","@id":"https:\/\/portaltela.pt\/#\/schema\/person\/c4278d4a6028830caff9ee44b42d32ed","name":"Telinha","image":{"@type":"ImageObject","inLanguage":"pt-PT","@id":"https:\/\/portaltela.pt\/s.01k8rhncp4jt1\/2025\/11\/talking-bot-125x125.png","url":"https:\/\/portaltela.pt\/s.01k8rhncp4jt1\/2025\/11\/talking-bot-125x125.png","contentUrl":"https:\/\/portaltela.pt\/s.01k8rhncp4jt1\/2025\/11\/talking-bot-125x125.png","caption":"Telinha"},"sameAs":["https:\/\/portaltela.pt\/"],"url":"https:\/\/portaltela.pt\/por\/367410592786\/"}]}},"_links":{"self":[{"href":"https:\/\/portaltela.pt\/api\/wp\/v2\/posts\/106441","targetHints":{"allow":["GET"]}}],"collection":[{"href":"https:\/\/portaltela.pt\/api\/wp\/v2\/posts"}],"about":[{"href":"https:\/\/portaltela.pt\/api\/wp\/v2\/types\/post"}],"author":[{"embeddable":true,"href":"https:\/\/portaltela.pt\/api\/wp\/v2\/users\/2"}],"replies":[{"embeddable":true,"href":"https:\/\/portaltela.pt\/api\/wp\/v2\/comments?post=106441"}],"version-history":[{"count":0,"href":"https:\/\/portaltela.pt\/api\/wp\/v2\/posts\/106441\/revisions"}],"wp:featuredmedia":[{"embeddable":true,"href":"https:\/\/portaltela.pt\/api\/wp\/v2\/media\/106481"}],"wp:attachment":[{"href":"https:\/\/portaltela.pt\/api\/wp\/v2\/media?parent=106441"}],"wp:term":[{"taxonomy":"category","embeddable":true,"href":"https:\/\/portaltela.pt\/api\/wp\/v2\/categories?post=106441"},{"taxonomy":"post_tag","embeddable":true,"href":"https:\/\/portaltela.pt\/api\/wp\/v2\/tags?post=106441"}],"curies":[{"name":"wp","href":"https:\/\/api.w.org\/{rel}","templated":true}]}}