{"id":106372,"date":"2025-12-29T18:33:04","date_gmt":"2025-12-29T21:33:04","guid":{"rendered":"https:\/\/portaltela.pt\/noticias\/2025\/12\/29\/benfica-sad-aprova-novo-conselho-de-administracao-em-assembleia-geral\/"},"modified":"2025-12-29T18:33:04","modified_gmt":"2025-12-29T21:33:04","slug":"benfica-sad-aprova-novo-conselho-de-administracao-em-assembleia-geral","status":"publish","type":"post","link":"https:\/\/portaltela.pt\/desporto\/futebol\/2025\/12\/29\/benfica-sad-aprova-novo-conselho-de-administracao-em-assembleia-geral\/","title":{"rendered":"Benfica SAD aprova novo Conselho de Administra\u00e7\u00e3o em Assembleia-Geral"},"content":{"rendered":"<p>O novo Conselho de Administra\u00e7\u00e3o da Benfica SAD foi eleito nesta segunda-feira pelos acionistas em assembleia geral ordin\u00e1ria, realizada no Museu Benfica \u2013 Cosme Dami\u00e3o. A reuni\u00e3o aprovou, entre outros pontos, a pol\u00edtica de remunera\u00e7\u00f5es para o quadri\u00e9nio 2025-2029.<\/p>\n<p>Em vota\u00e7\u00e3o secreta, os acionistas escolheram os \u00f3rg\u00e3os sociais. O Conselho de Administra\u00e7\u00e3o ficou com Rui Costa \u00e0 frente, na sequ\u00eancia da sua reelei\u00e7\u00e3o como presidente do clube, e contou com outros membros. A MAG e a Comiss\u00e3o de Remunera\u00e7\u00f5es tamb\u00e9m foram eleitas.<\/p>\n<p>A Assembleia Geral aprovou ainda a pol\u00edtica de remunera\u00e7\u00f5es para o quadri\u00e9nio 2025-2029, que mereceu 99,9% dos votos. A elei\u00e7\u00e3o decorreu com a participa\u00e7\u00e3o de 93,8% dos votos emitidos.<\/p>\n<h3>Composi\u00e7\u00e3o dos \u00d3rg\u00e3os Sociais<\/h3>\n<p>Nuno Magalh\u00e3es lidera a Mesa da Assembleia Geral (MAG). Maria Ema de Assun\u00e7\u00e3o Palma assume a presid\u00eancia do Conselho Fiscal. A Comiss\u00e3o de Remunera\u00e7\u00f5es fica chefiada por Jo\u00e3o Albino Cordeiro Augusto, completando a dire\u00e7\u00e3o eleita.<\/p>\n<p>A reuni\u00e3o, que decorreu no Museu, reuniu acionistas para definir as estruturas de governa\u00e7\u00e3o da Benfica SAD. A vota\u00e7\u00e3o abrangeu ainda os elementos do Conselho Fiscal e a MAG, al\u00e9m da Comiss\u00e3o de Remunera\u00e7\u00f5es para o pr\u00f3ximo quadri\u00e9nio.<\/p>\n<p>A pol\u00edtica de remunera\u00e7\u00f5es estabelece as bases salariais e benef\u00edcios dos \u00f3rg\u00e3os sociais entre 2025 e 2029. O regimento foi aprovado por ampla maioria, sem altera\u00e7\u00f5es significativas indicadas no comunicado.<\/p>\n","protected":false},"excerpt":{"rendered":"<ul>\n<li>O Novo Conselho de Administra\u00e7\u00e3o da Benfica SAD foi eleito na assembleia geral ordin\u00e1ria realizada no Museu Benfica \u2013 Cosme Dami\u00e3o, com 93,8% dos votos emitidos.<\/li>\n<li>A pol\u00edtica de remunera\u00e7\u00f5es dos \u00f3rg\u00e3os sociais para o quadri\u00e9nio 2025-2029 foi aprovada com 99,9% dos votos.<\/li>\n<li>Al\u00e9m do Conselho de Administra\u00e7\u00e3o, foram eleitos o Conselho Fiscal, a Mesa da Assembleia Geral (MAG) e a Comiss\u00e3o de Remunera\u00e7\u00f5es para o quadri\u00e9nio 2025-2029.<\/li>\n<li>A Mesa da Assembleia Geral \u00e9 liderada por Nuno Magalh\u00e3es, o Conselho de Administra\u00e7\u00e3o por Rui Costa, o Conselho Fiscal por Maria Ema de Assun\u00e7\u00e3o Palma, e a Comiss\u00e3o de Remunera\u00e7\u00f5es por Jo\u00e3o Albino Cordeiro Augusto.<\/li>\n<\/ul>\n","protected":false},"author":2,"featured_media":106374,"comment_status":"closed","ping_status":"closed","sticky":false,"template":"","format":"standard","meta":{"footnotes":""},"categories":[21,24],"tags":[1946,2115,552,551,1274,399],"class_list":["post-106372","post","type-post","status-publish","format-standard","has-post-thumbnail","hentry","category-desporto","category-futebol","tag-benfica","tag-comissao-de-remuneracoes","tag-conselho-de-administracao","tag-conselho-fiscal","tag-governanca","tag-organizacao-desportiva"],"yoast_head":"<!-- This site is optimized with the Yoast SEO plugin v27.2 - https:\/\/yoast.com\/product\/yoast-seo-wordpress\/ -->\n<title>Benfica SAD aprova novo Conselho de Administra\u00e7\u00e3o em Assembleia-Geral - Portal Tela Portugal<\/title>\n<meta name=\"robots\" content=\"index, follow, max-snippet:-1, max-image-preview:large, max-video-preview:-1\" \/>\n<meta property=\"og:locale\" content=\"pt_PT\" \/>\n<meta property=\"og:type\" content=\"article\" \/>\n<meta property=\"og:title\" content=\"Benfica SAD aprova novo Conselho de Administra\u00e7\u00e3o em Assembleia-Geral - Portal Tela Portugal\" \/>\n<meta property=\"og:description\" content=\"O Novo Conselho de Administra\u00e7\u00e3o da Benfica SAD foi eleito na assembleia geral ordin\u00e1ria realizada no Museu Benfica \u2013 Cosme Dami\u00e3o, com 93,8% dos votos emitidos. A pol\u00edtica de remunera\u00e7\u00f5es dos \u00f3rg\u00e3os sociais para o quadri\u00e9nio 2025-2029 foi aprovada com 99,9% dos votos. Al\u00e9m do Conselho de Administra\u00e7\u00e3o, foram eleitos o Conselho Fiscal, a Mesa da Assembleia Geral (MAG) e a Comiss\u00e3o de Remunera\u00e7\u00f5es para o quadri\u00e9nio 2025-2029. A Mesa da Assembleia Geral \u00e9 liderada por Nuno Magalh\u00e3es, o Conselho de Administra\u00e7\u00e3o por Rui Costa, o Conselho Fiscal por Maria Ema de Assun\u00e7\u00e3o Palma, e a Comiss\u00e3o de Remunera\u00e7\u00f5es por Jo\u00e3o Albino Cordeiro Augusto.\" \/>\n<meta property=\"og:url\" content=\"https:\/\/portaltela.pt\/noticias\/2025\/12\/29\/benfica-sad-aprova-novo-conselho-de-administracao-em-assembleia-geral\/\" \/>\n<meta property=\"og:site_name\" content=\"Portal Tela Portugal\" \/>\n<meta property=\"article:published_time\" content=\"2025-12-29T21:33:04+00:00\" \/>\n<meta name=\"author\" content=\"Telinha\" \/>\n<meta name=\"twitter:card\" content=\"summary_large_image\" \/>\n<meta name=\"twitter:label1\" content=\"Escrito por\" \/>\n\t<meta name=\"twitter:data1\" content=\"Telinha\" \/>\n\t<meta name=\"twitter:label2\" content=\"Tempo estimado de leitura\" \/>\n\t<meta name=\"twitter:data2\" content=\"1 minuto\" \/>\n<script type=\"application\/ld+json\" class=\"yoast-schema-graph\">{\"@context\":\"https:\/\/schema.org\",\"@graph\":[{\"@type\":\"Article\",\"@id\":\"https:\/\/portaltela.pt\/noticias\/2025\/12\/29\/benfica-sad-aprova-novo-conselho-de-administracao-em-assembleia-geral\/#article\",\"isPartOf\":{\"@id\":\"https:\/\/portaltela.pt\/noticias\/2025\/12\/29\/benfica-sad-aprova-novo-conselho-de-administracao-em-assembleia-geral\/\"},\"author\":{\"name\":\"Telinha\",\"@id\":\"https:\/\/portaltela.pt\/#\/schema\/person\/c4278d4a6028830caff9ee44b42d32ed\"},\"headline\":\"Benfica SAD aprova novo Conselho de Administra\u00e7\u00e3o em Assembleia-Geral\",\"datePublished\":\"2025-12-29T21:33:04+00:00\",\"mainEntityOfPage\":{\"@id\":\"https:\/\/portaltela.pt\/noticias\/2025\/12\/29\/benfica-sad-aprova-novo-conselho-de-administracao-em-assembleia-geral\/\"},\"wordCount\":264,\"image\":{\"@id\":\"https:\/\/portaltela.pt\/noticias\/2025\/12\/29\/benfica-sad-aprova-novo-conselho-de-administracao-em-assembleia-geral\/#primaryimage\"},\"thumbnailUrl\":\"https:\/\/portaltela.pt\/s.01k8rhncp4jt1\/2025\/12\/img_1500x1000uu2025-12-18-23-23-03-2255257.jpg\",\"keywords\":[\"Benfica\",\"Comiss\u00e3o de Remunera\u00e7\u00f5es\",\"Conselho de Administra\u00e7\u00e3o\",\"Conselho Fiscal\",\"governan\u00e7a\",\"organiza\u00e7\u00e3o desportiva\"],\"articleSection\":[\"Desporto\",\"Futebol\"],\"inLanguage\":\"pt-PT\"},{\"@type\":\"WebPage\",\"@id\":\"https:\/\/portaltela.pt\/noticias\/2025\/12\/29\/benfica-sad-aprova-novo-conselho-de-administracao-em-assembleia-geral\/\",\"url\":\"https:\/\/portaltela.pt\/noticias\/2025\/12\/29\/benfica-sad-aprova-novo-conselho-de-administracao-em-assembleia-geral\/\",\"name\":\"Benfica SAD aprova novo Conselho de Administra\u00e7\u00e3o em Assembleia-Geral - Portal Tela Portugal\",\"isPartOf\":{\"@id\":\"https:\/\/portaltela.pt\/#website\"},\"primaryImageOfPage\":{\"@id\":\"https:\/\/portaltela.pt\/noticias\/2025\/12\/29\/benfica-sad-aprova-novo-conselho-de-administracao-em-assembleia-geral\/#primaryimage\"},\"image\":{\"@id\":\"https:\/\/portaltela.pt\/noticias\/2025\/12\/29\/benfica-sad-aprova-novo-conselho-de-administracao-em-assembleia-geral\/#primaryimage\"},\"thumbnailUrl\":\"https:\/\/portaltela.pt\/s.01k8rhncp4jt1\/2025\/12\/img_1500x1000uu2025-12-18-23-23-03-2255257.jpg\",\"datePublished\":\"2025-12-29T21:33:04+00:00\",\"author\":{\"@id\":\"https:\/\/portaltela.pt\/#\/schema\/person\/c4278d4a6028830caff9ee44b42d32ed\"},\"breadcrumb\":{\"@id\":\"https:\/\/portaltela.pt\/noticias\/2025\/12\/29\/benfica-sad-aprova-novo-conselho-de-administracao-em-assembleia-geral\/#breadcrumb\"},\"inLanguage\":\"pt-PT\",\"potentialAction\":[{\"@type\":\"ReadAction\",\"target\":[\"https:\/\/portaltela.pt\/noticias\/2025\/12\/29\/benfica-sad-aprova-novo-conselho-de-administracao-em-assembleia-geral\/\"]}]},{\"@type\":\"ImageObject\",\"inLanguage\":\"pt-PT\",\"@id\":\"https:\/\/portaltela.pt\/noticias\/2025\/12\/29\/benfica-sad-aprova-novo-conselho-de-administracao-em-assembleia-geral\/#primaryimage\",\"url\":\"https:\/\/portaltela.pt\/s.01k8rhncp4jt1\/2025\/12\/img_1500x1000uu2025-12-18-23-23-03-2255257.jpg\",\"contentUrl\":\"https:\/\/portaltela.pt\/s.01k8rhncp4jt1\/2025\/12\/img_1500x1000uu2025-12-18-23-23-03-2255257.jpg\",\"width\":796,\"height\":448,\"caption\":\"Rui Costa\"},{\"@type\":\"BreadcrumbList\",\"@id\":\"https:\/\/portaltela.pt\/noticias\/2025\/12\/29\/benfica-sad-aprova-novo-conselho-de-administracao-em-assembleia-geral\/#breadcrumb\",\"itemListElement\":[{\"@type\":\"ListItem\",\"position\":1,\"name\":\"In\u00edcio\",\"item\":\"https:\/\/portaltela.pt\/\"},{\"@type\":\"ListItem\",\"position\":2,\"name\":\"Benfica SAD aprova novo Conselho de Administra\u00e7\u00e3o em Assembleia-Geral\"}]},{\"@type\":\"WebSite\",\"@id\":\"https:\/\/portaltela.pt\/#website\",\"url\":\"https:\/\/portaltela.pt\/\",\"name\":\"Portal Tela Portugal\",\"description\":\"\",\"potentialAction\":[{\"@type\":\"SearchAction\",\"target\":{\"@type\":\"EntryPoint\",\"urlTemplate\":\"https:\/\/portaltela.pt\/?s={search_term_string}\"},\"query-input\":{\"@type\":\"PropertyValueSpecification\",\"valueRequired\":true,\"valueName\":\"search_term_string\"}}],\"inLanguage\":\"pt-PT\"},{\"@type\":\"Person\",\"@id\":\"https:\/\/portaltela.pt\/#\/schema\/person\/c4278d4a6028830caff9ee44b42d32ed\",\"name\":\"Telinha\",\"image\":{\"@type\":\"ImageObject\",\"inLanguage\":\"pt-PT\",\"@id\":\"https:\/\/portaltela.pt\/s.01k8rhncp4jt1\/2025\/11\/talking-bot-125x125.png\",\"url\":\"https:\/\/portaltela.pt\/s.01k8rhncp4jt1\/2025\/11\/talking-bot-125x125.png\",\"contentUrl\":\"https:\/\/portaltela.pt\/s.01k8rhncp4jt1\/2025\/11\/talking-bot-125x125.png\",\"caption\":\"Telinha\"},\"sameAs\":[\"https:\/\/portaltela.pt\/\"],\"url\":\"https:\/\/portaltela.pt\/por\/367410592786\/\"}]}<\/script>\n<!-- \/ Yoast SEO plugin. -->","yoast_head_json":{"title":"Benfica SAD aprova novo Conselho de Administra\u00e7\u00e3o em Assembleia-Geral - Portal Tela Portugal","robots":{"index":"index","follow":"follow","max-snippet":"max-snippet:-1","max-image-preview":"max-image-preview:large","max-video-preview":"max-video-preview:-1"},"og_locale":"pt_PT","og_type":"article","og_title":"Benfica SAD aprova novo Conselho de Administra\u00e7\u00e3o em Assembleia-Geral - Portal Tela Portugal","og_description":"O Novo Conselho de Administra\u00e7\u00e3o da Benfica SAD foi eleito na assembleia geral ordin\u00e1ria realizada no Museu Benfica \u2013 Cosme Dami\u00e3o, com 93,8% dos votos emitidos. A pol\u00edtica de remunera\u00e7\u00f5es dos \u00f3rg\u00e3os sociais para o quadri\u00e9nio 2025-2029 foi aprovada com 99,9% dos votos. Al\u00e9m do Conselho de Administra\u00e7\u00e3o, foram eleitos o Conselho Fiscal, a Mesa da Assembleia Geral (MAG) e a Comiss\u00e3o de Remunera\u00e7\u00f5es para o quadri\u00e9nio 2025-2029. A Mesa da Assembleia Geral \u00e9 liderada por Nuno Magalh\u00e3es, o Conselho de Administra\u00e7\u00e3o por Rui Costa, o Conselho Fiscal por Maria Ema de Assun\u00e7\u00e3o Palma, e a Comiss\u00e3o de Remunera\u00e7\u00f5es por Jo\u00e3o Albino Cordeiro Augusto.","og_url":"https:\/\/portaltela.pt\/noticias\/2025\/12\/29\/benfica-sad-aprova-novo-conselho-de-administracao-em-assembleia-geral\/","og_site_name":"Portal Tela Portugal","article_published_time":"2025-12-29T21:33:04+00:00","author":"Telinha","twitter_card":"summary_large_image","twitter_misc":{"Escrito por":"Telinha","Tempo estimado de leitura":"1 minuto"},"schema":{"@context":"https:\/\/schema.org","@graph":[{"@type":"Article","@id":"https:\/\/portaltela.pt\/noticias\/2025\/12\/29\/benfica-sad-aprova-novo-conselho-de-administracao-em-assembleia-geral\/#article","isPartOf":{"@id":"https:\/\/portaltela.pt\/noticias\/2025\/12\/29\/benfica-sad-aprova-novo-conselho-de-administracao-em-assembleia-geral\/"},"author":{"name":"Telinha","@id":"https:\/\/portaltela.pt\/#\/schema\/person\/c4278d4a6028830caff9ee44b42d32ed"},"headline":"Benfica SAD aprova novo Conselho de Administra\u00e7\u00e3o em Assembleia-Geral","datePublished":"2025-12-29T21:33:04+00:00","mainEntityOfPage":{"@id":"https:\/\/portaltela.pt\/noticias\/2025\/12\/29\/benfica-sad-aprova-novo-conselho-de-administracao-em-assembleia-geral\/"},"wordCount":264,"image":{"@id":"https:\/\/portaltela.pt\/noticias\/2025\/12\/29\/benfica-sad-aprova-novo-conselho-de-administracao-em-assembleia-geral\/#primaryimage"},"thumbnailUrl":"https:\/\/portaltela.pt\/s.01k8rhncp4jt1\/2025\/12\/img_1500x1000uu2025-12-18-23-23-03-2255257.jpg","keywords":["Benfica","Comiss\u00e3o de Remunera\u00e7\u00f5es","Conselho de Administra\u00e7\u00e3o","Conselho Fiscal","governan\u00e7a","organiza\u00e7\u00e3o desportiva"],"articleSection":["Desporto","Futebol"],"inLanguage":"pt-PT"},{"@type":"WebPage","@id":"https:\/\/portaltela.pt\/noticias\/2025\/12\/29\/benfica-sad-aprova-novo-conselho-de-administracao-em-assembleia-geral\/","url":"https:\/\/portaltela.pt\/noticias\/2025\/12\/29\/benfica-sad-aprova-novo-conselho-de-administracao-em-assembleia-geral\/","name":"Benfica SAD aprova novo Conselho de Administra\u00e7\u00e3o em Assembleia-Geral - Portal Tela Portugal","isPartOf":{"@id":"https:\/\/portaltela.pt\/#website"},"primaryImageOfPage":{"@id":"https:\/\/portaltela.pt\/noticias\/2025\/12\/29\/benfica-sad-aprova-novo-conselho-de-administracao-em-assembleia-geral\/#primaryimage"},"image":{"@id":"https:\/\/portaltela.pt\/noticias\/2025\/12\/29\/benfica-sad-aprova-novo-conselho-de-administracao-em-assembleia-geral\/#primaryimage"},"thumbnailUrl":"https:\/\/portaltela.pt\/s.01k8rhncp4jt1\/2025\/12\/img_1500x1000uu2025-12-18-23-23-03-2255257.jpg","datePublished":"2025-12-29T21:33:04+00:00","author":{"@id":"https:\/\/portaltela.pt\/#\/schema\/person\/c4278d4a6028830caff9ee44b42d32ed"},"breadcrumb":{"@id":"https:\/\/portaltela.pt\/noticias\/2025\/12\/29\/benfica-sad-aprova-novo-conselho-de-administracao-em-assembleia-geral\/#breadcrumb"},"inLanguage":"pt-PT","potentialAction":[{"@type":"ReadAction","target":["https:\/\/portaltela.pt\/noticias\/2025\/12\/29\/benfica-sad-aprova-novo-conselho-de-administracao-em-assembleia-geral\/"]}]},{"@type":"ImageObject","inLanguage":"pt-PT","@id":"https:\/\/portaltela.pt\/noticias\/2025\/12\/29\/benfica-sad-aprova-novo-conselho-de-administracao-em-assembleia-geral\/#primaryimage","url":"https:\/\/portaltela.pt\/s.01k8rhncp4jt1\/2025\/12\/img_1500x1000uu2025-12-18-23-23-03-2255257.jpg","contentUrl":"https:\/\/portaltela.pt\/s.01k8rhncp4jt1\/2025\/12\/img_1500x1000uu2025-12-18-23-23-03-2255257.jpg","width":796,"height":448,"caption":"Rui Costa"},{"@type":"BreadcrumbList","@id":"https:\/\/portaltela.pt\/noticias\/2025\/12\/29\/benfica-sad-aprova-novo-conselho-de-administracao-em-assembleia-geral\/#breadcrumb","itemListElement":[{"@type":"ListItem","position":1,"name":"In\u00edcio","item":"https:\/\/portaltela.pt\/"},{"@type":"ListItem","position":2,"name":"Benfica SAD aprova novo Conselho de Administra\u00e7\u00e3o em Assembleia-Geral"}]},{"@type":"WebSite","@id":"https:\/\/portaltela.pt\/#website","url":"https:\/\/portaltela.pt\/","name":"Portal Tela Portugal","description":"","potentialAction":[{"@type":"SearchAction","target":{"@type":"EntryPoint","urlTemplate":"https:\/\/portaltela.pt\/?s={search_term_string}"},"query-input":{"@type":"PropertyValueSpecification","valueRequired":true,"valueName":"search_term_string"}}],"inLanguage":"pt-PT"},{"@type":"Person","@id":"https:\/\/portaltela.pt\/#\/schema\/person\/c4278d4a6028830caff9ee44b42d32ed","name":"Telinha","image":{"@type":"ImageObject","inLanguage":"pt-PT","@id":"https:\/\/portaltela.pt\/s.01k8rhncp4jt1\/2025\/11\/talking-bot-125x125.png","url":"https:\/\/portaltela.pt\/s.01k8rhncp4jt1\/2025\/11\/talking-bot-125x125.png","contentUrl":"https:\/\/portaltela.pt\/s.01k8rhncp4jt1\/2025\/11\/talking-bot-125x125.png","caption":"Telinha"},"sameAs":["https:\/\/portaltela.pt\/"],"url":"https:\/\/portaltela.pt\/por\/367410592786\/"}]}},"_links":{"self":[{"href":"https:\/\/portaltela.pt\/api\/wp\/v2\/posts\/106372","targetHints":{"allow":["GET"]}}],"collection":[{"href":"https:\/\/portaltela.pt\/api\/wp\/v2\/posts"}],"about":[{"href":"https:\/\/portaltela.pt\/api\/wp\/v2\/types\/post"}],"author":[{"embeddable":true,"href":"https:\/\/portaltela.pt\/api\/wp\/v2\/users\/2"}],"replies":[{"embeddable":true,"href":"https:\/\/portaltela.pt\/api\/wp\/v2\/comments?post=106372"}],"version-history":[{"count":0,"href":"https:\/\/portaltela.pt\/api\/wp\/v2\/posts\/106372\/revisions"}],"wp:featuredmedia":[{"embeddable":true,"href":"https:\/\/portaltela.pt\/api\/wp\/v2\/media\/106374"}],"wp:attachment":[{"href":"https:\/\/portaltela.pt\/api\/wp\/v2\/media?parent=106372"}],"wp:term":[{"taxonomy":"category","embeddable":true,"href":"https:\/\/portaltela.pt\/api\/wp\/v2\/categories?post=106372"},{"taxonomy":"post_tag","embeddable":true,"href":"https:\/\/portaltela.pt\/api\/wp\/v2\/tags?post=106372"}],"curies":[{"name":"wp","href":"https:\/\/api.w.org\/{rel}","templated":true}]}}