{"id":106243,"date":"2025-12-29T17:06:09","date_gmt":"2025-12-29T20:06:09","guid":{"rendered":"https:\/\/portaltela.pt\/noticias\/2025\/12\/29\/acionistas-elegem-nova-administracao-do-benfica-e-aprovam-remuneracoes\/"},"modified":"2025-12-29T17:06:09","modified_gmt":"2025-12-29T20:06:09","slug":"acionistas-elegem-nova-administracao-do-benfica-e-aprovam-remuneracoes","status":"publish","type":"post","link":"https:\/\/portaltela.pt\/desporto\/futebol\/2025\/12\/29\/acionistas-elegem-nova-administracao-do-benfica-e-aprovam-remuneracoes\/","title":{"rendered":"Acionistas elegem nova Administra\u00e7\u00e3o do Benfica e aprovam remunera\u00e7\u00f5es"},"content":{"rendered":"<p>Os novos \u00f3rg\u00e3os da Benfica SAD foram eleitos hoje na Assembleia Geral, realizada no audit\u00f3rio do Museu Cosme Dami\u00e3o, para o mandato at\u00e9 2029. A vota\u00e7\u00e3o confirmou a continuidade da administra\u00e7\u00e3o com Rui Costa \u00e0 frente, mantendo Nuno Catarino como vice-presidente. A pol\u00edtica de remunera\u00e7\u00f5es foi aprovada por 99,9%.<\/p>\n<p>S\u00edlvio Cervan e M\u00f3nica Sabrosa surgem como caras novas, substituindo Stock da Cunha e Manuel da Costa, enquanto permanecem Jos\u00e9 Gandarez, Elizabete Cardoso, Ros\u00e1rio Pinto Correia e Ant\u00f3nio Pires de Andrade. A elei\u00e7\u00e3o abrangeu a Mesa da Assembleia Geral, o Conselho de Administra\u00e7\u00e3o, o Conselho Fiscal e a Comiss\u00e3o de Remunera\u00e7\u00f5es, que arrecadaram o apoio majorit\u00e1rio dos acionistas.<\/p>\n<p>A assembleia decorreu com aprova\u00e7\u00e3o expressiva dos \u00f3rg\u00e3os sociais: Conselho de Administra\u00e7\u00e3o, Conselho Fiscal, Mesa da Assembleia Geral e Comiss\u00e3o de Remunera\u00e7\u00f5es obtiveram 93,8% dos votos. A composi\u00e7\u00e3o completa dos \u00f3rg\u00e3os ficou definida conforme abaixo.<\/p>\n<h3>Mesa da Assembleia Geral<\/h3>\n<ul>\n<li>Presidente: Nuno Miguel Miranda de Magalh\u00e3es<\/li>\n<li>Vice-Presidente: Pedro Miguel Santiago Neves Faria<\/li>\n<li>Secret\u00e1rio: Rita Domingues dos Santos da Cunha Leal<\/li>\n<\/ul>\n<h3>Conselho de Administra\u00e7\u00e3o<\/h3>\n<ul>\n<li>Presidente: Rui Costa<\/li>\n<li>Vice-Presidente: Nuno Catarino<\/li>\n<li>Vogais: Manuel de Brito, Jos\u00e9 Gandarez, Ros\u00e1rio Correia, Elizabete Cardoso, M\u00f3nica Sabrosa, S\u00edlvio Cervan, Ant\u00f3nio Pires de Andrade<\/li>\n<\/ul>\n<h3>Conselho Fiscal<\/h3>\n<ul>\n<li>Presidente: Ema Palma<\/li>\n<li>Vogais: Jo\u00e3o Augusto, Rui Rodrigues, Carlos Rocha<\/li>\n<\/ul>\n<h3>Comiss\u00e3o de Remunera\u00e7\u00f5es<\/h3>\n<ul>\n<li>Presidente: Jo\u00e3o Augusto<\/li>\n<li>Vogais: Ana Porf\u00edrio, Rute Marta<\/li>\n<\/ul>\n<p>A opera\u00e7\u00e3o decorre no \u00e2mbito de pr\u00e1ticas de governa\u00e7\u00e3o em entidades desportivas de grande dimens\u00e3o, com foco na estabilidade administrativa at\u00e9 2029.<\/p>\n","protected":false},"excerpt":{"rendered":"<ul>\n<li>A Assembleia Geral da Benfica SAD elegeu os novos \u00f3rg\u00e3os para o mandato at\u00e9 2029, numa sess\u00e3o realizada no audit\u00f3rio do Museu Cosme Dami\u00e3o.<\/li>\n<li>Rui Costa passa a liderar a Administra\u00e7\u00e3o; Nuno Catarino mant\u00e9m-se como vice\u2011presidente.<\/li>\n<li>S\u00edlvio Cervan e M\u00f3nica Sabrosa s\u00e3o caras novas, substituindo Stock da Cunha e Manuel da Costa.<\/li>\n<li>Mant\u00eam-se na estrutura os vogais Jos\u00e9 Gandarez, Elizabete Cardoso, Ros\u00e1rio Pinto Correia e Ant\u00f3nio Pires de Andrade.<\/li>\n<li>A pol\u00edtica de remunera\u00e7\u00f5es foi aprovada por 99,9%, enquanto a Mesa da Assembleia Geral, o Conselho de Administra\u00e7\u00e3o, o Conselho Fiscal e a Comiss\u00e3o de Remunera\u00e7\u00f5es receberam 93,8% dos votos.<\/li>\n<\/ul>\n","protected":false},"author":2,"featured_media":106249,"comment_status":"closed","ping_status":"closed","sticky":false,"template":"","format":"standard","meta":{"footnotes":""},"categories":[21,24],"tags":[1946,2115,1041,152,1274,399],"class_list":["post-106243","post","type-post","status-publish","format-standard","has-post-thumbnail","hentry","category-desporto","category-futebol","tag-benfica","tag-comissao-de-remuneracoes","tag-comissoes","tag-desporto","tag-governanca","tag-organizacao-desportiva"],"yoast_head":"<!-- This site is optimized with the Yoast SEO plugin v27.2 - https:\/\/yoast.com\/product\/yoast-seo-wordpress\/ -->\n<title>Acionistas elegem nova Administra\u00e7\u00e3o do Benfica e aprovam remunera\u00e7\u00f5es - Portal Tela Portugal<\/title>\n<meta name=\"robots\" content=\"index, follow, max-snippet:-1, max-image-preview:large, max-video-preview:-1\" \/>\n<meta property=\"og:locale\" content=\"pt_PT\" \/>\n<meta property=\"og:type\" content=\"article\" \/>\n<meta property=\"og:title\" content=\"Acionistas elegem nova Administra\u00e7\u00e3o do Benfica e aprovam remunera\u00e7\u00f5es - Portal Tela Portugal\" \/>\n<meta property=\"og:description\" content=\"A Assembleia Geral da Benfica SAD elegeu os novos \u00f3rg\u00e3os para o mandato at\u00e9 2029, numa sess\u00e3o realizada no audit\u00f3rio do Museu Cosme Dami\u00e3o. Rui Costa passa a liderar a Administra\u00e7\u00e3o; Nuno Catarino mant\u00e9m-se como vice\u2011presidente. S\u00edlvio Cervan e M\u00f3nica Sabrosa s\u00e3o caras novas, substituindo Stock da Cunha e Manuel da Costa. Mant\u00eam-se na estrutura os vogais Jos\u00e9 Gandarez, Elizabete Cardoso, Ros\u00e1rio Pinto Correia e Ant\u00f3nio Pires de Andrade. A pol\u00edtica de remunera\u00e7\u00f5es foi aprovada por 99,9%, enquanto a Mesa da Assembleia Geral, o Conselho de Administra\u00e7\u00e3o, o Conselho Fiscal e a Comiss\u00e3o de Remunera\u00e7\u00f5es receberam 93,8% dos votos.\" \/>\n<meta property=\"og:url\" content=\"https:\/\/portaltela.pt\/noticias\/2025\/12\/29\/acionistas-elegem-nova-administracao-do-benfica-e-aprovam-remuneracoes\/\" \/>\n<meta property=\"og:site_name\" content=\"Portal Tela Portugal\" \/>\n<meta property=\"article:published_time\" content=\"2025-12-29T20:06:09+00:00\" \/>\n<meta name=\"author\" content=\"Telinha\" \/>\n<meta name=\"twitter:card\" content=\"summary_large_image\" \/>\n<meta name=\"twitter:label1\" content=\"Escrito por\" \/>\n\t<meta name=\"twitter:data1\" content=\"Telinha\" \/>\n\t<meta name=\"twitter:label2\" content=\"Tempo estimado de leitura\" \/>\n\t<meta name=\"twitter:data2\" content=\"1 minuto\" \/>\n<script type=\"application\/ld+json\" class=\"yoast-schema-graph\">{\"@context\":\"https:\/\/schema.org\",\"@graph\":[{\"@type\":\"Article\",\"@id\":\"https:\/\/portaltela.pt\/noticias\/2025\/12\/29\/acionistas-elegem-nova-administracao-do-benfica-e-aprovam-remuneracoes\/#article\",\"isPartOf\":{\"@id\":\"https:\/\/portaltela.pt\/noticias\/2025\/12\/29\/acionistas-elegem-nova-administracao-do-benfica-e-aprovam-remuneracoes\/\"},\"author\":{\"name\":\"Telinha\",\"@id\":\"https:\/\/portaltela.pt\/#\/schema\/person\/c4278d4a6028830caff9ee44b42d32ed\"},\"headline\":\"Acionistas elegem nova Administra\u00e7\u00e3o do Benfica e aprovam remunera\u00e7\u00f5es\",\"datePublished\":\"2025-12-29T20:06:09+00:00\",\"mainEntityOfPage\":{\"@id\":\"https:\/\/portaltela.pt\/noticias\/2025\/12\/29\/acionistas-elegem-nova-administracao-do-benfica-e-aprovam-remuneracoes\/\"},\"wordCount\":283,\"image\":{\"@id\":\"https:\/\/portaltela.pt\/noticias\/2025\/12\/29\/acionistas-elegem-nova-administracao-do-benfica-e-aprovam-remuneracoes\/#primaryimage\"},\"thumbnailUrl\":\"https:\/\/portaltela.pt\/s.01k8rhncp4jt1\/2025\/12\/img_920x518uu2025-12-11-18-55-24-2408590-3.jpg\",\"keywords\":[\"Benfica\",\"Comiss\u00e3o de Remunera\u00e7\u00f5es\",\"comiss\u00f5es\",\"desporto\",\"governan\u00e7a\",\"organiza\u00e7\u00e3o desportiva\"],\"articleSection\":[\"Desporto\",\"Futebol\"],\"inLanguage\":\"pt-PT\"},{\"@type\":\"WebPage\",\"@id\":\"https:\/\/portaltela.pt\/noticias\/2025\/12\/29\/acionistas-elegem-nova-administracao-do-benfica-e-aprovam-remuneracoes\/\",\"url\":\"https:\/\/portaltela.pt\/noticias\/2025\/12\/29\/acionistas-elegem-nova-administracao-do-benfica-e-aprovam-remuneracoes\/\",\"name\":\"Acionistas elegem nova Administra\u00e7\u00e3o do Benfica e aprovam remunera\u00e7\u00f5es - Portal Tela Portugal\",\"isPartOf\":{\"@id\":\"https:\/\/portaltela.pt\/#website\"},\"primaryImageOfPage\":{\"@id\":\"https:\/\/portaltela.pt\/noticias\/2025\/12\/29\/acionistas-elegem-nova-administracao-do-benfica-e-aprovam-remuneracoes\/#primaryimage\"},\"image\":{\"@id\":\"https:\/\/portaltela.pt\/noticias\/2025\/12\/29\/acionistas-elegem-nova-administracao-do-benfica-e-aprovam-remuneracoes\/#primaryimage\"},\"thumbnailUrl\":\"https:\/\/portaltela.pt\/s.01k8rhncp4jt1\/2025\/12\/img_920x518uu2025-12-11-18-55-24-2408590-3.jpg\",\"datePublished\":\"2025-12-29T20:06:09+00:00\",\"author\":{\"@id\":\"https:\/\/portaltela.pt\/#\/schema\/person\/c4278d4a6028830caff9ee44b42d32ed\"},\"breadcrumb\":{\"@id\":\"https:\/\/portaltela.pt\/noticias\/2025\/12\/29\/acionistas-elegem-nova-administracao-do-benfica-e-aprovam-remuneracoes\/#breadcrumb\"},\"inLanguage\":\"pt-PT\",\"potentialAction\":[{\"@type\":\"ReadAction\",\"target\":[\"https:\/\/portaltela.pt\/noticias\/2025\/12\/29\/acionistas-elegem-nova-administracao-do-benfica-e-aprovam-remuneracoes\/\"]}]},{\"@type\":\"ImageObject\",\"inLanguage\":\"pt-PT\",\"@id\":\"https:\/\/portaltela.pt\/noticias\/2025\/12\/29\/acionistas-elegem-nova-administracao-do-benfica-e-aprovam-remuneracoes\/#primaryimage\",\"url\":\"https:\/\/portaltela.pt\/s.01k8rhncp4jt1\/2025\/12\/img_920x518uu2025-12-11-18-55-24-2408590-3.jpg\",\"contentUrl\":\"https:\/\/portaltela.pt\/s.01k8rhncp4jt1\/2025\/12\/img_920x518uu2025-12-11-18-55-24-2408590-3.jpg\",\"width\":796,\"height\":448,\"caption\":\"Rui Costa\"},{\"@type\":\"BreadcrumbList\",\"@id\":\"https:\/\/portaltela.pt\/noticias\/2025\/12\/29\/acionistas-elegem-nova-administracao-do-benfica-e-aprovam-remuneracoes\/#breadcrumb\",\"itemListElement\":[{\"@type\":\"ListItem\",\"position\":1,\"name\":\"In\u00edcio\",\"item\":\"https:\/\/portaltela.pt\/\"},{\"@type\":\"ListItem\",\"position\":2,\"name\":\"Acionistas elegem nova Administra\u00e7\u00e3o do Benfica e aprovam remunera\u00e7\u00f5es\"}]},{\"@type\":\"WebSite\",\"@id\":\"https:\/\/portaltela.pt\/#website\",\"url\":\"https:\/\/portaltela.pt\/\",\"name\":\"Portal Tela Portugal\",\"description\":\"\",\"potentialAction\":[{\"@type\":\"SearchAction\",\"target\":{\"@type\":\"EntryPoint\",\"urlTemplate\":\"https:\/\/portaltela.pt\/?s={search_term_string}\"},\"query-input\":{\"@type\":\"PropertyValueSpecification\",\"valueRequired\":true,\"valueName\":\"search_term_string\"}}],\"inLanguage\":\"pt-PT\"},{\"@type\":\"Person\",\"@id\":\"https:\/\/portaltela.pt\/#\/schema\/person\/c4278d4a6028830caff9ee44b42d32ed\",\"name\":\"Telinha\",\"image\":{\"@type\":\"ImageObject\",\"inLanguage\":\"pt-PT\",\"@id\":\"https:\/\/portaltela.pt\/s.01k8rhncp4jt1\/2025\/11\/talking-bot-125x125.png\",\"url\":\"https:\/\/portaltela.pt\/s.01k8rhncp4jt1\/2025\/11\/talking-bot-125x125.png\",\"contentUrl\":\"https:\/\/portaltela.pt\/s.01k8rhncp4jt1\/2025\/11\/talking-bot-125x125.png\",\"caption\":\"Telinha\"},\"sameAs\":[\"https:\/\/portaltela.pt\/\"],\"url\":\"https:\/\/portaltela.pt\/por\/367410592786\/\"}]}<\/script>\n<!-- \/ Yoast SEO plugin. -->","yoast_head_json":{"title":"Acionistas elegem nova Administra\u00e7\u00e3o do Benfica e aprovam remunera\u00e7\u00f5es - Portal Tela Portugal","robots":{"index":"index","follow":"follow","max-snippet":"max-snippet:-1","max-image-preview":"max-image-preview:large","max-video-preview":"max-video-preview:-1"},"og_locale":"pt_PT","og_type":"article","og_title":"Acionistas elegem nova Administra\u00e7\u00e3o do Benfica e aprovam remunera\u00e7\u00f5es - Portal Tela Portugal","og_description":"A Assembleia Geral da Benfica SAD elegeu os novos \u00f3rg\u00e3os para o mandato at\u00e9 2029, numa sess\u00e3o realizada no audit\u00f3rio do Museu Cosme Dami\u00e3o. Rui Costa passa a liderar a Administra\u00e7\u00e3o; Nuno Catarino mant\u00e9m-se como vice\u2011presidente. S\u00edlvio Cervan e M\u00f3nica Sabrosa s\u00e3o caras novas, substituindo Stock da Cunha e Manuel da Costa. Mant\u00eam-se na estrutura os vogais Jos\u00e9 Gandarez, Elizabete Cardoso, Ros\u00e1rio Pinto Correia e Ant\u00f3nio Pires de Andrade. A pol\u00edtica de remunera\u00e7\u00f5es foi aprovada por 99,9%, enquanto a Mesa da Assembleia Geral, o Conselho de Administra\u00e7\u00e3o, o Conselho Fiscal e a Comiss\u00e3o de Remunera\u00e7\u00f5es receberam 93,8% dos votos.","og_url":"https:\/\/portaltela.pt\/noticias\/2025\/12\/29\/acionistas-elegem-nova-administracao-do-benfica-e-aprovam-remuneracoes\/","og_site_name":"Portal Tela Portugal","article_published_time":"2025-12-29T20:06:09+00:00","author":"Telinha","twitter_card":"summary_large_image","twitter_misc":{"Escrito por":"Telinha","Tempo estimado de leitura":"1 minuto"},"schema":{"@context":"https:\/\/schema.org","@graph":[{"@type":"Article","@id":"https:\/\/portaltela.pt\/noticias\/2025\/12\/29\/acionistas-elegem-nova-administracao-do-benfica-e-aprovam-remuneracoes\/#article","isPartOf":{"@id":"https:\/\/portaltela.pt\/noticias\/2025\/12\/29\/acionistas-elegem-nova-administracao-do-benfica-e-aprovam-remuneracoes\/"},"author":{"name":"Telinha","@id":"https:\/\/portaltela.pt\/#\/schema\/person\/c4278d4a6028830caff9ee44b42d32ed"},"headline":"Acionistas elegem nova Administra\u00e7\u00e3o do Benfica e aprovam remunera\u00e7\u00f5es","datePublished":"2025-12-29T20:06:09+00:00","mainEntityOfPage":{"@id":"https:\/\/portaltela.pt\/noticias\/2025\/12\/29\/acionistas-elegem-nova-administracao-do-benfica-e-aprovam-remuneracoes\/"},"wordCount":283,"image":{"@id":"https:\/\/portaltela.pt\/noticias\/2025\/12\/29\/acionistas-elegem-nova-administracao-do-benfica-e-aprovam-remuneracoes\/#primaryimage"},"thumbnailUrl":"https:\/\/portaltela.pt\/s.01k8rhncp4jt1\/2025\/12\/img_920x518uu2025-12-11-18-55-24-2408590-3.jpg","keywords":["Benfica","Comiss\u00e3o de Remunera\u00e7\u00f5es","comiss\u00f5es","desporto","governan\u00e7a","organiza\u00e7\u00e3o desportiva"],"articleSection":["Desporto","Futebol"],"inLanguage":"pt-PT"},{"@type":"WebPage","@id":"https:\/\/portaltela.pt\/noticias\/2025\/12\/29\/acionistas-elegem-nova-administracao-do-benfica-e-aprovam-remuneracoes\/","url":"https:\/\/portaltela.pt\/noticias\/2025\/12\/29\/acionistas-elegem-nova-administracao-do-benfica-e-aprovam-remuneracoes\/","name":"Acionistas elegem nova Administra\u00e7\u00e3o do Benfica e aprovam remunera\u00e7\u00f5es - Portal Tela Portugal","isPartOf":{"@id":"https:\/\/portaltela.pt\/#website"},"primaryImageOfPage":{"@id":"https:\/\/portaltela.pt\/noticias\/2025\/12\/29\/acionistas-elegem-nova-administracao-do-benfica-e-aprovam-remuneracoes\/#primaryimage"},"image":{"@id":"https:\/\/portaltela.pt\/noticias\/2025\/12\/29\/acionistas-elegem-nova-administracao-do-benfica-e-aprovam-remuneracoes\/#primaryimage"},"thumbnailUrl":"https:\/\/portaltela.pt\/s.01k8rhncp4jt1\/2025\/12\/img_920x518uu2025-12-11-18-55-24-2408590-3.jpg","datePublished":"2025-12-29T20:06:09+00:00","author":{"@id":"https:\/\/portaltela.pt\/#\/schema\/person\/c4278d4a6028830caff9ee44b42d32ed"},"breadcrumb":{"@id":"https:\/\/portaltela.pt\/noticias\/2025\/12\/29\/acionistas-elegem-nova-administracao-do-benfica-e-aprovam-remuneracoes\/#breadcrumb"},"inLanguage":"pt-PT","potentialAction":[{"@type":"ReadAction","target":["https:\/\/portaltela.pt\/noticias\/2025\/12\/29\/acionistas-elegem-nova-administracao-do-benfica-e-aprovam-remuneracoes\/"]}]},{"@type":"ImageObject","inLanguage":"pt-PT","@id":"https:\/\/portaltela.pt\/noticias\/2025\/12\/29\/acionistas-elegem-nova-administracao-do-benfica-e-aprovam-remuneracoes\/#primaryimage","url":"https:\/\/portaltela.pt\/s.01k8rhncp4jt1\/2025\/12\/img_920x518uu2025-12-11-18-55-24-2408590-3.jpg","contentUrl":"https:\/\/portaltela.pt\/s.01k8rhncp4jt1\/2025\/12\/img_920x518uu2025-12-11-18-55-24-2408590-3.jpg","width":796,"height":448,"caption":"Rui Costa"},{"@type":"BreadcrumbList","@id":"https:\/\/portaltela.pt\/noticias\/2025\/12\/29\/acionistas-elegem-nova-administracao-do-benfica-e-aprovam-remuneracoes\/#breadcrumb","itemListElement":[{"@type":"ListItem","position":1,"name":"In\u00edcio","item":"https:\/\/portaltela.pt\/"},{"@type":"ListItem","position":2,"name":"Acionistas elegem nova Administra\u00e7\u00e3o do Benfica e aprovam remunera\u00e7\u00f5es"}]},{"@type":"WebSite","@id":"https:\/\/portaltela.pt\/#website","url":"https:\/\/portaltela.pt\/","name":"Portal Tela Portugal","description":"","potentialAction":[{"@type":"SearchAction","target":{"@type":"EntryPoint","urlTemplate":"https:\/\/portaltela.pt\/?s={search_term_string}"},"query-input":{"@type":"PropertyValueSpecification","valueRequired":true,"valueName":"search_term_string"}}],"inLanguage":"pt-PT"},{"@type":"Person","@id":"https:\/\/portaltela.pt\/#\/schema\/person\/c4278d4a6028830caff9ee44b42d32ed","name":"Telinha","image":{"@type":"ImageObject","inLanguage":"pt-PT","@id":"https:\/\/portaltela.pt\/s.01k8rhncp4jt1\/2025\/11\/talking-bot-125x125.png","url":"https:\/\/portaltela.pt\/s.01k8rhncp4jt1\/2025\/11\/talking-bot-125x125.png","contentUrl":"https:\/\/portaltela.pt\/s.01k8rhncp4jt1\/2025\/11\/talking-bot-125x125.png","caption":"Telinha"},"sameAs":["https:\/\/portaltela.pt\/"],"url":"https:\/\/portaltela.pt\/por\/367410592786\/"}]}},"_links":{"self":[{"href":"https:\/\/portaltela.pt\/api\/wp\/v2\/posts\/106243","targetHints":{"allow":["GET"]}}],"collection":[{"href":"https:\/\/portaltela.pt\/api\/wp\/v2\/posts"}],"about":[{"href":"https:\/\/portaltela.pt\/api\/wp\/v2\/types\/post"}],"author":[{"embeddable":true,"href":"https:\/\/portaltela.pt\/api\/wp\/v2\/users\/2"}],"replies":[{"embeddable":true,"href":"https:\/\/portaltela.pt\/api\/wp\/v2\/comments?post=106243"}],"version-history":[{"count":0,"href":"https:\/\/portaltela.pt\/api\/wp\/v2\/posts\/106243\/revisions"}],"wp:featuredmedia":[{"embeddable":true,"href":"https:\/\/portaltela.pt\/api\/wp\/v2\/media\/106249"}],"wp:attachment":[{"href":"https:\/\/portaltela.pt\/api\/wp\/v2\/media?parent=106243"}],"wp:term":[{"taxonomy":"category","embeddable":true,"href":"https:\/\/portaltela.pt\/api\/wp\/v2\/categories?post=106243"},{"taxonomy":"post_tag","embeddable":true,"href":"https:\/\/portaltela.pt\/api\/wp\/v2\/tags?post=106243"}],"curies":[{"name":"wp","href":"https:\/\/api.w.org\/{rel}","templated":true}]}}