{"id":106113,"date":"2025-12-29T15:47:45","date_gmt":"2025-12-29T18:47:45","guid":{"rendered":"https:\/\/portaltela.pt\/noticias\/2025\/12\/29\/presidente-promulga-decreto-para-regular-tempo-de-trabalho-de-motoristas-pesados\/"},"modified":"2025-12-29T15:47:45","modified_gmt":"2025-12-29T18:47:45","slug":"presidente-promulga-decreto-para-regular-tempo-de-trabalho-de-motoristas-pesados","status":"publish","type":"post","link":"https:\/\/portaltela.pt\/noticias\/2025\/12\/29\/presidente-promulga-decreto-para-regular-tempo-de-trabalho-de-motoristas-pesados\/","title":{"rendered":"Presidente promulga decreto para regular tempo de trabalho de motoristas pesados"},"content":{"rendered":"<p>O Presidente da Rep\u00fablica promulgou a autoriza\u00e7\u00e3o para o Governo legislarem sobre o tempo de trabalho de motoristas de pesados, no \u00e2mbito do transporte rodovi\u00e1rio. A decis\u00e3o foi anunciada pela Presid\u00eancia na sua p\u00e1gina oficial, e o decreto-lei autorizado define o enquadramento legal para trabalhadores m\u00f3veis dependentes ou independentes, com base em diretivas comunit\u00e1rias.<\/p>\n<p>O Governo justificou a medida pela necessidade de adaptar a legisla\u00e7\u00e3o portuguesa aos tempos de condu\u00e7\u00e3o, pausas e per\u00edodos de repouso di\u00e1rios e semanais. O objetivo \u00e9 clarificar conceitos e assegurar a conformidade com as regras da Uni\u00e3o Europeia, especialmente no que diz respeito ao tac\u00f3grafo.<\/p>\n<p>A promulga\u00e7\u00e3o ocorre ap\u00f3s uma proposta governamental, apresentada em julho, que solicitava autoriza\u00e7\u00e3o para criar um regime jur\u00eddico sobre a organiza\u00e7\u00e3o do tempo de trabalho no setor. Acompanhando a adapta\u00e7\u00e3o tecnol\u00f3gica, o tac\u00f3grafo passa a integrar regras mais rigorosas e atualizadas.<\/p>\n<h3>Medidas centrais<\/h3>\n<p>O decreto-lei define conceitos como tempo de trabalho e tempo de disponibilidade, com a diferen\u00e7a de que este \u00faltimo n\u00e3o conta como tempo de trabalho. Mant\u00e9m-se o limite de 60 horas de trabalho semanal, com m\u00e9dia de 48 horas em quatro meses.<\/p>\n<p>O texto tamb\u00e9m aborda a instala\u00e7\u00e3o, funcionamento e utiliza\u00e7\u00e3o do tac\u00f3grafo, visando altera\u00e7\u00f5es que acompanhem a evolu\u00e7\u00e3o tecnol\u00f3gica para equipamento inteligente. As san\u00e7\u00f5es ser\u00e3o adaptadas \u00e0s regras comunit\u00e1rias, com altera\u00e7\u00f5es no quadro de contraordena\u00e7\u00f5es e nos montantes de multas.<\/p>\n<p>A fiscaliza\u00e7\u00e3o dever\u00e1 intensificar-se, com controlos mais frequentes tanto na estrada como nas empresas. A medida visa combater o trabalho n\u00e3o declarado e a fraude, promovendo concorr\u00eancia leal e garantindo seguran\u00e7a rodovi\u00e1ria.<\/p>\n<h3>San\u00e7\u00f5es e classifica\u00e7\u00e3o de risco<\/h3>\n<p>Haver\u00e1 uma nova tipifica\u00e7\u00e3o de contraordena\u00e7\u00f5es de m\u00e1xima gravidade, acrescendo \u00e0s categorias existentes. Exemplos citados pelo Governo incluem a falta de tac\u00f3grafo obrigat\u00f3rio. As multas previstas variam entre 1.500 a 4.500 euros para pessoas singular, e 1.500 a 7.500 euros para empresas.<\/p>\n<p>Al\u00e9m disso, o registo eletr\u00f3nico das empresas de transporte passar\u00e1 a classificar o risco de cada empresa com base no hist\u00f3rico de infra\u00e7\u00f5es. Empresas de maior risco devem sujeitar-se a fiscaliza\u00e7\u00e3o mais rigorosa e frequente, sem necessidade de publica\u00e7\u00e3o de portaria para classifica\u00e7\u00e3o de riscos.<\/p>\n<h3>Objetivos e pr\u00f3ximos passos<\/h3>\n<p>O Minist\u00e9rio das Infraestruturas e Habita\u00e7\u00e3o destacou que as mudan\u00e7as visam alinhar a lei com transforma\u00e7\u00f5es tecnol\u00f3gicas e com a legisla\u00e7\u00e3o comunit\u00e1ria, fortalecendo a fiscaliza\u00e7\u00e3o e a aplica\u00e7\u00e3o das normas. O objetivo final \u00e9 evitar distor\u00e7\u00f5es de mercado, assegurar seguran\u00e7a rodovi\u00e1ria e proteger trabalhadores e condutores.<\/p>\n","protected":false},"excerpt":{"rendered":"<ul>\n<li>O Presidente da Rep\u00fablica promulgou a autoriza\u00e7\u00e3o para o Governo legislar sobre o tempo de trabalho de motoristas de pesados, alinhando com diretivas europeias.<\/li>\n<li>O decreto-lei define conceitos como tempo de trabalho e tempo de disponibilidade, e estabelece que a dura\u00e7\u00e3o do trabalho n\u00e3o pode exceder sessenta horas por semana, nem quarenta e oito horas em m\u00e9dia num per\u00edodo de quatro meses.<\/li>\n<li>O regime atualiza o tac\u00f3grafo, incluindo evolu\u00e7\u00f5es para equipamento inteligente, e prev\u00ea altera\u00e7\u00f5es nas contraordena\u00e7\u00f5es e nas multas por incumprimento.<\/li>\n<li>A contraordena\u00e7\u00e3o de m\u00e1xima gravidade passa a existir, com multas entre mil e quatro mil e quinhentos euros para pessoas singulares e entre mil e sete mil e quinhentos euros para empresas.<\/li>\n<li>O Governo refor\u00e7a a fiscaliza\u00e7\u00e3o, elimina a obrigatoriedade de portaria para classifica\u00e7\u00e3o de riscos das empresas e passa a classificar as empresas segundo o risco no regime eletr\u00f3nico, visando concorr\u00eancia leal e seguran\u00e7a rodovi\u00e1ria.<\/li>\n<\/ul>\n","protected":false},"author":2,"featured_media":106123,"comment_status":"closed","ping_status":"closed","sticky":false,"template":"","format":"standard","meta":{"footnotes":""},"categories":[1],"tags":[1664,1692,250,363,1505,2055],"class_list":["post-106113","post","type-post","status-publish","format-standard","has-post-thumbnail","hentry","category-noticias","tag-contraordenacoes-rodoviarias","tag-fiscalizacao-de-transito","tag-seguranca-publica","tag-transportes","tag-transportes-rodoviarios","tag-uniao-europeia"],"yoast_head":"<!-- This site is optimized with the Yoast SEO plugin v27.2 - https:\/\/yoast.com\/product\/yoast-seo-wordpress\/ -->\n<title>Presidente promulga decreto para regular tempo de trabalho de motoristas pesados - Portal Tela Portugal<\/title>\n<meta name=\"robots\" content=\"index, follow, max-snippet:-1, max-image-preview:large, max-video-preview:-1\" \/>\n<meta property=\"og:locale\" content=\"pt_PT\" \/>\n<meta property=\"og:type\" content=\"article\" \/>\n<meta property=\"og:title\" content=\"Presidente promulga decreto para regular tempo de trabalho de motoristas pesados - Portal Tela Portugal\" \/>\n<meta property=\"og:description\" content=\"O Presidente da Rep\u00fablica promulgou a autoriza\u00e7\u00e3o para o Governo legislar sobre o tempo de trabalho de motoristas de pesados, alinhando com diretivas europeias. O decreto-lei define conceitos como tempo de trabalho e tempo de disponibilidade, e estabelece que a dura\u00e7\u00e3o do trabalho n\u00e3o pode exceder sessenta horas por semana, nem quarenta e oito horas em m\u00e9dia num per\u00edodo de quatro meses. O regime atualiza o tac\u00f3grafo, incluindo evolu\u00e7\u00f5es para equipamento inteligente, e prev\u00ea altera\u00e7\u00f5es nas contraordena\u00e7\u00f5es e nas multas por incumprimento. A contraordena\u00e7\u00e3o de m\u00e1xima gravidade passa a existir, com multas entre mil e quatro mil e quinhentos euros para pessoas singulares e entre mil e sete mil e quinhentos euros para empresas. O Governo refor\u00e7a a fiscaliza\u00e7\u00e3o, elimina a obrigatoriedade de portaria para classifica\u00e7\u00e3o de riscos das empresas e passa a classificar as empresas segundo o risco no regime eletr\u00f3nico, visando concorr\u00eancia leal e seguran\u00e7a rodovi\u00e1ria.\" \/>\n<meta property=\"og:url\" content=\"https:\/\/portaltela.pt\/noticias\/2025\/12\/29\/presidente-promulga-decreto-para-regular-tempo-de-trabalho-de-motoristas-pesados\/\" \/>\n<meta property=\"og:site_name\" content=\"Portal Tela Portugal\" \/>\n<meta property=\"article:published_time\" content=\"2025-12-29T18:47:45+00:00\" \/>\n<meta name=\"author\" content=\"Telinha\" \/>\n<meta name=\"twitter:card\" content=\"summary_large_image\" \/>\n<meta name=\"twitter:label1\" content=\"Escrito por\" \/>\n\t<meta name=\"twitter:data1\" content=\"Telinha\" \/>\n\t<meta name=\"twitter:label2\" content=\"Tempo estimado de leitura\" \/>\n\t<meta name=\"twitter:data2\" content=\"2 minutos\" \/>\n<script type=\"application\/ld+json\" class=\"yoast-schema-graph\">{\"@context\":\"https:\/\/schema.org\",\"@graph\":[{\"@type\":\"Article\",\"@id\":\"https:\/\/portaltela.pt\/noticias\/2025\/12\/29\/presidente-promulga-decreto-para-regular-tempo-de-trabalho-de-motoristas-pesados\/#article\",\"isPartOf\":{\"@id\":\"https:\/\/portaltela.pt\/noticias\/2025\/12\/29\/presidente-promulga-decreto-para-regular-tempo-de-trabalho-de-motoristas-pesados\/\"},\"author\":{\"name\":\"Telinha\",\"@id\":\"https:\/\/portaltela.pt\/#\/schema\/person\/c4278d4a6028830caff9ee44b42d32ed\"},\"headline\":\"Presidente promulga decreto para regular tempo de trabalho de motoristas pesados\",\"datePublished\":\"2025-12-29T18:47:45+00:00\",\"mainEntityOfPage\":{\"@id\":\"https:\/\/portaltela.pt\/noticias\/2025\/12\/29\/presidente-promulga-decreto-para-regular-tempo-de-trabalho-de-motoristas-pesados\/\"},\"wordCount\":471,\"image\":{\"@id\":\"https:\/\/portaltela.pt\/noticias\/2025\/12\/29\/presidente-promulga-decreto-para-regular-tempo-de-trabalho-de-motoristas-pesados\/#primaryimage\"},\"thumbnailUrl\":\"https:\/\/portaltela.pt\/s.01k8rhncp4jt1\/2025\/12\/img_1500x1000uu2025-12-07-09-47-32-2252998.jpg\",\"keywords\":[\"contraordena\u00e7\u00f5es rodovi\u00e1rias\",\"fiscaliza\u00e7\u00e3o de tr\u00e2nsito\",\"seguran\u00e7a p\u00fablica\",\"transportes\",\"Transportes Rodovi\u00e1rios\",\"Uni\u00e3o Europeia\"],\"articleSection\":[\"Not\u00edcias\"],\"inLanguage\":\"pt-PT\"},{\"@type\":\"WebPage\",\"@id\":\"https:\/\/portaltela.pt\/noticias\/2025\/12\/29\/presidente-promulga-decreto-para-regular-tempo-de-trabalho-de-motoristas-pesados\/\",\"url\":\"https:\/\/portaltela.pt\/noticias\/2025\/12\/29\/presidente-promulga-decreto-para-regular-tempo-de-trabalho-de-motoristas-pesados\/\",\"name\":\"Presidente promulga decreto para regular tempo de trabalho de motoristas pesados - Portal Tela Portugal\",\"isPartOf\":{\"@id\":\"https:\/\/portaltela.pt\/#website\"},\"primaryImageOfPage\":{\"@id\":\"https:\/\/portaltela.pt\/noticias\/2025\/12\/29\/presidente-promulga-decreto-para-regular-tempo-de-trabalho-de-motoristas-pesados\/#primaryimage\"},\"image\":{\"@id\":\"https:\/\/portaltela.pt\/noticias\/2025\/12\/29\/presidente-promulga-decreto-para-regular-tempo-de-trabalho-de-motoristas-pesados\/#primaryimage\"},\"thumbnailUrl\":\"https:\/\/portaltela.pt\/s.01k8rhncp4jt1\/2025\/12\/img_1500x1000uu2025-12-07-09-47-32-2252998.jpg\",\"datePublished\":\"2025-12-29T18:47:45+00:00\",\"author\":{\"@id\":\"https:\/\/portaltela.pt\/#\/schema\/person\/c4278d4a6028830caff9ee44b42d32ed\"},\"breadcrumb\":{\"@id\":\"https:\/\/portaltela.pt\/noticias\/2025\/12\/29\/presidente-promulga-decreto-para-regular-tempo-de-trabalho-de-motoristas-pesados\/#breadcrumb\"},\"inLanguage\":\"pt-PT\",\"potentialAction\":[{\"@type\":\"ReadAction\",\"target\":[\"https:\/\/portaltela.pt\/noticias\/2025\/12\/29\/presidente-promulga-decreto-para-regular-tempo-de-trabalho-de-motoristas-pesados\/\"]}]},{\"@type\":\"ImageObject\",\"inLanguage\":\"pt-PT\",\"@id\":\"https:\/\/portaltela.pt\/noticias\/2025\/12\/29\/presidente-promulga-decreto-para-regular-tempo-de-trabalho-de-motoristas-pesados\/#primaryimage\",\"url\":\"https:\/\/portaltela.pt\/s.01k8rhncp4jt1\/2025\/12\/img_1500x1000uu2025-12-07-09-47-32-2252998.jpg\",\"contentUrl\":\"https:\/\/portaltela.pt\/s.01k8rhncp4jt1\/2025\/12\/img_1500x1000uu2025-12-07-09-47-32-2252998.jpg\",\"width\":796,\"height\":448,\"caption\":\"Marcelo Rebelo de Sousa expressa pesar pelas v\u00edtimas em Fran\u00e7a.\"},{\"@type\":\"BreadcrumbList\",\"@id\":\"https:\/\/portaltela.pt\/noticias\/2025\/12\/29\/presidente-promulga-decreto-para-regular-tempo-de-trabalho-de-motoristas-pesados\/#breadcrumb\",\"itemListElement\":[{\"@type\":\"ListItem\",\"position\":1,\"name\":\"In\u00edcio\",\"item\":\"https:\/\/portaltela.pt\/\"},{\"@type\":\"ListItem\",\"position\":2,\"name\":\"Presidente promulga decreto para regular tempo de trabalho de motoristas pesados\"}]},{\"@type\":\"WebSite\",\"@id\":\"https:\/\/portaltela.pt\/#website\",\"url\":\"https:\/\/portaltela.pt\/\",\"name\":\"Portal Tela Portugal\",\"description\":\"\",\"potentialAction\":[{\"@type\":\"SearchAction\",\"target\":{\"@type\":\"EntryPoint\",\"urlTemplate\":\"https:\/\/portaltela.pt\/?s={search_term_string}\"},\"query-input\":{\"@type\":\"PropertyValueSpecification\",\"valueRequired\":true,\"valueName\":\"search_term_string\"}}],\"inLanguage\":\"pt-PT\"},{\"@type\":\"Person\",\"@id\":\"https:\/\/portaltela.pt\/#\/schema\/person\/c4278d4a6028830caff9ee44b42d32ed\",\"name\":\"Telinha\",\"image\":{\"@type\":\"ImageObject\",\"inLanguage\":\"pt-PT\",\"@id\":\"https:\/\/portaltela.pt\/s.01k8rhncp4jt1\/2025\/11\/talking-bot-125x125.png\",\"url\":\"https:\/\/portaltela.pt\/s.01k8rhncp4jt1\/2025\/11\/talking-bot-125x125.png\",\"contentUrl\":\"https:\/\/portaltela.pt\/s.01k8rhncp4jt1\/2025\/11\/talking-bot-125x125.png\",\"caption\":\"Telinha\"},\"sameAs\":[\"https:\/\/portaltela.pt\/\"],\"url\":\"https:\/\/portaltela.pt\/por\/367410592786\/\"}]}<\/script>\n<!-- \/ Yoast SEO plugin. -->","yoast_head_json":{"title":"Presidente promulga decreto para regular tempo de trabalho de motoristas pesados - Portal Tela Portugal","robots":{"index":"index","follow":"follow","max-snippet":"max-snippet:-1","max-image-preview":"max-image-preview:large","max-video-preview":"max-video-preview:-1"},"og_locale":"pt_PT","og_type":"article","og_title":"Presidente promulga decreto para regular tempo de trabalho de motoristas pesados - Portal Tela Portugal","og_description":"O Presidente da Rep\u00fablica promulgou a autoriza\u00e7\u00e3o para o Governo legislar sobre o tempo de trabalho de motoristas de pesados, alinhando com diretivas europeias. O decreto-lei define conceitos como tempo de trabalho e tempo de disponibilidade, e estabelece que a dura\u00e7\u00e3o do trabalho n\u00e3o pode exceder sessenta horas por semana, nem quarenta e oito horas em m\u00e9dia num per\u00edodo de quatro meses. O regime atualiza o tac\u00f3grafo, incluindo evolu\u00e7\u00f5es para equipamento inteligente, e prev\u00ea altera\u00e7\u00f5es nas contraordena\u00e7\u00f5es e nas multas por incumprimento. A contraordena\u00e7\u00e3o de m\u00e1xima gravidade passa a existir, com multas entre mil e quatro mil e quinhentos euros para pessoas singulares e entre mil e sete mil e quinhentos euros para empresas. O Governo refor\u00e7a a fiscaliza\u00e7\u00e3o, elimina a obrigatoriedade de portaria para classifica\u00e7\u00e3o de riscos das empresas e passa a classificar as empresas segundo o risco no regime eletr\u00f3nico, visando concorr\u00eancia leal e seguran\u00e7a rodovi\u00e1ria.","og_url":"https:\/\/portaltela.pt\/noticias\/2025\/12\/29\/presidente-promulga-decreto-para-regular-tempo-de-trabalho-de-motoristas-pesados\/","og_site_name":"Portal Tela Portugal","article_published_time":"2025-12-29T18:47:45+00:00","author":"Telinha","twitter_card":"summary_large_image","twitter_misc":{"Escrito por":"Telinha","Tempo estimado de leitura":"2 minutos"},"schema":{"@context":"https:\/\/schema.org","@graph":[{"@type":"Article","@id":"https:\/\/portaltela.pt\/noticias\/2025\/12\/29\/presidente-promulga-decreto-para-regular-tempo-de-trabalho-de-motoristas-pesados\/#article","isPartOf":{"@id":"https:\/\/portaltela.pt\/noticias\/2025\/12\/29\/presidente-promulga-decreto-para-regular-tempo-de-trabalho-de-motoristas-pesados\/"},"author":{"name":"Telinha","@id":"https:\/\/portaltela.pt\/#\/schema\/person\/c4278d4a6028830caff9ee44b42d32ed"},"headline":"Presidente promulga decreto para regular tempo de trabalho de motoristas pesados","datePublished":"2025-12-29T18:47:45+00:00","mainEntityOfPage":{"@id":"https:\/\/portaltela.pt\/noticias\/2025\/12\/29\/presidente-promulga-decreto-para-regular-tempo-de-trabalho-de-motoristas-pesados\/"},"wordCount":471,"image":{"@id":"https:\/\/portaltela.pt\/noticias\/2025\/12\/29\/presidente-promulga-decreto-para-regular-tempo-de-trabalho-de-motoristas-pesados\/#primaryimage"},"thumbnailUrl":"https:\/\/portaltela.pt\/s.01k8rhncp4jt1\/2025\/12\/img_1500x1000uu2025-12-07-09-47-32-2252998.jpg","keywords":["contraordena\u00e7\u00f5es rodovi\u00e1rias","fiscaliza\u00e7\u00e3o de tr\u00e2nsito","seguran\u00e7a p\u00fablica","transportes","Transportes Rodovi\u00e1rios","Uni\u00e3o Europeia"],"articleSection":["Not\u00edcias"],"inLanguage":"pt-PT"},{"@type":"WebPage","@id":"https:\/\/portaltela.pt\/noticias\/2025\/12\/29\/presidente-promulga-decreto-para-regular-tempo-de-trabalho-de-motoristas-pesados\/","url":"https:\/\/portaltela.pt\/noticias\/2025\/12\/29\/presidente-promulga-decreto-para-regular-tempo-de-trabalho-de-motoristas-pesados\/","name":"Presidente promulga decreto para regular tempo de trabalho de motoristas pesados - Portal Tela Portugal","isPartOf":{"@id":"https:\/\/portaltela.pt\/#website"},"primaryImageOfPage":{"@id":"https:\/\/portaltela.pt\/noticias\/2025\/12\/29\/presidente-promulga-decreto-para-regular-tempo-de-trabalho-de-motoristas-pesados\/#primaryimage"},"image":{"@id":"https:\/\/portaltela.pt\/noticias\/2025\/12\/29\/presidente-promulga-decreto-para-regular-tempo-de-trabalho-de-motoristas-pesados\/#primaryimage"},"thumbnailUrl":"https:\/\/portaltela.pt\/s.01k8rhncp4jt1\/2025\/12\/img_1500x1000uu2025-12-07-09-47-32-2252998.jpg","datePublished":"2025-12-29T18:47:45+00:00","author":{"@id":"https:\/\/portaltela.pt\/#\/schema\/person\/c4278d4a6028830caff9ee44b42d32ed"},"breadcrumb":{"@id":"https:\/\/portaltela.pt\/noticias\/2025\/12\/29\/presidente-promulga-decreto-para-regular-tempo-de-trabalho-de-motoristas-pesados\/#breadcrumb"},"inLanguage":"pt-PT","potentialAction":[{"@type":"ReadAction","target":["https:\/\/portaltela.pt\/noticias\/2025\/12\/29\/presidente-promulga-decreto-para-regular-tempo-de-trabalho-de-motoristas-pesados\/"]}]},{"@type":"ImageObject","inLanguage":"pt-PT","@id":"https:\/\/portaltela.pt\/noticias\/2025\/12\/29\/presidente-promulga-decreto-para-regular-tempo-de-trabalho-de-motoristas-pesados\/#primaryimage","url":"https:\/\/portaltela.pt\/s.01k8rhncp4jt1\/2025\/12\/img_1500x1000uu2025-12-07-09-47-32-2252998.jpg","contentUrl":"https:\/\/portaltela.pt\/s.01k8rhncp4jt1\/2025\/12\/img_1500x1000uu2025-12-07-09-47-32-2252998.jpg","width":796,"height":448,"caption":"Marcelo Rebelo de Sousa expressa pesar pelas v\u00edtimas em Fran\u00e7a."},{"@type":"BreadcrumbList","@id":"https:\/\/portaltela.pt\/noticias\/2025\/12\/29\/presidente-promulga-decreto-para-regular-tempo-de-trabalho-de-motoristas-pesados\/#breadcrumb","itemListElement":[{"@type":"ListItem","position":1,"name":"In\u00edcio","item":"https:\/\/portaltela.pt\/"},{"@type":"ListItem","position":2,"name":"Presidente promulga decreto para regular tempo de trabalho de motoristas pesados"}]},{"@type":"WebSite","@id":"https:\/\/portaltela.pt\/#website","url":"https:\/\/portaltela.pt\/","name":"Portal Tela Portugal","description":"","potentialAction":[{"@type":"SearchAction","target":{"@type":"EntryPoint","urlTemplate":"https:\/\/portaltela.pt\/?s={search_term_string}"},"query-input":{"@type":"PropertyValueSpecification","valueRequired":true,"valueName":"search_term_string"}}],"inLanguage":"pt-PT"},{"@type":"Person","@id":"https:\/\/portaltela.pt\/#\/schema\/person\/c4278d4a6028830caff9ee44b42d32ed","name":"Telinha","image":{"@type":"ImageObject","inLanguage":"pt-PT","@id":"https:\/\/portaltela.pt\/s.01k8rhncp4jt1\/2025\/11\/talking-bot-125x125.png","url":"https:\/\/portaltela.pt\/s.01k8rhncp4jt1\/2025\/11\/talking-bot-125x125.png","contentUrl":"https:\/\/portaltela.pt\/s.01k8rhncp4jt1\/2025\/11\/talking-bot-125x125.png","caption":"Telinha"},"sameAs":["https:\/\/portaltela.pt\/"],"url":"https:\/\/portaltela.pt\/por\/367410592786\/"}]}},"_links":{"self":[{"href":"https:\/\/portaltela.pt\/api\/wp\/v2\/posts\/106113","targetHints":{"allow":["GET"]}}],"collection":[{"href":"https:\/\/portaltela.pt\/api\/wp\/v2\/posts"}],"about":[{"href":"https:\/\/portaltela.pt\/api\/wp\/v2\/types\/post"}],"author":[{"embeddable":true,"href":"https:\/\/portaltela.pt\/api\/wp\/v2\/users\/2"}],"replies":[{"embeddable":true,"href":"https:\/\/portaltela.pt\/api\/wp\/v2\/comments?post=106113"}],"version-history":[{"count":0,"href":"https:\/\/portaltela.pt\/api\/wp\/v2\/posts\/106113\/revisions"}],"wp:featuredmedia":[{"embeddable":true,"href":"https:\/\/portaltela.pt\/api\/wp\/v2\/media\/106123"}],"wp:attachment":[{"href":"https:\/\/portaltela.pt\/api\/wp\/v2\/media?parent=106113"}],"wp:term":[{"taxonomy":"category","embeddable":true,"href":"https:\/\/portaltela.pt\/api\/wp\/v2\/categories?post=106113"},{"taxonomy":"post_tag","embeddable":true,"href":"https:\/\/portaltela.pt\/api\/wp\/v2\/tags?post=106113"}],"curies":[{"name":"wp","href":"https:\/\/api.w.org\/{rel}","templated":true}]}}