{"id":106054,"date":"2025-12-29T15:01:08","date_gmt":"2025-12-29T18:01:08","guid":{"rendered":"https:\/\/portaltela.pt\/noticias\/2025\/12\/29\/interpol-detem-85-pessoas-procuradas-internacionalmente\/"},"modified":"2025-12-29T15:01:08","modified_gmt":"2025-12-29T18:01:08","slug":"interpol-detem-85-pessoas-procuradas-internacionalmente","status":"publish","type":"post","link":"https:\/\/portaltela.pt\/noticias\/2025\/12\/29\/interpol-detem-85-pessoas-procuradas-internacionalmente\/","title":{"rendered":"Interpol det\u00e9m 85 pessoas procuradas internacionalmente"},"content":{"rendered":"<p>Ao todo 85 pessoas procuradas internacionalmente foram detidas numa opera\u00e7\u00e3o coordenada pela Interpol, com a participa\u00e7\u00e3o da Pol\u00edcia Judici\u00e1ria (PJ). O Sporting de a\u00e7\u00f5es decorreu entre junho e novembro deste ano, na Am\u00e9rica Latina, Cara\u00edbas e Europa, envolvendo 17 pa\u00edses. Em Cascais, Portugal, foi detido um alegado membro do PCC, no \u00e2mbito de dois mandados brasileiros.<\/p>\n<p>O detido em Portugal \u00e9 identificado pela Interpol como Daniel Zago. A opera\u00e7\u00e3o visou desmantelar um corredor de tr\u00e1fico de coca\u00edna entre S\u00e3o Paulo e a Europa, segundo a PJ. O arresto ocorreu em novembro, e inclui a deten\u00e7\u00e3o da mulher do suspeito.<\/p>\n<p>Foi do mesmo grupo que resultaram deten\u00e7\u00f5es em v\u00e1rios pa\u00edses, com destaque para a figura conhecida como Hulk, alegado membro do PCC. O casal foi capturado ap\u00f3s mandados internacionais emitidos pelo Brasil por crimes de associa\u00e7\u00e3o criminosa, corrup\u00e7\u00e3o e branqueamento de capitais.<\/p>\n<h3>Detalhes da opera\u00e7\u00e3o<\/h3>\n<p>A PJ revelou que, entre os 85 detidos, 19 eram procurados por homic\u00eddio, 29 por tr\u00e1fico de droga, 28 por crimes sexuais contra crian\u00e7as e 7 por viola\u00e7\u00e3o. Os restantes respondem por tr\u00e1fico de pessoas, branqueamento de capitais e crimes conectados a organiza\u00e7\u00f5es criminosas.<\/p>\n<h3>Contexto e balan\u00e7o<\/h3>\n<p>O diretor da PJ, Lu\u00eds Neves, afirmou que pode haver aumento de liga\u00e7\u00f5es a grupos de tr\u00e1fico de droga do Brasil em Portugal. Factores apontados incluem press\u00e3o brasileira no combate ao tr\u00e1fico, proximidade geogr\u00e1fica e a l\u00edngua.<\/p>\n","protected":false},"excerpt":{"rendered":"<ul>\n<li>Opera\u00e7\u00e3o coordenada pela Interpol, entre junho e novembro, com participa\u00e7\u00e3o de 17 pa\u00edses, resultou na deten\u00e7\u00e3o de 85 procurados internacionalmente em seis meses.<\/li>\n<li>Em Portugal, em Cascais, foi detido um brasileiro identificado pela Interpol como Daniel Zago, suspeito de pertencer ao Primeiro Comando da Capital, acompanhado da mulher, sob mandados de deten\u00e7\u00e3o emitidos pelo Brasil.<\/li>\n<li>A PJ destacou que a opera\u00e7\u00e3o visou desmantelar um corredor de tr\u00e1fico de coca\u00edna entre S\u00e3o Paulo e o continente europeu.<\/li>\n<li>Entre os 85 detidos, destacaram-se 19 por homic\u00eddio, 29 por tr\u00e1fico de droga, 28 por crimes sexuais contra crian\u00e7as e 7 por viola\u00e7\u00e3o; outros foram detidos por tr\u00e1fico de pessoas e branqueamento de capitais.<\/li>\n<li>O diretor da PJ afirmou que o n\u00famero de liga\u00e7\u00f5es entre Portugal e grupos de tr\u00e1fico brasileiros pode ter aumentado, devido a fatores como press\u00e3o brasileira, proximidade e l\u00edngua.<\/li>\n<\/ul>\n","protected":false},"author":2,"featured_media":106063,"comment_status":"closed","ping_status":"closed","sticky":false,"template":"","format":"standard","meta":{"footnotes":""},"categories":[1],"tags":[2089,352,1802,1014,96,473],"class_list":["post-106054","post","type-post","status-publish","format-standard","has-post-thumbnail","hentry","category-noticias","tag-crimes-sexuais-contra-criancas","tag-organizacao-criminosa","tag-policia-judiciaria","tag-portugal","tag-trafico-de-droga","tag-trafico-de-pessoas"],"yoast_head":"<!-- This site is optimized with the Yoast SEO plugin v27.2 - https:\/\/yoast.com\/product\/yoast-seo-wordpress\/ -->\n<title>Interpol det\u00e9m 85 pessoas procuradas internacionalmente - Portal Tela Portugal<\/title>\n<meta name=\"robots\" content=\"index, follow, max-snippet:-1, max-image-preview:large, max-video-preview:-1\" \/>\n<meta property=\"og:locale\" content=\"pt_PT\" \/>\n<meta property=\"og:type\" content=\"article\" \/>\n<meta property=\"og:title\" content=\"Interpol det\u00e9m 85 pessoas procuradas internacionalmente - Portal Tela Portugal\" \/>\n<meta property=\"og:description\" content=\"Opera\u00e7\u00e3o coordenada pela Interpol, entre junho e novembro, com participa\u00e7\u00e3o de 17 pa\u00edses, resultou na deten\u00e7\u00e3o de 85 procurados internacionalmente em seis meses. Em Portugal, em Cascais, foi detido um brasileiro identificado pela Interpol como Daniel Zago, suspeito de pertencer ao Primeiro Comando da Capital, acompanhado da mulher, sob mandados de deten\u00e7\u00e3o emitidos pelo Brasil. A PJ destacou que a opera\u00e7\u00e3o visou desmantelar um corredor de tr\u00e1fico de coca\u00edna entre S\u00e3o Paulo e o continente europeu. Entre os 85 detidos, destacaram-se 19 por homic\u00eddio, 29 por tr\u00e1fico de droga, 28 por crimes sexuais contra crian\u00e7as e 7 por viola\u00e7\u00e3o; outros foram detidos por tr\u00e1fico de pessoas e branqueamento de capitais. O diretor da PJ afirmou que o n\u00famero de liga\u00e7\u00f5es entre Portugal e grupos de tr\u00e1fico brasileiros pode ter aumentado, devido a fatores como press\u00e3o brasileira, proximidade e l\u00edngua.\" \/>\n<meta property=\"og:url\" content=\"https:\/\/portaltela.pt\/noticias\/2025\/12\/29\/interpol-detem-85-pessoas-procuradas-internacionalmente\/\" \/>\n<meta property=\"og:site_name\" content=\"Portal Tela Portugal\" \/>\n<meta property=\"article:published_time\" content=\"2025-12-29T18:01:08+00:00\" \/>\n<meta name=\"author\" content=\"Telinha\" \/>\n<meta name=\"twitter:card\" content=\"summary_large_image\" \/>\n<meta name=\"twitter:label1\" content=\"Escrito por\" \/>\n\t<meta name=\"twitter:data1\" content=\"Telinha\" \/>\n\t<meta name=\"twitter:label2\" content=\"Tempo estimado de leitura\" \/>\n\t<meta name=\"twitter:data2\" content=\"1 minuto\" \/>\n<script type=\"application\/ld+json\" class=\"yoast-schema-graph\">{\"@context\":\"https:\/\/schema.org\",\"@graph\":[{\"@type\":\"Article\",\"@id\":\"https:\/\/portaltela.pt\/noticias\/2025\/12\/29\/interpol-detem-85-pessoas-procuradas-internacionalmente\/#article\",\"isPartOf\":{\"@id\":\"https:\/\/portaltela.pt\/noticias\/2025\/12\/29\/interpol-detem-85-pessoas-procuradas-internacionalmente\/\"},\"author\":{\"name\":\"Telinha\",\"@id\":\"https:\/\/portaltela.pt\/#\/schema\/person\/c4278d4a6028830caff9ee44b42d32ed\"},\"headline\":\"Interpol det\u00e9m 85 pessoas procuradas internacionalmente\",\"datePublished\":\"2025-12-29T18:01:08+00:00\",\"mainEntityOfPage\":{\"@id\":\"https:\/\/portaltela.pt\/noticias\/2025\/12\/29\/interpol-detem-85-pessoas-procuradas-internacionalmente\/\"},\"wordCount\":260,\"image\":{\"@id\":\"https:\/\/portaltela.pt\/noticias\/2025\/12\/29\/interpol-detem-85-pessoas-procuradas-internacionalmente\/#primaryimage\"},\"thumbnailUrl\":\"https:\/\/portaltela.pt\/s.01k8rhncp4jt1\/2025\/12\/unnamed-file-2395.jpg\",\"keywords\":[\"crimes sexuais contra crian\u00e7as\",\"organiza\u00e7\u00e3o criminosa\",\"Pol\u00edcia Judici\u00e1ria\",\"Portugal\",\"tr\u00e1fico de droga\",\"tr\u00e1fico de pessoas\"],\"articleSection\":[\"Not\u00edcias\"],\"inLanguage\":\"pt-PT\"},{\"@type\":\"WebPage\",\"@id\":\"https:\/\/portaltela.pt\/noticias\/2025\/12\/29\/interpol-detem-85-pessoas-procuradas-internacionalmente\/\",\"url\":\"https:\/\/portaltela.pt\/noticias\/2025\/12\/29\/interpol-detem-85-pessoas-procuradas-internacionalmente\/\",\"name\":\"Interpol det\u00e9m 85 pessoas procuradas internacionalmente - Portal Tela Portugal\",\"isPartOf\":{\"@id\":\"https:\/\/portaltela.pt\/#website\"},\"primaryImageOfPage\":{\"@id\":\"https:\/\/portaltela.pt\/noticias\/2025\/12\/29\/interpol-detem-85-pessoas-procuradas-internacionalmente\/#primaryimage\"},\"image\":{\"@id\":\"https:\/\/portaltela.pt\/noticias\/2025\/12\/29\/interpol-detem-85-pessoas-procuradas-internacionalmente\/#primaryimage\"},\"thumbnailUrl\":\"https:\/\/portaltela.pt\/s.01k8rhncp4jt1\/2025\/12\/unnamed-file-2395.jpg\",\"datePublished\":\"2025-12-29T18:01:08+00:00\",\"author\":{\"@id\":\"https:\/\/portaltela.pt\/#\/schema\/person\/c4278d4a6028830caff9ee44b42d32ed\"},\"breadcrumb\":{\"@id\":\"https:\/\/portaltela.pt\/noticias\/2025\/12\/29\/interpol-detem-85-pessoas-procuradas-internacionalmente\/#breadcrumb\"},\"inLanguage\":\"pt-PT\",\"potentialAction\":[{\"@type\":\"ReadAction\",\"target\":[\"https:\/\/portaltela.pt\/noticias\/2025\/12\/29\/interpol-detem-85-pessoas-procuradas-internacionalmente\/\"]}]},{\"@type\":\"ImageObject\",\"inLanguage\":\"pt-PT\",\"@id\":\"https:\/\/portaltela.pt\/noticias\/2025\/12\/29\/interpol-detem-85-pessoas-procuradas-internacionalmente\/#primaryimage\",\"url\":\"https:\/\/portaltela.pt\/s.01k8rhncp4jt1\/2025\/12\/unnamed-file-2395.jpg\",\"contentUrl\":\"https:\/\/portaltela.pt\/s.01k8rhncp4jt1\/2025\/12\/unnamed-file-2395.jpg\",\"width\":796,\"height\":448,\"caption\":\"Opera\u00e7\u00e3o coordenada pela Interpol, com participa\u00e7\u00e3o da PJ, aconteceu na Am\u00e9rica Latina, Cara\u00edbas e Europa e juntou autoridades de 17 pa\u00edses.\"},{\"@type\":\"BreadcrumbList\",\"@id\":\"https:\/\/portaltela.pt\/noticias\/2025\/12\/29\/interpol-detem-85-pessoas-procuradas-internacionalmente\/#breadcrumb\",\"itemListElement\":[{\"@type\":\"ListItem\",\"position\":1,\"name\":\"In\u00edcio\",\"item\":\"https:\/\/portaltela.pt\/\"},{\"@type\":\"ListItem\",\"position\":2,\"name\":\"Interpol det\u00e9m 85 pessoas procuradas internacionalmente\"}]},{\"@type\":\"WebSite\",\"@id\":\"https:\/\/portaltela.pt\/#website\",\"url\":\"https:\/\/portaltela.pt\/\",\"name\":\"Portal Tela Portugal\",\"description\":\"\",\"potentialAction\":[{\"@type\":\"SearchAction\",\"target\":{\"@type\":\"EntryPoint\",\"urlTemplate\":\"https:\/\/portaltela.pt\/?s={search_term_string}\"},\"query-input\":{\"@type\":\"PropertyValueSpecification\",\"valueRequired\":true,\"valueName\":\"search_term_string\"}}],\"inLanguage\":\"pt-PT\"},{\"@type\":\"Person\",\"@id\":\"https:\/\/portaltela.pt\/#\/schema\/person\/c4278d4a6028830caff9ee44b42d32ed\",\"name\":\"Telinha\",\"image\":{\"@type\":\"ImageObject\",\"inLanguage\":\"pt-PT\",\"@id\":\"https:\/\/portaltela.pt\/s.01k8rhncp4jt1\/2025\/11\/talking-bot-125x125.png\",\"url\":\"https:\/\/portaltela.pt\/s.01k8rhncp4jt1\/2025\/11\/talking-bot-125x125.png\",\"contentUrl\":\"https:\/\/portaltela.pt\/s.01k8rhncp4jt1\/2025\/11\/talking-bot-125x125.png\",\"caption\":\"Telinha\"},\"sameAs\":[\"https:\/\/portaltela.pt\/\"],\"url\":\"https:\/\/portaltela.pt\/por\/367410592786\/\"}]}<\/script>\n<!-- \/ Yoast SEO plugin. -->","yoast_head_json":{"title":"Interpol det\u00e9m 85 pessoas procuradas internacionalmente - Portal Tela Portugal","robots":{"index":"index","follow":"follow","max-snippet":"max-snippet:-1","max-image-preview":"max-image-preview:large","max-video-preview":"max-video-preview:-1"},"og_locale":"pt_PT","og_type":"article","og_title":"Interpol det\u00e9m 85 pessoas procuradas internacionalmente - Portal Tela Portugal","og_description":"Opera\u00e7\u00e3o coordenada pela Interpol, entre junho e novembro, com participa\u00e7\u00e3o de 17 pa\u00edses, resultou na deten\u00e7\u00e3o de 85 procurados internacionalmente em seis meses. Em Portugal, em Cascais, foi detido um brasileiro identificado pela Interpol como Daniel Zago, suspeito de pertencer ao Primeiro Comando da Capital, acompanhado da mulher, sob mandados de deten\u00e7\u00e3o emitidos pelo Brasil. A PJ destacou que a opera\u00e7\u00e3o visou desmantelar um corredor de tr\u00e1fico de coca\u00edna entre S\u00e3o Paulo e o continente europeu. Entre os 85 detidos, destacaram-se 19 por homic\u00eddio, 29 por tr\u00e1fico de droga, 28 por crimes sexuais contra crian\u00e7as e 7 por viola\u00e7\u00e3o; outros foram detidos por tr\u00e1fico de pessoas e branqueamento de capitais. O diretor da PJ afirmou que o n\u00famero de liga\u00e7\u00f5es entre Portugal e grupos de tr\u00e1fico brasileiros pode ter aumentado, devido a fatores como press\u00e3o brasileira, proximidade e l\u00edngua.","og_url":"https:\/\/portaltela.pt\/noticias\/2025\/12\/29\/interpol-detem-85-pessoas-procuradas-internacionalmente\/","og_site_name":"Portal Tela Portugal","article_published_time":"2025-12-29T18:01:08+00:00","author":"Telinha","twitter_card":"summary_large_image","twitter_misc":{"Escrito por":"Telinha","Tempo estimado de leitura":"1 minuto"},"schema":{"@context":"https:\/\/schema.org","@graph":[{"@type":"Article","@id":"https:\/\/portaltela.pt\/noticias\/2025\/12\/29\/interpol-detem-85-pessoas-procuradas-internacionalmente\/#article","isPartOf":{"@id":"https:\/\/portaltela.pt\/noticias\/2025\/12\/29\/interpol-detem-85-pessoas-procuradas-internacionalmente\/"},"author":{"name":"Telinha","@id":"https:\/\/portaltela.pt\/#\/schema\/person\/c4278d4a6028830caff9ee44b42d32ed"},"headline":"Interpol det\u00e9m 85 pessoas procuradas internacionalmente","datePublished":"2025-12-29T18:01:08+00:00","mainEntityOfPage":{"@id":"https:\/\/portaltela.pt\/noticias\/2025\/12\/29\/interpol-detem-85-pessoas-procuradas-internacionalmente\/"},"wordCount":260,"image":{"@id":"https:\/\/portaltela.pt\/noticias\/2025\/12\/29\/interpol-detem-85-pessoas-procuradas-internacionalmente\/#primaryimage"},"thumbnailUrl":"https:\/\/portaltela.pt\/s.01k8rhncp4jt1\/2025\/12\/unnamed-file-2395.jpg","keywords":["crimes sexuais contra crian\u00e7as","organiza\u00e7\u00e3o criminosa","Pol\u00edcia Judici\u00e1ria","Portugal","tr\u00e1fico de droga","tr\u00e1fico de pessoas"],"articleSection":["Not\u00edcias"],"inLanguage":"pt-PT"},{"@type":"WebPage","@id":"https:\/\/portaltela.pt\/noticias\/2025\/12\/29\/interpol-detem-85-pessoas-procuradas-internacionalmente\/","url":"https:\/\/portaltela.pt\/noticias\/2025\/12\/29\/interpol-detem-85-pessoas-procuradas-internacionalmente\/","name":"Interpol det\u00e9m 85 pessoas procuradas internacionalmente - Portal Tela Portugal","isPartOf":{"@id":"https:\/\/portaltela.pt\/#website"},"primaryImageOfPage":{"@id":"https:\/\/portaltela.pt\/noticias\/2025\/12\/29\/interpol-detem-85-pessoas-procuradas-internacionalmente\/#primaryimage"},"image":{"@id":"https:\/\/portaltela.pt\/noticias\/2025\/12\/29\/interpol-detem-85-pessoas-procuradas-internacionalmente\/#primaryimage"},"thumbnailUrl":"https:\/\/portaltela.pt\/s.01k8rhncp4jt1\/2025\/12\/unnamed-file-2395.jpg","datePublished":"2025-12-29T18:01:08+00:00","author":{"@id":"https:\/\/portaltela.pt\/#\/schema\/person\/c4278d4a6028830caff9ee44b42d32ed"},"breadcrumb":{"@id":"https:\/\/portaltela.pt\/noticias\/2025\/12\/29\/interpol-detem-85-pessoas-procuradas-internacionalmente\/#breadcrumb"},"inLanguage":"pt-PT","potentialAction":[{"@type":"ReadAction","target":["https:\/\/portaltela.pt\/noticias\/2025\/12\/29\/interpol-detem-85-pessoas-procuradas-internacionalmente\/"]}]},{"@type":"ImageObject","inLanguage":"pt-PT","@id":"https:\/\/portaltela.pt\/noticias\/2025\/12\/29\/interpol-detem-85-pessoas-procuradas-internacionalmente\/#primaryimage","url":"https:\/\/portaltela.pt\/s.01k8rhncp4jt1\/2025\/12\/unnamed-file-2395.jpg","contentUrl":"https:\/\/portaltela.pt\/s.01k8rhncp4jt1\/2025\/12\/unnamed-file-2395.jpg","width":796,"height":448,"caption":"Opera\u00e7\u00e3o coordenada pela Interpol, com participa\u00e7\u00e3o da PJ, aconteceu na Am\u00e9rica Latina, Cara\u00edbas e Europa e juntou autoridades de 17 pa\u00edses."},{"@type":"BreadcrumbList","@id":"https:\/\/portaltela.pt\/noticias\/2025\/12\/29\/interpol-detem-85-pessoas-procuradas-internacionalmente\/#breadcrumb","itemListElement":[{"@type":"ListItem","position":1,"name":"In\u00edcio","item":"https:\/\/portaltela.pt\/"},{"@type":"ListItem","position":2,"name":"Interpol det\u00e9m 85 pessoas procuradas internacionalmente"}]},{"@type":"WebSite","@id":"https:\/\/portaltela.pt\/#website","url":"https:\/\/portaltela.pt\/","name":"Portal Tela Portugal","description":"","potentialAction":[{"@type":"SearchAction","target":{"@type":"EntryPoint","urlTemplate":"https:\/\/portaltela.pt\/?s={search_term_string}"},"query-input":{"@type":"PropertyValueSpecification","valueRequired":true,"valueName":"search_term_string"}}],"inLanguage":"pt-PT"},{"@type":"Person","@id":"https:\/\/portaltela.pt\/#\/schema\/person\/c4278d4a6028830caff9ee44b42d32ed","name":"Telinha","image":{"@type":"ImageObject","inLanguage":"pt-PT","@id":"https:\/\/portaltela.pt\/s.01k8rhncp4jt1\/2025\/11\/talking-bot-125x125.png","url":"https:\/\/portaltela.pt\/s.01k8rhncp4jt1\/2025\/11\/talking-bot-125x125.png","contentUrl":"https:\/\/portaltela.pt\/s.01k8rhncp4jt1\/2025\/11\/talking-bot-125x125.png","caption":"Telinha"},"sameAs":["https:\/\/portaltela.pt\/"],"url":"https:\/\/portaltela.pt\/por\/367410592786\/"}]}},"_links":{"self":[{"href":"https:\/\/portaltela.pt\/api\/wp\/v2\/posts\/106054","targetHints":{"allow":["GET"]}}],"collection":[{"href":"https:\/\/portaltela.pt\/api\/wp\/v2\/posts"}],"about":[{"href":"https:\/\/portaltela.pt\/api\/wp\/v2\/types\/post"}],"author":[{"embeddable":true,"href":"https:\/\/portaltela.pt\/api\/wp\/v2\/users\/2"}],"replies":[{"embeddable":true,"href":"https:\/\/portaltela.pt\/api\/wp\/v2\/comments?post=106054"}],"version-history":[{"count":0,"href":"https:\/\/portaltela.pt\/api\/wp\/v2\/posts\/106054\/revisions"}],"wp:featuredmedia":[{"embeddable":true,"href":"https:\/\/portaltela.pt\/api\/wp\/v2\/media\/106063"}],"wp:attachment":[{"href":"https:\/\/portaltela.pt\/api\/wp\/v2\/media?parent=106054"}],"wp:term":[{"taxonomy":"category","embeddable":true,"href":"https:\/\/portaltela.pt\/api\/wp\/v2\/categories?post=106054"},{"taxonomy":"post_tag","embeddable":true,"href":"https:\/\/portaltela.pt\/api\/wp\/v2\/tags?post=106054"}],"curies":[{"name":"wp","href":"https:\/\/api.w.org\/{rel}","templated":true}]}}