{"id":106052,"date":"2025-12-29T15:12:00","date_gmt":"2025-12-29T18:12:00","guid":{"rendered":"https:\/\/portaltela.pt\/noticias\/2025\/12\/29\/gripe-a-com-casos-graves-mantem-pressao-hospitalar-no-medio-tejo\/"},"modified":"2025-12-29T15:12:00","modified_gmt":"2025-12-29T18:12:00","slug":"gripe-a-com-casos-graves-mantem-pressao-hospitalar-no-medio-tejo","status":"publish","type":"post","link":"https:\/\/portaltela.pt\/noticias\/2025\/12\/29\/gripe-a-com-casos-graves-mantem-pressao-hospitalar-no-medio-tejo\/","title":{"rendered":"Gripe A com casos graves mant\u00e9m press\u00e3o hospitalar no M\u00e9dio Tejo"},"content":{"rendered":"<p>A gripe A continua a manter elevada a press\u00e3o nos servi\u00e7os de sa\u00fade do M\u00e9dio Tejo, com particular foco na urg\u00eancia do Hospital de Abrantes. Atualmente, s\u00e3o oito doentes em cuidados intensivos, cinco com infe\u00e7\u00e3o respirat\u00f3ria e tr\u00eas com diagn\u00f3stico de gripe A. O aumento evidencia-se numa sexta-feira, com a urg\u00eancia a subir 15% face \u00e0 semana anterior.<\/p>\n<p>A Unidade Local de Sa\u00fade (ULS) do M\u00e9dio Tejo informou que a procura global pelos servi\u00e7os se manteve est\u00e1vel na \u00faltima semana, em n\u00edveis elevados, compat\u00edveis com a circula\u00e7\u00e3o de v\u00edrus respirat\u00f3rios. Entre 22 e 28 de dezembro, as cinco urg\u00eancias da ULS registaram uma m\u00e9dia di\u00e1ria de 430 atendimentos.<\/p>\n<p>Seguran\u00e7a e vigil\u00e2ncia continuam a orientar a resposta: h\u00e1 uma press\u00e3o assistencial significativa no Hospital de Abrantes, mas o funcionamento das cinco urg\u00eancias mant\u00e9m-se est\u00e1vel, sem suspens\u00f5es de cirurgias ou atendimentos programados. Dados indicam que os casos graves n\u00e3o estavam vacinados.<\/p>\n<h3>Perfil dos doentes e gravidade<\/h3>\n<p>No total, oito pacientes est\u00e3o internados em unidades de cuidados intensivos, cinco deles com infe\u00e7\u00e3o respirat\u00f3ria. Tr\u00eas casos s\u00e3o de gripe A, um fator que persiste como uma das principais causas de gravidade neste per\u00edodo do inverno. A ULS mant\u00e9m o Plano de Conting\u00eancia de Inverno no n\u00edvel 1.<\/p>\n<h3>Medidas e orienta\u00e7\u00e3o \u00e0 popula\u00e7\u00e3o<\/h3>\n<p>A ULS refor\u00e7a a vacina\u00e7\u00e3o contra gripe, especialmente para crian\u00e7as, idosos e doentes cr\u00f3nicos, e incentiva o uso respons\u00e1vel dos servi\u00e7os de urg\u00eancia. A Linha SNS 24 e a Triagem Digital ajudam a orientar visitas e encaminhamentos.<\/p>\n<h3>Dados geogr\u00e1ficos e contacto com SNS<\/h3>\n<p>A ULS M\u00e9dio Tejo atende cerca de 170 mil utentes, cobrindo Abrantes, Tomar, Torres Novas e outros concelhos do distrito de Santar\u00e9m, bem como alguns de Castelo Branco. A situa\u00e7\u00e3o epidemiol\u00f3gica \u00e9 monitorizada diariamente pela institui\u00e7\u00e3o. Fonte: Lusa.<\/p>\n","protected":false},"excerpt":{"rendered":"<ul>\n<li>Oito doentes est\u00e3o em unidades de cuidados intensivos no M\u00e9dio Tejo, cinco com infe\u00e7\u00e3o respirat\u00f3ria e tr\u00eas com gripe A, segundo a Unidade Local de Sa\u00fade M\u00e9dio Tejo.<\/li>\n<li>Na sexta-feira, a urg\u00eancia registou um aumento de cerca de 15% (152 atendimentos) face \u00e0 semana anterior.<\/li>\n<li>Os doentes com infe\u00e7\u00e3o respirat\u00f3ria grave n\u00e3o estavam vacinados.<\/li>\n<li>As cinco urg\u00eancias hospitalares mant\u00eam funcionamento cont\u00ednuo, com tempos de atendimento dentro do normal e sem suspens\u00e3o de cirurgias ou atividades programadas.<\/li>\n<li>O Plano de Conting\u00eancia de Inverno permanece ativo no n\u00edvel 1, com apelo \u00e0 vacina\u00e7\u00e3o, uso respons\u00e1vel dos servi\u00e7os e promo\u00e7\u00e3o da Triagem Digital SNS 24.<\/li>\n<\/ul>\n","protected":false},"author":2,"featured_media":106057,"comment_status":"closed","ping_status":"closed","sticky":false,"template":"","format":"standard","meta":{"footnotes":""},"categories":[1],"tags":[1263,841,898,172,271,1899],"class_list":["post-106052","post","type-post","status-publish","format-standard","has-post-thumbnail","hentry","category-noticias","tag-abrantes","tag-infecao-respiratoria-aguda","tag-santarem","tag-saude","tag-saude-publica","tag-urgencias"],"yoast_head":"<!-- This site is optimized with the Yoast SEO plugin v27.2 - https:\/\/yoast.com\/product\/yoast-seo-wordpress\/ -->\n<title>Gripe A com casos graves mant\u00e9m press\u00e3o hospitalar no M\u00e9dio Tejo - Portal Tela Portugal<\/title>\n<meta name=\"robots\" content=\"index, follow, max-snippet:-1, max-image-preview:large, max-video-preview:-1\" \/>\n<meta property=\"og:locale\" content=\"pt_PT\" \/>\n<meta property=\"og:type\" content=\"article\" \/>\n<meta property=\"og:title\" content=\"Gripe A com casos graves mant\u00e9m press\u00e3o hospitalar no M\u00e9dio Tejo - Portal Tela Portugal\" \/>\n<meta property=\"og:description\" content=\"Oito doentes est\u00e3o em unidades de cuidados intensivos no M\u00e9dio Tejo, cinco com infe\u00e7\u00e3o respirat\u00f3ria e tr\u00eas com gripe A, segundo a Unidade Local de Sa\u00fade M\u00e9dio Tejo. Na sexta-feira, a urg\u00eancia registou um aumento de cerca de 15% (152 atendimentos) face \u00e0 semana anterior. Os doentes com infe\u00e7\u00e3o respirat\u00f3ria grave n\u00e3o estavam vacinados. As cinco urg\u00eancias hospitalares mant\u00eam funcionamento cont\u00ednuo, com tempos de atendimento dentro do normal e sem suspens\u00e3o de cirurgias ou atividades programadas. O Plano de Conting\u00eancia de Inverno permanece ativo no n\u00edvel 1, com apelo \u00e0 vacina\u00e7\u00e3o, uso respons\u00e1vel dos servi\u00e7os e promo\u00e7\u00e3o da Triagem Digital SNS 24.\" \/>\n<meta property=\"og:url\" content=\"https:\/\/portaltela.pt\/noticias\/2025\/12\/29\/gripe-a-com-casos-graves-mantem-pressao-hospitalar-no-medio-tejo\/\" \/>\n<meta property=\"og:site_name\" content=\"Portal Tela Portugal\" \/>\n<meta property=\"article:published_time\" content=\"2025-12-29T18:12:00+00:00\" \/>\n<meta name=\"author\" content=\"Telinha\" \/>\n<meta name=\"twitter:card\" content=\"summary_large_image\" \/>\n<meta name=\"twitter:label1\" content=\"Escrito por\" \/>\n\t<meta name=\"twitter:data1\" content=\"Telinha\" \/>\n\t<meta name=\"twitter:label2\" content=\"Tempo estimado de leitura\" \/>\n\t<meta name=\"twitter:data2\" content=\"2 minutos\" \/>\n<script type=\"application\/ld+json\" class=\"yoast-schema-graph\">{\"@context\":\"https:\/\/schema.org\",\"@graph\":[{\"@type\":\"Article\",\"@id\":\"https:\/\/portaltela.pt\/noticias\/2025\/12\/29\/gripe-a-com-casos-graves-mantem-pressao-hospitalar-no-medio-tejo\/#article\",\"isPartOf\":{\"@id\":\"https:\/\/portaltela.pt\/noticias\/2025\/12\/29\/gripe-a-com-casos-graves-mantem-pressao-hospitalar-no-medio-tejo\/\"},\"author\":{\"name\":\"Telinha\",\"@id\":\"https:\/\/portaltela.pt\/#\/schema\/person\/c4278d4a6028830caff9ee44b42d32ed\"},\"headline\":\"Gripe A com casos graves mant\u00e9m press\u00e3o hospitalar no M\u00e9dio Tejo\",\"datePublished\":\"2025-12-29T18:12:00+00:00\",\"mainEntityOfPage\":{\"@id\":\"https:\/\/portaltela.pt\/noticias\/2025\/12\/29\/gripe-a-com-casos-graves-mantem-pressao-hospitalar-no-medio-tejo\/\"},\"wordCount\":348,\"image\":{\"@id\":\"https:\/\/portaltela.pt\/noticias\/2025\/12\/29\/gripe-a-com-casos-graves-mantem-pressao-hospitalar-no-medio-tejo\/#primaryimage\"},\"thumbnailUrl\":\"https:\/\/portaltela.pt\/s.01k8rhncp4jt1\/2025\/12\/unnamed-file-2392.jpg\",\"keywords\":[\"Abrantes\",\"infe\u00e7\u00e3o respirat\u00f3ria aguda\",\"Santar\u00e9m\",\"sa\u00fade\",\"sa\u00fade p\u00fablica\",\"urg\u00eancias\"],\"articleSection\":[\"Not\u00edcias\"],\"inLanguage\":\"pt-PT\"},{\"@type\":\"WebPage\",\"@id\":\"https:\/\/portaltela.pt\/noticias\/2025\/12\/29\/gripe-a-com-casos-graves-mantem-pressao-hospitalar-no-medio-tejo\/\",\"url\":\"https:\/\/portaltela.pt\/noticias\/2025\/12\/29\/gripe-a-com-casos-graves-mantem-pressao-hospitalar-no-medio-tejo\/\",\"name\":\"Gripe A com casos graves mant\u00e9m press\u00e3o hospitalar no M\u00e9dio Tejo - Portal Tela Portugal\",\"isPartOf\":{\"@id\":\"https:\/\/portaltela.pt\/#website\"},\"primaryImageOfPage\":{\"@id\":\"https:\/\/portaltela.pt\/noticias\/2025\/12\/29\/gripe-a-com-casos-graves-mantem-pressao-hospitalar-no-medio-tejo\/#primaryimage\"},\"image\":{\"@id\":\"https:\/\/portaltela.pt\/noticias\/2025\/12\/29\/gripe-a-com-casos-graves-mantem-pressao-hospitalar-no-medio-tejo\/#primaryimage\"},\"thumbnailUrl\":\"https:\/\/portaltela.pt\/s.01k8rhncp4jt1\/2025\/12\/unnamed-file-2392.jpg\",\"datePublished\":\"2025-12-29T18:12:00+00:00\",\"author\":{\"@id\":\"https:\/\/portaltela.pt\/#\/schema\/person\/c4278d4a6028830caff9ee44b42d32ed\"},\"breadcrumb\":{\"@id\":\"https:\/\/portaltela.pt\/noticias\/2025\/12\/29\/gripe-a-com-casos-graves-mantem-pressao-hospitalar-no-medio-tejo\/#breadcrumb\"},\"inLanguage\":\"pt-PT\",\"potentialAction\":[{\"@type\":\"ReadAction\",\"target\":[\"https:\/\/portaltela.pt\/noticias\/2025\/12\/29\/gripe-a-com-casos-graves-mantem-pressao-hospitalar-no-medio-tejo\/\"]}]},{\"@type\":\"ImageObject\",\"inLanguage\":\"pt-PT\",\"@id\":\"https:\/\/portaltela.pt\/noticias\/2025\/12\/29\/gripe-a-com-casos-graves-mantem-pressao-hospitalar-no-medio-tejo\/#primaryimage\",\"url\":\"https:\/\/portaltela.pt\/s.01k8rhncp4jt1\/2025\/12\/unnamed-file-2392.jpg\",\"contentUrl\":\"https:\/\/portaltela.pt\/s.01k8rhncp4jt1\/2025\/12\/unnamed-file-2392.jpg\",\"width\":796,\"height\":448,\"caption\":\"Gripe A associada a casos graves mant\u00e9m press\u00e3o hospitalar no M\u00e9dio Tejo\"},{\"@type\":\"BreadcrumbList\",\"@id\":\"https:\/\/portaltela.pt\/noticias\/2025\/12\/29\/gripe-a-com-casos-graves-mantem-pressao-hospitalar-no-medio-tejo\/#breadcrumb\",\"itemListElement\":[{\"@type\":\"ListItem\",\"position\":1,\"name\":\"In\u00edcio\",\"item\":\"https:\/\/portaltela.pt\/\"},{\"@type\":\"ListItem\",\"position\":2,\"name\":\"Gripe A com casos graves mant\u00e9m press\u00e3o hospitalar no M\u00e9dio Tejo\"}]},{\"@type\":\"WebSite\",\"@id\":\"https:\/\/portaltela.pt\/#website\",\"url\":\"https:\/\/portaltela.pt\/\",\"name\":\"Portal Tela Portugal\",\"description\":\"\",\"potentialAction\":[{\"@type\":\"SearchAction\",\"target\":{\"@type\":\"EntryPoint\",\"urlTemplate\":\"https:\/\/portaltela.pt\/?s={search_term_string}\"},\"query-input\":{\"@type\":\"PropertyValueSpecification\",\"valueRequired\":true,\"valueName\":\"search_term_string\"}}],\"inLanguage\":\"pt-PT\"},{\"@type\":\"Person\",\"@id\":\"https:\/\/portaltela.pt\/#\/schema\/person\/c4278d4a6028830caff9ee44b42d32ed\",\"name\":\"Telinha\",\"image\":{\"@type\":\"ImageObject\",\"inLanguage\":\"pt-PT\",\"@id\":\"https:\/\/portaltela.pt\/s.01k8rhncp4jt1\/2025\/11\/talking-bot-125x125.png\",\"url\":\"https:\/\/portaltela.pt\/s.01k8rhncp4jt1\/2025\/11\/talking-bot-125x125.png\",\"contentUrl\":\"https:\/\/portaltela.pt\/s.01k8rhncp4jt1\/2025\/11\/talking-bot-125x125.png\",\"caption\":\"Telinha\"},\"sameAs\":[\"https:\/\/portaltela.pt\/\"],\"url\":\"https:\/\/portaltela.pt\/por\/367410592786\/\"}]}<\/script>\n<!-- \/ Yoast SEO plugin. -->","yoast_head_json":{"title":"Gripe A com casos graves mant\u00e9m press\u00e3o hospitalar no M\u00e9dio Tejo - Portal Tela Portugal","robots":{"index":"index","follow":"follow","max-snippet":"max-snippet:-1","max-image-preview":"max-image-preview:large","max-video-preview":"max-video-preview:-1"},"og_locale":"pt_PT","og_type":"article","og_title":"Gripe A com casos graves mant\u00e9m press\u00e3o hospitalar no M\u00e9dio Tejo - Portal Tela Portugal","og_description":"Oito doentes est\u00e3o em unidades de cuidados intensivos no M\u00e9dio Tejo, cinco com infe\u00e7\u00e3o respirat\u00f3ria e tr\u00eas com gripe A, segundo a Unidade Local de Sa\u00fade M\u00e9dio Tejo. Na sexta-feira, a urg\u00eancia registou um aumento de cerca de 15% (152 atendimentos) face \u00e0 semana anterior. Os doentes com infe\u00e7\u00e3o respirat\u00f3ria grave n\u00e3o estavam vacinados. As cinco urg\u00eancias hospitalares mant\u00eam funcionamento cont\u00ednuo, com tempos de atendimento dentro do normal e sem suspens\u00e3o de cirurgias ou atividades programadas. O Plano de Conting\u00eancia de Inverno permanece ativo no n\u00edvel 1, com apelo \u00e0 vacina\u00e7\u00e3o, uso respons\u00e1vel dos servi\u00e7os e promo\u00e7\u00e3o da Triagem Digital SNS 24.","og_url":"https:\/\/portaltela.pt\/noticias\/2025\/12\/29\/gripe-a-com-casos-graves-mantem-pressao-hospitalar-no-medio-tejo\/","og_site_name":"Portal Tela Portugal","article_published_time":"2025-12-29T18:12:00+00:00","author":"Telinha","twitter_card":"summary_large_image","twitter_misc":{"Escrito por":"Telinha","Tempo estimado de leitura":"2 minutos"},"schema":{"@context":"https:\/\/schema.org","@graph":[{"@type":"Article","@id":"https:\/\/portaltela.pt\/noticias\/2025\/12\/29\/gripe-a-com-casos-graves-mantem-pressao-hospitalar-no-medio-tejo\/#article","isPartOf":{"@id":"https:\/\/portaltela.pt\/noticias\/2025\/12\/29\/gripe-a-com-casos-graves-mantem-pressao-hospitalar-no-medio-tejo\/"},"author":{"name":"Telinha","@id":"https:\/\/portaltela.pt\/#\/schema\/person\/c4278d4a6028830caff9ee44b42d32ed"},"headline":"Gripe A com casos graves mant\u00e9m press\u00e3o hospitalar no M\u00e9dio Tejo","datePublished":"2025-12-29T18:12:00+00:00","mainEntityOfPage":{"@id":"https:\/\/portaltela.pt\/noticias\/2025\/12\/29\/gripe-a-com-casos-graves-mantem-pressao-hospitalar-no-medio-tejo\/"},"wordCount":348,"image":{"@id":"https:\/\/portaltela.pt\/noticias\/2025\/12\/29\/gripe-a-com-casos-graves-mantem-pressao-hospitalar-no-medio-tejo\/#primaryimage"},"thumbnailUrl":"https:\/\/portaltela.pt\/s.01k8rhncp4jt1\/2025\/12\/unnamed-file-2392.jpg","keywords":["Abrantes","infe\u00e7\u00e3o respirat\u00f3ria aguda","Santar\u00e9m","sa\u00fade","sa\u00fade p\u00fablica","urg\u00eancias"],"articleSection":["Not\u00edcias"],"inLanguage":"pt-PT"},{"@type":"WebPage","@id":"https:\/\/portaltela.pt\/noticias\/2025\/12\/29\/gripe-a-com-casos-graves-mantem-pressao-hospitalar-no-medio-tejo\/","url":"https:\/\/portaltela.pt\/noticias\/2025\/12\/29\/gripe-a-com-casos-graves-mantem-pressao-hospitalar-no-medio-tejo\/","name":"Gripe A com casos graves mant\u00e9m press\u00e3o hospitalar no M\u00e9dio Tejo - Portal Tela Portugal","isPartOf":{"@id":"https:\/\/portaltela.pt\/#website"},"primaryImageOfPage":{"@id":"https:\/\/portaltela.pt\/noticias\/2025\/12\/29\/gripe-a-com-casos-graves-mantem-pressao-hospitalar-no-medio-tejo\/#primaryimage"},"image":{"@id":"https:\/\/portaltela.pt\/noticias\/2025\/12\/29\/gripe-a-com-casos-graves-mantem-pressao-hospitalar-no-medio-tejo\/#primaryimage"},"thumbnailUrl":"https:\/\/portaltela.pt\/s.01k8rhncp4jt1\/2025\/12\/unnamed-file-2392.jpg","datePublished":"2025-12-29T18:12:00+00:00","author":{"@id":"https:\/\/portaltela.pt\/#\/schema\/person\/c4278d4a6028830caff9ee44b42d32ed"},"breadcrumb":{"@id":"https:\/\/portaltela.pt\/noticias\/2025\/12\/29\/gripe-a-com-casos-graves-mantem-pressao-hospitalar-no-medio-tejo\/#breadcrumb"},"inLanguage":"pt-PT","potentialAction":[{"@type":"ReadAction","target":["https:\/\/portaltela.pt\/noticias\/2025\/12\/29\/gripe-a-com-casos-graves-mantem-pressao-hospitalar-no-medio-tejo\/"]}]},{"@type":"ImageObject","inLanguage":"pt-PT","@id":"https:\/\/portaltela.pt\/noticias\/2025\/12\/29\/gripe-a-com-casos-graves-mantem-pressao-hospitalar-no-medio-tejo\/#primaryimage","url":"https:\/\/portaltela.pt\/s.01k8rhncp4jt1\/2025\/12\/unnamed-file-2392.jpg","contentUrl":"https:\/\/portaltela.pt\/s.01k8rhncp4jt1\/2025\/12\/unnamed-file-2392.jpg","width":796,"height":448,"caption":"Gripe A associada a casos graves mant\u00e9m press\u00e3o hospitalar no M\u00e9dio Tejo"},{"@type":"BreadcrumbList","@id":"https:\/\/portaltela.pt\/noticias\/2025\/12\/29\/gripe-a-com-casos-graves-mantem-pressao-hospitalar-no-medio-tejo\/#breadcrumb","itemListElement":[{"@type":"ListItem","position":1,"name":"In\u00edcio","item":"https:\/\/portaltela.pt\/"},{"@type":"ListItem","position":2,"name":"Gripe A com casos graves mant\u00e9m press\u00e3o hospitalar no M\u00e9dio Tejo"}]},{"@type":"WebSite","@id":"https:\/\/portaltela.pt\/#website","url":"https:\/\/portaltela.pt\/","name":"Portal Tela Portugal","description":"","potentialAction":[{"@type":"SearchAction","target":{"@type":"EntryPoint","urlTemplate":"https:\/\/portaltela.pt\/?s={search_term_string}"},"query-input":{"@type":"PropertyValueSpecification","valueRequired":true,"valueName":"search_term_string"}}],"inLanguage":"pt-PT"},{"@type":"Person","@id":"https:\/\/portaltela.pt\/#\/schema\/person\/c4278d4a6028830caff9ee44b42d32ed","name":"Telinha","image":{"@type":"ImageObject","inLanguage":"pt-PT","@id":"https:\/\/portaltela.pt\/s.01k8rhncp4jt1\/2025\/11\/talking-bot-125x125.png","url":"https:\/\/portaltela.pt\/s.01k8rhncp4jt1\/2025\/11\/talking-bot-125x125.png","contentUrl":"https:\/\/portaltela.pt\/s.01k8rhncp4jt1\/2025\/11\/talking-bot-125x125.png","caption":"Telinha"},"sameAs":["https:\/\/portaltela.pt\/"],"url":"https:\/\/portaltela.pt\/por\/367410592786\/"}]}},"_links":{"self":[{"href":"https:\/\/portaltela.pt\/api\/wp\/v2\/posts\/106052","targetHints":{"allow":["GET"]}}],"collection":[{"href":"https:\/\/portaltela.pt\/api\/wp\/v2\/posts"}],"about":[{"href":"https:\/\/portaltela.pt\/api\/wp\/v2\/types\/post"}],"author":[{"embeddable":true,"href":"https:\/\/portaltela.pt\/api\/wp\/v2\/users\/2"}],"replies":[{"embeddable":true,"href":"https:\/\/portaltela.pt\/api\/wp\/v2\/comments?post=106052"}],"version-history":[{"count":0,"href":"https:\/\/portaltela.pt\/api\/wp\/v2\/posts\/106052\/revisions"}],"wp:featuredmedia":[{"embeddable":true,"href":"https:\/\/portaltela.pt\/api\/wp\/v2\/media\/106057"}],"wp:attachment":[{"href":"https:\/\/portaltela.pt\/api\/wp\/v2\/media?parent=106052"}],"wp:term":[{"taxonomy":"category","embeddable":true,"href":"https:\/\/portaltela.pt\/api\/wp\/v2\/categories?post=106052"},{"taxonomy":"post_tag","embeddable":true,"href":"https:\/\/portaltela.pt\/api\/wp\/v2\/tags?post=106052"}],"curies":[{"name":"wp","href":"https:\/\/api.w.org\/{rel}","templated":true}]}}