{"id":105982,"date":"2025-12-29T15:01:00","date_gmt":"2025-12-29T18:01:00","guid":{"rendered":"https:\/\/portaltela.pt\/noticias\/2025\/12\/29\/interpol-detem-85-procurados-internacionalmente\/"},"modified":"2025-12-29T15:01:00","modified_gmt":"2025-12-29T18:01:00","slug":"interpol-detem-85-procurados-internacionalmente","status":"publish","type":"post","link":"https:\/\/portaltela.pt\/noticias\/2025\/12\/29\/interpol-detem-85-procurados-internacionalmente\/","title":{"rendered":"Interpol det\u00e9m 85 procurados internacionalmente"},"content":{"rendered":"<p>A Interpol coordena, com a colabora\u00e7\u00e3o da Pol\u00edcia Judici\u00e1ria (PJ), uma opera\u00e7\u00e3o que arrancou em junho e terminou em novembro, envolvendo autoridades de 17 pa\u00edses. Ao todo, 85 individuals foram detidos em seis meses, na Am\u00e9rica Latina, Cara\u00edbas e Europa.<\/p>\n<p>Entre os detidos, 19 eram procurados por homic\u00eddio, 29 por tr\u00e1fico de droga, 28 por crimes sexuais contra crian\u00e7as e 7 por viola\u00e7\u00e3o. Outros casos incluem tr\u00e1fico de seres humanos, branqueamento de capitais e crimes associados a organiza\u00e7\u00f5es criminosas.<\/p>\n<p>Em Portugal, foi detido um brasileiro identificado pela Interpol como Daniel Zago, suspeito de pertencer ao grupo PCC, contribuindo para desmantelar um corredor de tr\u00e1fico entre S\u00e3o Paulo e Europa. A a\u00e7\u00e3o contou com dois mandados de deten\u00e7\u00e3o internacionais.<\/p>\n<h3>Deten\u00e7\u00e3o de membro do PCC em Cascais<\/h3>\n<p>Foi detido em Cascais, em novembro, um alegado membro do PCC conhecido como Hulk, juntamente com a sua mulher. A opera\u00e7\u00e3o decorreu no \u00e2mbito de mandados emitidos pelo Brasil por associa\u00e7\u00e3o criminosa, corrup\u00e7\u00e3o e branqueamento de capitais.<\/p>\n<p>Segundo o diretor da PJ, Lu\u00eds Neves, o fen\u00f3meno de liga\u00e7\u00f5es entre Portugal e grupos de tr\u00e1fico brasileiro pode ter aumentado, em parte pela press\u00e3o brasileira contra o tr\u00e1fico, pela proximidade geogr\u00e1fica e pela l\u00edngua comum.<\/p>\n","protected":false},"excerpt":{"rendered":"<ul>\n<li>A Interpol coordenou uma opera\u00e7\u00e3o com a PJ entre junho e novembro, com participa\u00e7\u00e3o de 17 pa\u00edses, atuando na Am\u00e9rica Latina, Cara\u00edbas e Europa.<\/li>\n<li>Foram detidas 85 pessoas procuradas internacionalmente, incluindo o alegado membro do PCC conhecido como Hulk, detido em Cascais com a mulher.<\/li>\n<li>Em Portugal foi detido um brasileiro identificado pela Interpol como Daniel Zago, suspeito de pertencer ao PCC, encerrando um corredor de tr\u00e1fico de coca\u00edna entre S\u00e3o Paulo e a Europa.<\/li>\n<li>Entre os detidos, 19 eram procurados por homic\u00eddio, 29 por tr\u00e1fico de droga, 28 por crimes sexuais contra crian\u00e7as e 7 por viola\u00e7\u00e3o; outros foram detidos por tr\u00e1fico de seres humanos, branqueamento de capitais e crimes relacionados a organiza\u00e7\u00f5es criminosas.<\/li>\n<li>O diretor da Pol\u00edcia Judici\u00e1ria indicou que liga\u00e7\u00f5es a grupos de tr\u00e1fico de droga do Brasil podem ter aumentado em Portugal, devido a fatores como a press\u00e3o brasileira, a proximidade e a l\u00edngua.<\/li>\n<\/ul>\n","protected":false},"author":2,"featured_media":105984,"comment_status":"closed","ping_status":"closed","sticky":false,"template":"","format":"standard","meta":{"footnotes":""},"categories":[1],"tags":[191,2089,217,352,96,473],"class_list":["post-105982","post","type-post","status-publish","format-standard","has-post-thumbnail","hentry","category-noticias","tag-branqueamento-de-capitais","tag-crimes-sexuais-contra-criancas","tag-investigacao-criminal","tag-organizacao-criminosa","tag-trafico-de-droga","tag-trafico-de-pessoas"],"yoast_head":"<!-- This site is optimized with the Yoast SEO plugin v27.2 - https:\/\/yoast.com\/product\/yoast-seo-wordpress\/ -->\n<title>Interpol det\u00e9m 85 procurados internacionalmente - Portal Tela Portugal<\/title>\n<meta name=\"robots\" content=\"index, follow, max-snippet:-1, max-image-preview:large, max-video-preview:-1\" \/>\n<meta property=\"og:locale\" content=\"pt_PT\" \/>\n<meta property=\"og:type\" content=\"article\" \/>\n<meta property=\"og:title\" content=\"Interpol det\u00e9m 85 procurados internacionalmente - Portal Tela Portugal\" \/>\n<meta property=\"og:description\" content=\"A Interpol coordenou uma opera\u00e7\u00e3o com a PJ entre junho e novembro, com participa\u00e7\u00e3o de 17 pa\u00edses, atuando na Am\u00e9rica Latina, Cara\u00edbas e Europa. Foram detidas 85 pessoas procuradas internacionalmente, incluindo o alegado membro do PCC conhecido como Hulk, detido em Cascais com a mulher. Em Portugal foi detido um brasileiro identificado pela Interpol como Daniel Zago, suspeito de pertencer ao PCC, encerrando um corredor de tr\u00e1fico de coca\u00edna entre S\u00e3o Paulo e a Europa. Entre os detidos, 19 eram procurados por homic\u00eddio, 29 por tr\u00e1fico de droga, 28 por crimes sexuais contra crian\u00e7as e 7 por viola\u00e7\u00e3o; outros foram detidos por tr\u00e1fico de seres humanos, branqueamento de capitais e crimes relacionados a organiza\u00e7\u00f5es criminosas. O diretor da Pol\u00edcia Judici\u00e1ria indicou que liga\u00e7\u00f5es a grupos de tr\u00e1fico de droga do Brasil podem ter aumentado em Portugal, devido a fatores como a press\u00e3o brasileira, a proximidade e a l\u00edngua.\" \/>\n<meta property=\"og:url\" content=\"https:\/\/portaltela.pt\/noticias\/2025\/12\/29\/interpol-detem-85-procurados-internacionalmente\/\" \/>\n<meta property=\"og:site_name\" content=\"Portal Tela Portugal\" \/>\n<meta property=\"article:published_time\" content=\"2025-12-29T18:01:00+00:00\" \/>\n<meta name=\"author\" content=\"Telinha\" \/>\n<meta name=\"twitter:card\" content=\"summary_large_image\" \/>\n<meta name=\"twitter:label1\" content=\"Escrito por\" \/>\n\t<meta name=\"twitter:data1\" content=\"Telinha\" \/>\n\t<meta name=\"twitter:label2\" content=\"Tempo estimado de leitura\" \/>\n\t<meta name=\"twitter:data2\" content=\"1 minuto\" \/>\n<script type=\"application\/ld+json\" class=\"yoast-schema-graph\">{\"@context\":\"https:\/\/schema.org\",\"@graph\":[{\"@type\":\"Article\",\"@id\":\"https:\/\/portaltela.pt\/noticias\/2025\/12\/29\/interpol-detem-85-procurados-internacionalmente\/#article\",\"isPartOf\":{\"@id\":\"https:\/\/portaltela.pt\/noticias\/2025\/12\/29\/interpol-detem-85-procurados-internacionalmente\/\"},\"author\":{\"name\":\"Telinha\",\"@id\":\"https:\/\/portaltela.pt\/#\/schema\/person\/c4278d4a6028830caff9ee44b42d32ed\"},\"headline\":\"Interpol det\u00e9m 85 procurados internacionalmente\",\"datePublished\":\"2025-12-29T18:01:00+00:00\",\"mainEntityOfPage\":{\"@id\":\"https:\/\/portaltela.pt\/noticias\/2025\/12\/29\/interpol-detem-85-procurados-internacionalmente\/\"},\"wordCount\":226,\"image\":{\"@id\":\"https:\/\/portaltela.pt\/noticias\/2025\/12\/29\/interpol-detem-85-procurados-internacionalmente\/#primaryimage\"},\"thumbnailUrl\":\"https:\/\/portaltela.pt\/s.01k8rhncp4jt1\/2025\/12\/sede-da-policia-judiciaria-1.jpg\",\"keywords\":[\"branqueamento de capitais\",\"crimes sexuais contra crian\u00e7as\",\"investiga\u00e7\u00e3o criminal\",\"organiza\u00e7\u00e3o criminosa\",\"tr\u00e1fico de droga\",\"tr\u00e1fico de pessoas\"],\"articleSection\":[\"Not\u00edcias\"],\"inLanguage\":\"pt-PT\"},{\"@type\":\"WebPage\",\"@id\":\"https:\/\/portaltela.pt\/noticias\/2025\/12\/29\/interpol-detem-85-procurados-internacionalmente\/\",\"url\":\"https:\/\/portaltela.pt\/noticias\/2025\/12\/29\/interpol-detem-85-procurados-internacionalmente\/\",\"name\":\"Interpol det\u00e9m 85 procurados internacionalmente - Portal Tela Portugal\",\"isPartOf\":{\"@id\":\"https:\/\/portaltela.pt\/#website\"},\"primaryImageOfPage\":{\"@id\":\"https:\/\/portaltela.pt\/noticias\/2025\/12\/29\/interpol-detem-85-procurados-internacionalmente\/#primaryimage\"},\"image\":{\"@id\":\"https:\/\/portaltela.pt\/noticias\/2025\/12\/29\/interpol-detem-85-procurados-internacionalmente\/#primaryimage\"},\"thumbnailUrl\":\"https:\/\/portaltela.pt\/s.01k8rhncp4jt1\/2025\/12\/sede-da-policia-judiciaria-1.jpg\",\"datePublished\":\"2025-12-29T18:01:00+00:00\",\"author\":{\"@id\":\"https:\/\/portaltela.pt\/#\/schema\/person\/c4278d4a6028830caff9ee44b42d32ed\"},\"breadcrumb\":{\"@id\":\"https:\/\/portaltela.pt\/noticias\/2025\/12\/29\/interpol-detem-85-procurados-internacionalmente\/#breadcrumb\"},\"inLanguage\":\"pt-PT\",\"potentialAction\":[{\"@type\":\"ReadAction\",\"target\":[\"https:\/\/portaltela.pt\/noticias\/2025\/12\/29\/interpol-detem-85-procurados-internacionalmente\/\"]}]},{\"@type\":\"ImageObject\",\"inLanguage\":\"pt-PT\",\"@id\":\"https:\/\/portaltela.pt\/noticias\/2025\/12\/29\/interpol-detem-85-procurados-internacionalmente\/#primaryimage\",\"url\":\"https:\/\/portaltela.pt\/s.01k8rhncp4jt1\/2025\/12\/sede-da-policia-judiciaria-1.jpg\",\"contentUrl\":\"https:\/\/portaltela.pt\/s.01k8rhncp4jt1\/2025\/12\/sede-da-policia-judiciaria-1.jpg\",\"width\":796,\"height\":448,\"caption\":\"Pol\u00edcia Judici\u00e1ria\"},{\"@type\":\"BreadcrumbList\",\"@id\":\"https:\/\/portaltela.pt\/noticias\/2025\/12\/29\/interpol-detem-85-procurados-internacionalmente\/#breadcrumb\",\"itemListElement\":[{\"@type\":\"ListItem\",\"position\":1,\"name\":\"In\u00edcio\",\"item\":\"https:\/\/portaltela.pt\/\"},{\"@type\":\"ListItem\",\"position\":2,\"name\":\"Interpol det\u00e9m 85 procurados internacionalmente\"}]},{\"@type\":\"WebSite\",\"@id\":\"https:\/\/portaltela.pt\/#website\",\"url\":\"https:\/\/portaltela.pt\/\",\"name\":\"Portal Tela Portugal\",\"description\":\"\",\"potentialAction\":[{\"@type\":\"SearchAction\",\"target\":{\"@type\":\"EntryPoint\",\"urlTemplate\":\"https:\/\/portaltela.pt\/?s={search_term_string}\"},\"query-input\":{\"@type\":\"PropertyValueSpecification\",\"valueRequired\":true,\"valueName\":\"search_term_string\"}}],\"inLanguage\":\"pt-PT\"},{\"@type\":\"Person\",\"@id\":\"https:\/\/portaltela.pt\/#\/schema\/person\/c4278d4a6028830caff9ee44b42d32ed\",\"name\":\"Telinha\",\"image\":{\"@type\":\"ImageObject\",\"inLanguage\":\"pt-PT\",\"@id\":\"https:\/\/portaltela.pt\/s.01k8rhncp4jt1\/2025\/11\/talking-bot-125x125.png\",\"url\":\"https:\/\/portaltela.pt\/s.01k8rhncp4jt1\/2025\/11\/talking-bot-125x125.png\",\"contentUrl\":\"https:\/\/portaltela.pt\/s.01k8rhncp4jt1\/2025\/11\/talking-bot-125x125.png\",\"caption\":\"Telinha\"},\"sameAs\":[\"https:\/\/portaltela.pt\/\"],\"url\":\"https:\/\/portaltela.pt\/por\/367410592786\/\"}]}<\/script>\n<!-- \/ Yoast SEO plugin. -->","yoast_head_json":{"title":"Interpol det\u00e9m 85 procurados internacionalmente - Portal Tela Portugal","robots":{"index":"index","follow":"follow","max-snippet":"max-snippet:-1","max-image-preview":"max-image-preview:large","max-video-preview":"max-video-preview:-1"},"og_locale":"pt_PT","og_type":"article","og_title":"Interpol det\u00e9m 85 procurados internacionalmente - Portal Tela Portugal","og_description":"A Interpol coordenou uma opera\u00e7\u00e3o com a PJ entre junho e novembro, com participa\u00e7\u00e3o de 17 pa\u00edses, atuando na Am\u00e9rica Latina, Cara\u00edbas e Europa. Foram detidas 85 pessoas procuradas internacionalmente, incluindo o alegado membro do PCC conhecido como Hulk, detido em Cascais com a mulher. Em Portugal foi detido um brasileiro identificado pela Interpol como Daniel Zago, suspeito de pertencer ao PCC, encerrando um corredor de tr\u00e1fico de coca\u00edna entre S\u00e3o Paulo e a Europa. Entre os detidos, 19 eram procurados por homic\u00eddio, 29 por tr\u00e1fico de droga, 28 por crimes sexuais contra crian\u00e7as e 7 por viola\u00e7\u00e3o; outros foram detidos por tr\u00e1fico de seres humanos, branqueamento de capitais e crimes relacionados a organiza\u00e7\u00f5es criminosas. O diretor da Pol\u00edcia Judici\u00e1ria indicou que liga\u00e7\u00f5es a grupos de tr\u00e1fico de droga do Brasil podem ter aumentado em Portugal, devido a fatores como a press\u00e3o brasileira, a proximidade e a l\u00edngua.","og_url":"https:\/\/portaltela.pt\/noticias\/2025\/12\/29\/interpol-detem-85-procurados-internacionalmente\/","og_site_name":"Portal Tela Portugal","article_published_time":"2025-12-29T18:01:00+00:00","author":"Telinha","twitter_card":"summary_large_image","twitter_misc":{"Escrito por":"Telinha","Tempo estimado de leitura":"1 minuto"},"schema":{"@context":"https:\/\/schema.org","@graph":[{"@type":"Article","@id":"https:\/\/portaltela.pt\/noticias\/2025\/12\/29\/interpol-detem-85-procurados-internacionalmente\/#article","isPartOf":{"@id":"https:\/\/portaltela.pt\/noticias\/2025\/12\/29\/interpol-detem-85-procurados-internacionalmente\/"},"author":{"name":"Telinha","@id":"https:\/\/portaltela.pt\/#\/schema\/person\/c4278d4a6028830caff9ee44b42d32ed"},"headline":"Interpol det\u00e9m 85 procurados internacionalmente","datePublished":"2025-12-29T18:01:00+00:00","mainEntityOfPage":{"@id":"https:\/\/portaltela.pt\/noticias\/2025\/12\/29\/interpol-detem-85-procurados-internacionalmente\/"},"wordCount":226,"image":{"@id":"https:\/\/portaltela.pt\/noticias\/2025\/12\/29\/interpol-detem-85-procurados-internacionalmente\/#primaryimage"},"thumbnailUrl":"https:\/\/portaltela.pt\/s.01k8rhncp4jt1\/2025\/12\/sede-da-policia-judiciaria-1.jpg","keywords":["branqueamento de capitais","crimes sexuais contra crian\u00e7as","investiga\u00e7\u00e3o criminal","organiza\u00e7\u00e3o criminosa","tr\u00e1fico de droga","tr\u00e1fico de pessoas"],"articleSection":["Not\u00edcias"],"inLanguage":"pt-PT"},{"@type":"WebPage","@id":"https:\/\/portaltela.pt\/noticias\/2025\/12\/29\/interpol-detem-85-procurados-internacionalmente\/","url":"https:\/\/portaltela.pt\/noticias\/2025\/12\/29\/interpol-detem-85-procurados-internacionalmente\/","name":"Interpol det\u00e9m 85 procurados internacionalmente - Portal Tela Portugal","isPartOf":{"@id":"https:\/\/portaltela.pt\/#website"},"primaryImageOfPage":{"@id":"https:\/\/portaltela.pt\/noticias\/2025\/12\/29\/interpol-detem-85-procurados-internacionalmente\/#primaryimage"},"image":{"@id":"https:\/\/portaltela.pt\/noticias\/2025\/12\/29\/interpol-detem-85-procurados-internacionalmente\/#primaryimage"},"thumbnailUrl":"https:\/\/portaltela.pt\/s.01k8rhncp4jt1\/2025\/12\/sede-da-policia-judiciaria-1.jpg","datePublished":"2025-12-29T18:01:00+00:00","author":{"@id":"https:\/\/portaltela.pt\/#\/schema\/person\/c4278d4a6028830caff9ee44b42d32ed"},"breadcrumb":{"@id":"https:\/\/portaltela.pt\/noticias\/2025\/12\/29\/interpol-detem-85-procurados-internacionalmente\/#breadcrumb"},"inLanguage":"pt-PT","potentialAction":[{"@type":"ReadAction","target":["https:\/\/portaltela.pt\/noticias\/2025\/12\/29\/interpol-detem-85-procurados-internacionalmente\/"]}]},{"@type":"ImageObject","inLanguage":"pt-PT","@id":"https:\/\/portaltela.pt\/noticias\/2025\/12\/29\/interpol-detem-85-procurados-internacionalmente\/#primaryimage","url":"https:\/\/portaltela.pt\/s.01k8rhncp4jt1\/2025\/12\/sede-da-policia-judiciaria-1.jpg","contentUrl":"https:\/\/portaltela.pt\/s.01k8rhncp4jt1\/2025\/12\/sede-da-policia-judiciaria-1.jpg","width":796,"height":448,"caption":"Pol\u00edcia Judici\u00e1ria"},{"@type":"BreadcrumbList","@id":"https:\/\/portaltela.pt\/noticias\/2025\/12\/29\/interpol-detem-85-procurados-internacionalmente\/#breadcrumb","itemListElement":[{"@type":"ListItem","position":1,"name":"In\u00edcio","item":"https:\/\/portaltela.pt\/"},{"@type":"ListItem","position":2,"name":"Interpol det\u00e9m 85 procurados internacionalmente"}]},{"@type":"WebSite","@id":"https:\/\/portaltela.pt\/#website","url":"https:\/\/portaltela.pt\/","name":"Portal Tela Portugal","description":"","potentialAction":[{"@type":"SearchAction","target":{"@type":"EntryPoint","urlTemplate":"https:\/\/portaltela.pt\/?s={search_term_string}"},"query-input":{"@type":"PropertyValueSpecification","valueRequired":true,"valueName":"search_term_string"}}],"inLanguage":"pt-PT"},{"@type":"Person","@id":"https:\/\/portaltela.pt\/#\/schema\/person\/c4278d4a6028830caff9ee44b42d32ed","name":"Telinha","image":{"@type":"ImageObject","inLanguage":"pt-PT","@id":"https:\/\/portaltela.pt\/s.01k8rhncp4jt1\/2025\/11\/talking-bot-125x125.png","url":"https:\/\/portaltela.pt\/s.01k8rhncp4jt1\/2025\/11\/talking-bot-125x125.png","contentUrl":"https:\/\/portaltela.pt\/s.01k8rhncp4jt1\/2025\/11\/talking-bot-125x125.png","caption":"Telinha"},"sameAs":["https:\/\/portaltela.pt\/"],"url":"https:\/\/portaltela.pt\/por\/367410592786\/"}]}},"_links":{"self":[{"href":"https:\/\/portaltela.pt\/api\/wp\/v2\/posts\/105982","targetHints":{"allow":["GET"]}}],"collection":[{"href":"https:\/\/portaltela.pt\/api\/wp\/v2\/posts"}],"about":[{"href":"https:\/\/portaltela.pt\/api\/wp\/v2\/types\/post"}],"author":[{"embeddable":true,"href":"https:\/\/portaltela.pt\/api\/wp\/v2\/users\/2"}],"replies":[{"embeddable":true,"href":"https:\/\/portaltela.pt\/api\/wp\/v2\/comments?post=105982"}],"version-history":[{"count":0,"href":"https:\/\/portaltela.pt\/api\/wp\/v2\/posts\/105982\/revisions"}],"wp:featuredmedia":[{"embeddable":true,"href":"https:\/\/portaltela.pt\/api\/wp\/v2\/media\/105984"}],"wp:attachment":[{"href":"https:\/\/portaltela.pt\/api\/wp\/v2\/media?parent=105982"}],"wp:term":[{"taxonomy":"category","embeddable":true,"href":"https:\/\/portaltela.pt\/api\/wp\/v2\/categories?post=105982"},{"taxonomy":"post_tag","embeddable":true,"href":"https:\/\/portaltela.pt\/api\/wp\/v2\/tags?post=105982"}],"curies":[{"name":"wp","href":"https:\/\/api.w.org\/{rel}","templated":true}]}}