{"id":105830,"date":"2025-12-29T14:01:46","date_gmt":"2025-12-29T17:01:46","guid":{"rendered":"https:\/\/portaltela.pt\/noticias\/2025\/12\/29\/acionistas-da-impresa-autorizam-aumento-de-capital-pela-administracao\/"},"modified":"2025-12-29T14:01:46","modified_gmt":"2025-12-29T17:01:46","slug":"acionistas-da-impresa-autorizam-aumento-de-capital-pela-administracao","status":"publish","type":"post","link":"https:\/\/portaltela.pt\/noticias\/economia\/2025\/12\/29\/acionistas-da-impresa-autorizam-aumento-de-capital-pela-administracao\/","title":{"rendered":"Acionistas da Impresa autorizam aumento de capital pela administra\u00e7\u00e3o"},"content":{"rendered":"<p>Os acionistas da Impresa aprovaram, em assembleia-geral extraordin\u00e1ria, o aumento de capital da sociedade em at\u00e9 17,325 milh\u00f5es de euros, a realizar-se mediante entradas em dinheiro ao longo de um ano. A decis\u00e3o abrange a convers\u00e3o de a\u00e7\u00f5es com capital social para a\u00e7\u00f5es sem valor nominal e a supress\u00e3o de direitos de prefer\u00eancia.<\/p>\n<p>O acordo inclui a autoriza\u00e7\u00e3o ao Conselho de Administra\u00e7\u00e3o para deliberar o aumento do capital social dentro do prazo de 12 meses, e a altera\u00e7\u00e3o estatut\u00e1ria necess\u00e1ria. O capital social passa a ser de 84 milh\u00f5es de euros, representado por 168 milh\u00f5es de a\u00e7\u00f5es escriturais nominativas, sem valor nominal.<\/p>\n<p>Al\u00e9m disso, o estatuto passa a permitir um \u00fanico aumento de capital no montante at\u00e9 17,325 milh\u00f5es de euros, mediante emiss\u00e3o de a\u00e7\u00f5es ordin\u00e1rias. A aprova\u00e7\u00e3o condiciona a observ\u00e2ncia de regras previstas no C\u00f3digo das Sociedades Comerciais, incluindo parecer do \u00f3rg\u00e3o de fiscaliza\u00e7\u00e3o.<\/p>\n<h3>Reestrutura\u00e7\u00e3o jur\u00eddica e governan\u00e7a<\/h3>\n<p>Foram reenumerados artigos para integrar o novo artigo 13.\u00ba, que define as condi\u00e7\u00f5es do aumento e o prazo de exerc\u00edcio. A delibera\u00e7\u00e3o do Conselho dever\u00e1 respeitar o artigo 88.\u00ba do C\u00f3digo e exigir parecer pr\u00e9vio do \u00f3rg\u00e3o de fiscaliza\u00e7\u00e3o, com altera\u00e7\u00f5es refletidas nos restantes artigos.<\/p>\n<h3>Parceria com a MFE<\/h3>\n<p>Em 26 de novembro, foi anunciada a parceria com a italiana MFE &#8211; MediaForEurope, que passar\u00e1 a deter 32,934% da Impresa. A fam\u00edlia Balsem\u00e3o mant\u00e9m o controlo do grupo, com 33,738%.<\/p>\n<p>Juntamente com a holding Impreger, acionista maiorit\u00e1ria, foi assinado um acordo de investimento com a MFE. A empresa compromete-se a subscrever novas a\u00e7\u00f5es, elevando a posi\u00e7\u00e3o acionista para 32,934% no capital social.<\/p>\n","protected":false},"excerpt":{"rendered":"<ul>\n<li>Os acionistas da Impresa aprovaram, em assembleia-geral extraordin\u00e1ria, um aumento de capital de at\u00e9 17,325 milh\u00f5es de euros, a realizar no prazo de um ano mediante entradas em dinheiro.<\/li>\n<li>Foi aprovada a convers\u00e3o das a\u00e7\u00f5es representativas do capital social em a\u00e7\u00f5es sem valor nominal e a supress\u00e3o dos direitos de prefer\u00eancia dos acionistas no aumento de capital.<\/li>\n<li>Os estatutos foram alterados, passando o capital social para 84 milh\u00f5es de euros, representado por 168 milh\u00f5es de a\u00e7\u00f5es escriturais sem valor nominal, nominativas.<\/li>\n<li>Foi criado o novo artigo 13.\u00ba, que define a autoriza\u00e7\u00e3o \u00fanica do Conselho de Administra\u00e7\u00e3o para aumentar o capital at\u00e9 17,325 milh\u00f5es de euros, com emiss\u00e3o de a\u00e7\u00f5es ordin\u00e1rias, dentro de um ano.<\/li>\n<li>Em 26 de novembro, a Impresa anunciou a parceria com a italiana MediaForEurope (MFE), que passar\u00e1 a deter 32,934% da Impresa, mantendo a fam\u00edlia Balsem\u00e3o o controlo com 33,738%.<\/li>\n<\/ul>\n","protected":false},"author":2,"featured_media":105837,"comment_status":"closed","ping_status":"closed","sticky":false,"template":"","format":"standard","meta":{"footnotes":""},"categories":[2,1],"tags":[552,551,190,28,316,136],"class_list":["post-105830","post","type-post","status-publish","format-standard","has-post-thumbnail","hentry","category-economia","category-noticias","tag-conselho-de-administracao","tag-conselho-fiscal","tag-desenvolvimento-economico","tag-economia","tag-investimento","tag-organizacoes"],"yoast_head":"<!-- This site is optimized with the Yoast SEO plugin v27.2 - https:\/\/yoast.com\/product\/yoast-seo-wordpress\/ -->\n<title>Acionistas da Impresa autorizam aumento de capital pela administra\u00e7\u00e3o - Portal Tela Portugal<\/title>\n<meta name=\"robots\" content=\"index, follow, max-snippet:-1, max-image-preview:large, max-video-preview:-1\" \/>\n<meta property=\"og:locale\" content=\"pt_PT\" \/>\n<meta property=\"og:type\" content=\"article\" \/>\n<meta property=\"og:title\" content=\"Acionistas da Impresa autorizam aumento de capital pela administra\u00e7\u00e3o - Portal Tela Portugal\" \/>\n<meta property=\"og:description\" content=\"Os acionistas da Impresa aprovaram, em assembleia-geral extraordin\u00e1ria, um aumento de capital de at\u00e9 17,325 milh\u00f5es de euros, a realizar no prazo de um ano mediante entradas em dinheiro. Foi aprovada a convers\u00e3o das a\u00e7\u00f5es representativas do capital social em a\u00e7\u00f5es sem valor nominal e a supress\u00e3o dos direitos de prefer\u00eancia dos acionistas no aumento de capital. Os estatutos foram alterados, passando o capital social para 84 milh\u00f5es de euros, representado por 168 milh\u00f5es de a\u00e7\u00f5es escriturais sem valor nominal, nominativas. Foi criado o novo artigo 13.\u00ba, que define a autoriza\u00e7\u00e3o \u00fanica do Conselho de Administra\u00e7\u00e3o para aumentar o capital at\u00e9 17,325 milh\u00f5es de euros, com emiss\u00e3o de a\u00e7\u00f5es ordin\u00e1rias, dentro de um ano. Em 26 de novembro, a Impresa anunciou a parceria com a italiana MediaForEurope (MFE), que passar\u00e1 a deter 32,934% da Impresa, mantendo a fam\u00edlia Balsem\u00e3o o controlo com 33,738%.\" \/>\n<meta property=\"og:url\" content=\"https:\/\/portaltela.pt\/noticias\/2025\/12\/29\/acionistas-da-impresa-autorizam-aumento-de-capital-pela-administracao\/\" \/>\n<meta property=\"og:site_name\" content=\"Portal Tela Portugal\" \/>\n<meta property=\"article:published_time\" content=\"2025-12-29T17:01:46+00:00\" \/>\n<meta name=\"author\" content=\"Telinha\" \/>\n<meta name=\"twitter:card\" content=\"summary_large_image\" \/>\n<meta name=\"twitter:label1\" content=\"Escrito por\" \/>\n\t<meta name=\"twitter:data1\" content=\"Telinha\" \/>\n\t<meta name=\"twitter:label2\" content=\"Tempo estimado de leitura\" \/>\n\t<meta name=\"twitter:data2\" content=\"1 minuto\" \/>\n<script type=\"application\/ld+json\" class=\"yoast-schema-graph\">{\"@context\":\"https:\/\/schema.org\",\"@graph\":[{\"@type\":\"Article\",\"@id\":\"https:\/\/portaltela.pt\/noticias\/2025\/12\/29\/acionistas-da-impresa-autorizam-aumento-de-capital-pela-administracao\/#article\",\"isPartOf\":{\"@id\":\"https:\/\/portaltela.pt\/noticias\/2025\/12\/29\/acionistas-da-impresa-autorizam-aumento-de-capital-pela-administracao\/\"},\"author\":{\"name\":\"Telinha\",\"@id\":\"https:\/\/portaltela.pt\/#\/schema\/person\/c4278d4a6028830caff9ee44b42d32ed\"},\"headline\":\"Acionistas da Impresa autorizam aumento de capital pela administra\u00e7\u00e3o\",\"datePublished\":\"2025-12-29T17:01:46+00:00\",\"mainEntityOfPage\":{\"@id\":\"https:\/\/portaltela.pt\/noticias\/2025\/12\/29\/acionistas-da-impresa-autorizam-aumento-de-capital-pela-administracao\/\"},\"wordCount\":303,\"image\":{\"@id\":\"https:\/\/portaltela.pt\/noticias\/2025\/12\/29\/acionistas-da-impresa-autorizam-aumento-de-capital-pela-administracao\/#primaryimage\"},\"thumbnailUrl\":\"https:\/\/portaltela.pt\/s.01k8rhncp4jt1\/2025\/12\/img_1500x1000uu2024-02-29-18-33-31-1585650.jpg\",\"keywords\":[\"Conselho de Administra\u00e7\u00e3o\",\"Conselho Fiscal\",\"Desenvolvimento econ\u00f3mico\",\"economia\",\"investimento\",\"organiza\u00e7\u00f5es\"],\"articleSection\":[\"Economia\",\"Not\u00edcias\"],\"inLanguage\":\"pt-PT\"},{\"@type\":\"WebPage\",\"@id\":\"https:\/\/portaltela.pt\/noticias\/2025\/12\/29\/acionistas-da-impresa-autorizam-aumento-de-capital-pela-administracao\/\",\"url\":\"https:\/\/portaltela.pt\/noticias\/2025\/12\/29\/acionistas-da-impresa-autorizam-aumento-de-capital-pela-administracao\/\",\"name\":\"Acionistas da Impresa autorizam aumento de capital pela administra\u00e7\u00e3o - Portal Tela Portugal\",\"isPartOf\":{\"@id\":\"https:\/\/portaltela.pt\/#website\"},\"primaryImageOfPage\":{\"@id\":\"https:\/\/portaltela.pt\/noticias\/2025\/12\/29\/acionistas-da-impresa-autorizam-aumento-de-capital-pela-administracao\/#primaryimage\"},\"image\":{\"@id\":\"https:\/\/portaltela.pt\/noticias\/2025\/12\/29\/acionistas-da-impresa-autorizam-aumento-de-capital-pela-administracao\/#primaryimage\"},\"thumbnailUrl\":\"https:\/\/portaltela.pt\/s.01k8rhncp4jt1\/2025\/12\/img_1500x1000uu2024-02-29-18-33-31-1585650.jpg\",\"datePublished\":\"2025-12-29T17:01:46+00:00\",\"author\":{\"@id\":\"https:\/\/portaltela.pt\/#\/schema\/person\/c4278d4a6028830caff9ee44b42d32ed\"},\"breadcrumb\":{\"@id\":\"https:\/\/portaltela.pt\/noticias\/2025\/12\/29\/acionistas-da-impresa-autorizam-aumento-de-capital-pela-administracao\/#breadcrumb\"},\"inLanguage\":\"pt-PT\",\"potentialAction\":[{\"@type\":\"ReadAction\",\"target\":[\"https:\/\/portaltela.pt\/noticias\/2025\/12\/29\/acionistas-da-impresa-autorizam-aumento-de-capital-pela-administracao\/\"]}]},{\"@type\":\"ImageObject\",\"inLanguage\":\"pt-PT\",\"@id\":\"https:\/\/portaltela.pt\/noticias\/2025\/12\/29\/acionistas-da-impresa-autorizam-aumento-de-capital-pela-administracao\/#primaryimage\",\"url\":\"https:\/\/portaltela.pt\/s.01k8rhncp4jt1\/2025\/12\/img_1500x1000uu2024-02-29-18-33-31-1585650.jpg\",\"contentUrl\":\"https:\/\/portaltela.pt\/s.01k8rhncp4jt1\/2025\/12\/img_1500x1000uu2024-02-29-18-33-31-1585650.jpg\",\"width\":796,\"height\":448,\"caption\":\"Grupo Impresa\"},{\"@type\":\"BreadcrumbList\",\"@id\":\"https:\/\/portaltela.pt\/noticias\/2025\/12\/29\/acionistas-da-impresa-autorizam-aumento-de-capital-pela-administracao\/#breadcrumb\",\"itemListElement\":[{\"@type\":\"ListItem\",\"position\":1,\"name\":\"In\u00edcio\",\"item\":\"https:\/\/portaltela.pt\/\"},{\"@type\":\"ListItem\",\"position\":2,\"name\":\"Acionistas da Impresa autorizam aumento de capital pela administra\u00e7\u00e3o\"}]},{\"@type\":\"WebSite\",\"@id\":\"https:\/\/portaltela.pt\/#website\",\"url\":\"https:\/\/portaltela.pt\/\",\"name\":\"Portal Tela Portugal\",\"description\":\"\",\"potentialAction\":[{\"@type\":\"SearchAction\",\"target\":{\"@type\":\"EntryPoint\",\"urlTemplate\":\"https:\/\/portaltela.pt\/?s={search_term_string}\"},\"query-input\":{\"@type\":\"PropertyValueSpecification\",\"valueRequired\":true,\"valueName\":\"search_term_string\"}}],\"inLanguage\":\"pt-PT\"},{\"@type\":\"Person\",\"@id\":\"https:\/\/portaltela.pt\/#\/schema\/person\/c4278d4a6028830caff9ee44b42d32ed\",\"name\":\"Telinha\",\"image\":{\"@type\":\"ImageObject\",\"inLanguage\":\"pt-PT\",\"@id\":\"https:\/\/portaltela.pt\/s.01k8rhncp4jt1\/2025\/11\/talking-bot-125x125.png\",\"url\":\"https:\/\/portaltela.pt\/s.01k8rhncp4jt1\/2025\/11\/talking-bot-125x125.png\",\"contentUrl\":\"https:\/\/portaltela.pt\/s.01k8rhncp4jt1\/2025\/11\/talking-bot-125x125.png\",\"caption\":\"Telinha\"},\"sameAs\":[\"https:\/\/portaltela.pt\/\"],\"url\":\"https:\/\/portaltela.pt\/por\/367410592786\/\"}]}<\/script>\n<!-- \/ Yoast SEO plugin. -->","yoast_head_json":{"title":"Acionistas da Impresa autorizam aumento de capital pela administra\u00e7\u00e3o - Portal Tela Portugal","robots":{"index":"index","follow":"follow","max-snippet":"max-snippet:-1","max-image-preview":"max-image-preview:large","max-video-preview":"max-video-preview:-1"},"og_locale":"pt_PT","og_type":"article","og_title":"Acionistas da Impresa autorizam aumento de capital pela administra\u00e7\u00e3o - Portal Tela Portugal","og_description":"Os acionistas da Impresa aprovaram, em assembleia-geral extraordin\u00e1ria, um aumento de capital de at\u00e9 17,325 milh\u00f5es de euros, a realizar no prazo de um ano mediante entradas em dinheiro. Foi aprovada a convers\u00e3o das a\u00e7\u00f5es representativas do capital social em a\u00e7\u00f5es sem valor nominal e a supress\u00e3o dos direitos de prefer\u00eancia dos acionistas no aumento de capital. Os estatutos foram alterados, passando o capital social para 84 milh\u00f5es de euros, representado por 168 milh\u00f5es de a\u00e7\u00f5es escriturais sem valor nominal, nominativas. Foi criado o novo artigo 13.\u00ba, que define a autoriza\u00e7\u00e3o \u00fanica do Conselho de Administra\u00e7\u00e3o para aumentar o capital at\u00e9 17,325 milh\u00f5es de euros, com emiss\u00e3o de a\u00e7\u00f5es ordin\u00e1rias, dentro de um ano. Em 26 de novembro, a Impresa anunciou a parceria com a italiana MediaForEurope (MFE), que passar\u00e1 a deter 32,934% da Impresa, mantendo a fam\u00edlia Balsem\u00e3o o controlo com 33,738%.","og_url":"https:\/\/portaltela.pt\/noticias\/2025\/12\/29\/acionistas-da-impresa-autorizam-aumento-de-capital-pela-administracao\/","og_site_name":"Portal Tela Portugal","article_published_time":"2025-12-29T17:01:46+00:00","author":"Telinha","twitter_card":"summary_large_image","twitter_misc":{"Escrito por":"Telinha","Tempo estimado de leitura":"1 minuto"},"schema":{"@context":"https:\/\/schema.org","@graph":[{"@type":"Article","@id":"https:\/\/portaltela.pt\/noticias\/2025\/12\/29\/acionistas-da-impresa-autorizam-aumento-de-capital-pela-administracao\/#article","isPartOf":{"@id":"https:\/\/portaltela.pt\/noticias\/2025\/12\/29\/acionistas-da-impresa-autorizam-aumento-de-capital-pela-administracao\/"},"author":{"name":"Telinha","@id":"https:\/\/portaltela.pt\/#\/schema\/person\/c4278d4a6028830caff9ee44b42d32ed"},"headline":"Acionistas da Impresa autorizam aumento de capital pela administra\u00e7\u00e3o","datePublished":"2025-12-29T17:01:46+00:00","mainEntityOfPage":{"@id":"https:\/\/portaltela.pt\/noticias\/2025\/12\/29\/acionistas-da-impresa-autorizam-aumento-de-capital-pela-administracao\/"},"wordCount":303,"image":{"@id":"https:\/\/portaltela.pt\/noticias\/2025\/12\/29\/acionistas-da-impresa-autorizam-aumento-de-capital-pela-administracao\/#primaryimage"},"thumbnailUrl":"https:\/\/portaltela.pt\/s.01k8rhncp4jt1\/2025\/12\/img_1500x1000uu2024-02-29-18-33-31-1585650.jpg","keywords":["Conselho de Administra\u00e7\u00e3o","Conselho Fiscal","Desenvolvimento econ\u00f3mico","economia","investimento","organiza\u00e7\u00f5es"],"articleSection":["Economia","Not\u00edcias"],"inLanguage":"pt-PT"},{"@type":"WebPage","@id":"https:\/\/portaltela.pt\/noticias\/2025\/12\/29\/acionistas-da-impresa-autorizam-aumento-de-capital-pela-administracao\/","url":"https:\/\/portaltela.pt\/noticias\/2025\/12\/29\/acionistas-da-impresa-autorizam-aumento-de-capital-pela-administracao\/","name":"Acionistas da Impresa autorizam aumento de capital pela administra\u00e7\u00e3o - Portal Tela Portugal","isPartOf":{"@id":"https:\/\/portaltela.pt\/#website"},"primaryImageOfPage":{"@id":"https:\/\/portaltela.pt\/noticias\/2025\/12\/29\/acionistas-da-impresa-autorizam-aumento-de-capital-pela-administracao\/#primaryimage"},"image":{"@id":"https:\/\/portaltela.pt\/noticias\/2025\/12\/29\/acionistas-da-impresa-autorizam-aumento-de-capital-pela-administracao\/#primaryimage"},"thumbnailUrl":"https:\/\/portaltela.pt\/s.01k8rhncp4jt1\/2025\/12\/img_1500x1000uu2024-02-29-18-33-31-1585650.jpg","datePublished":"2025-12-29T17:01:46+00:00","author":{"@id":"https:\/\/portaltela.pt\/#\/schema\/person\/c4278d4a6028830caff9ee44b42d32ed"},"breadcrumb":{"@id":"https:\/\/portaltela.pt\/noticias\/2025\/12\/29\/acionistas-da-impresa-autorizam-aumento-de-capital-pela-administracao\/#breadcrumb"},"inLanguage":"pt-PT","potentialAction":[{"@type":"ReadAction","target":["https:\/\/portaltela.pt\/noticias\/2025\/12\/29\/acionistas-da-impresa-autorizam-aumento-de-capital-pela-administracao\/"]}]},{"@type":"ImageObject","inLanguage":"pt-PT","@id":"https:\/\/portaltela.pt\/noticias\/2025\/12\/29\/acionistas-da-impresa-autorizam-aumento-de-capital-pela-administracao\/#primaryimage","url":"https:\/\/portaltela.pt\/s.01k8rhncp4jt1\/2025\/12\/img_1500x1000uu2024-02-29-18-33-31-1585650.jpg","contentUrl":"https:\/\/portaltela.pt\/s.01k8rhncp4jt1\/2025\/12\/img_1500x1000uu2024-02-29-18-33-31-1585650.jpg","width":796,"height":448,"caption":"Grupo Impresa"},{"@type":"BreadcrumbList","@id":"https:\/\/portaltela.pt\/noticias\/2025\/12\/29\/acionistas-da-impresa-autorizam-aumento-de-capital-pela-administracao\/#breadcrumb","itemListElement":[{"@type":"ListItem","position":1,"name":"In\u00edcio","item":"https:\/\/portaltela.pt\/"},{"@type":"ListItem","position":2,"name":"Acionistas da Impresa autorizam aumento de capital pela administra\u00e7\u00e3o"}]},{"@type":"WebSite","@id":"https:\/\/portaltela.pt\/#website","url":"https:\/\/portaltela.pt\/","name":"Portal Tela Portugal","description":"","potentialAction":[{"@type":"SearchAction","target":{"@type":"EntryPoint","urlTemplate":"https:\/\/portaltela.pt\/?s={search_term_string}"},"query-input":{"@type":"PropertyValueSpecification","valueRequired":true,"valueName":"search_term_string"}}],"inLanguage":"pt-PT"},{"@type":"Person","@id":"https:\/\/portaltela.pt\/#\/schema\/person\/c4278d4a6028830caff9ee44b42d32ed","name":"Telinha","image":{"@type":"ImageObject","inLanguage":"pt-PT","@id":"https:\/\/portaltela.pt\/s.01k8rhncp4jt1\/2025\/11\/talking-bot-125x125.png","url":"https:\/\/portaltela.pt\/s.01k8rhncp4jt1\/2025\/11\/talking-bot-125x125.png","contentUrl":"https:\/\/portaltela.pt\/s.01k8rhncp4jt1\/2025\/11\/talking-bot-125x125.png","caption":"Telinha"},"sameAs":["https:\/\/portaltela.pt\/"],"url":"https:\/\/portaltela.pt\/por\/367410592786\/"}]}},"_links":{"self":[{"href":"https:\/\/portaltela.pt\/api\/wp\/v2\/posts\/105830","targetHints":{"allow":["GET"]}}],"collection":[{"href":"https:\/\/portaltela.pt\/api\/wp\/v2\/posts"}],"about":[{"href":"https:\/\/portaltela.pt\/api\/wp\/v2\/types\/post"}],"author":[{"embeddable":true,"href":"https:\/\/portaltela.pt\/api\/wp\/v2\/users\/2"}],"replies":[{"embeddable":true,"href":"https:\/\/portaltela.pt\/api\/wp\/v2\/comments?post=105830"}],"version-history":[{"count":0,"href":"https:\/\/portaltela.pt\/api\/wp\/v2\/posts\/105830\/revisions"}],"wp:featuredmedia":[{"embeddable":true,"href":"https:\/\/portaltela.pt\/api\/wp\/v2\/media\/105837"}],"wp:attachment":[{"href":"https:\/\/portaltela.pt\/api\/wp\/v2\/media?parent=105830"}],"wp:term":[{"taxonomy":"category","embeddable":true,"href":"https:\/\/portaltela.pt\/api\/wp\/v2\/categories?post=105830"},{"taxonomy":"post_tag","embeddable":true,"href":"https:\/\/portaltela.pt\/api\/wp\/v2\/tags?post=105830"}],"curies":[{"name":"wp","href":"https:\/\/api.w.org\/{rel}","templated":true}]}}