{"id":105797,"date":"2025-12-29T13:30:00","date_gmt":"2025-12-29T16:30:00","guid":{"rendered":"https:\/\/portaltela.pt\/noticias\/2025\/12\/29\/camara-de-alandroal-aprova-orcamento-de-174-m-para-2026\/"},"modified":"2025-12-29T13:30:00","modified_gmt":"2025-12-29T16:30:00","slug":"camara-de-alandroal-aprova-orcamento-de-174-m-para-2026","status":"publish","type":"post","link":"https:\/\/portaltela.pt\/noticias\/2025\/12\/29\/camara-de-alandroal-aprova-orcamento-de-174-m-para-2026\/","title":{"rendered":"C\u00e2mara de Alandroal aprova or\u00e7amento de 17,4 M\u20ac para 2026"},"content":{"rendered":"<p>A C\u00e2mara de Alandroal, no distrito de \u00c9vora, vai gerir no pr\u00f3ximo ano um or\u00e7amento de 17,4 milh\u00f5es de euros. O an\u00fancio foi feito hoje pelo presidente da C\u00e2mara, Jo\u00e3o Grilo, em declara\u00e7\u00f5es \u00e0 ag\u00eancia Lusa. O or\u00e7amento sucede \u00e0 sa\u00edda do munic\u00edpio do Plano de Ajustamento Municipal (PAM).<\/p>\n<p>Segundo o autarca, o or\u00e7amento para 2026 responde ao funcionamento normal da autarquia, ao apoio \u00e0 popula\u00e7\u00e3o e \u00e0 continua\u00e7\u00e3o da redu\u00e7\u00e3o do endividamento. Em 2026 est\u00e1 prevista uma diminui\u00e7\u00e3o da d\u00edvida na ordem dos 1,2 milh\u00f5es de euros.<\/p>\n<p>A aprova\u00e7\u00e3o na c\u00e2mara ocorreu com votos a favor dos quatro eleitos do PS e absten\u00e7\u00e3o do \u00fanico vereador do N\u00f3s, Cidad\u00e3os!. Na assembleia municipal, os documentos tiveram votos favor\u00e1veis de 13 membros do PS, um do PSD, um do Chega e um da CDU, totalizando 16, com os tr\u00eas vereadores do N\u00f3s, Cidad\u00e3os! a absterem-se.<\/p>\n<p>Grilo destacou que o valor aumenta cerca de 700 mil euros face a 2025, j\u00e1 que os investimentos sobem. As despesas de investimento situam-se perto dos seis milh\u00f5es de euros; o restante corresponde a despesas correntes.<\/p>\n<p>Entre os projetos previstos para 2026, destaca-se o in\u00edcio da constru\u00e7\u00e3o do Centro N\u00e1utico de Juromenha, junto \u00e0 albufeira do Alqueva, com investimento estimado em cerca de um milh\u00e3o de euros. Est\u00e3o tamb\u00e9m previstas obras na Porta Norte da Fortaleza de Juromenha, no miradouro da Torre de Menagem, na ilumina\u00e7\u00e3o c\u00e9nica do Castelo do Alandroal e no Castelo de Terena.<\/p>\n<p>Outros investimentos incluem interven\u00e7\u00f5es ligadas ao Ciclo Urbano da \u00c1gua e \u00e0 efici\u00eancia energ\u00e9tica de edif\u00edcios municipais. A conclus\u00e3o de obras financiadas pelo PRR, como a Loja do Cidad\u00e3o e as extens\u00f5es de sa\u00fade de Pias, Orvalhos e Hortinhas, est\u00e1 prevista para 2026.<\/p>\n<p>No \u00e2mbito da habita\u00e7\u00e3o, a autarquia planeia criar novos loteamentos em Pias, Casas Novas, Aldeia da Venda e Juromenha e avan\u00e7ar com a candidatura ao programa 1.\u00ba Direito, no \u00e2mbito da Estrat\u00e9gia Local de Habita\u00e7\u00e3o. O IMI vai manter-se, mas com redu\u00e7\u00e3o de 0,03 pontos percentuais, passando de 0,45% para 0,42%.<\/p>\n<p>A Derrama mant\u00e9m-se em 1,5% e a participa\u00e7\u00e3o vari\u00e1vel no IRS fica nos 5%. A C\u00e2mara j\u00e1 aplica uma redu\u00e7\u00e3o de 50% do IMI para bombeiros volunt\u00e1rios e prepara novas medidas para idosos, jovens e fam\u00edlias com filhos.<\/p>\n<p>Jo\u00e3o Grilo est\u00e1 no quarto mandato como presidente da C\u00e2mara de Alandroal, num executivo composto por quatro vereadores do PS e um do N\u00f3s, Cidad\u00e3os!.<\/p>\n","protected":false},"excerpt":{"rendered":"<ul>\n<li>Or\u00e7amento de 17,4 milh\u00f5es de euros para 2026, primeiro desde a sa\u00edda do Plano de Ajustamento Municipal, com redu\u00e7\u00e3o da d\u00edvida estimada em 1,2 milh\u00e3o de euros.<\/li>\n<li>Aprovado pela C\u00e2mara Municipal com os quatro vereadores do PS a favor e absten\u00e7\u00e3o do N\u00f3s, Cidad\u00e3os!, e na Assembleia Municipal com votos a favor de PS, PSD, Chega e CDU, e absten\u00e7\u00e3o do N\u00f3s, Cidad\u00e3os!.<\/li>\n<li>O valor total para 2026 sobe cerca de 700 mil euros face a 2025, com despesas de investimento perto de seis milh\u00f5es de euros.<\/li>\n<li>Principais projetos incluem o Centro N\u00e1utico de Juromenha (investimento ~1 milh\u00e3o de euros) e obras na Porta Norte da Fortaleza de Juromenha, Miradouro da Torre de Menagem, Castelo do Alandroal, Castelo de Terena e interven\u00e7\u00f5es no Ciclo Urbano da \u00c1gua e na efici\u00eancia energ\u00e9tica de edif\u00edcios municipais.<\/li>\n<li>Medidas e obras previstas contemplam conclus\u00e3o de a\u00e7\u00f5es financiadas pelo PRR (Loja do Cidad\u00e3o, extens\u00f5es de sa\u00fade em Pias, Orvalhos e Hortinhas), cria\u00e7\u00e3o de novos loteamentos para habita\u00e7\u00e3o e candidatura ao programa 1.\u00ba Direito.<\/li>\n<\/ul>\n","protected":false},"author":2,"featured_media":105800,"comment_status":"closed","ping_status":"closed","sticky":false,"template":"","format":"standard","meta":{"footnotes":""},"categories":[1],"tags":[168,1209,1074,733,1208,1769],"class_list":["post-105797","post","type-post","status-publish","format-standard","has-post-thumbnail","hentry","category-noticias","tag-administracao-publica","tag-derrama","tag-evora","tag-financas-publicas","tag-imi","tag-orcamento-territorio"],"yoast_head":"<!-- This site is optimized with the Yoast SEO plugin v27.2 - https:\/\/yoast.com\/product\/yoast-seo-wordpress\/ -->\n<title>C\u00e2mara de Alandroal aprova or\u00e7amento de 17,4 M\u20ac para 2026 - Portal Tela Portugal<\/title>\n<meta name=\"robots\" content=\"index, follow, max-snippet:-1, max-image-preview:large, max-video-preview:-1\" \/>\n<meta property=\"og:locale\" content=\"pt_PT\" \/>\n<meta property=\"og:type\" content=\"article\" \/>\n<meta property=\"og:title\" content=\"C\u00e2mara de Alandroal aprova or\u00e7amento de 17,4 M\u20ac para 2026 - Portal Tela Portugal\" \/>\n<meta property=\"og:description\" content=\"Or\u00e7amento de 17,4 milh\u00f5es de euros para 2026, primeiro desde a sa\u00edda do Plano de Ajustamento Municipal, com redu\u00e7\u00e3o da d\u00edvida estimada em 1,2 milh\u00e3o de euros. Aprovado pela C\u00e2mara Municipal com os quatro vereadores do PS a favor e absten\u00e7\u00e3o do N\u00f3s, Cidad\u00e3os!, e na Assembleia Municipal com votos a favor de PS, PSD, Chega e CDU, e absten\u00e7\u00e3o do N\u00f3s, Cidad\u00e3os!. O valor total para 2026 sobe cerca de 700 mil euros face a 2025, com despesas de investimento perto de seis milh\u00f5es de euros. Principais projetos incluem o Centro N\u00e1utico de Juromenha (investimento ~1 milh\u00e3o de euros) e obras na Porta Norte da Fortaleza de Juromenha, Miradouro da Torre de Menagem, Castelo do Alandroal, Castelo de Terena e interven\u00e7\u00f5es no Ciclo Urbano da \u00c1gua e na efici\u00eancia energ\u00e9tica de edif\u00edcios municipais. Medidas e obras previstas contemplam conclus\u00e3o de a\u00e7\u00f5es financiadas pelo PRR (Loja do Cidad\u00e3o, extens\u00f5es de sa\u00fade em Pias, Orvalhos e Hortinhas), cria\u00e7\u00e3o de novos loteamentos para habita\u00e7\u00e3o e candidatura ao programa 1.\u00ba Direito.\" \/>\n<meta property=\"og:url\" content=\"https:\/\/portaltela.pt\/noticias\/2025\/12\/29\/camara-de-alandroal-aprova-orcamento-de-174-m-para-2026\/\" \/>\n<meta property=\"og:site_name\" content=\"Portal Tela Portugal\" \/>\n<meta property=\"article:published_time\" content=\"2025-12-29T16:30:00+00:00\" \/>\n<meta name=\"author\" content=\"Telinha\" \/>\n<meta name=\"twitter:card\" content=\"summary_large_image\" \/>\n<meta name=\"twitter:label1\" content=\"Escrito por\" \/>\n\t<meta name=\"twitter:data1\" content=\"Telinha\" \/>\n\t<meta name=\"twitter:label2\" content=\"Tempo estimado de leitura\" \/>\n\t<meta name=\"twitter:data2\" content=\"2 minutos\" \/>\n<script type=\"application\/ld+json\" class=\"yoast-schema-graph\">{\"@context\":\"https:\/\/schema.org\",\"@graph\":[{\"@type\":\"Article\",\"@id\":\"https:\/\/portaltela.pt\/noticias\/2025\/12\/29\/camara-de-alandroal-aprova-orcamento-de-174-m-para-2026\/#article\",\"isPartOf\":{\"@id\":\"https:\/\/portaltela.pt\/noticias\/2025\/12\/29\/camara-de-alandroal-aprova-orcamento-de-174-m-para-2026\/\"},\"author\":{\"name\":\"Telinha\",\"@id\":\"https:\/\/portaltela.pt\/#\/schema\/person\/c4278d4a6028830caff9ee44b42d32ed\"},\"headline\":\"C\u00e2mara de Alandroal aprova or\u00e7amento de 17,4 M\u20ac para 2026\",\"datePublished\":\"2025-12-29T16:30:00+00:00\",\"mainEntityOfPage\":{\"@id\":\"https:\/\/portaltela.pt\/noticias\/2025\/12\/29\/camara-de-alandroal-aprova-orcamento-de-174-m-para-2026\/\"},\"wordCount\":445,\"image\":{\"@id\":\"https:\/\/portaltela.pt\/noticias\/2025\/12\/29\/camara-de-alandroal-aprova-orcamento-de-174-m-para-2026\/#primaryimage\"},\"thumbnailUrl\":\"https:\/\/portaltela.pt\/s.01k8rhncp4jt1\/2025\/12\/camara_alandroal.jpg\",\"keywords\":[\"administra\u00e7\u00e3o p\u00fablica\",\"Derrama\",\"\u00c9vora\",\"finan\u00e7as p\u00fablicas\",\"IMI\",\"Or\u00e7amento\/Territ\u00f3rio\"],\"articleSection\":[\"Not\u00edcias\"],\"inLanguage\":\"pt-PT\"},{\"@type\":\"WebPage\",\"@id\":\"https:\/\/portaltela.pt\/noticias\/2025\/12\/29\/camara-de-alandroal-aprova-orcamento-de-174-m-para-2026\/\",\"url\":\"https:\/\/portaltela.pt\/noticias\/2025\/12\/29\/camara-de-alandroal-aprova-orcamento-de-174-m-para-2026\/\",\"name\":\"C\u00e2mara de Alandroal aprova or\u00e7amento de 17,4 M\u20ac para 2026 - Portal Tela Portugal\",\"isPartOf\":{\"@id\":\"https:\/\/portaltela.pt\/#website\"},\"primaryImageOfPage\":{\"@id\":\"https:\/\/portaltela.pt\/noticias\/2025\/12\/29\/camara-de-alandroal-aprova-orcamento-de-174-m-para-2026\/#primaryimage\"},\"image\":{\"@id\":\"https:\/\/portaltela.pt\/noticias\/2025\/12\/29\/camara-de-alandroal-aprova-orcamento-de-174-m-para-2026\/#primaryimage\"},\"thumbnailUrl\":\"https:\/\/portaltela.pt\/s.01k8rhncp4jt1\/2025\/12\/camara_alandroal.jpg\",\"datePublished\":\"2025-12-29T16:30:00+00:00\",\"author\":{\"@id\":\"https:\/\/portaltela.pt\/#\/schema\/person\/c4278d4a6028830caff9ee44b42d32ed\"},\"breadcrumb\":{\"@id\":\"https:\/\/portaltela.pt\/noticias\/2025\/12\/29\/camara-de-alandroal-aprova-orcamento-de-174-m-para-2026\/#breadcrumb\"},\"inLanguage\":\"pt-PT\",\"potentialAction\":[{\"@type\":\"ReadAction\",\"target\":[\"https:\/\/portaltela.pt\/noticias\/2025\/12\/29\/camara-de-alandroal-aprova-orcamento-de-174-m-para-2026\/\"]}]},{\"@type\":\"ImageObject\",\"inLanguage\":\"pt-PT\",\"@id\":\"https:\/\/portaltela.pt\/noticias\/2025\/12\/29\/camara-de-alandroal-aprova-orcamento-de-174-m-para-2026\/#primaryimage\",\"url\":\"https:\/\/portaltela.pt\/s.01k8rhncp4jt1\/2025\/12\/camara_alandroal.jpg\",\"contentUrl\":\"https:\/\/portaltela.pt\/s.01k8rhncp4jt1\/2025\/12\/camara_alandroal.jpg\",\"width\":796,\"height\":448,\"caption\":\"Munic\u00edpio de Alandroal atribui 110 mil euros de apoio a IPSS com val\u00eancia de lar\"},{\"@type\":\"BreadcrumbList\",\"@id\":\"https:\/\/portaltela.pt\/noticias\/2025\/12\/29\/camara-de-alandroal-aprova-orcamento-de-174-m-para-2026\/#breadcrumb\",\"itemListElement\":[{\"@type\":\"ListItem\",\"position\":1,\"name\":\"In\u00edcio\",\"item\":\"https:\/\/portaltela.pt\/\"},{\"@type\":\"ListItem\",\"position\":2,\"name\":\"C\u00e2mara de Alandroal aprova or\u00e7amento de 17,4 M\u20ac para 2026\"}]},{\"@type\":\"WebSite\",\"@id\":\"https:\/\/portaltela.pt\/#website\",\"url\":\"https:\/\/portaltela.pt\/\",\"name\":\"Portal Tela Portugal\",\"description\":\"\",\"potentialAction\":[{\"@type\":\"SearchAction\",\"target\":{\"@type\":\"EntryPoint\",\"urlTemplate\":\"https:\/\/portaltela.pt\/?s={search_term_string}\"},\"query-input\":{\"@type\":\"PropertyValueSpecification\",\"valueRequired\":true,\"valueName\":\"search_term_string\"}}],\"inLanguage\":\"pt-PT\"},{\"@type\":\"Person\",\"@id\":\"https:\/\/portaltela.pt\/#\/schema\/person\/c4278d4a6028830caff9ee44b42d32ed\",\"name\":\"Telinha\",\"image\":{\"@type\":\"ImageObject\",\"inLanguage\":\"pt-PT\",\"@id\":\"https:\/\/portaltela.pt\/s.01k8rhncp4jt1\/2025\/11\/talking-bot-125x125.png\",\"url\":\"https:\/\/portaltela.pt\/s.01k8rhncp4jt1\/2025\/11\/talking-bot-125x125.png\",\"contentUrl\":\"https:\/\/portaltela.pt\/s.01k8rhncp4jt1\/2025\/11\/talking-bot-125x125.png\",\"caption\":\"Telinha\"},\"sameAs\":[\"https:\/\/portaltela.pt\/\"],\"url\":\"https:\/\/portaltela.pt\/por\/367410592786\/\"}]}<\/script>\n<!-- \/ Yoast SEO plugin. -->","yoast_head_json":{"title":"C\u00e2mara de Alandroal aprova or\u00e7amento de 17,4 M\u20ac para 2026 - Portal Tela Portugal","robots":{"index":"index","follow":"follow","max-snippet":"max-snippet:-1","max-image-preview":"max-image-preview:large","max-video-preview":"max-video-preview:-1"},"og_locale":"pt_PT","og_type":"article","og_title":"C\u00e2mara de Alandroal aprova or\u00e7amento de 17,4 M\u20ac para 2026 - Portal Tela Portugal","og_description":"Or\u00e7amento de 17,4 milh\u00f5es de euros para 2026, primeiro desde a sa\u00edda do Plano de Ajustamento Municipal, com redu\u00e7\u00e3o da d\u00edvida estimada em 1,2 milh\u00e3o de euros. Aprovado pela C\u00e2mara Municipal com os quatro vereadores do PS a favor e absten\u00e7\u00e3o do N\u00f3s, Cidad\u00e3os!, e na Assembleia Municipal com votos a favor de PS, PSD, Chega e CDU, e absten\u00e7\u00e3o do N\u00f3s, Cidad\u00e3os!. O valor total para 2026 sobe cerca de 700 mil euros face a 2025, com despesas de investimento perto de seis milh\u00f5es de euros. Principais projetos incluem o Centro N\u00e1utico de Juromenha (investimento ~1 milh\u00e3o de euros) e obras na Porta Norte da Fortaleza de Juromenha, Miradouro da Torre de Menagem, Castelo do Alandroal, Castelo de Terena e interven\u00e7\u00f5es no Ciclo Urbano da \u00c1gua e na efici\u00eancia energ\u00e9tica de edif\u00edcios municipais. Medidas e obras previstas contemplam conclus\u00e3o de a\u00e7\u00f5es financiadas pelo PRR (Loja do Cidad\u00e3o, extens\u00f5es de sa\u00fade em Pias, Orvalhos e Hortinhas), cria\u00e7\u00e3o de novos loteamentos para habita\u00e7\u00e3o e candidatura ao programa 1.\u00ba Direito.","og_url":"https:\/\/portaltela.pt\/noticias\/2025\/12\/29\/camara-de-alandroal-aprova-orcamento-de-174-m-para-2026\/","og_site_name":"Portal Tela Portugal","article_published_time":"2025-12-29T16:30:00+00:00","author":"Telinha","twitter_card":"summary_large_image","twitter_misc":{"Escrito por":"Telinha","Tempo estimado de leitura":"2 minutos"},"schema":{"@context":"https:\/\/schema.org","@graph":[{"@type":"Article","@id":"https:\/\/portaltela.pt\/noticias\/2025\/12\/29\/camara-de-alandroal-aprova-orcamento-de-174-m-para-2026\/#article","isPartOf":{"@id":"https:\/\/portaltela.pt\/noticias\/2025\/12\/29\/camara-de-alandroal-aprova-orcamento-de-174-m-para-2026\/"},"author":{"name":"Telinha","@id":"https:\/\/portaltela.pt\/#\/schema\/person\/c4278d4a6028830caff9ee44b42d32ed"},"headline":"C\u00e2mara de Alandroal aprova or\u00e7amento de 17,4 M\u20ac para 2026","datePublished":"2025-12-29T16:30:00+00:00","mainEntityOfPage":{"@id":"https:\/\/portaltela.pt\/noticias\/2025\/12\/29\/camara-de-alandroal-aprova-orcamento-de-174-m-para-2026\/"},"wordCount":445,"image":{"@id":"https:\/\/portaltela.pt\/noticias\/2025\/12\/29\/camara-de-alandroal-aprova-orcamento-de-174-m-para-2026\/#primaryimage"},"thumbnailUrl":"https:\/\/portaltela.pt\/s.01k8rhncp4jt1\/2025\/12\/camara_alandroal.jpg","keywords":["administra\u00e7\u00e3o p\u00fablica","Derrama","\u00c9vora","finan\u00e7as p\u00fablicas","IMI","Or\u00e7amento\/Territ\u00f3rio"],"articleSection":["Not\u00edcias"],"inLanguage":"pt-PT"},{"@type":"WebPage","@id":"https:\/\/portaltela.pt\/noticias\/2025\/12\/29\/camara-de-alandroal-aprova-orcamento-de-174-m-para-2026\/","url":"https:\/\/portaltela.pt\/noticias\/2025\/12\/29\/camara-de-alandroal-aprova-orcamento-de-174-m-para-2026\/","name":"C\u00e2mara de Alandroal aprova or\u00e7amento de 17,4 M\u20ac para 2026 - Portal Tela Portugal","isPartOf":{"@id":"https:\/\/portaltela.pt\/#website"},"primaryImageOfPage":{"@id":"https:\/\/portaltela.pt\/noticias\/2025\/12\/29\/camara-de-alandroal-aprova-orcamento-de-174-m-para-2026\/#primaryimage"},"image":{"@id":"https:\/\/portaltela.pt\/noticias\/2025\/12\/29\/camara-de-alandroal-aprova-orcamento-de-174-m-para-2026\/#primaryimage"},"thumbnailUrl":"https:\/\/portaltela.pt\/s.01k8rhncp4jt1\/2025\/12\/camara_alandroal.jpg","datePublished":"2025-12-29T16:30:00+00:00","author":{"@id":"https:\/\/portaltela.pt\/#\/schema\/person\/c4278d4a6028830caff9ee44b42d32ed"},"breadcrumb":{"@id":"https:\/\/portaltela.pt\/noticias\/2025\/12\/29\/camara-de-alandroal-aprova-orcamento-de-174-m-para-2026\/#breadcrumb"},"inLanguage":"pt-PT","potentialAction":[{"@type":"ReadAction","target":["https:\/\/portaltela.pt\/noticias\/2025\/12\/29\/camara-de-alandroal-aprova-orcamento-de-174-m-para-2026\/"]}]},{"@type":"ImageObject","inLanguage":"pt-PT","@id":"https:\/\/portaltela.pt\/noticias\/2025\/12\/29\/camara-de-alandroal-aprova-orcamento-de-174-m-para-2026\/#primaryimage","url":"https:\/\/portaltela.pt\/s.01k8rhncp4jt1\/2025\/12\/camara_alandroal.jpg","contentUrl":"https:\/\/portaltela.pt\/s.01k8rhncp4jt1\/2025\/12\/camara_alandroal.jpg","width":796,"height":448,"caption":"Munic\u00edpio de Alandroal atribui 110 mil euros de apoio a IPSS com val\u00eancia de lar"},{"@type":"BreadcrumbList","@id":"https:\/\/portaltela.pt\/noticias\/2025\/12\/29\/camara-de-alandroal-aprova-orcamento-de-174-m-para-2026\/#breadcrumb","itemListElement":[{"@type":"ListItem","position":1,"name":"In\u00edcio","item":"https:\/\/portaltela.pt\/"},{"@type":"ListItem","position":2,"name":"C\u00e2mara de Alandroal aprova or\u00e7amento de 17,4 M\u20ac para 2026"}]},{"@type":"WebSite","@id":"https:\/\/portaltela.pt\/#website","url":"https:\/\/portaltela.pt\/","name":"Portal Tela Portugal","description":"","potentialAction":[{"@type":"SearchAction","target":{"@type":"EntryPoint","urlTemplate":"https:\/\/portaltela.pt\/?s={search_term_string}"},"query-input":{"@type":"PropertyValueSpecification","valueRequired":true,"valueName":"search_term_string"}}],"inLanguage":"pt-PT"},{"@type":"Person","@id":"https:\/\/portaltela.pt\/#\/schema\/person\/c4278d4a6028830caff9ee44b42d32ed","name":"Telinha","image":{"@type":"ImageObject","inLanguage":"pt-PT","@id":"https:\/\/portaltela.pt\/s.01k8rhncp4jt1\/2025\/11\/talking-bot-125x125.png","url":"https:\/\/portaltela.pt\/s.01k8rhncp4jt1\/2025\/11\/talking-bot-125x125.png","contentUrl":"https:\/\/portaltela.pt\/s.01k8rhncp4jt1\/2025\/11\/talking-bot-125x125.png","caption":"Telinha"},"sameAs":["https:\/\/portaltela.pt\/"],"url":"https:\/\/portaltela.pt\/por\/367410592786\/"}]}},"_links":{"self":[{"href":"https:\/\/portaltela.pt\/api\/wp\/v2\/posts\/105797","targetHints":{"allow":["GET"]}}],"collection":[{"href":"https:\/\/portaltela.pt\/api\/wp\/v2\/posts"}],"about":[{"href":"https:\/\/portaltela.pt\/api\/wp\/v2\/types\/post"}],"author":[{"embeddable":true,"href":"https:\/\/portaltela.pt\/api\/wp\/v2\/users\/2"}],"replies":[{"embeddable":true,"href":"https:\/\/portaltela.pt\/api\/wp\/v2\/comments?post=105797"}],"version-history":[{"count":0,"href":"https:\/\/portaltela.pt\/api\/wp\/v2\/posts\/105797\/revisions"}],"wp:featuredmedia":[{"embeddable":true,"href":"https:\/\/portaltela.pt\/api\/wp\/v2\/media\/105800"}],"wp:attachment":[{"href":"https:\/\/portaltela.pt\/api\/wp\/v2\/media?parent=105797"}],"wp:term":[{"taxonomy":"category","embeddable":true,"href":"https:\/\/portaltela.pt\/api\/wp\/v2\/categories?post=105797"},{"taxonomy":"post_tag","embeddable":true,"href":"https:\/\/portaltela.pt\/api\/wp\/v2\/tags?post=105797"}],"curies":[{"name":"wp","href":"https:\/\/api.w.org\/{rel}","templated":true}]}}