{"id":105769,"date":"2025-12-29T13:53:00","date_gmt":"2025-12-29T16:53:00","guid":{"rendered":"https:\/\/portaltela.pt\/noticias\/2025\/12\/29\/homem-detido-nas-caldas-da-rainha-por-agressoes-a-avos\/"},"modified":"2025-12-29T13:53:00","modified_gmt":"2025-12-29T16:53:00","slug":"homem-detido-nas-caldas-da-rainha-por-agressoes-a-avos","status":"publish","type":"post","link":"https:\/\/portaltela.pt\/noticias\/2025\/12\/29\/homem-detido-nas-caldas-da-rainha-por-agressoes-a-avos\/","title":{"rendered":"Homem detido nas Caldas da Rainha por agress\u00f5es a av\u00f3s"},"content":{"rendered":"<p>Um homem de 31 anos foi detido nas Caldas da Rainha por agress\u00f5es e amea\u00e7as de morte aos av\u00f3s, um casal de octogen\u00e1rios. A deten\u00e7\u00e3o ocorreu no s\u00e1bado, em flagrante delito, pela PSP, segundo informa\u00e7\u00e3o divulgada na segunda-feira.<\/p>\n<p>A opera\u00e7\u00e3o policial foi intensificada para impedir que o suspeito se aproximasse dos av\u00f3s, ap\u00f3s uma den\u00fancia pr\u00e9via, na v\u00e9spera, por viol\u00eancia dom\u00e9stica contra pessoas indefesas pela idade. A PSP confirmou a gravidade dos fatos.<\/p>\n<p>Segundo a pol\u00edcia, o neto vivia com os av\u00f3s na localidade e j\u00e1 tinham existido situa\u00e7\u00f5es anteriores de viol\u00eancia dom\u00e9stica ao longo do ano. A den\u00fancia levou \u00e0 interven\u00e7\u00e3o e \u00e0 deten\u00e7\u00e3o.<\/p>\n<p>A PSP descreve que a agress\u00e3o decorreu no interior da habita\u00e7\u00e3o, quando o suspeito exigia dinheiro para consumo de tabaco e \u00e1lcool. A a\u00e7\u00e3o permitiu a deten\u00e7\u00e3o em flagrante durante uma agress\u00e3o \u00e0 av\u00f3.<\/p>\n<p>O homem foi apresentado \u00e0 autoridade judicial e libertado, mediante a imposi\u00e7\u00e3o de uma medida de coa\u00e7\u00e3o de termo de identidade e resid\u00eancia (TIR), conforme o despacho judicial. A PSP assegura continuidade de vigil\u00e2ncia, conforme o caso.<\/p>\n","protected":false},"excerpt":{"rendered":"<ul>\n<li>Um homem de 31 anos foi detido nas Caldas da Rainha por agress\u00f5es e amea\u00e7as de morte aos av\u00f3s, um casal octogen\u00e1rio, informou a PSP.<\/li>\n<li>A deten\u00e7\u00e3o ocorreu no s\u00e1bado, em flagrante delito, pela patrulha da PSP que tinha aumentado as vigil\u00e2ncias para evitar que o suspeito se aproximasse dos av\u00f3s.<\/li>\n<li>A den\u00fancia anterior, feita no dia anterior, apontava viol\u00eancia dom\u00e9stica contra pessoas indefesas em raz\u00e3o da idade, segundo a PSP.<\/li>\n<li>O agressor vivia com os av\u00f3s e j\u00e1 tinham ocorrido epis\u00f3dios de viol\u00eancia dom\u00e9stica ao longo do ano, ocorrendo a den\u00fancia que levou \u00e0 deten\u00e7\u00e3o.<\/li>\n<li>Na madrugada de s\u00e1bado, o homem arrombou a porta da resid\u00eancia para prosseguir as agress\u00f5es; foi detido em flagrante durante uma agress\u00e3o \u00e0 av\u00f3 e ficou em liberdade com termo de identidade e resid\u00eancia.<\/li>\n<\/ul>\n","protected":false},"author":2,"featured_media":105774,"comment_status":"closed","ping_status":"closed","sticky":false,"template":"","format":"standard","meta":{"footnotes":""},"categories":[1],"tags":[237,2079,1672,1381,939,214],"class_list":["post-105769","post","type-post","status-publish","format-standard","has-post-thumbnail","hentry","category-noticias","tag-abuso-de-maiores-dependentes","tag-agressoes","tag-caldas-da-rainha","tag-psp","tag-violencia","tag-violencia-domestica"],"yoast_head":"<!-- This site is optimized with the Yoast SEO plugin v27.2 - https:\/\/yoast.com\/product\/yoast-seo-wordpress\/ -->\n<title>Homem detido nas Caldas da Rainha por agress\u00f5es a av\u00f3s - Portal Tela Portugal<\/title>\n<meta name=\"robots\" content=\"index, follow, max-snippet:-1, max-image-preview:large, max-video-preview:-1\" \/>\n<meta property=\"og:locale\" content=\"pt_PT\" \/>\n<meta property=\"og:type\" content=\"article\" \/>\n<meta property=\"og:title\" content=\"Homem detido nas Caldas da Rainha por agress\u00f5es a av\u00f3s - Portal Tela Portugal\" \/>\n<meta property=\"og:description\" content=\"Um homem de 31 anos foi detido nas Caldas da Rainha por agress\u00f5es e amea\u00e7as de morte aos av\u00f3s, um casal octogen\u00e1rio, informou a PSP. A deten\u00e7\u00e3o ocorreu no s\u00e1bado, em flagrante delito, pela patrulha da PSP que tinha aumentado as vigil\u00e2ncias para evitar que o suspeito se aproximasse dos av\u00f3s. A den\u00fancia anterior, feita no dia anterior, apontava viol\u00eancia dom\u00e9stica contra pessoas indefesas em raz\u00e3o da idade, segundo a PSP. O agressor vivia com os av\u00f3s e j\u00e1 tinham ocorrido epis\u00f3dios de viol\u00eancia dom\u00e9stica ao longo do ano, ocorrendo a den\u00fancia que levou \u00e0 deten\u00e7\u00e3o. Na madrugada de s\u00e1bado, o homem arrombou a porta da resid\u00eancia para prosseguir as agress\u00f5es; foi detido em flagrante durante uma agress\u00e3o \u00e0 av\u00f3 e ficou em liberdade com termo de identidade e resid\u00eancia.\" \/>\n<meta property=\"og:url\" content=\"https:\/\/portaltela.pt\/noticias\/2025\/12\/29\/homem-detido-nas-caldas-da-rainha-por-agressoes-a-avos\/\" \/>\n<meta property=\"og:site_name\" content=\"Portal Tela Portugal\" \/>\n<meta property=\"article:published_time\" content=\"2025-12-29T16:53:00+00:00\" \/>\n<meta name=\"author\" content=\"Telinha\" \/>\n<meta name=\"twitter:card\" content=\"summary_large_image\" \/>\n<meta name=\"twitter:label1\" content=\"Escrito por\" \/>\n\t<meta name=\"twitter:data1\" content=\"Telinha\" \/>\n\t<meta name=\"twitter:label2\" content=\"Tempo estimado de leitura\" \/>\n\t<meta name=\"twitter:data2\" content=\"1 minuto\" \/>\n<script type=\"application\/ld+json\" class=\"yoast-schema-graph\">{\"@context\":\"https:\/\/schema.org\",\"@graph\":[{\"@type\":\"Article\",\"@id\":\"https:\/\/portaltela.pt\/noticias\/2025\/12\/29\/homem-detido-nas-caldas-da-rainha-por-agressoes-a-avos\/#article\",\"isPartOf\":{\"@id\":\"https:\/\/portaltela.pt\/noticias\/2025\/12\/29\/homem-detido-nas-caldas-da-rainha-por-agressoes-a-avos\/\"},\"author\":{\"name\":\"Telinha\",\"@id\":\"https:\/\/portaltela.pt\/#\/schema\/person\/c4278d4a6028830caff9ee44b42d32ed\"},\"headline\":\"Homem detido nas Caldas da Rainha por agress\u00f5es a av\u00f3s\",\"datePublished\":\"2025-12-29T16:53:00+00:00\",\"mainEntityOfPage\":{\"@id\":\"https:\/\/portaltela.pt\/noticias\/2025\/12\/29\/homem-detido-nas-caldas-da-rainha-por-agressoes-a-avos\/\"},\"wordCount\":215,\"image\":{\"@id\":\"https:\/\/portaltela.pt\/noticias\/2025\/12\/29\/homem-detido-nas-caldas-da-rainha-por-agressoes-a-avos\/#primaryimage\"},\"thumbnailUrl\":\"https:\/\/portaltela.pt\/s.01k8rhncp4jt1\/2025\/12\/dventura-patio-salema-1-scaled-2.jpg\",\"keywords\":[\"abuso de maiores dependentes\",\"agress\u00f5es\",\"Caldas da Rainha\",\"PSP\",\"viol\u00eancia\",\"viol\u00eancia dom\u00e9stica\"],\"articleSection\":[\"Not\u00edcias\"],\"inLanguage\":\"pt-PT\"},{\"@type\":\"WebPage\",\"@id\":\"https:\/\/portaltela.pt\/noticias\/2025\/12\/29\/homem-detido-nas-caldas-da-rainha-por-agressoes-a-avos\/\",\"url\":\"https:\/\/portaltela.pt\/noticias\/2025\/12\/29\/homem-detido-nas-caldas-da-rainha-por-agressoes-a-avos\/\",\"name\":\"Homem detido nas Caldas da Rainha por agress\u00f5es a av\u00f3s - Portal Tela Portugal\",\"isPartOf\":{\"@id\":\"https:\/\/portaltela.pt\/#website\"},\"primaryImageOfPage\":{\"@id\":\"https:\/\/portaltela.pt\/noticias\/2025\/12\/29\/homem-detido-nas-caldas-da-rainha-por-agressoes-a-avos\/#primaryimage\"},\"image\":{\"@id\":\"https:\/\/portaltela.pt\/noticias\/2025\/12\/29\/homem-detido-nas-caldas-da-rainha-por-agressoes-a-avos\/#primaryimage\"},\"thumbnailUrl\":\"https:\/\/portaltela.pt\/s.01k8rhncp4jt1\/2025\/12\/dventura-patio-salema-1-scaled-2.jpg\",\"datePublished\":\"2025-12-29T16:53:00+00:00\",\"author\":{\"@id\":\"https:\/\/portaltela.pt\/#\/schema\/person\/c4278d4a6028830caff9ee44b42d32ed\"},\"breadcrumb\":{\"@id\":\"https:\/\/portaltela.pt\/noticias\/2025\/12\/29\/homem-detido-nas-caldas-da-rainha-por-agressoes-a-avos\/#breadcrumb\"},\"inLanguage\":\"pt-PT\",\"potentialAction\":[{\"@type\":\"ReadAction\",\"target\":[\"https:\/\/portaltela.pt\/noticias\/2025\/12\/29\/homem-detido-nas-caldas-da-rainha-por-agressoes-a-avos\/\"]}]},{\"@type\":\"ImageObject\",\"inLanguage\":\"pt-PT\",\"@id\":\"https:\/\/portaltela.pt\/noticias\/2025\/12\/29\/homem-detido-nas-caldas-da-rainha-por-agressoes-a-avos\/#primaryimage\",\"url\":\"https:\/\/portaltela.pt\/s.01k8rhncp4jt1\/2025\/12\/dventura-patio-salema-1-scaled-2.jpg\",\"contentUrl\":\"https:\/\/portaltela.pt\/s.01k8rhncp4jt1\/2025\/12\/dventura-patio-salema-1-scaled-2.jpg\",\"width\":796,\"height\":448,\"caption\":\"Photo\"},{\"@type\":\"BreadcrumbList\",\"@id\":\"https:\/\/portaltela.pt\/noticias\/2025\/12\/29\/homem-detido-nas-caldas-da-rainha-por-agressoes-a-avos\/#breadcrumb\",\"itemListElement\":[{\"@type\":\"ListItem\",\"position\":1,\"name\":\"In\u00edcio\",\"item\":\"https:\/\/portaltela.pt\/\"},{\"@type\":\"ListItem\",\"position\":2,\"name\":\"Homem detido nas Caldas da Rainha por agress\u00f5es a av\u00f3s\"}]},{\"@type\":\"WebSite\",\"@id\":\"https:\/\/portaltela.pt\/#website\",\"url\":\"https:\/\/portaltela.pt\/\",\"name\":\"Portal Tela Portugal\",\"description\":\"\",\"potentialAction\":[{\"@type\":\"SearchAction\",\"target\":{\"@type\":\"EntryPoint\",\"urlTemplate\":\"https:\/\/portaltela.pt\/?s={search_term_string}\"},\"query-input\":{\"@type\":\"PropertyValueSpecification\",\"valueRequired\":true,\"valueName\":\"search_term_string\"}}],\"inLanguage\":\"pt-PT\"},{\"@type\":\"Person\",\"@id\":\"https:\/\/portaltela.pt\/#\/schema\/person\/c4278d4a6028830caff9ee44b42d32ed\",\"name\":\"Telinha\",\"image\":{\"@type\":\"ImageObject\",\"inLanguage\":\"pt-PT\",\"@id\":\"https:\/\/portaltela.pt\/s.01k8rhncp4jt1\/2025\/11\/talking-bot-125x125.png\",\"url\":\"https:\/\/portaltela.pt\/s.01k8rhncp4jt1\/2025\/11\/talking-bot-125x125.png\",\"contentUrl\":\"https:\/\/portaltela.pt\/s.01k8rhncp4jt1\/2025\/11\/talking-bot-125x125.png\",\"caption\":\"Telinha\"},\"sameAs\":[\"https:\/\/portaltela.pt\/\"],\"url\":\"https:\/\/portaltela.pt\/por\/367410592786\/\"}]}<\/script>\n<!-- \/ Yoast SEO plugin. -->","yoast_head_json":{"title":"Homem detido nas Caldas da Rainha por agress\u00f5es a av\u00f3s - Portal Tela Portugal","robots":{"index":"index","follow":"follow","max-snippet":"max-snippet:-1","max-image-preview":"max-image-preview:large","max-video-preview":"max-video-preview:-1"},"og_locale":"pt_PT","og_type":"article","og_title":"Homem detido nas Caldas da Rainha por agress\u00f5es a av\u00f3s - Portal Tela Portugal","og_description":"Um homem de 31 anos foi detido nas Caldas da Rainha por agress\u00f5es e amea\u00e7as de morte aos av\u00f3s, um casal octogen\u00e1rio, informou a PSP. A deten\u00e7\u00e3o ocorreu no s\u00e1bado, em flagrante delito, pela patrulha da PSP que tinha aumentado as vigil\u00e2ncias para evitar que o suspeito se aproximasse dos av\u00f3s. A den\u00fancia anterior, feita no dia anterior, apontava viol\u00eancia dom\u00e9stica contra pessoas indefesas em raz\u00e3o da idade, segundo a PSP. O agressor vivia com os av\u00f3s e j\u00e1 tinham ocorrido epis\u00f3dios de viol\u00eancia dom\u00e9stica ao longo do ano, ocorrendo a den\u00fancia que levou \u00e0 deten\u00e7\u00e3o. Na madrugada de s\u00e1bado, o homem arrombou a porta da resid\u00eancia para prosseguir as agress\u00f5es; foi detido em flagrante durante uma agress\u00e3o \u00e0 av\u00f3 e ficou em liberdade com termo de identidade e resid\u00eancia.","og_url":"https:\/\/portaltela.pt\/noticias\/2025\/12\/29\/homem-detido-nas-caldas-da-rainha-por-agressoes-a-avos\/","og_site_name":"Portal Tela Portugal","article_published_time":"2025-12-29T16:53:00+00:00","author":"Telinha","twitter_card":"summary_large_image","twitter_misc":{"Escrito por":"Telinha","Tempo estimado de leitura":"1 minuto"},"schema":{"@context":"https:\/\/schema.org","@graph":[{"@type":"Article","@id":"https:\/\/portaltela.pt\/noticias\/2025\/12\/29\/homem-detido-nas-caldas-da-rainha-por-agressoes-a-avos\/#article","isPartOf":{"@id":"https:\/\/portaltela.pt\/noticias\/2025\/12\/29\/homem-detido-nas-caldas-da-rainha-por-agressoes-a-avos\/"},"author":{"name":"Telinha","@id":"https:\/\/portaltela.pt\/#\/schema\/person\/c4278d4a6028830caff9ee44b42d32ed"},"headline":"Homem detido nas Caldas da Rainha por agress\u00f5es a av\u00f3s","datePublished":"2025-12-29T16:53:00+00:00","mainEntityOfPage":{"@id":"https:\/\/portaltela.pt\/noticias\/2025\/12\/29\/homem-detido-nas-caldas-da-rainha-por-agressoes-a-avos\/"},"wordCount":215,"image":{"@id":"https:\/\/portaltela.pt\/noticias\/2025\/12\/29\/homem-detido-nas-caldas-da-rainha-por-agressoes-a-avos\/#primaryimage"},"thumbnailUrl":"https:\/\/portaltela.pt\/s.01k8rhncp4jt1\/2025\/12\/dventura-patio-salema-1-scaled-2.jpg","keywords":["abuso de maiores dependentes","agress\u00f5es","Caldas da Rainha","PSP","viol\u00eancia","viol\u00eancia dom\u00e9stica"],"articleSection":["Not\u00edcias"],"inLanguage":"pt-PT"},{"@type":"WebPage","@id":"https:\/\/portaltela.pt\/noticias\/2025\/12\/29\/homem-detido-nas-caldas-da-rainha-por-agressoes-a-avos\/","url":"https:\/\/portaltela.pt\/noticias\/2025\/12\/29\/homem-detido-nas-caldas-da-rainha-por-agressoes-a-avos\/","name":"Homem detido nas Caldas da Rainha por agress\u00f5es a av\u00f3s - Portal Tela Portugal","isPartOf":{"@id":"https:\/\/portaltela.pt\/#website"},"primaryImageOfPage":{"@id":"https:\/\/portaltela.pt\/noticias\/2025\/12\/29\/homem-detido-nas-caldas-da-rainha-por-agressoes-a-avos\/#primaryimage"},"image":{"@id":"https:\/\/portaltela.pt\/noticias\/2025\/12\/29\/homem-detido-nas-caldas-da-rainha-por-agressoes-a-avos\/#primaryimage"},"thumbnailUrl":"https:\/\/portaltela.pt\/s.01k8rhncp4jt1\/2025\/12\/dventura-patio-salema-1-scaled-2.jpg","datePublished":"2025-12-29T16:53:00+00:00","author":{"@id":"https:\/\/portaltela.pt\/#\/schema\/person\/c4278d4a6028830caff9ee44b42d32ed"},"breadcrumb":{"@id":"https:\/\/portaltela.pt\/noticias\/2025\/12\/29\/homem-detido-nas-caldas-da-rainha-por-agressoes-a-avos\/#breadcrumb"},"inLanguage":"pt-PT","potentialAction":[{"@type":"ReadAction","target":["https:\/\/portaltela.pt\/noticias\/2025\/12\/29\/homem-detido-nas-caldas-da-rainha-por-agressoes-a-avos\/"]}]},{"@type":"ImageObject","inLanguage":"pt-PT","@id":"https:\/\/portaltela.pt\/noticias\/2025\/12\/29\/homem-detido-nas-caldas-da-rainha-por-agressoes-a-avos\/#primaryimage","url":"https:\/\/portaltela.pt\/s.01k8rhncp4jt1\/2025\/12\/dventura-patio-salema-1-scaled-2.jpg","contentUrl":"https:\/\/portaltela.pt\/s.01k8rhncp4jt1\/2025\/12\/dventura-patio-salema-1-scaled-2.jpg","width":796,"height":448,"caption":"Photo"},{"@type":"BreadcrumbList","@id":"https:\/\/portaltela.pt\/noticias\/2025\/12\/29\/homem-detido-nas-caldas-da-rainha-por-agressoes-a-avos\/#breadcrumb","itemListElement":[{"@type":"ListItem","position":1,"name":"In\u00edcio","item":"https:\/\/portaltela.pt\/"},{"@type":"ListItem","position":2,"name":"Homem detido nas Caldas da Rainha por agress\u00f5es a av\u00f3s"}]},{"@type":"WebSite","@id":"https:\/\/portaltela.pt\/#website","url":"https:\/\/portaltela.pt\/","name":"Portal Tela Portugal","description":"","potentialAction":[{"@type":"SearchAction","target":{"@type":"EntryPoint","urlTemplate":"https:\/\/portaltela.pt\/?s={search_term_string}"},"query-input":{"@type":"PropertyValueSpecification","valueRequired":true,"valueName":"search_term_string"}}],"inLanguage":"pt-PT"},{"@type":"Person","@id":"https:\/\/portaltela.pt\/#\/schema\/person\/c4278d4a6028830caff9ee44b42d32ed","name":"Telinha","image":{"@type":"ImageObject","inLanguage":"pt-PT","@id":"https:\/\/portaltela.pt\/s.01k8rhncp4jt1\/2025\/11\/talking-bot-125x125.png","url":"https:\/\/portaltela.pt\/s.01k8rhncp4jt1\/2025\/11\/talking-bot-125x125.png","contentUrl":"https:\/\/portaltela.pt\/s.01k8rhncp4jt1\/2025\/11\/talking-bot-125x125.png","caption":"Telinha"},"sameAs":["https:\/\/portaltela.pt\/"],"url":"https:\/\/portaltela.pt\/por\/367410592786\/"}]}},"_links":{"self":[{"href":"https:\/\/portaltela.pt\/api\/wp\/v2\/posts\/105769","targetHints":{"allow":["GET"]}}],"collection":[{"href":"https:\/\/portaltela.pt\/api\/wp\/v2\/posts"}],"about":[{"href":"https:\/\/portaltela.pt\/api\/wp\/v2\/types\/post"}],"author":[{"embeddable":true,"href":"https:\/\/portaltela.pt\/api\/wp\/v2\/users\/2"}],"replies":[{"embeddable":true,"href":"https:\/\/portaltela.pt\/api\/wp\/v2\/comments?post=105769"}],"version-history":[{"count":0,"href":"https:\/\/portaltela.pt\/api\/wp\/v2\/posts\/105769\/revisions"}],"wp:featuredmedia":[{"embeddable":true,"href":"https:\/\/portaltela.pt\/api\/wp\/v2\/media\/105774"}],"wp:attachment":[{"href":"https:\/\/portaltela.pt\/api\/wp\/v2\/media?parent=105769"}],"wp:term":[{"taxonomy":"category","embeddable":true,"href":"https:\/\/portaltela.pt\/api\/wp\/v2\/categories?post=105769"},{"taxonomy":"post_tag","embeddable":true,"href":"https:\/\/portaltela.pt\/api\/wp\/v2\/tags?post=105769"}],"curies":[{"name":"wp","href":"https:\/\/api.w.org\/{rel}","templated":true}]}}