{"id":105654,"date":"2025-12-29T13:01:11","date_gmt":"2025-12-29T16:01:11","guid":{"rendered":"https:\/\/portaltela.pt\/noticias\/2025\/12\/29\/homem-detido-por-ato-inadequado-diante-de-criancas-numa-escola-em-moscavide\/"},"modified":"2025-12-29T13:01:11","modified_gmt":"2025-12-29T16:01:11","slug":"homem-detido-por-ato-inadequado-diante-de-criancas-numa-escola-em-moscavide","status":"publish","type":"post","link":"https:\/\/portaltela.pt\/noticias\/2025\/12\/29\/homem-detido-por-ato-inadequado-diante-de-criancas-numa-escola-em-moscavide\/","title":{"rendered":"Homem detido por ato inadequado diante de crian\u00e7as numa escola em Moscavide"},"content":{"rendered":"<p>Um homem de 31 anos foi detido pela PSP em Moscavide, no concelho de Loures, ap\u00f3s se masturbar em frente a crian\u00e7as numa escola b\u00e1sica. O incidente ocorreu no dia 18 de dezembro, denunciado por funcion\u00e1rias da escola. O suspeito est\u00e1 a ser investigado por importuna\u00e7\u00e3o sexual de menor.<\/p>\n<p>A deten\u00e7\u00e3o ocorreu ainda nas imedia\u00e7\u00f5es do estabelecimento, segundo informa\u00e7\u00f5es da PSP. O homem foi apresentado a juiz e ficou com a medida de coa\u00e7\u00e3o de proibi\u00e7\u00e3o de aproxima\u00e7\u00e3o de escolas num raio de 500 metros.<\/p>\n<h3>Medida de proibi\u00e7\u00e3o<\/h3>\n<p>A autoridade judici\u00e1ria decidiu manter o homem afastado de escolas, por um per\u00edodo a definir, impedindo qualquer aproxima\u00e7\u00e3o \u00e0s institui\u00e7\u00f5es de ensino dentro do raio estipulado. A medida visa evitar novos contactos com menores at\u00e9 ulterior decis\u00e3o.<\/p>\n","protected":false},"excerpt":{"rendered":"<ul>\n<li>Um homem de 31 anos foi detido pela PSP em Moscavide, Loures, ap\u00f3s se masturbar em frente a crian\u00e7as numa escola b\u00e1sica.<\/li>\n<li>Os factos ocorreram no dia 18 de dezembro e o crime de importuna\u00e7\u00e3o sexual de menores foi denunciado por funcion\u00e1rias da escola.<\/li>\n<li>O suspeito foi apanhado ainda nas imedia\u00e7\u00f5es do estabelecimento de ensino.<\/li>\n<li>Foi presente a juiz e ficou com a medida de proibi\u00e7\u00e3o de aproxima\u00e7\u00e3o de escolas num raio de 500 metros.<\/li>\n<li>A PSP informou que a deten\u00e7\u00e3o ocorreu e que a medida de coa\u00e7\u00e3o foi aplicada conforme o processo.<\/li>\n<\/ul>\n","protected":false},"author":2,"featured_media":105657,"comment_status":"closed","ping_status":"closed","sticky":false,"template":"","format":"standard","meta":{"footnotes":""},"categories":[1],"tags":[147,101,2091,1680,1381,250],"class_list":["post-105654","post","type-post","status-publish","format-standard","has-post-thumbnail","hentry","category-noticias","tag-crime","tag-escolas","tag-importunacao-sexual-de-menor-dependente-ou-em-situacao-vulneravel","tag-loures","tag-psp","tag-seguranca-publica"],"yoast_head":"<!-- This site is optimized with the Yoast SEO plugin v27.2 - https:\/\/yoast.com\/product\/yoast-seo-wordpress\/ -->\n<title>Homem detido por ato inadequado diante de crian\u00e7as numa escola em Moscavide - Portal Tela Portugal<\/title>\n<meta name=\"robots\" content=\"index, follow, max-snippet:-1, max-image-preview:large, max-video-preview:-1\" \/>\n<meta property=\"og:locale\" content=\"pt_PT\" \/>\n<meta property=\"og:type\" content=\"article\" \/>\n<meta property=\"og:title\" content=\"Homem detido por ato inadequado diante de crian\u00e7as numa escola em Moscavide - Portal Tela Portugal\" \/>\n<meta property=\"og:description\" content=\"Um homem de 31 anos foi detido pela PSP em Moscavide, Loures, ap\u00f3s se masturbar em frente a crian\u00e7as numa escola b\u00e1sica. Os factos ocorreram no dia 18 de dezembro e o crime de importuna\u00e7\u00e3o sexual de menores foi denunciado por funcion\u00e1rias da escola. O suspeito foi apanhado ainda nas imedia\u00e7\u00f5es do estabelecimento de ensino. Foi presente a juiz e ficou com a medida de proibi\u00e7\u00e3o de aproxima\u00e7\u00e3o de escolas num raio de 500 metros. A PSP informou que a deten\u00e7\u00e3o ocorreu e que a medida de coa\u00e7\u00e3o foi aplicada conforme o processo.\" \/>\n<meta property=\"og:url\" content=\"https:\/\/portaltela.pt\/noticias\/2025\/12\/29\/homem-detido-por-ato-inadequado-diante-de-criancas-numa-escola-em-moscavide\/\" \/>\n<meta property=\"og:site_name\" content=\"Portal Tela Portugal\" \/>\n<meta property=\"article:published_time\" content=\"2025-12-29T16:01:11+00:00\" \/>\n<meta name=\"author\" content=\"Telinha\" \/>\n<meta name=\"twitter:card\" content=\"summary_large_image\" \/>\n<meta name=\"twitter:label1\" content=\"Escrito por\" \/>\n\t<meta name=\"twitter:data1\" content=\"Telinha\" \/>\n\t<meta name=\"twitter:label2\" content=\"Tempo estimado de leitura\" \/>\n\t<meta name=\"twitter:data2\" content=\"1 minuto\" \/>\n<script type=\"application\/ld+json\" class=\"yoast-schema-graph\">{\"@context\":\"https:\/\/schema.org\",\"@graph\":[{\"@type\":\"Article\",\"@id\":\"https:\/\/portaltela.pt\/noticias\/2025\/12\/29\/homem-detido-por-ato-inadequado-diante-de-criancas-numa-escola-em-moscavide\/#article\",\"isPartOf\":{\"@id\":\"https:\/\/portaltela.pt\/noticias\/2025\/12\/29\/homem-detido-por-ato-inadequado-diante-de-criancas-numa-escola-em-moscavide\/\"},\"author\":{\"name\":\"Telinha\",\"@id\":\"https:\/\/portaltela.pt\/#\/schema\/person\/c4278d4a6028830caff9ee44b42d32ed\"},\"headline\":\"Homem detido por ato inadequado diante de crian\u00e7as numa escola em Moscavide\",\"datePublished\":\"2025-12-29T16:01:11+00:00\",\"mainEntityOfPage\":{\"@id\":\"https:\/\/portaltela.pt\/noticias\/2025\/12\/29\/homem-detido-por-ato-inadequado-diante-de-criancas-numa-escola-em-moscavide\/\"},\"wordCount\":152,\"image\":{\"@id\":\"https:\/\/portaltela.pt\/noticias\/2025\/12\/29\/homem-detido-por-ato-inadequado-diante-de-criancas-numa-escola-em-moscavide\/#primaryimage\"},\"thumbnailUrl\":\"https:\/\/portaltela.pt\/s.01k8rhncp4jt1\/2025\/12\/img_1500x1000uu2025-12-29-13-10-42-2256965.jpg\",\"keywords\":[\"crime\",\"escolas\",\"importuna\u00e7\u00e3o sexual de menor dependente ou em situa\u00e7\u00e3o vulner\u00e1vel\",\"Loures\",\"PSP\",\"seguran\u00e7a p\u00fablica\"],\"articleSection\":[\"Not\u00edcias\"],\"inLanguage\":\"pt-PT\"},{\"@type\":\"WebPage\",\"@id\":\"https:\/\/portaltela.pt\/noticias\/2025\/12\/29\/homem-detido-por-ato-inadequado-diante-de-criancas-numa-escola-em-moscavide\/\",\"url\":\"https:\/\/portaltela.pt\/noticias\/2025\/12\/29\/homem-detido-por-ato-inadequado-diante-de-criancas-numa-escola-em-moscavide\/\",\"name\":\"Homem detido por ato inadequado diante de crian\u00e7as numa escola em Moscavide - Portal Tela Portugal\",\"isPartOf\":{\"@id\":\"https:\/\/portaltela.pt\/#website\"},\"primaryImageOfPage\":{\"@id\":\"https:\/\/portaltela.pt\/noticias\/2025\/12\/29\/homem-detido-por-ato-inadequado-diante-de-criancas-numa-escola-em-moscavide\/#primaryimage\"},\"image\":{\"@id\":\"https:\/\/portaltela.pt\/noticias\/2025\/12\/29\/homem-detido-por-ato-inadequado-diante-de-criancas-numa-escola-em-moscavide\/#primaryimage\"},\"thumbnailUrl\":\"https:\/\/portaltela.pt\/s.01k8rhncp4jt1\/2025\/12\/img_1500x1000uu2025-12-29-13-10-42-2256965.jpg\",\"datePublished\":\"2025-12-29T16:01:11+00:00\",\"author\":{\"@id\":\"https:\/\/portaltela.pt\/#\/schema\/person\/c4278d4a6028830caff9ee44b42d32ed\"},\"breadcrumb\":{\"@id\":\"https:\/\/portaltela.pt\/noticias\/2025\/12\/29\/homem-detido-por-ato-inadequado-diante-de-criancas-numa-escola-em-moscavide\/#breadcrumb\"},\"inLanguage\":\"pt-PT\",\"potentialAction\":[{\"@type\":\"ReadAction\",\"target\":[\"https:\/\/portaltela.pt\/noticias\/2025\/12\/29\/homem-detido-por-ato-inadequado-diante-de-criancas-numa-escola-em-moscavide\/\"]}]},{\"@type\":\"ImageObject\",\"inLanguage\":\"pt-PT\",\"@id\":\"https:\/\/portaltela.pt\/noticias\/2025\/12\/29\/homem-detido-por-ato-inadequado-diante-de-criancas-numa-escola-em-moscavide\/#primaryimage\",\"url\":\"https:\/\/portaltela.pt\/s.01k8rhncp4jt1\/2025\/12\/img_1500x1000uu2025-12-29-13-10-42-2256965.jpg\",\"contentUrl\":\"https:\/\/portaltela.pt\/s.01k8rhncp4jt1\/2025\/12\/img_1500x1000uu2025-12-29-13-10-42-2256965.jpg\",\"width\":796,\"height\":448,\"caption\":\"Homem detido pela PSP\"},{\"@type\":\"BreadcrumbList\",\"@id\":\"https:\/\/portaltela.pt\/noticias\/2025\/12\/29\/homem-detido-por-ato-inadequado-diante-de-criancas-numa-escola-em-moscavide\/#breadcrumb\",\"itemListElement\":[{\"@type\":\"ListItem\",\"position\":1,\"name\":\"In\u00edcio\",\"item\":\"https:\/\/portaltela.pt\/\"},{\"@type\":\"ListItem\",\"position\":2,\"name\":\"Homem detido por ato inadequado diante de crian\u00e7as numa escola em Moscavide\"}]},{\"@type\":\"WebSite\",\"@id\":\"https:\/\/portaltela.pt\/#website\",\"url\":\"https:\/\/portaltela.pt\/\",\"name\":\"Portal Tela Portugal\",\"description\":\"\",\"potentialAction\":[{\"@type\":\"SearchAction\",\"target\":{\"@type\":\"EntryPoint\",\"urlTemplate\":\"https:\/\/portaltela.pt\/?s={search_term_string}\"},\"query-input\":{\"@type\":\"PropertyValueSpecification\",\"valueRequired\":true,\"valueName\":\"search_term_string\"}}],\"inLanguage\":\"pt-PT\"},{\"@type\":\"Person\",\"@id\":\"https:\/\/portaltela.pt\/#\/schema\/person\/c4278d4a6028830caff9ee44b42d32ed\",\"name\":\"Telinha\",\"image\":{\"@type\":\"ImageObject\",\"inLanguage\":\"pt-PT\",\"@id\":\"https:\/\/portaltela.pt\/s.01k8rhncp4jt1\/2025\/11\/talking-bot-125x125.png\",\"url\":\"https:\/\/portaltela.pt\/s.01k8rhncp4jt1\/2025\/11\/talking-bot-125x125.png\",\"contentUrl\":\"https:\/\/portaltela.pt\/s.01k8rhncp4jt1\/2025\/11\/talking-bot-125x125.png\",\"caption\":\"Telinha\"},\"sameAs\":[\"https:\/\/portaltela.pt\/\"],\"url\":\"https:\/\/portaltela.pt\/por\/367410592786\/\"}]}<\/script>\n<!-- \/ Yoast SEO plugin. -->","yoast_head_json":{"title":"Homem detido por ato inadequado diante de crian\u00e7as numa escola em Moscavide - Portal Tela Portugal","robots":{"index":"index","follow":"follow","max-snippet":"max-snippet:-1","max-image-preview":"max-image-preview:large","max-video-preview":"max-video-preview:-1"},"og_locale":"pt_PT","og_type":"article","og_title":"Homem detido por ato inadequado diante de crian\u00e7as numa escola em Moscavide - Portal Tela Portugal","og_description":"Um homem de 31 anos foi detido pela PSP em Moscavide, Loures, ap\u00f3s se masturbar em frente a crian\u00e7as numa escola b\u00e1sica. Os factos ocorreram no dia 18 de dezembro e o crime de importuna\u00e7\u00e3o sexual de menores foi denunciado por funcion\u00e1rias da escola. O suspeito foi apanhado ainda nas imedia\u00e7\u00f5es do estabelecimento de ensino. Foi presente a juiz e ficou com a medida de proibi\u00e7\u00e3o de aproxima\u00e7\u00e3o de escolas num raio de 500 metros. A PSP informou que a deten\u00e7\u00e3o ocorreu e que a medida de coa\u00e7\u00e3o foi aplicada conforme o processo.","og_url":"https:\/\/portaltela.pt\/noticias\/2025\/12\/29\/homem-detido-por-ato-inadequado-diante-de-criancas-numa-escola-em-moscavide\/","og_site_name":"Portal Tela Portugal","article_published_time":"2025-12-29T16:01:11+00:00","author":"Telinha","twitter_card":"summary_large_image","twitter_misc":{"Escrito por":"Telinha","Tempo estimado de leitura":"1 minuto"},"schema":{"@context":"https:\/\/schema.org","@graph":[{"@type":"Article","@id":"https:\/\/portaltela.pt\/noticias\/2025\/12\/29\/homem-detido-por-ato-inadequado-diante-de-criancas-numa-escola-em-moscavide\/#article","isPartOf":{"@id":"https:\/\/portaltela.pt\/noticias\/2025\/12\/29\/homem-detido-por-ato-inadequado-diante-de-criancas-numa-escola-em-moscavide\/"},"author":{"name":"Telinha","@id":"https:\/\/portaltela.pt\/#\/schema\/person\/c4278d4a6028830caff9ee44b42d32ed"},"headline":"Homem detido por ato inadequado diante de crian\u00e7as numa escola em Moscavide","datePublished":"2025-12-29T16:01:11+00:00","mainEntityOfPage":{"@id":"https:\/\/portaltela.pt\/noticias\/2025\/12\/29\/homem-detido-por-ato-inadequado-diante-de-criancas-numa-escola-em-moscavide\/"},"wordCount":152,"image":{"@id":"https:\/\/portaltela.pt\/noticias\/2025\/12\/29\/homem-detido-por-ato-inadequado-diante-de-criancas-numa-escola-em-moscavide\/#primaryimage"},"thumbnailUrl":"https:\/\/portaltela.pt\/s.01k8rhncp4jt1\/2025\/12\/img_1500x1000uu2025-12-29-13-10-42-2256965.jpg","keywords":["crime","escolas","importuna\u00e7\u00e3o sexual de menor dependente ou em situa\u00e7\u00e3o vulner\u00e1vel","Loures","PSP","seguran\u00e7a p\u00fablica"],"articleSection":["Not\u00edcias"],"inLanguage":"pt-PT"},{"@type":"WebPage","@id":"https:\/\/portaltela.pt\/noticias\/2025\/12\/29\/homem-detido-por-ato-inadequado-diante-de-criancas-numa-escola-em-moscavide\/","url":"https:\/\/portaltela.pt\/noticias\/2025\/12\/29\/homem-detido-por-ato-inadequado-diante-de-criancas-numa-escola-em-moscavide\/","name":"Homem detido por ato inadequado diante de crian\u00e7as numa escola em Moscavide - Portal Tela Portugal","isPartOf":{"@id":"https:\/\/portaltela.pt\/#website"},"primaryImageOfPage":{"@id":"https:\/\/portaltela.pt\/noticias\/2025\/12\/29\/homem-detido-por-ato-inadequado-diante-de-criancas-numa-escola-em-moscavide\/#primaryimage"},"image":{"@id":"https:\/\/portaltela.pt\/noticias\/2025\/12\/29\/homem-detido-por-ato-inadequado-diante-de-criancas-numa-escola-em-moscavide\/#primaryimage"},"thumbnailUrl":"https:\/\/portaltela.pt\/s.01k8rhncp4jt1\/2025\/12\/img_1500x1000uu2025-12-29-13-10-42-2256965.jpg","datePublished":"2025-12-29T16:01:11+00:00","author":{"@id":"https:\/\/portaltela.pt\/#\/schema\/person\/c4278d4a6028830caff9ee44b42d32ed"},"breadcrumb":{"@id":"https:\/\/portaltela.pt\/noticias\/2025\/12\/29\/homem-detido-por-ato-inadequado-diante-de-criancas-numa-escola-em-moscavide\/#breadcrumb"},"inLanguage":"pt-PT","potentialAction":[{"@type":"ReadAction","target":["https:\/\/portaltela.pt\/noticias\/2025\/12\/29\/homem-detido-por-ato-inadequado-diante-de-criancas-numa-escola-em-moscavide\/"]}]},{"@type":"ImageObject","inLanguage":"pt-PT","@id":"https:\/\/portaltela.pt\/noticias\/2025\/12\/29\/homem-detido-por-ato-inadequado-diante-de-criancas-numa-escola-em-moscavide\/#primaryimage","url":"https:\/\/portaltela.pt\/s.01k8rhncp4jt1\/2025\/12\/img_1500x1000uu2025-12-29-13-10-42-2256965.jpg","contentUrl":"https:\/\/portaltela.pt\/s.01k8rhncp4jt1\/2025\/12\/img_1500x1000uu2025-12-29-13-10-42-2256965.jpg","width":796,"height":448,"caption":"Homem detido pela PSP"},{"@type":"BreadcrumbList","@id":"https:\/\/portaltela.pt\/noticias\/2025\/12\/29\/homem-detido-por-ato-inadequado-diante-de-criancas-numa-escola-em-moscavide\/#breadcrumb","itemListElement":[{"@type":"ListItem","position":1,"name":"In\u00edcio","item":"https:\/\/portaltela.pt\/"},{"@type":"ListItem","position":2,"name":"Homem detido por ato inadequado diante de crian\u00e7as numa escola em Moscavide"}]},{"@type":"WebSite","@id":"https:\/\/portaltela.pt\/#website","url":"https:\/\/portaltela.pt\/","name":"Portal Tela Portugal","description":"","potentialAction":[{"@type":"SearchAction","target":{"@type":"EntryPoint","urlTemplate":"https:\/\/portaltela.pt\/?s={search_term_string}"},"query-input":{"@type":"PropertyValueSpecification","valueRequired":true,"valueName":"search_term_string"}}],"inLanguage":"pt-PT"},{"@type":"Person","@id":"https:\/\/portaltela.pt\/#\/schema\/person\/c4278d4a6028830caff9ee44b42d32ed","name":"Telinha","image":{"@type":"ImageObject","inLanguage":"pt-PT","@id":"https:\/\/portaltela.pt\/s.01k8rhncp4jt1\/2025\/11\/talking-bot-125x125.png","url":"https:\/\/portaltela.pt\/s.01k8rhncp4jt1\/2025\/11\/talking-bot-125x125.png","contentUrl":"https:\/\/portaltela.pt\/s.01k8rhncp4jt1\/2025\/11\/talking-bot-125x125.png","caption":"Telinha"},"sameAs":["https:\/\/portaltela.pt\/"],"url":"https:\/\/portaltela.pt\/por\/367410592786\/"}]}},"_links":{"self":[{"href":"https:\/\/portaltela.pt\/api\/wp\/v2\/posts\/105654","targetHints":{"allow":["GET"]}}],"collection":[{"href":"https:\/\/portaltela.pt\/api\/wp\/v2\/posts"}],"about":[{"href":"https:\/\/portaltela.pt\/api\/wp\/v2\/types\/post"}],"author":[{"embeddable":true,"href":"https:\/\/portaltela.pt\/api\/wp\/v2\/users\/2"}],"replies":[{"embeddable":true,"href":"https:\/\/portaltela.pt\/api\/wp\/v2\/comments?post=105654"}],"version-history":[{"count":0,"href":"https:\/\/portaltela.pt\/api\/wp\/v2\/posts\/105654\/revisions"}],"wp:featuredmedia":[{"embeddable":true,"href":"https:\/\/portaltela.pt\/api\/wp\/v2\/media\/105657"}],"wp:attachment":[{"href":"https:\/\/portaltela.pt\/api\/wp\/v2\/media?parent=105654"}],"wp:term":[{"taxonomy":"category","embeddable":true,"href":"https:\/\/portaltela.pt\/api\/wp\/v2\/categories?post=105654"},{"taxonomy":"post_tag","embeddable":true,"href":"https:\/\/portaltela.pt\/api\/wp\/v2\/tags?post=105654"}],"curies":[{"name":"wp","href":"https:\/\/api.w.org\/{rel}","templated":true}]}}