{"id":105649,"date":"2025-12-29T12:34:30","date_gmt":"2025-12-29T15:34:30","guid":{"rendered":"https:\/\/portaltela.pt\/noticias\/2025\/12\/29\/pj-participa-em-operacao-internacional-da-interpol-e-detem-fugitivo-em-portugal\/"},"modified":"2025-12-29T12:34:30","modified_gmt":"2025-12-29T15:34:30","slug":"pj-participa-em-operacao-internacional-da-interpol-e-detem-fugitivo-em-portugal","status":"publish","type":"post","link":"https:\/\/portaltela.pt\/noticias\/2025\/12\/29\/pj-participa-em-operacao-internacional-da-interpol-e-detem-fugitivo-em-portugal\/","title":{"rendered":"PJ participa em opera\u00e7\u00e3o internacional da INTERPOL e det\u00e9m fugitivo em Portugal"},"content":{"rendered":"<p>A Pol\u00edcia Judici\u00e1ria (PJ) integrou uma opera\u00e7\u00e3o internacional coordenada pela INTERPOL, que nos \u00faltimos seis meses deteve 85 fugitivos em v\u00e1rios continentes, incluindo Portugal, com um brasileiro suspeito de liga\u00e7\u00e3o ao PCC.<\/p>\n<p>Em territ\u00f3rio portugu\u00eas, a PJ deteve o brasileiro, acusado de pertencer ao Primeiro Comando da Capital, desmantelando um corredor de tr\u00e1fico de coca\u00edna entre S\u00e3o Paulo e o continente europeu.<\/p>\n<p>Dos detidos, 19 eram procurados por homic\u00eddio, 29 por tr\u00e1fico de droga, 28 por crimes sexuais contra crian\u00e7as e 7 por viola\u00e7\u00e3o. Os restantes casos envolveram tr\u00e1fico de seres humanos, branqueamento de capitais e outros crimes.<\/p>\n<p>A opera\u00e7\u00e3o contou com 17 pa\u00edses e decorreu entre junho e novembro, abrangendo Am\u00e9rica Latina, Cara\u00edbas e Europa, com troca de informa\u00e7\u00f5es em tempo real e coopera\u00e7\u00e3o entre investigadores.<\/p>\n<p>A a\u00e7\u00e3o integra o apoio da INTERPOL ao EL PACCTO 2.0, iniciativa que visa uma rede internacional permanente de investigadores de fugitivos e investiga\u00e7\u00f5es conjuntas entre regi\u00f5es.<\/p>\n","protected":false},"excerpt":{"rendered":"<ul>\n<li>A Pol\u00edcia Judici\u00e1ria participou numa opera\u00e7\u00e3o internacional coordenada pela INTERPOL que, nos \u00faltimos seis meses, levou \u00e0 deten\u00e7\u00e3o de 85 fugitivos em v\u00e1rios continentes.<\/li>\n<li>Em Portugal, foi detido um cidad\u00e3o brasileiro suspeito de liga\u00e7\u00e3o ao Primeiro Comando da Capital (PCC), desmantelando um corredor de tr\u00e1fico de coca\u00edna entre S\u00e3o Paulo e a Europa.<\/li>\n<li>Entre junho e novembro, investigadores de 17 pa\u00edses colaboraram na a\u00e7\u00e3o, que abrangeu a Am\u00e9rica Latina, Cara\u00edbas e Europa.<\/li>\n<li>Do total de detidos, 19 eram procurados por homic\u00eddio, 29 por tr\u00e1fico de droga, 28 por crimes sexuais contra crian\u00e7as e sete por viola\u00e7\u00e3o; os restantes casos envolviam tr\u00e1fico de seres humanos, branqueamento de capitais e outros crimes ligados a organiza\u00e7\u00f5es criminosas.<\/li>\n<li>A opera\u00e7\u00e3o integra o apoio da INTERPOL ao EL PACCTO 2.0, iniciativa que visa criar uma rede internacional permanente de investigadores de fugitivos e promover investiga\u00e7\u00f5es conjuntas atrav\u00e9s da coopera\u00e7\u00e3o policial inter-regional e do interc\u00e2mbio de informa\u00e7\u00e3o.<\/li>\n<\/ul>\n","protected":false},"author":2,"featured_media":105656,"comment_status":"closed","ping_status":"closed","sticky":false,"template":"","format":"standard","meta":{"footnotes":""},"categories":[1],"tags":[256,2089,1345,1802,96,473],"class_list":["post-105649","post","type-post","status-publish","format-standard","has-post-thumbnail","hentry","category-noticias","tag-cooperacao-internacional","tag-crimes-sexuais-contra-criancas","tag-homicidio","tag-policia-judiciaria","tag-trafico-de-droga","tag-trafico-de-pessoas"],"yoast_head":"<!-- This site is optimized with the Yoast SEO plugin v27.2 - https:\/\/yoast.com\/product\/yoast-seo-wordpress\/ -->\n<title>PJ participa em opera\u00e7\u00e3o internacional da INTERPOL e det\u00e9m fugitivo em Portugal - Portal Tela Portugal<\/title>\n<meta name=\"robots\" content=\"index, follow, max-snippet:-1, max-image-preview:large, max-video-preview:-1\" \/>\n<meta property=\"og:locale\" content=\"pt_PT\" \/>\n<meta property=\"og:type\" content=\"article\" \/>\n<meta property=\"og:title\" content=\"PJ participa em opera\u00e7\u00e3o internacional da INTERPOL e det\u00e9m fugitivo em Portugal - Portal Tela Portugal\" \/>\n<meta property=\"og:description\" content=\"A Pol\u00edcia Judici\u00e1ria participou numa opera\u00e7\u00e3o internacional coordenada pela INTERPOL que, nos \u00faltimos seis meses, levou \u00e0 deten\u00e7\u00e3o de 85 fugitivos em v\u00e1rios continentes. Em Portugal, foi detido um cidad\u00e3o brasileiro suspeito de liga\u00e7\u00e3o ao Primeiro Comando da Capital (PCC), desmantelando um corredor de tr\u00e1fico de coca\u00edna entre S\u00e3o Paulo e a Europa. Entre junho e novembro, investigadores de 17 pa\u00edses colaboraram na a\u00e7\u00e3o, que abrangeu a Am\u00e9rica Latina, Cara\u00edbas e Europa. Do total de detidos, 19 eram procurados por homic\u00eddio, 29 por tr\u00e1fico de droga, 28 por crimes sexuais contra crian\u00e7as e sete por viola\u00e7\u00e3o; os restantes casos envolviam tr\u00e1fico de seres humanos, branqueamento de capitais e outros crimes ligados a organiza\u00e7\u00f5es criminosas. A opera\u00e7\u00e3o integra o apoio da INTERPOL ao EL PACCTO 2.0, iniciativa que visa criar uma rede internacional permanente de investigadores de fugitivos e promover investiga\u00e7\u00f5es conjuntas atrav\u00e9s da coopera\u00e7\u00e3o policial inter-regional e do interc\u00e2mbio de informa\u00e7\u00e3o.\" \/>\n<meta property=\"og:url\" content=\"https:\/\/portaltela.pt\/noticias\/2025\/12\/29\/pj-participa-em-operacao-internacional-da-interpol-e-detem-fugitivo-em-portugal\/\" \/>\n<meta property=\"og:site_name\" content=\"Portal Tela Portugal\" \/>\n<meta property=\"article:published_time\" content=\"2025-12-29T15:34:30+00:00\" \/>\n<meta name=\"author\" content=\"Telinha\" \/>\n<meta name=\"twitter:card\" content=\"summary_large_image\" \/>\n<meta name=\"twitter:label1\" content=\"Escrito por\" \/>\n\t<meta name=\"twitter:data1\" content=\"Telinha\" \/>\n\t<meta name=\"twitter:label2\" content=\"Tempo estimado de leitura\" \/>\n\t<meta name=\"twitter:data2\" content=\"1 minuto\" \/>\n<script type=\"application\/ld+json\" class=\"yoast-schema-graph\">{\"@context\":\"https:\/\/schema.org\",\"@graph\":[{\"@type\":\"Article\",\"@id\":\"https:\/\/portaltela.pt\/noticias\/2025\/12\/29\/pj-participa-em-operacao-internacional-da-interpol-e-detem-fugitivo-em-portugal\/#article\",\"isPartOf\":{\"@id\":\"https:\/\/portaltela.pt\/noticias\/2025\/12\/29\/pj-participa-em-operacao-internacional-da-interpol-e-detem-fugitivo-em-portugal\/\"},\"author\":{\"name\":\"Telinha\",\"@id\":\"https:\/\/portaltela.pt\/#\/schema\/person\/c4278d4a6028830caff9ee44b42d32ed\"},\"headline\":\"PJ participa em opera\u00e7\u00e3o internacional da INTERPOL e det\u00e9m fugitivo em Portugal\",\"datePublished\":\"2025-12-29T15:34:30+00:00\",\"mainEntityOfPage\":{\"@id\":\"https:\/\/portaltela.pt\/noticias\/2025\/12\/29\/pj-participa-em-operacao-internacional-da-interpol-e-detem-fugitivo-em-portugal\/\"},\"wordCount\":185,\"image\":{\"@id\":\"https:\/\/portaltela.pt\/noticias\/2025\/12\/29\/pj-participa-em-operacao-internacional-da-interpol-e-detem-fugitivo-em-portugal\/#primaryimage\"},\"thumbnailUrl\":\"https:\/\/portaltela.pt\/s.01k8rhncp4jt1\/2025\/12\/unnamed-file-2355.jpg\",\"keywords\":[\"coopera\u00e7\u00e3o internacional\",\"crimes sexuais contra crian\u00e7as\",\"homic\u00eddio\",\"Pol\u00edcia Judici\u00e1ria\",\"tr\u00e1fico de droga\",\"tr\u00e1fico de pessoas\"],\"articleSection\":[\"Not\u00edcias\"],\"inLanguage\":\"pt-PT\"},{\"@type\":\"WebPage\",\"@id\":\"https:\/\/portaltela.pt\/noticias\/2025\/12\/29\/pj-participa-em-operacao-internacional-da-interpol-e-detem-fugitivo-em-portugal\/\",\"url\":\"https:\/\/portaltela.pt\/noticias\/2025\/12\/29\/pj-participa-em-operacao-internacional-da-interpol-e-detem-fugitivo-em-portugal\/\",\"name\":\"PJ participa em opera\u00e7\u00e3o internacional da INTERPOL e det\u00e9m fugitivo em Portugal - Portal Tela Portugal\",\"isPartOf\":{\"@id\":\"https:\/\/portaltela.pt\/#website\"},\"primaryImageOfPage\":{\"@id\":\"https:\/\/portaltela.pt\/noticias\/2025\/12\/29\/pj-participa-em-operacao-internacional-da-interpol-e-detem-fugitivo-em-portugal\/#primaryimage\"},\"image\":{\"@id\":\"https:\/\/portaltela.pt\/noticias\/2025\/12\/29\/pj-participa-em-operacao-internacional-da-interpol-e-detem-fugitivo-em-portugal\/#primaryimage\"},\"thumbnailUrl\":\"https:\/\/portaltela.pt\/s.01k8rhncp4jt1\/2025\/12\/unnamed-file-2355.jpg\",\"datePublished\":\"2025-12-29T15:34:30+00:00\",\"author\":{\"@id\":\"https:\/\/portaltela.pt\/#\/schema\/person\/c4278d4a6028830caff9ee44b42d32ed\"},\"breadcrumb\":{\"@id\":\"https:\/\/portaltela.pt\/noticias\/2025\/12\/29\/pj-participa-em-operacao-internacional-da-interpol-e-detem-fugitivo-em-portugal\/#breadcrumb\"},\"inLanguage\":\"pt-PT\",\"potentialAction\":[{\"@type\":\"ReadAction\",\"target\":[\"https:\/\/portaltela.pt\/noticias\/2025\/12\/29\/pj-participa-em-operacao-internacional-da-interpol-e-detem-fugitivo-em-portugal\/\"]}]},{\"@type\":\"ImageObject\",\"inLanguage\":\"pt-PT\",\"@id\":\"https:\/\/portaltela.pt\/noticias\/2025\/12\/29\/pj-participa-em-operacao-internacional-da-interpol-e-detem-fugitivo-em-portugal\/#primaryimage\",\"url\":\"https:\/\/portaltela.pt\/s.01k8rhncp4jt1\/2025\/12\/unnamed-file-2355.jpg\",\"contentUrl\":\"https:\/\/portaltela.pt\/s.01k8rhncp4jt1\/2025\/12\/unnamed-file-2355.jpg\",\"width\":796,\"height\":448,\"caption\":\"PJ det\u00e9m suspeito de atear seis inc\u00eandios em Pinhel\"},{\"@type\":\"BreadcrumbList\",\"@id\":\"https:\/\/portaltela.pt\/noticias\/2025\/12\/29\/pj-participa-em-operacao-internacional-da-interpol-e-detem-fugitivo-em-portugal\/#breadcrumb\",\"itemListElement\":[{\"@type\":\"ListItem\",\"position\":1,\"name\":\"In\u00edcio\",\"item\":\"https:\/\/portaltela.pt\/\"},{\"@type\":\"ListItem\",\"position\":2,\"name\":\"PJ participa em opera\u00e7\u00e3o internacional da INTERPOL e det\u00e9m fugitivo em Portugal\"}]},{\"@type\":\"WebSite\",\"@id\":\"https:\/\/portaltela.pt\/#website\",\"url\":\"https:\/\/portaltela.pt\/\",\"name\":\"Portal Tela Portugal\",\"description\":\"\",\"potentialAction\":[{\"@type\":\"SearchAction\",\"target\":{\"@type\":\"EntryPoint\",\"urlTemplate\":\"https:\/\/portaltela.pt\/?s={search_term_string}\"},\"query-input\":{\"@type\":\"PropertyValueSpecification\",\"valueRequired\":true,\"valueName\":\"search_term_string\"}}],\"inLanguage\":\"pt-PT\"},{\"@type\":\"Person\",\"@id\":\"https:\/\/portaltela.pt\/#\/schema\/person\/c4278d4a6028830caff9ee44b42d32ed\",\"name\":\"Telinha\",\"image\":{\"@type\":\"ImageObject\",\"inLanguage\":\"pt-PT\",\"@id\":\"https:\/\/portaltela.pt\/s.01k8rhncp4jt1\/2025\/11\/talking-bot-125x125.png\",\"url\":\"https:\/\/portaltela.pt\/s.01k8rhncp4jt1\/2025\/11\/talking-bot-125x125.png\",\"contentUrl\":\"https:\/\/portaltela.pt\/s.01k8rhncp4jt1\/2025\/11\/talking-bot-125x125.png\",\"caption\":\"Telinha\"},\"sameAs\":[\"https:\/\/portaltela.pt\/\"],\"url\":\"https:\/\/portaltela.pt\/por\/367410592786\/\"}]}<\/script>\n<!-- \/ Yoast SEO plugin. -->","yoast_head_json":{"title":"PJ participa em opera\u00e7\u00e3o internacional da INTERPOL e det\u00e9m fugitivo em Portugal - Portal Tela Portugal","robots":{"index":"index","follow":"follow","max-snippet":"max-snippet:-1","max-image-preview":"max-image-preview:large","max-video-preview":"max-video-preview:-1"},"og_locale":"pt_PT","og_type":"article","og_title":"PJ participa em opera\u00e7\u00e3o internacional da INTERPOL e det\u00e9m fugitivo em Portugal - Portal Tela Portugal","og_description":"A Pol\u00edcia Judici\u00e1ria participou numa opera\u00e7\u00e3o internacional coordenada pela INTERPOL que, nos \u00faltimos seis meses, levou \u00e0 deten\u00e7\u00e3o de 85 fugitivos em v\u00e1rios continentes. Em Portugal, foi detido um cidad\u00e3o brasileiro suspeito de liga\u00e7\u00e3o ao Primeiro Comando da Capital (PCC), desmantelando um corredor de tr\u00e1fico de coca\u00edna entre S\u00e3o Paulo e a Europa. Entre junho e novembro, investigadores de 17 pa\u00edses colaboraram na a\u00e7\u00e3o, que abrangeu a Am\u00e9rica Latina, Cara\u00edbas e Europa. Do total de detidos, 19 eram procurados por homic\u00eddio, 29 por tr\u00e1fico de droga, 28 por crimes sexuais contra crian\u00e7as e sete por viola\u00e7\u00e3o; os restantes casos envolviam tr\u00e1fico de seres humanos, branqueamento de capitais e outros crimes ligados a organiza\u00e7\u00f5es criminosas. A opera\u00e7\u00e3o integra o apoio da INTERPOL ao EL PACCTO 2.0, iniciativa que visa criar uma rede internacional permanente de investigadores de fugitivos e promover investiga\u00e7\u00f5es conjuntas atrav\u00e9s da coopera\u00e7\u00e3o policial inter-regional e do interc\u00e2mbio de informa\u00e7\u00e3o.","og_url":"https:\/\/portaltela.pt\/noticias\/2025\/12\/29\/pj-participa-em-operacao-internacional-da-interpol-e-detem-fugitivo-em-portugal\/","og_site_name":"Portal Tela Portugal","article_published_time":"2025-12-29T15:34:30+00:00","author":"Telinha","twitter_card":"summary_large_image","twitter_misc":{"Escrito por":"Telinha","Tempo estimado de leitura":"1 minuto"},"schema":{"@context":"https:\/\/schema.org","@graph":[{"@type":"Article","@id":"https:\/\/portaltela.pt\/noticias\/2025\/12\/29\/pj-participa-em-operacao-internacional-da-interpol-e-detem-fugitivo-em-portugal\/#article","isPartOf":{"@id":"https:\/\/portaltela.pt\/noticias\/2025\/12\/29\/pj-participa-em-operacao-internacional-da-interpol-e-detem-fugitivo-em-portugal\/"},"author":{"name":"Telinha","@id":"https:\/\/portaltela.pt\/#\/schema\/person\/c4278d4a6028830caff9ee44b42d32ed"},"headline":"PJ participa em opera\u00e7\u00e3o internacional da INTERPOL e det\u00e9m fugitivo em Portugal","datePublished":"2025-12-29T15:34:30+00:00","mainEntityOfPage":{"@id":"https:\/\/portaltela.pt\/noticias\/2025\/12\/29\/pj-participa-em-operacao-internacional-da-interpol-e-detem-fugitivo-em-portugal\/"},"wordCount":185,"image":{"@id":"https:\/\/portaltela.pt\/noticias\/2025\/12\/29\/pj-participa-em-operacao-internacional-da-interpol-e-detem-fugitivo-em-portugal\/#primaryimage"},"thumbnailUrl":"https:\/\/portaltela.pt\/s.01k8rhncp4jt1\/2025\/12\/unnamed-file-2355.jpg","keywords":["coopera\u00e7\u00e3o internacional","crimes sexuais contra crian\u00e7as","homic\u00eddio","Pol\u00edcia Judici\u00e1ria","tr\u00e1fico de droga","tr\u00e1fico de pessoas"],"articleSection":["Not\u00edcias"],"inLanguage":"pt-PT"},{"@type":"WebPage","@id":"https:\/\/portaltela.pt\/noticias\/2025\/12\/29\/pj-participa-em-operacao-internacional-da-interpol-e-detem-fugitivo-em-portugal\/","url":"https:\/\/portaltela.pt\/noticias\/2025\/12\/29\/pj-participa-em-operacao-internacional-da-interpol-e-detem-fugitivo-em-portugal\/","name":"PJ participa em opera\u00e7\u00e3o internacional da INTERPOL e det\u00e9m fugitivo em Portugal - Portal Tela Portugal","isPartOf":{"@id":"https:\/\/portaltela.pt\/#website"},"primaryImageOfPage":{"@id":"https:\/\/portaltela.pt\/noticias\/2025\/12\/29\/pj-participa-em-operacao-internacional-da-interpol-e-detem-fugitivo-em-portugal\/#primaryimage"},"image":{"@id":"https:\/\/portaltela.pt\/noticias\/2025\/12\/29\/pj-participa-em-operacao-internacional-da-interpol-e-detem-fugitivo-em-portugal\/#primaryimage"},"thumbnailUrl":"https:\/\/portaltela.pt\/s.01k8rhncp4jt1\/2025\/12\/unnamed-file-2355.jpg","datePublished":"2025-12-29T15:34:30+00:00","author":{"@id":"https:\/\/portaltela.pt\/#\/schema\/person\/c4278d4a6028830caff9ee44b42d32ed"},"breadcrumb":{"@id":"https:\/\/portaltela.pt\/noticias\/2025\/12\/29\/pj-participa-em-operacao-internacional-da-interpol-e-detem-fugitivo-em-portugal\/#breadcrumb"},"inLanguage":"pt-PT","potentialAction":[{"@type":"ReadAction","target":["https:\/\/portaltela.pt\/noticias\/2025\/12\/29\/pj-participa-em-operacao-internacional-da-interpol-e-detem-fugitivo-em-portugal\/"]}]},{"@type":"ImageObject","inLanguage":"pt-PT","@id":"https:\/\/portaltela.pt\/noticias\/2025\/12\/29\/pj-participa-em-operacao-internacional-da-interpol-e-detem-fugitivo-em-portugal\/#primaryimage","url":"https:\/\/portaltela.pt\/s.01k8rhncp4jt1\/2025\/12\/unnamed-file-2355.jpg","contentUrl":"https:\/\/portaltela.pt\/s.01k8rhncp4jt1\/2025\/12\/unnamed-file-2355.jpg","width":796,"height":448,"caption":"PJ det\u00e9m suspeito de atear seis inc\u00eandios em Pinhel"},{"@type":"BreadcrumbList","@id":"https:\/\/portaltela.pt\/noticias\/2025\/12\/29\/pj-participa-em-operacao-internacional-da-interpol-e-detem-fugitivo-em-portugal\/#breadcrumb","itemListElement":[{"@type":"ListItem","position":1,"name":"In\u00edcio","item":"https:\/\/portaltela.pt\/"},{"@type":"ListItem","position":2,"name":"PJ participa em opera\u00e7\u00e3o internacional da INTERPOL e det\u00e9m fugitivo em Portugal"}]},{"@type":"WebSite","@id":"https:\/\/portaltela.pt\/#website","url":"https:\/\/portaltela.pt\/","name":"Portal Tela Portugal","description":"","potentialAction":[{"@type":"SearchAction","target":{"@type":"EntryPoint","urlTemplate":"https:\/\/portaltela.pt\/?s={search_term_string}"},"query-input":{"@type":"PropertyValueSpecification","valueRequired":true,"valueName":"search_term_string"}}],"inLanguage":"pt-PT"},{"@type":"Person","@id":"https:\/\/portaltela.pt\/#\/schema\/person\/c4278d4a6028830caff9ee44b42d32ed","name":"Telinha","image":{"@type":"ImageObject","inLanguage":"pt-PT","@id":"https:\/\/portaltela.pt\/s.01k8rhncp4jt1\/2025\/11\/talking-bot-125x125.png","url":"https:\/\/portaltela.pt\/s.01k8rhncp4jt1\/2025\/11\/talking-bot-125x125.png","contentUrl":"https:\/\/portaltela.pt\/s.01k8rhncp4jt1\/2025\/11\/talking-bot-125x125.png","caption":"Telinha"},"sameAs":["https:\/\/portaltela.pt\/"],"url":"https:\/\/portaltela.pt\/por\/367410592786\/"}]}},"_links":{"self":[{"href":"https:\/\/portaltela.pt\/api\/wp\/v2\/posts\/105649","targetHints":{"allow":["GET"]}}],"collection":[{"href":"https:\/\/portaltela.pt\/api\/wp\/v2\/posts"}],"about":[{"href":"https:\/\/portaltela.pt\/api\/wp\/v2\/types\/post"}],"author":[{"embeddable":true,"href":"https:\/\/portaltela.pt\/api\/wp\/v2\/users\/2"}],"replies":[{"embeddable":true,"href":"https:\/\/portaltela.pt\/api\/wp\/v2\/comments?post=105649"}],"version-history":[{"count":0,"href":"https:\/\/portaltela.pt\/api\/wp\/v2\/posts\/105649\/revisions"}],"wp:featuredmedia":[{"embeddable":true,"href":"https:\/\/portaltela.pt\/api\/wp\/v2\/media\/105656"}],"wp:attachment":[{"href":"https:\/\/portaltela.pt\/api\/wp\/v2\/media?parent=105649"}],"wp:term":[{"taxonomy":"category","embeddable":true,"href":"https:\/\/portaltela.pt\/api\/wp\/v2\/categories?post=105649"},{"taxonomy":"post_tag","embeddable":true,"href":"https:\/\/portaltela.pt\/api\/wp\/v2\/tags?post=105649"}],"curies":[{"name":"wp","href":"https:\/\/api.w.org\/{rel}","templated":true}]}}