{"id":105310,"date":"2025-12-29T10:21:49","date_gmt":"2025-12-29T13:21:49","guid":{"rendered":"https:\/\/portaltela.pt\/noticias\/2025\/12\/29\/nuno-brito-toma-posse-como-comandante-dos-bombeiros-voluntarios-de-lordelo\/"},"modified":"2025-12-29T10:21:49","modified_gmt":"2025-12-29T13:21:49","slug":"nuno-brito-toma-posse-como-comandante-dos-bombeiros-voluntarios-de-lordelo","status":"publish","type":"post","link":"https:\/\/portaltela.pt\/noticias\/2025\/12\/29\/nuno-brito-toma-posse-como-comandante-dos-bombeiros-voluntarios-de-lordelo\/","title":{"rendered":"Nuno Brito toma posse como comandante dos Bombeiros Volunt\u00e1rios de Lordelo"},"content":{"rendered":"<p>Nuno Brito tomou posse como comandante dos Bombeiros Volunt\u00e1rios de Lordelo na manh\u00e3 de domingo, 28 de dezembro, numa cerim\u00f3nia em Lordelo. A sess\u00e3o contou com a presen\u00e7a de autoridades locais e representantes do corpo de bombeiros, sem registar incidentes relevantes durante o ato.<\/p>\n<p>O presidente da C\u00e2mara Municipal de Paredes, Alexandre Almeida, fez quest\u00e3o de agradecer o servi\u00e7o prestado pela corpora\u00e7\u00e3o e anunciou o compromisso do munic\u00edpio em manter o apoio institucional. Refor\u00e7ou ainda a garantia de aquisi\u00e7\u00e3o de material essencial para aumentar a seguran\u00e7a operacional.<\/p>\n<p>O novo comandante afirmou assumir o cargo com responsabilidade, destacando o objetivo de proteger, socorrer e liderar com rigor. O ato contou com a participa\u00e7\u00e3o do vice-presidente do munic\u00edpio, Francisco Leal, e de representantes de entidades ligadas aos bombeiros de Lordelo.<\/p>\n<h3>Apoio institucional e coopera\u00e7\u00e3o<\/h3>\n<p>O evento contou com a presen\u00e7a de o Comandante Sub-Regional de Emerg\u00eancia e Prote\u00e7\u00e3o Civil da \u00c1rea Metropolitana do Porto, Albano Teixeira, bem como de representantes da Liga dos Bombeiros Portugueses e da Federa\u00e7\u00e3o de Bombeiros do Distrito do Porto.<\/p>\n<p>Foi sublinhada a continuidade da coopera\u00e7\u00e3o entre o Munic\u00edpio, as corpora\u00e7\u00f5es locais e entidades associadas para melhorar a seguran\u00e7a e o bem-estar da comunidade de Lordelo. O protocolo de apoio ao material e \u00e0 forma\u00e7\u00e3o mant\u00e9m-se como prioridade.<\/p>\n","protected":false},"excerpt":{"rendered":"<ul>\n<li>Nuno Brito tomou posse como comandante dos Bombeiros Volunt\u00e1rios de Lordelo no dia 28 de dezembro, numa cerim\u00f3nia com autoridades locais.<\/li>\n<li>O presidente da C\u00e2mara Municipal de Paredes, Alexandre Almeida, garantiu o apoio cont\u00ednuo do munic\u00edpio, incluindo ajuda na aquisi\u00e7\u00e3o de material essencial para opera\u00e7\u00f5es seguras.<\/li>\n<li>O novo comandante afirmou que o momento representa um compromisso de proteger, socorrer e liderar com responsabilidade.<\/li>\n<li>A cerim\u00f3nia contou com a presen\u00e7a de Albano Teixeira, Lu\u00eds Dias, \u00d3scar Rodrigues, Ant\u00f3nio Seabra e representantes das corpora\u00e7\u00f5es de bombeiros do concelho, entre outros convidados.<\/li>\n<li>O ato refor\u00e7ou a coopera\u00e7\u00e3o institucional para a seguran\u00e7a e bem-estar da comunidade, mantendo o apoio j\u00e1 existente entre o munic\u00edpio e as entidades locais.<\/li>\n<\/ul>\n","protected":false},"author":2,"featured_media":105319,"comment_status":"closed","ping_status":"closed","sticky":false,"template":"","format":"standard","meta":{"footnotes":""},"categories":[1],"tags":[168,971,703,1935,2081,320],"class_list":["post-105310","post","type-post","status-publish","format-standard","has-post-thumbnail","hentry","category-noticias","tag-administracao-publica","tag-bombeiros","tag-camara","tag-emergencias","tag-liga-dos-bombeiros-portugueses","tag-protecao-civil"],"yoast_head":"<!-- This site is optimized with the Yoast SEO plugin v27.2 - https:\/\/yoast.com\/product\/yoast-seo-wordpress\/ -->\n<title>Nuno Brito toma posse como comandante dos Bombeiros Volunt\u00e1rios de Lordelo - Portal Tela Portugal<\/title>\n<meta name=\"robots\" content=\"index, follow, max-snippet:-1, max-image-preview:large, max-video-preview:-1\" \/>\n<meta property=\"og:locale\" content=\"pt_PT\" \/>\n<meta property=\"og:type\" content=\"article\" \/>\n<meta property=\"og:title\" content=\"Nuno Brito toma posse como comandante dos Bombeiros Volunt\u00e1rios de Lordelo - Portal Tela Portugal\" \/>\n<meta property=\"og:description\" content=\"Nuno Brito tomou posse como comandante dos Bombeiros Volunt\u00e1rios de Lordelo no dia 28 de dezembro, numa cerim\u00f3nia com autoridades locais. O presidente da C\u00e2mara Municipal de Paredes, Alexandre Almeida, garantiu o apoio cont\u00ednuo do munic\u00edpio, incluindo ajuda na aquisi\u00e7\u00e3o de material essencial para opera\u00e7\u00f5es seguras. O novo comandante afirmou que o momento representa um compromisso de proteger, socorrer e liderar com responsabilidade. A cerim\u00f3nia contou com a presen\u00e7a de Albano Teixeira, Lu\u00eds Dias, \u00d3scar Rodrigues, Ant\u00f3nio Seabra e representantes das corpora\u00e7\u00f5es de bombeiros do concelho, entre outros convidados. O ato refor\u00e7ou a coopera\u00e7\u00e3o institucional para a seguran\u00e7a e bem-estar da comunidade, mantendo o apoio j\u00e1 existente entre o munic\u00edpio e as entidades locais.\" \/>\n<meta property=\"og:url\" content=\"https:\/\/portaltela.pt\/noticias\/2025\/12\/29\/nuno-brito-toma-posse-como-comandante-dos-bombeiros-voluntarios-de-lordelo\/\" \/>\n<meta property=\"og:site_name\" content=\"Portal Tela Portugal\" \/>\n<meta property=\"article:published_time\" content=\"2025-12-29T13:21:49+00:00\" \/>\n<meta name=\"author\" content=\"Telinha\" \/>\n<meta name=\"twitter:card\" content=\"summary_large_image\" \/>\n<meta name=\"twitter:label1\" content=\"Escrito por\" \/>\n\t<meta name=\"twitter:data1\" content=\"Telinha\" \/>\n\t<meta name=\"twitter:label2\" content=\"Tempo estimado de leitura\" \/>\n\t<meta name=\"twitter:data2\" content=\"1 minuto\" \/>\n<script type=\"application\/ld+json\" class=\"yoast-schema-graph\">{\"@context\":\"https:\/\/schema.org\",\"@graph\":[{\"@type\":\"Article\",\"@id\":\"https:\/\/portaltela.pt\/noticias\/2025\/12\/29\/nuno-brito-toma-posse-como-comandante-dos-bombeiros-voluntarios-de-lordelo\/#article\",\"isPartOf\":{\"@id\":\"https:\/\/portaltela.pt\/noticias\/2025\/12\/29\/nuno-brito-toma-posse-como-comandante-dos-bombeiros-voluntarios-de-lordelo\/\"},\"author\":{\"name\":\"Telinha\",\"@id\":\"https:\/\/portaltela.pt\/#\/schema\/person\/c4278d4a6028830caff9ee44b42d32ed\"},\"headline\":\"Nuno Brito toma posse como comandante dos Bombeiros Volunt\u00e1rios de Lordelo\",\"datePublished\":\"2025-12-29T13:21:49+00:00\",\"mainEntityOfPage\":{\"@id\":\"https:\/\/portaltela.pt\/noticias\/2025\/12\/29\/nuno-brito-toma-posse-como-comandante-dos-bombeiros-voluntarios-de-lordelo\/\"},\"wordCount\":245,\"image\":{\"@id\":\"https:\/\/portaltela.pt\/noticias\/2025\/12\/29\/nuno-brito-toma-posse-como-comandante-dos-bombeiros-voluntarios-de-lordelo\/#primaryimage\"},\"thumbnailUrl\":\"https:\/\/portaltela.pt\/s.01k8rhncp4jt1\/2025\/12\/Nuno-Brito-tomou-posse-como-comandante-dos-Bombeiros-Voluntarios-Lordelo.jpg\",\"keywords\":[\"administra\u00e7\u00e3o p\u00fablica\",\"bombeiros\",\"c\u00e2mara\",\"emerg\u00eancias\",\"Liga dos Bombeiros Portugueses\",\"prote\u00e7\u00e3o civil\"],\"articleSection\":[\"Not\u00edcias\"],\"inLanguage\":\"pt-PT\"},{\"@type\":\"WebPage\",\"@id\":\"https:\/\/portaltela.pt\/noticias\/2025\/12\/29\/nuno-brito-toma-posse-como-comandante-dos-bombeiros-voluntarios-de-lordelo\/\",\"url\":\"https:\/\/portaltela.pt\/noticias\/2025\/12\/29\/nuno-brito-toma-posse-como-comandante-dos-bombeiros-voluntarios-de-lordelo\/\",\"name\":\"Nuno Brito toma posse como comandante dos Bombeiros Volunt\u00e1rios de Lordelo - Portal Tela Portugal\",\"isPartOf\":{\"@id\":\"https:\/\/portaltela.pt\/#website\"},\"primaryImageOfPage\":{\"@id\":\"https:\/\/portaltela.pt\/noticias\/2025\/12\/29\/nuno-brito-toma-posse-como-comandante-dos-bombeiros-voluntarios-de-lordelo\/#primaryimage\"},\"image\":{\"@id\":\"https:\/\/portaltela.pt\/noticias\/2025\/12\/29\/nuno-brito-toma-posse-como-comandante-dos-bombeiros-voluntarios-de-lordelo\/#primaryimage\"},\"thumbnailUrl\":\"https:\/\/portaltela.pt\/s.01k8rhncp4jt1\/2025\/12\/Nuno-Brito-tomou-posse-como-comandante-dos-Bombeiros-Voluntarios-Lordelo.jpg\",\"datePublished\":\"2025-12-29T13:21:49+00:00\",\"author\":{\"@id\":\"https:\/\/portaltela.pt\/#\/schema\/person\/c4278d4a6028830caff9ee44b42d32ed\"},\"breadcrumb\":{\"@id\":\"https:\/\/portaltela.pt\/noticias\/2025\/12\/29\/nuno-brito-toma-posse-como-comandante-dos-bombeiros-voluntarios-de-lordelo\/#breadcrumb\"},\"inLanguage\":\"pt-PT\",\"potentialAction\":[{\"@type\":\"ReadAction\",\"target\":[\"https:\/\/portaltela.pt\/noticias\/2025\/12\/29\/nuno-brito-toma-posse-como-comandante-dos-bombeiros-voluntarios-de-lordelo\/\"]}]},{\"@type\":\"ImageObject\",\"inLanguage\":\"pt-PT\",\"@id\":\"https:\/\/portaltela.pt\/noticias\/2025\/12\/29\/nuno-brito-toma-posse-como-comandante-dos-bombeiros-voluntarios-de-lordelo\/#primaryimage\",\"url\":\"https:\/\/portaltela.pt\/s.01k8rhncp4jt1\/2025\/12\/Nuno-Brito-tomou-posse-como-comandante-dos-Bombeiros-Voluntarios-Lordelo.jpg\",\"contentUrl\":\"https:\/\/portaltela.pt\/s.01k8rhncp4jt1\/2025\/12\/Nuno-Brito-tomou-posse-como-comandante-dos-Bombeiros-Voluntarios-Lordelo.jpg\",\"width\":796,\"height\":448,\"caption\":\"Nuno Brito tomou posse como comandante dos Bombeiros Volunt\u00e1rios Lordelo\"},{\"@type\":\"BreadcrumbList\",\"@id\":\"https:\/\/portaltela.pt\/noticias\/2025\/12\/29\/nuno-brito-toma-posse-como-comandante-dos-bombeiros-voluntarios-de-lordelo\/#breadcrumb\",\"itemListElement\":[{\"@type\":\"ListItem\",\"position\":1,\"name\":\"In\u00edcio\",\"item\":\"https:\/\/portaltela.pt\/\"},{\"@type\":\"ListItem\",\"position\":2,\"name\":\"Nuno Brito toma posse como comandante dos Bombeiros Volunt\u00e1rios de Lordelo\"}]},{\"@type\":\"WebSite\",\"@id\":\"https:\/\/portaltela.pt\/#website\",\"url\":\"https:\/\/portaltela.pt\/\",\"name\":\"Portal Tela Portugal\",\"description\":\"\",\"potentialAction\":[{\"@type\":\"SearchAction\",\"target\":{\"@type\":\"EntryPoint\",\"urlTemplate\":\"https:\/\/portaltela.pt\/?s={search_term_string}\"},\"query-input\":{\"@type\":\"PropertyValueSpecification\",\"valueRequired\":true,\"valueName\":\"search_term_string\"}}],\"inLanguage\":\"pt-PT\"},{\"@type\":\"Person\",\"@id\":\"https:\/\/portaltela.pt\/#\/schema\/person\/c4278d4a6028830caff9ee44b42d32ed\",\"name\":\"Telinha\",\"image\":{\"@type\":\"ImageObject\",\"inLanguage\":\"pt-PT\",\"@id\":\"https:\/\/portaltela.pt\/s.01k8rhncp4jt1\/2025\/11\/talking-bot-125x125.png\",\"url\":\"https:\/\/portaltela.pt\/s.01k8rhncp4jt1\/2025\/11\/talking-bot-125x125.png\",\"contentUrl\":\"https:\/\/portaltela.pt\/s.01k8rhncp4jt1\/2025\/11\/talking-bot-125x125.png\",\"caption\":\"Telinha\"},\"sameAs\":[\"https:\/\/portaltela.pt\/\"],\"url\":\"https:\/\/portaltela.pt\/por\/367410592786\/\"}]}<\/script>\n<!-- \/ Yoast SEO plugin. -->","yoast_head_json":{"title":"Nuno Brito toma posse como comandante dos Bombeiros Volunt\u00e1rios de Lordelo - Portal Tela Portugal","robots":{"index":"index","follow":"follow","max-snippet":"max-snippet:-1","max-image-preview":"max-image-preview:large","max-video-preview":"max-video-preview:-1"},"og_locale":"pt_PT","og_type":"article","og_title":"Nuno Brito toma posse como comandante dos Bombeiros Volunt\u00e1rios de Lordelo - Portal Tela Portugal","og_description":"Nuno Brito tomou posse como comandante dos Bombeiros Volunt\u00e1rios de Lordelo no dia 28 de dezembro, numa cerim\u00f3nia com autoridades locais. O presidente da C\u00e2mara Municipal de Paredes, Alexandre Almeida, garantiu o apoio cont\u00ednuo do munic\u00edpio, incluindo ajuda na aquisi\u00e7\u00e3o de material essencial para opera\u00e7\u00f5es seguras. O novo comandante afirmou que o momento representa um compromisso de proteger, socorrer e liderar com responsabilidade. A cerim\u00f3nia contou com a presen\u00e7a de Albano Teixeira, Lu\u00eds Dias, \u00d3scar Rodrigues, Ant\u00f3nio Seabra e representantes das corpora\u00e7\u00f5es de bombeiros do concelho, entre outros convidados. O ato refor\u00e7ou a coopera\u00e7\u00e3o institucional para a seguran\u00e7a e bem-estar da comunidade, mantendo o apoio j\u00e1 existente entre o munic\u00edpio e as entidades locais.","og_url":"https:\/\/portaltela.pt\/noticias\/2025\/12\/29\/nuno-brito-toma-posse-como-comandante-dos-bombeiros-voluntarios-de-lordelo\/","og_site_name":"Portal Tela Portugal","article_published_time":"2025-12-29T13:21:49+00:00","author":"Telinha","twitter_card":"summary_large_image","twitter_misc":{"Escrito por":"Telinha","Tempo estimado de leitura":"1 minuto"},"schema":{"@context":"https:\/\/schema.org","@graph":[{"@type":"Article","@id":"https:\/\/portaltela.pt\/noticias\/2025\/12\/29\/nuno-brito-toma-posse-como-comandante-dos-bombeiros-voluntarios-de-lordelo\/#article","isPartOf":{"@id":"https:\/\/portaltela.pt\/noticias\/2025\/12\/29\/nuno-brito-toma-posse-como-comandante-dos-bombeiros-voluntarios-de-lordelo\/"},"author":{"name":"Telinha","@id":"https:\/\/portaltela.pt\/#\/schema\/person\/c4278d4a6028830caff9ee44b42d32ed"},"headline":"Nuno Brito toma posse como comandante dos Bombeiros Volunt\u00e1rios de Lordelo","datePublished":"2025-12-29T13:21:49+00:00","mainEntityOfPage":{"@id":"https:\/\/portaltela.pt\/noticias\/2025\/12\/29\/nuno-brito-toma-posse-como-comandante-dos-bombeiros-voluntarios-de-lordelo\/"},"wordCount":245,"image":{"@id":"https:\/\/portaltela.pt\/noticias\/2025\/12\/29\/nuno-brito-toma-posse-como-comandante-dos-bombeiros-voluntarios-de-lordelo\/#primaryimage"},"thumbnailUrl":"https:\/\/portaltela.pt\/s.01k8rhncp4jt1\/2025\/12\/Nuno-Brito-tomou-posse-como-comandante-dos-Bombeiros-Voluntarios-Lordelo.jpg","keywords":["administra\u00e7\u00e3o p\u00fablica","bombeiros","c\u00e2mara","emerg\u00eancias","Liga dos Bombeiros Portugueses","prote\u00e7\u00e3o civil"],"articleSection":["Not\u00edcias"],"inLanguage":"pt-PT"},{"@type":"WebPage","@id":"https:\/\/portaltela.pt\/noticias\/2025\/12\/29\/nuno-brito-toma-posse-como-comandante-dos-bombeiros-voluntarios-de-lordelo\/","url":"https:\/\/portaltela.pt\/noticias\/2025\/12\/29\/nuno-brito-toma-posse-como-comandante-dos-bombeiros-voluntarios-de-lordelo\/","name":"Nuno Brito toma posse como comandante dos Bombeiros Volunt\u00e1rios de Lordelo - Portal Tela Portugal","isPartOf":{"@id":"https:\/\/portaltela.pt\/#website"},"primaryImageOfPage":{"@id":"https:\/\/portaltela.pt\/noticias\/2025\/12\/29\/nuno-brito-toma-posse-como-comandante-dos-bombeiros-voluntarios-de-lordelo\/#primaryimage"},"image":{"@id":"https:\/\/portaltela.pt\/noticias\/2025\/12\/29\/nuno-brito-toma-posse-como-comandante-dos-bombeiros-voluntarios-de-lordelo\/#primaryimage"},"thumbnailUrl":"https:\/\/portaltela.pt\/s.01k8rhncp4jt1\/2025\/12\/Nuno-Brito-tomou-posse-como-comandante-dos-Bombeiros-Voluntarios-Lordelo.jpg","datePublished":"2025-12-29T13:21:49+00:00","author":{"@id":"https:\/\/portaltela.pt\/#\/schema\/person\/c4278d4a6028830caff9ee44b42d32ed"},"breadcrumb":{"@id":"https:\/\/portaltela.pt\/noticias\/2025\/12\/29\/nuno-brito-toma-posse-como-comandante-dos-bombeiros-voluntarios-de-lordelo\/#breadcrumb"},"inLanguage":"pt-PT","potentialAction":[{"@type":"ReadAction","target":["https:\/\/portaltela.pt\/noticias\/2025\/12\/29\/nuno-brito-toma-posse-como-comandante-dos-bombeiros-voluntarios-de-lordelo\/"]}]},{"@type":"ImageObject","inLanguage":"pt-PT","@id":"https:\/\/portaltela.pt\/noticias\/2025\/12\/29\/nuno-brito-toma-posse-como-comandante-dos-bombeiros-voluntarios-de-lordelo\/#primaryimage","url":"https:\/\/portaltela.pt\/s.01k8rhncp4jt1\/2025\/12\/Nuno-Brito-tomou-posse-como-comandante-dos-Bombeiros-Voluntarios-Lordelo.jpg","contentUrl":"https:\/\/portaltela.pt\/s.01k8rhncp4jt1\/2025\/12\/Nuno-Brito-tomou-posse-como-comandante-dos-Bombeiros-Voluntarios-Lordelo.jpg","width":796,"height":448,"caption":"Nuno Brito tomou posse como comandante dos Bombeiros Volunt\u00e1rios Lordelo"},{"@type":"BreadcrumbList","@id":"https:\/\/portaltela.pt\/noticias\/2025\/12\/29\/nuno-brito-toma-posse-como-comandante-dos-bombeiros-voluntarios-de-lordelo\/#breadcrumb","itemListElement":[{"@type":"ListItem","position":1,"name":"In\u00edcio","item":"https:\/\/portaltela.pt\/"},{"@type":"ListItem","position":2,"name":"Nuno Brito toma posse como comandante dos Bombeiros Volunt\u00e1rios de Lordelo"}]},{"@type":"WebSite","@id":"https:\/\/portaltela.pt\/#website","url":"https:\/\/portaltela.pt\/","name":"Portal Tela Portugal","description":"","potentialAction":[{"@type":"SearchAction","target":{"@type":"EntryPoint","urlTemplate":"https:\/\/portaltela.pt\/?s={search_term_string}"},"query-input":{"@type":"PropertyValueSpecification","valueRequired":true,"valueName":"search_term_string"}}],"inLanguage":"pt-PT"},{"@type":"Person","@id":"https:\/\/portaltela.pt\/#\/schema\/person\/c4278d4a6028830caff9ee44b42d32ed","name":"Telinha","image":{"@type":"ImageObject","inLanguage":"pt-PT","@id":"https:\/\/portaltela.pt\/s.01k8rhncp4jt1\/2025\/11\/talking-bot-125x125.png","url":"https:\/\/portaltela.pt\/s.01k8rhncp4jt1\/2025\/11\/talking-bot-125x125.png","contentUrl":"https:\/\/portaltela.pt\/s.01k8rhncp4jt1\/2025\/11\/talking-bot-125x125.png","caption":"Telinha"},"sameAs":["https:\/\/portaltela.pt\/"],"url":"https:\/\/portaltela.pt\/por\/367410592786\/"}]}},"_links":{"self":[{"href":"https:\/\/portaltela.pt\/api\/wp\/v2\/posts\/105310","targetHints":{"allow":["GET"]}}],"collection":[{"href":"https:\/\/portaltela.pt\/api\/wp\/v2\/posts"}],"about":[{"href":"https:\/\/portaltela.pt\/api\/wp\/v2\/types\/post"}],"author":[{"embeddable":true,"href":"https:\/\/portaltela.pt\/api\/wp\/v2\/users\/2"}],"replies":[{"embeddable":true,"href":"https:\/\/portaltela.pt\/api\/wp\/v2\/comments?post=105310"}],"version-history":[{"count":0,"href":"https:\/\/portaltela.pt\/api\/wp\/v2\/posts\/105310\/revisions"}],"wp:featuredmedia":[{"embeddable":true,"href":"https:\/\/portaltela.pt\/api\/wp\/v2\/media\/105319"}],"wp:attachment":[{"href":"https:\/\/portaltela.pt\/api\/wp\/v2\/media?parent=105310"}],"wp:term":[{"taxonomy":"category","embeddable":true,"href":"https:\/\/portaltela.pt\/api\/wp\/v2\/categories?post=105310"},{"taxonomy":"post_tag","embeddable":true,"href":"https:\/\/portaltela.pt\/api\/wp\/v2\/tags?post=105310"}],"curies":[{"name":"wp","href":"https:\/\/api.w.org\/{rel}","templated":true}]}}