{"id":105236,"date":"2025-12-29T10:11:00","date_gmt":"2025-12-29T13:11:00","guid":{"rendered":"https:\/\/portaltela.pt\/noticias\/2025\/12\/29\/tiago-pinto-rejeita-ideia-de-que-pizzi-almeida-rafa-e-grimaldo-eram-maus-profissionais\/"},"modified":"2025-12-29T10:11:00","modified_gmt":"2025-12-29T13:11:00","slug":"tiago-pinto-rejeita-ideia-de-que-pizzi-almeida-rafa-e-grimaldo-eram-maus-profissionais","status":"publish","type":"post","link":"https:\/\/portaltela.pt\/desporto\/futebol\/2025\/12\/29\/tiago-pinto-rejeita-ideia-de-que-pizzi-almeida-rafa-e-grimaldo-eram-maus-profissionais\/","title":{"rendered":"Tiago Pinto rejeita ideia de que Pizzi, Almeida, Rafa e Grimaldo eram maus profissionais"},"content":{"rendered":"<p>Tiago Pinto, actualmente Diretor Desportivo do Bournemouth, foi Director Geral do Futebol do Benfica e integrou a Roma, onde partilhou experi\u00eancias com Jos\u00e9 Mourinho. Em entrevista ao podcast Final Cut, falou sobre o seu passado na estrutura benfiquista e na equipa italiana.<\/p>\n<p>O dirigente mostrou-se cr\u00edtico face a narrativas que, na sua vis\u00e3o, desvalorizam antigos jogadores do Benfica. Afirmou que \u00e9 revoltante ver Pizzi, Andr\u00e9 Almeida, Rafa e Grimaldo descritos como maus profissionais, considerando tais avalia\u00e7\u00f5es infundadas.<\/p>\n<p>Pinto destacou ainda a import\u00e2ncia de reconhecer o trabalho dos atletas, mencionando um caso concreto de Andr\u00e9 Almeida que chegou a jogar seis jogos com uma fratura de esfor\u00e7o. Este ponto serviu para evidenciar o seu compromisso com o esfor\u00e7o dos jogadores.<\/p>\n<h3>Declara\u00e7\u00f5es sobre antigos jogadores<\/h3>\n<p>No di\u00e1logo, o ex-DG lembrou a necessidade de perceber o contexto de cada atleta, bem como a exig\u00eancia de altos padr\u00f5es de treino e competi\u00e7\u00e3o. Recordou ainda a passagem pela Roma, onde conheceu Mourinho e a responsabilidade de gerir um plantel de topo.<\/p>\n<p>O entrevistado enfatizou que as opini\u00f5es sobre a carreira de cada jogador devem ser baseadas em dados e plantas desportivas, n\u00e3o em julgamentos precipitados. A conversa tamb\u00e9m abordou a din\u00e2mica entre clubes europeus e entender o valor de cada atleta.<\/p>\n","protected":false},"excerpt":{"rendered":"<ul>\n<li>Tiago Pinto, antigo Diretor Geral do Futebol do Benfica, \u00e9 hoje Diretor Desportivo do Bournemouth.<\/li>\n<li>Passou pela Roma, onde viveu com Jos\u00e9 Mourinho, cen\u00e1rio j\u00e1 conhecido pela imprensa.<\/li>\n<li>Em entrevista ao podcast Final Cut, criticou narrativas injustas sobre antigos jogadores do Benfica, dizendo que Pizzi, Andr\u00e9 Almeida, Rafa e Grimaldo eram maus profissionais.<\/li>\n<li>afirmou que essas acusa\u00e7\u00f5es s\u00e3o \u201ccompletamente absurdas e rid\u00edculas\u201d e que apenas quem vive numa dimens\u00e3o paralela pode sustentar-nas.<\/li>\n<li>recordou o caso de Andr\u00e9 Almeida, que jogou seis encontros com uma fratura de esfor\u00e7o.<\/li>\n<\/ul>\n","protected":false},"author":2,"featured_media":105238,"comment_status":"closed","ping_status":"closed","sticky":false,"template":"","format":"standard","meta":{"footnotes":""},"categories":[21,24],"tags":[1946,477,123,32,1747,1021],"class_list":["post-105236","post","type-post","status-publish","format-standard","has-post-thumbnail","hentry","category-desporto","category-futebol","tag-benfica","tag-desempenho","tag-desportivos","tag-futebol","tag-futebol-profissional","tag-futebolistas"],"yoast_head":"<!-- This site is optimized with the Yoast SEO plugin v27.2 - https:\/\/yoast.com\/product\/yoast-seo-wordpress\/ -->\n<title>Tiago Pinto rejeita ideia de que Pizzi, Almeida, Rafa e Grimaldo eram maus profissionais - Portal Tela Portugal<\/title>\n<meta name=\"robots\" content=\"index, follow, max-snippet:-1, max-image-preview:large, max-video-preview:-1\" \/>\n<meta property=\"og:locale\" content=\"pt_PT\" \/>\n<meta property=\"og:type\" content=\"article\" \/>\n<meta property=\"og:title\" content=\"Tiago Pinto rejeita ideia de que Pizzi, Almeida, Rafa e Grimaldo eram maus profissionais - Portal Tela Portugal\" \/>\n<meta property=\"og:description\" content=\"Tiago Pinto, antigo Diretor Geral do Futebol do Benfica, \u00e9 hoje Diretor Desportivo do Bournemouth. Passou pela Roma, onde viveu com Jos\u00e9 Mourinho, cen\u00e1rio j\u00e1 conhecido pela imprensa. Em entrevista ao podcast Final Cut, criticou narrativas injustas sobre antigos jogadores do Benfica, dizendo que Pizzi, Andr\u00e9 Almeida, Rafa e Grimaldo eram maus profissionais. afirmou que essas acusa\u00e7\u00f5es s\u00e3o \u201ccompletamente absurdas e rid\u00edculas\u201d e que apenas quem vive numa dimens\u00e3o paralela pode sustentar-nas. recordou o caso de Andr\u00e9 Almeida, que jogou seis encontros com uma fratura de esfor\u00e7o.\" \/>\n<meta property=\"og:url\" content=\"https:\/\/portaltela.pt\/noticias\/2025\/12\/29\/tiago-pinto-rejeita-ideia-de-que-pizzi-almeida-rafa-e-grimaldo-eram-maus-profissionais\/\" \/>\n<meta property=\"og:site_name\" content=\"Portal Tela Portugal\" \/>\n<meta property=\"article:published_time\" content=\"2025-12-29T13:11:00+00:00\" \/>\n<meta name=\"author\" content=\"Telinha\" \/>\n<meta name=\"twitter:card\" content=\"summary_large_image\" \/>\n<meta name=\"twitter:label1\" content=\"Escrito por\" \/>\n\t<meta name=\"twitter:data1\" content=\"Telinha\" \/>\n\t<meta name=\"twitter:label2\" content=\"Tempo estimado de leitura\" \/>\n\t<meta name=\"twitter:data2\" content=\"1 minuto\" \/>\n<script type=\"application\/ld+json\" class=\"yoast-schema-graph\">{\"@context\":\"https:\/\/schema.org\",\"@graph\":[{\"@type\":\"Article\",\"@id\":\"https:\/\/portaltela.pt\/noticias\/2025\/12\/29\/tiago-pinto-rejeita-ideia-de-que-pizzi-almeida-rafa-e-grimaldo-eram-maus-profissionais\/#article\",\"isPartOf\":{\"@id\":\"https:\/\/portaltela.pt\/noticias\/2025\/12\/29\/tiago-pinto-rejeita-ideia-de-que-pizzi-almeida-rafa-e-grimaldo-eram-maus-profissionais\/\"},\"author\":{\"name\":\"Telinha\",\"@id\":\"https:\/\/portaltela.pt\/#\/schema\/person\/c4278d4a6028830caff9ee44b42d32ed\"},\"headline\":\"Tiago Pinto rejeita ideia de que Pizzi, Almeida, Rafa e Grimaldo eram maus profissionais\",\"datePublished\":\"2025-12-29T13:11:00+00:00\",\"mainEntityOfPage\":{\"@id\":\"https:\/\/portaltela.pt\/noticias\/2025\/12\/29\/tiago-pinto-rejeita-ideia-de-que-pizzi-almeida-rafa-e-grimaldo-eram-maus-profissionais\/\"},\"wordCount\":235,\"image\":{\"@id\":\"https:\/\/portaltela.pt\/noticias\/2025\/12\/29\/tiago-pinto-rejeita-ideia-de-que-pizzi-almeida-rafa-e-grimaldo-eram-maus-profissionais\/#primaryimage\"},\"thumbnailUrl\":\"https:\/\/portaltela.pt\/s.01k8rhncp4jt1\/2025\/12\/img_920x518uu2025-10-10-18-14-36-2395323.jpg\",\"keywords\":[\"Benfica\",\"desempenho\",\"desportivos\",\"futebol\",\"Futebol Profissional\",\"futebolistas\"],\"articleSection\":[\"Desporto\",\"Futebol\"],\"inLanguage\":\"pt-PT\"},{\"@type\":\"WebPage\",\"@id\":\"https:\/\/portaltela.pt\/noticias\/2025\/12\/29\/tiago-pinto-rejeita-ideia-de-que-pizzi-almeida-rafa-e-grimaldo-eram-maus-profissionais\/\",\"url\":\"https:\/\/portaltela.pt\/noticias\/2025\/12\/29\/tiago-pinto-rejeita-ideia-de-que-pizzi-almeida-rafa-e-grimaldo-eram-maus-profissionais\/\",\"name\":\"Tiago Pinto rejeita ideia de que Pizzi, Almeida, Rafa e Grimaldo eram maus profissionais - Portal Tela Portugal\",\"isPartOf\":{\"@id\":\"https:\/\/portaltela.pt\/#website\"},\"primaryImageOfPage\":{\"@id\":\"https:\/\/portaltela.pt\/noticias\/2025\/12\/29\/tiago-pinto-rejeita-ideia-de-que-pizzi-almeida-rafa-e-grimaldo-eram-maus-profissionais\/#primaryimage\"},\"image\":{\"@id\":\"https:\/\/portaltela.pt\/noticias\/2025\/12\/29\/tiago-pinto-rejeita-ideia-de-que-pizzi-almeida-rafa-e-grimaldo-eram-maus-profissionais\/#primaryimage\"},\"thumbnailUrl\":\"https:\/\/portaltela.pt\/s.01k8rhncp4jt1\/2025\/12\/img_920x518uu2025-10-10-18-14-36-2395323.jpg\",\"datePublished\":\"2025-12-29T13:11:00+00:00\",\"author\":{\"@id\":\"https:\/\/portaltela.pt\/#\/schema\/person\/c4278d4a6028830caff9ee44b42d32ed\"},\"breadcrumb\":{\"@id\":\"https:\/\/portaltela.pt\/noticias\/2025\/12\/29\/tiago-pinto-rejeita-ideia-de-que-pizzi-almeida-rafa-e-grimaldo-eram-maus-profissionais\/#breadcrumb\"},\"inLanguage\":\"pt-PT\",\"potentialAction\":[{\"@type\":\"ReadAction\",\"target\":[\"https:\/\/portaltela.pt\/noticias\/2025\/12\/29\/tiago-pinto-rejeita-ideia-de-que-pizzi-almeida-rafa-e-grimaldo-eram-maus-profissionais\/\"]}]},{\"@type\":\"ImageObject\",\"inLanguage\":\"pt-PT\",\"@id\":\"https:\/\/portaltela.pt\/noticias\/2025\/12\/29\/tiago-pinto-rejeita-ideia-de-que-pizzi-almeida-rafa-e-grimaldo-eram-maus-profissionais\/#primaryimage\",\"url\":\"https:\/\/portaltela.pt\/s.01k8rhncp4jt1\/2025\/12\/img_920x518uu2025-10-10-18-14-36-2395323.jpg\",\"contentUrl\":\"https:\/\/portaltela.pt\/s.01k8rhncp4jt1\/2025\/12\/img_920x518uu2025-10-10-18-14-36-2395323.jpg\",\"width\":796,\"height\":448,\"caption\":\"Tiago Pinto elogia a coragem de Andr\u00e9 Villas-Boas e Frederico Varandas\"},{\"@type\":\"BreadcrumbList\",\"@id\":\"https:\/\/portaltela.pt\/noticias\/2025\/12\/29\/tiago-pinto-rejeita-ideia-de-que-pizzi-almeida-rafa-e-grimaldo-eram-maus-profissionais\/#breadcrumb\",\"itemListElement\":[{\"@type\":\"ListItem\",\"position\":1,\"name\":\"In\u00edcio\",\"item\":\"https:\/\/portaltela.pt\/\"},{\"@type\":\"ListItem\",\"position\":2,\"name\":\"Tiago Pinto rejeita ideia de que Pizzi, Almeida, Rafa e Grimaldo eram maus profissionais\"}]},{\"@type\":\"WebSite\",\"@id\":\"https:\/\/portaltela.pt\/#website\",\"url\":\"https:\/\/portaltela.pt\/\",\"name\":\"Portal Tela Portugal\",\"description\":\"\",\"potentialAction\":[{\"@type\":\"SearchAction\",\"target\":{\"@type\":\"EntryPoint\",\"urlTemplate\":\"https:\/\/portaltela.pt\/?s={search_term_string}\"},\"query-input\":{\"@type\":\"PropertyValueSpecification\",\"valueRequired\":true,\"valueName\":\"search_term_string\"}}],\"inLanguage\":\"pt-PT\"},{\"@type\":\"Person\",\"@id\":\"https:\/\/portaltela.pt\/#\/schema\/person\/c4278d4a6028830caff9ee44b42d32ed\",\"name\":\"Telinha\",\"image\":{\"@type\":\"ImageObject\",\"inLanguage\":\"pt-PT\",\"@id\":\"https:\/\/portaltela.pt\/s.01k8rhncp4jt1\/2025\/11\/talking-bot-125x125.png\",\"url\":\"https:\/\/portaltela.pt\/s.01k8rhncp4jt1\/2025\/11\/talking-bot-125x125.png\",\"contentUrl\":\"https:\/\/portaltela.pt\/s.01k8rhncp4jt1\/2025\/11\/talking-bot-125x125.png\",\"caption\":\"Telinha\"},\"sameAs\":[\"https:\/\/portaltela.pt\/\"],\"url\":\"https:\/\/portaltela.pt\/por\/367410592786\/\"}]}<\/script>\n<!-- \/ Yoast SEO plugin. -->","yoast_head_json":{"title":"Tiago Pinto rejeita ideia de que Pizzi, Almeida, Rafa e Grimaldo eram maus profissionais - Portal Tela Portugal","robots":{"index":"index","follow":"follow","max-snippet":"max-snippet:-1","max-image-preview":"max-image-preview:large","max-video-preview":"max-video-preview:-1"},"og_locale":"pt_PT","og_type":"article","og_title":"Tiago Pinto rejeita ideia de que Pizzi, Almeida, Rafa e Grimaldo eram maus profissionais - Portal Tela Portugal","og_description":"Tiago Pinto, antigo Diretor Geral do Futebol do Benfica, \u00e9 hoje Diretor Desportivo do Bournemouth. Passou pela Roma, onde viveu com Jos\u00e9 Mourinho, cen\u00e1rio j\u00e1 conhecido pela imprensa. Em entrevista ao podcast Final Cut, criticou narrativas injustas sobre antigos jogadores do Benfica, dizendo que Pizzi, Andr\u00e9 Almeida, Rafa e Grimaldo eram maus profissionais. afirmou que essas acusa\u00e7\u00f5es s\u00e3o \u201ccompletamente absurdas e rid\u00edculas\u201d e que apenas quem vive numa dimens\u00e3o paralela pode sustentar-nas. recordou o caso de Andr\u00e9 Almeida, que jogou seis encontros com uma fratura de esfor\u00e7o.","og_url":"https:\/\/portaltela.pt\/noticias\/2025\/12\/29\/tiago-pinto-rejeita-ideia-de-que-pizzi-almeida-rafa-e-grimaldo-eram-maus-profissionais\/","og_site_name":"Portal Tela Portugal","article_published_time":"2025-12-29T13:11:00+00:00","author":"Telinha","twitter_card":"summary_large_image","twitter_misc":{"Escrito por":"Telinha","Tempo estimado de leitura":"1 minuto"},"schema":{"@context":"https:\/\/schema.org","@graph":[{"@type":"Article","@id":"https:\/\/portaltela.pt\/noticias\/2025\/12\/29\/tiago-pinto-rejeita-ideia-de-que-pizzi-almeida-rafa-e-grimaldo-eram-maus-profissionais\/#article","isPartOf":{"@id":"https:\/\/portaltela.pt\/noticias\/2025\/12\/29\/tiago-pinto-rejeita-ideia-de-que-pizzi-almeida-rafa-e-grimaldo-eram-maus-profissionais\/"},"author":{"name":"Telinha","@id":"https:\/\/portaltela.pt\/#\/schema\/person\/c4278d4a6028830caff9ee44b42d32ed"},"headline":"Tiago Pinto rejeita ideia de que Pizzi, Almeida, Rafa e Grimaldo eram maus profissionais","datePublished":"2025-12-29T13:11:00+00:00","mainEntityOfPage":{"@id":"https:\/\/portaltela.pt\/noticias\/2025\/12\/29\/tiago-pinto-rejeita-ideia-de-que-pizzi-almeida-rafa-e-grimaldo-eram-maus-profissionais\/"},"wordCount":235,"image":{"@id":"https:\/\/portaltela.pt\/noticias\/2025\/12\/29\/tiago-pinto-rejeita-ideia-de-que-pizzi-almeida-rafa-e-grimaldo-eram-maus-profissionais\/#primaryimage"},"thumbnailUrl":"https:\/\/portaltela.pt\/s.01k8rhncp4jt1\/2025\/12\/img_920x518uu2025-10-10-18-14-36-2395323.jpg","keywords":["Benfica","desempenho","desportivos","futebol","Futebol Profissional","futebolistas"],"articleSection":["Desporto","Futebol"],"inLanguage":"pt-PT"},{"@type":"WebPage","@id":"https:\/\/portaltela.pt\/noticias\/2025\/12\/29\/tiago-pinto-rejeita-ideia-de-que-pizzi-almeida-rafa-e-grimaldo-eram-maus-profissionais\/","url":"https:\/\/portaltela.pt\/noticias\/2025\/12\/29\/tiago-pinto-rejeita-ideia-de-que-pizzi-almeida-rafa-e-grimaldo-eram-maus-profissionais\/","name":"Tiago Pinto rejeita ideia de que Pizzi, Almeida, Rafa e Grimaldo eram maus profissionais - Portal Tela Portugal","isPartOf":{"@id":"https:\/\/portaltela.pt\/#website"},"primaryImageOfPage":{"@id":"https:\/\/portaltela.pt\/noticias\/2025\/12\/29\/tiago-pinto-rejeita-ideia-de-que-pizzi-almeida-rafa-e-grimaldo-eram-maus-profissionais\/#primaryimage"},"image":{"@id":"https:\/\/portaltela.pt\/noticias\/2025\/12\/29\/tiago-pinto-rejeita-ideia-de-que-pizzi-almeida-rafa-e-grimaldo-eram-maus-profissionais\/#primaryimage"},"thumbnailUrl":"https:\/\/portaltela.pt\/s.01k8rhncp4jt1\/2025\/12\/img_920x518uu2025-10-10-18-14-36-2395323.jpg","datePublished":"2025-12-29T13:11:00+00:00","author":{"@id":"https:\/\/portaltela.pt\/#\/schema\/person\/c4278d4a6028830caff9ee44b42d32ed"},"breadcrumb":{"@id":"https:\/\/portaltela.pt\/noticias\/2025\/12\/29\/tiago-pinto-rejeita-ideia-de-que-pizzi-almeida-rafa-e-grimaldo-eram-maus-profissionais\/#breadcrumb"},"inLanguage":"pt-PT","potentialAction":[{"@type":"ReadAction","target":["https:\/\/portaltela.pt\/noticias\/2025\/12\/29\/tiago-pinto-rejeita-ideia-de-que-pizzi-almeida-rafa-e-grimaldo-eram-maus-profissionais\/"]}]},{"@type":"ImageObject","inLanguage":"pt-PT","@id":"https:\/\/portaltela.pt\/noticias\/2025\/12\/29\/tiago-pinto-rejeita-ideia-de-que-pizzi-almeida-rafa-e-grimaldo-eram-maus-profissionais\/#primaryimage","url":"https:\/\/portaltela.pt\/s.01k8rhncp4jt1\/2025\/12\/img_920x518uu2025-10-10-18-14-36-2395323.jpg","contentUrl":"https:\/\/portaltela.pt\/s.01k8rhncp4jt1\/2025\/12\/img_920x518uu2025-10-10-18-14-36-2395323.jpg","width":796,"height":448,"caption":"Tiago Pinto elogia a coragem de Andr\u00e9 Villas-Boas e Frederico Varandas"},{"@type":"BreadcrumbList","@id":"https:\/\/portaltela.pt\/noticias\/2025\/12\/29\/tiago-pinto-rejeita-ideia-de-que-pizzi-almeida-rafa-e-grimaldo-eram-maus-profissionais\/#breadcrumb","itemListElement":[{"@type":"ListItem","position":1,"name":"In\u00edcio","item":"https:\/\/portaltela.pt\/"},{"@type":"ListItem","position":2,"name":"Tiago Pinto rejeita ideia de que Pizzi, Almeida, Rafa e Grimaldo eram maus profissionais"}]},{"@type":"WebSite","@id":"https:\/\/portaltela.pt\/#website","url":"https:\/\/portaltela.pt\/","name":"Portal Tela Portugal","description":"","potentialAction":[{"@type":"SearchAction","target":{"@type":"EntryPoint","urlTemplate":"https:\/\/portaltela.pt\/?s={search_term_string}"},"query-input":{"@type":"PropertyValueSpecification","valueRequired":true,"valueName":"search_term_string"}}],"inLanguage":"pt-PT"},{"@type":"Person","@id":"https:\/\/portaltela.pt\/#\/schema\/person\/c4278d4a6028830caff9ee44b42d32ed","name":"Telinha","image":{"@type":"ImageObject","inLanguage":"pt-PT","@id":"https:\/\/portaltela.pt\/s.01k8rhncp4jt1\/2025\/11\/talking-bot-125x125.png","url":"https:\/\/portaltela.pt\/s.01k8rhncp4jt1\/2025\/11\/talking-bot-125x125.png","contentUrl":"https:\/\/portaltela.pt\/s.01k8rhncp4jt1\/2025\/11\/talking-bot-125x125.png","caption":"Telinha"},"sameAs":["https:\/\/portaltela.pt\/"],"url":"https:\/\/portaltela.pt\/por\/367410592786\/"}]}},"_links":{"self":[{"href":"https:\/\/portaltela.pt\/api\/wp\/v2\/posts\/105236","targetHints":{"allow":["GET"]}}],"collection":[{"href":"https:\/\/portaltela.pt\/api\/wp\/v2\/posts"}],"about":[{"href":"https:\/\/portaltela.pt\/api\/wp\/v2\/types\/post"}],"author":[{"embeddable":true,"href":"https:\/\/portaltela.pt\/api\/wp\/v2\/users\/2"}],"replies":[{"embeddable":true,"href":"https:\/\/portaltela.pt\/api\/wp\/v2\/comments?post=105236"}],"version-history":[{"count":0,"href":"https:\/\/portaltela.pt\/api\/wp\/v2\/posts\/105236\/revisions"}],"wp:featuredmedia":[{"embeddable":true,"href":"https:\/\/portaltela.pt\/api\/wp\/v2\/media\/105238"}],"wp:attachment":[{"href":"https:\/\/portaltela.pt\/api\/wp\/v2\/media?parent=105236"}],"wp:term":[{"taxonomy":"category","embeddable":true,"href":"https:\/\/portaltela.pt\/api\/wp\/v2\/categories?post=105236"},{"taxonomy":"post_tag","embeddable":true,"href":"https:\/\/portaltela.pt\/api\/wp\/v2\/tags?post=105236"}],"curies":[{"name":"wp","href":"https:\/\/api.w.org\/{rel}","templated":true}]}}