{"id":105202,"date":"2025-12-29T10:00:09","date_gmt":"2025-12-29T13:00:09","guid":{"rendered":"https:\/\/portaltela.pt\/noticias\/2025\/12\/29\/homem-detido-em-flagrante-nas-caldas-da-rainha-por-agressoes-e-ameacas-aos-avos\/"},"modified":"2025-12-29T10:00:09","modified_gmt":"2025-12-29T13:00:09","slug":"homem-detido-em-flagrante-nas-caldas-da-rainha-por-agressoes-e-ameacas-aos-avos","status":"publish","type":"post","link":"https:\/\/portaltela.pt\/noticias\/2025\/12\/29\/homem-detido-em-flagrante-nas-caldas-da-rainha-por-agressoes-e-ameacas-aos-avos\/","title":{"rendered":"Homem detido em flagrante nas Caldas da Rainha por agress\u00f5es e amea\u00e7as aos av\u00f3s"},"content":{"rendered":"<p>Um homem de 31 anos foi detido em flagrante nas Caldas da Rainha por agress\u00f5es e amea\u00e7as de morte aos av\u00f3s, um casal octogen\u00e1rio. O epis\u00f3dio ocorreu na madrugada de s\u00e1bado, no interior da resid\u00eancia dos idosos.<\/p>\n<p>A deten\u00e7\u00e3o foi efetuada pela PSP, ap\u00f3s uma patrulha intensificada para evitar que o suspeito se aproximasse dos av\u00f3s. A pol\u00edcia j\u00e1 tinha recebido, no dia anterior, uma den\u00fancia por viol\u00eancia dom\u00e9stica contra pessoas indefesas em raz\u00e3o da idade.<\/p>\n<p>Segundo a PSP, o agressor vivia com os av\u00f3s e j\u00e1 tinham ocorrido situa\u00e7\u00f5es de viol\u00eancia ao longo deste ano, reportadas com base na den\u00fancia que levou \u00e0 interven\u00e7\u00e3o policial. A a\u00e7\u00e3o visou interromper a pr\u00e1tica de viol\u00eancia contra os idosos.<\/p>\n<p>A investiga\u00e7\u00e3o revelou que o homem tentou arrombar a porta da casa na madrugada, conseguindo faz\u00ea-lo horas depois da primeira tentativa, ingressando no interior para agredir a av\u00f3. O suspeito foi detido em flagrante durante a agress\u00e3o e entregue \u00e0s autoridades.<\/p>\n<p>O homem foi apresentado \u00e0 autoridade judicial e ficou em liberdade, com a medida de termo de identidade e resid\u00eancia (TIR). A PSP explicou que a vigil\u00e2ncia continua para evitar repeti\u00e7\u00e3o de crimes.<\/p>\n","protected":false},"excerpt":{"rendered":"<ul>\n<li>Um homem de 31 anos foi detido, em flagrante, nas Caldas da Rainha, por agress\u00f5es e amea\u00e7as de morte aos av\u00f3s, um casal octogen\u00e1rio.<\/li>\n<li>A deten\u00e7\u00e3o ocorreu no s\u00e1bado pela PSP, que intensificou o patrulhamento para evitar a aproxima\u00e7\u00e3o do suspeito, ap\u00f3s den\u00fancia anterior de viol\u00eancia dom\u00e9stica.<\/li>\n<li>A den\u00fancia referiu agress\u00f5es e amea\u00e7as de morte contra pessoas indefesas por causa da idade; a PSP recorda que j\u00e1 tinham ocorrido epis\u00f3dios anteriores ao longo deste ano.<\/li>\n<li>O agressor vivia com os av\u00f3s e, no interior da habita\u00e7\u00e3o, ter\u00e1 exigido dinheiro para consumo de tabaco e \u00e1lcool; houve arrombamento da porta para entrar na casa.<\/li>\n<li>Foi detido em flagrante durante uma agress\u00e3o \u00e0 av\u00f3, apresentou-se \u00e0 autoridade judici\u00e1ria e ficou em liberdade com termo de identidade e resid\u00eancia.<\/li>\n<\/ul>\n","protected":false},"author":2,"featured_media":105206,"comment_status":"closed","ping_status":"closed","sticky":false,"template":"","format":"standard","meta":{"footnotes":""},"categories":[1],"tags":[237,1162,1672,1381,939,214],"class_list":["post-105202","post","type-post","status-publish","format-standard","has-post-thumbnail","hentry","category-noticias","tag-abuso-de-maiores-dependentes","tag-agressoes-simples","tag-caldas-da-rainha","tag-psp","tag-violencia","tag-violencia-domestica"],"yoast_head":"<!-- This site is optimized with the Yoast SEO plugin v27.2 - https:\/\/yoast.com\/product\/yoast-seo-wordpress\/ -->\n<title>Homem detido em flagrante nas Caldas da Rainha por agress\u00f5es e amea\u00e7as aos av\u00f3s - Portal Tela Portugal<\/title>\n<meta name=\"robots\" content=\"index, follow, max-snippet:-1, max-image-preview:large, max-video-preview:-1\" \/>\n<meta property=\"og:locale\" content=\"pt_PT\" \/>\n<meta property=\"og:type\" content=\"article\" \/>\n<meta property=\"og:title\" content=\"Homem detido em flagrante nas Caldas da Rainha por agress\u00f5es e amea\u00e7as aos av\u00f3s - Portal Tela Portugal\" \/>\n<meta property=\"og:description\" content=\"Um homem de 31 anos foi detido, em flagrante, nas Caldas da Rainha, por agress\u00f5es e amea\u00e7as de morte aos av\u00f3s, um casal octogen\u00e1rio. A deten\u00e7\u00e3o ocorreu no s\u00e1bado pela PSP, que intensificou o patrulhamento para evitar a aproxima\u00e7\u00e3o do suspeito, ap\u00f3s den\u00fancia anterior de viol\u00eancia dom\u00e9stica. A den\u00fancia referiu agress\u00f5es e amea\u00e7as de morte contra pessoas indefesas por causa da idade; a PSP recorda que j\u00e1 tinham ocorrido epis\u00f3dios anteriores ao longo deste ano. O agressor vivia com os av\u00f3s e, no interior da habita\u00e7\u00e3o, ter\u00e1 exigido dinheiro para consumo de tabaco e \u00e1lcool; houve arrombamento da porta para entrar na casa. Foi detido em flagrante durante uma agress\u00e3o \u00e0 av\u00f3, apresentou-se \u00e0 autoridade judici\u00e1ria e ficou em liberdade com termo de identidade e resid\u00eancia.\" \/>\n<meta property=\"og:url\" content=\"https:\/\/portaltela.pt\/noticias\/2025\/12\/29\/homem-detido-em-flagrante-nas-caldas-da-rainha-por-agressoes-e-ameacas-aos-avos\/\" \/>\n<meta property=\"og:site_name\" content=\"Portal Tela Portugal\" \/>\n<meta property=\"article:published_time\" content=\"2025-12-29T13:00:09+00:00\" \/>\n<meta name=\"author\" content=\"Telinha\" \/>\n<meta name=\"twitter:card\" content=\"summary_large_image\" \/>\n<meta name=\"twitter:label1\" content=\"Escrito por\" \/>\n\t<meta name=\"twitter:data1\" content=\"Telinha\" \/>\n\t<meta name=\"twitter:label2\" content=\"Tempo estimado de leitura\" \/>\n\t<meta name=\"twitter:data2\" content=\"1 minuto\" \/>\n<script type=\"application\/ld+json\" class=\"yoast-schema-graph\">{\"@context\":\"https:\/\/schema.org\",\"@graph\":[{\"@type\":\"Article\",\"@id\":\"https:\/\/portaltela.pt\/noticias\/2025\/12\/29\/homem-detido-em-flagrante-nas-caldas-da-rainha-por-agressoes-e-ameacas-aos-avos\/#article\",\"isPartOf\":{\"@id\":\"https:\/\/portaltela.pt\/noticias\/2025\/12\/29\/homem-detido-em-flagrante-nas-caldas-da-rainha-por-agressoes-e-ameacas-aos-avos\/\"},\"author\":{\"name\":\"Telinha\",\"@id\":\"https:\/\/portaltela.pt\/#\/schema\/person\/c4278d4a6028830caff9ee44b42d32ed\"},\"headline\":\"Homem detido em flagrante nas Caldas da Rainha por agress\u00f5es e amea\u00e7as aos av\u00f3s\",\"datePublished\":\"2025-12-29T13:00:09+00:00\",\"mainEntityOfPage\":{\"@id\":\"https:\/\/portaltela.pt\/noticias\/2025\/12\/29\/homem-detido-em-flagrante-nas-caldas-da-rainha-por-agressoes-e-ameacas-aos-avos\/\"},\"wordCount\":234,\"image\":{\"@id\":\"https:\/\/portaltela.pt\/noticias\/2025\/12\/29\/homem-detido-em-flagrante-nas-caldas-da-rainha-por-agressoes-e-ameacas-aos-avos\/#primaryimage\"},\"thumbnailUrl\":\"https:\/\/portaltela.pt\/s.01k8rhncp4jt1\/2025\/12\/img_1500x1000uu2023-07-18-19-56-12-1397999.jpg\",\"keywords\":[\"abuso de maiores dependentes\",\"agress\u00f5es simples\",\"Caldas da Rainha\",\"PSP\",\"viol\u00eancia\",\"viol\u00eancia dom\u00e9stica\"],\"articleSection\":[\"Not\u00edcias\"],\"inLanguage\":\"pt-PT\"},{\"@type\":\"WebPage\",\"@id\":\"https:\/\/portaltela.pt\/noticias\/2025\/12\/29\/homem-detido-em-flagrante-nas-caldas-da-rainha-por-agressoes-e-ameacas-aos-avos\/\",\"url\":\"https:\/\/portaltela.pt\/noticias\/2025\/12\/29\/homem-detido-em-flagrante-nas-caldas-da-rainha-por-agressoes-e-ameacas-aos-avos\/\",\"name\":\"Homem detido em flagrante nas Caldas da Rainha por agress\u00f5es e amea\u00e7as aos av\u00f3s - Portal Tela Portugal\",\"isPartOf\":{\"@id\":\"https:\/\/portaltela.pt\/#website\"},\"primaryImageOfPage\":{\"@id\":\"https:\/\/portaltela.pt\/noticias\/2025\/12\/29\/homem-detido-em-flagrante-nas-caldas-da-rainha-por-agressoes-e-ameacas-aos-avos\/#primaryimage\"},\"image\":{\"@id\":\"https:\/\/portaltela.pt\/noticias\/2025\/12\/29\/homem-detido-em-flagrante-nas-caldas-da-rainha-por-agressoes-e-ameacas-aos-avos\/#primaryimage\"},\"thumbnailUrl\":\"https:\/\/portaltela.pt\/s.01k8rhncp4jt1\/2025\/12\/img_1500x1000uu2023-07-18-19-56-12-1397999.jpg\",\"datePublished\":\"2025-12-29T13:00:09+00:00\",\"author\":{\"@id\":\"https:\/\/portaltela.pt\/#\/schema\/person\/c4278d4a6028830caff9ee44b42d32ed\"},\"breadcrumb\":{\"@id\":\"https:\/\/portaltela.pt\/noticias\/2025\/12\/29\/homem-detido-em-flagrante-nas-caldas-da-rainha-por-agressoes-e-ameacas-aos-avos\/#breadcrumb\"},\"inLanguage\":\"pt-PT\",\"potentialAction\":[{\"@type\":\"ReadAction\",\"target\":[\"https:\/\/portaltela.pt\/noticias\/2025\/12\/29\/homem-detido-em-flagrante-nas-caldas-da-rainha-por-agressoes-e-ameacas-aos-avos\/\"]}]},{\"@type\":\"ImageObject\",\"inLanguage\":\"pt-PT\",\"@id\":\"https:\/\/portaltela.pt\/noticias\/2025\/12\/29\/homem-detido-em-flagrante-nas-caldas-da-rainha-por-agressoes-e-ameacas-aos-avos\/#primaryimage\",\"url\":\"https:\/\/portaltela.pt\/s.01k8rhncp4jt1\/2025\/12\/img_1500x1000uu2023-07-18-19-56-12-1397999.jpg\",\"contentUrl\":\"https:\/\/portaltela.pt\/s.01k8rhncp4jt1\/2025\/12\/img_1500x1000uu2023-07-18-19-56-12-1397999.jpg\",\"width\":796,\"height\":448,\"caption\":\"PSP\"},{\"@type\":\"BreadcrumbList\",\"@id\":\"https:\/\/portaltela.pt\/noticias\/2025\/12\/29\/homem-detido-em-flagrante-nas-caldas-da-rainha-por-agressoes-e-ameacas-aos-avos\/#breadcrumb\",\"itemListElement\":[{\"@type\":\"ListItem\",\"position\":1,\"name\":\"In\u00edcio\",\"item\":\"https:\/\/portaltela.pt\/\"},{\"@type\":\"ListItem\",\"position\":2,\"name\":\"Homem detido em flagrante nas Caldas da Rainha por agress\u00f5es e amea\u00e7as aos av\u00f3s\"}]},{\"@type\":\"WebSite\",\"@id\":\"https:\/\/portaltela.pt\/#website\",\"url\":\"https:\/\/portaltela.pt\/\",\"name\":\"Portal Tela Portugal\",\"description\":\"\",\"potentialAction\":[{\"@type\":\"SearchAction\",\"target\":{\"@type\":\"EntryPoint\",\"urlTemplate\":\"https:\/\/portaltela.pt\/?s={search_term_string}\"},\"query-input\":{\"@type\":\"PropertyValueSpecification\",\"valueRequired\":true,\"valueName\":\"search_term_string\"}}],\"inLanguage\":\"pt-PT\"},{\"@type\":\"Person\",\"@id\":\"https:\/\/portaltela.pt\/#\/schema\/person\/c4278d4a6028830caff9ee44b42d32ed\",\"name\":\"Telinha\",\"image\":{\"@type\":\"ImageObject\",\"inLanguage\":\"pt-PT\",\"@id\":\"https:\/\/portaltela.pt\/s.01k8rhncp4jt1\/2025\/11\/talking-bot-125x125.png\",\"url\":\"https:\/\/portaltela.pt\/s.01k8rhncp4jt1\/2025\/11\/talking-bot-125x125.png\",\"contentUrl\":\"https:\/\/portaltela.pt\/s.01k8rhncp4jt1\/2025\/11\/talking-bot-125x125.png\",\"caption\":\"Telinha\"},\"sameAs\":[\"https:\/\/portaltela.pt\/\"],\"url\":\"https:\/\/portaltela.pt\/por\/367410592786\/\"}]}<\/script>\n<!-- \/ Yoast SEO plugin. -->","yoast_head_json":{"title":"Homem detido em flagrante nas Caldas da Rainha por agress\u00f5es e amea\u00e7as aos av\u00f3s - Portal Tela Portugal","robots":{"index":"index","follow":"follow","max-snippet":"max-snippet:-1","max-image-preview":"max-image-preview:large","max-video-preview":"max-video-preview:-1"},"og_locale":"pt_PT","og_type":"article","og_title":"Homem detido em flagrante nas Caldas da Rainha por agress\u00f5es e amea\u00e7as aos av\u00f3s - Portal Tela Portugal","og_description":"Um homem de 31 anos foi detido, em flagrante, nas Caldas da Rainha, por agress\u00f5es e amea\u00e7as de morte aos av\u00f3s, um casal octogen\u00e1rio. A deten\u00e7\u00e3o ocorreu no s\u00e1bado pela PSP, que intensificou o patrulhamento para evitar a aproxima\u00e7\u00e3o do suspeito, ap\u00f3s den\u00fancia anterior de viol\u00eancia dom\u00e9stica. A den\u00fancia referiu agress\u00f5es e amea\u00e7as de morte contra pessoas indefesas por causa da idade; a PSP recorda que j\u00e1 tinham ocorrido epis\u00f3dios anteriores ao longo deste ano. O agressor vivia com os av\u00f3s e, no interior da habita\u00e7\u00e3o, ter\u00e1 exigido dinheiro para consumo de tabaco e \u00e1lcool; houve arrombamento da porta para entrar na casa. Foi detido em flagrante durante uma agress\u00e3o \u00e0 av\u00f3, apresentou-se \u00e0 autoridade judici\u00e1ria e ficou em liberdade com termo de identidade e resid\u00eancia.","og_url":"https:\/\/portaltela.pt\/noticias\/2025\/12\/29\/homem-detido-em-flagrante-nas-caldas-da-rainha-por-agressoes-e-ameacas-aos-avos\/","og_site_name":"Portal Tela Portugal","article_published_time":"2025-12-29T13:00:09+00:00","author":"Telinha","twitter_card":"summary_large_image","twitter_misc":{"Escrito por":"Telinha","Tempo estimado de leitura":"1 minuto"},"schema":{"@context":"https:\/\/schema.org","@graph":[{"@type":"Article","@id":"https:\/\/portaltela.pt\/noticias\/2025\/12\/29\/homem-detido-em-flagrante-nas-caldas-da-rainha-por-agressoes-e-ameacas-aos-avos\/#article","isPartOf":{"@id":"https:\/\/portaltela.pt\/noticias\/2025\/12\/29\/homem-detido-em-flagrante-nas-caldas-da-rainha-por-agressoes-e-ameacas-aos-avos\/"},"author":{"name":"Telinha","@id":"https:\/\/portaltela.pt\/#\/schema\/person\/c4278d4a6028830caff9ee44b42d32ed"},"headline":"Homem detido em flagrante nas Caldas da Rainha por agress\u00f5es e amea\u00e7as aos av\u00f3s","datePublished":"2025-12-29T13:00:09+00:00","mainEntityOfPage":{"@id":"https:\/\/portaltela.pt\/noticias\/2025\/12\/29\/homem-detido-em-flagrante-nas-caldas-da-rainha-por-agressoes-e-ameacas-aos-avos\/"},"wordCount":234,"image":{"@id":"https:\/\/portaltela.pt\/noticias\/2025\/12\/29\/homem-detido-em-flagrante-nas-caldas-da-rainha-por-agressoes-e-ameacas-aos-avos\/#primaryimage"},"thumbnailUrl":"https:\/\/portaltela.pt\/s.01k8rhncp4jt1\/2025\/12\/img_1500x1000uu2023-07-18-19-56-12-1397999.jpg","keywords":["abuso de maiores dependentes","agress\u00f5es simples","Caldas da Rainha","PSP","viol\u00eancia","viol\u00eancia dom\u00e9stica"],"articleSection":["Not\u00edcias"],"inLanguage":"pt-PT"},{"@type":"WebPage","@id":"https:\/\/portaltela.pt\/noticias\/2025\/12\/29\/homem-detido-em-flagrante-nas-caldas-da-rainha-por-agressoes-e-ameacas-aos-avos\/","url":"https:\/\/portaltela.pt\/noticias\/2025\/12\/29\/homem-detido-em-flagrante-nas-caldas-da-rainha-por-agressoes-e-ameacas-aos-avos\/","name":"Homem detido em flagrante nas Caldas da Rainha por agress\u00f5es e amea\u00e7as aos av\u00f3s - Portal Tela Portugal","isPartOf":{"@id":"https:\/\/portaltela.pt\/#website"},"primaryImageOfPage":{"@id":"https:\/\/portaltela.pt\/noticias\/2025\/12\/29\/homem-detido-em-flagrante-nas-caldas-da-rainha-por-agressoes-e-ameacas-aos-avos\/#primaryimage"},"image":{"@id":"https:\/\/portaltela.pt\/noticias\/2025\/12\/29\/homem-detido-em-flagrante-nas-caldas-da-rainha-por-agressoes-e-ameacas-aos-avos\/#primaryimage"},"thumbnailUrl":"https:\/\/portaltela.pt\/s.01k8rhncp4jt1\/2025\/12\/img_1500x1000uu2023-07-18-19-56-12-1397999.jpg","datePublished":"2025-12-29T13:00:09+00:00","author":{"@id":"https:\/\/portaltela.pt\/#\/schema\/person\/c4278d4a6028830caff9ee44b42d32ed"},"breadcrumb":{"@id":"https:\/\/portaltela.pt\/noticias\/2025\/12\/29\/homem-detido-em-flagrante-nas-caldas-da-rainha-por-agressoes-e-ameacas-aos-avos\/#breadcrumb"},"inLanguage":"pt-PT","potentialAction":[{"@type":"ReadAction","target":["https:\/\/portaltela.pt\/noticias\/2025\/12\/29\/homem-detido-em-flagrante-nas-caldas-da-rainha-por-agressoes-e-ameacas-aos-avos\/"]}]},{"@type":"ImageObject","inLanguage":"pt-PT","@id":"https:\/\/portaltela.pt\/noticias\/2025\/12\/29\/homem-detido-em-flagrante-nas-caldas-da-rainha-por-agressoes-e-ameacas-aos-avos\/#primaryimage","url":"https:\/\/portaltela.pt\/s.01k8rhncp4jt1\/2025\/12\/img_1500x1000uu2023-07-18-19-56-12-1397999.jpg","contentUrl":"https:\/\/portaltela.pt\/s.01k8rhncp4jt1\/2025\/12\/img_1500x1000uu2023-07-18-19-56-12-1397999.jpg","width":796,"height":448,"caption":"PSP"},{"@type":"BreadcrumbList","@id":"https:\/\/portaltela.pt\/noticias\/2025\/12\/29\/homem-detido-em-flagrante-nas-caldas-da-rainha-por-agressoes-e-ameacas-aos-avos\/#breadcrumb","itemListElement":[{"@type":"ListItem","position":1,"name":"In\u00edcio","item":"https:\/\/portaltela.pt\/"},{"@type":"ListItem","position":2,"name":"Homem detido em flagrante nas Caldas da Rainha por agress\u00f5es e amea\u00e7as aos av\u00f3s"}]},{"@type":"WebSite","@id":"https:\/\/portaltela.pt\/#website","url":"https:\/\/portaltela.pt\/","name":"Portal Tela Portugal","description":"","potentialAction":[{"@type":"SearchAction","target":{"@type":"EntryPoint","urlTemplate":"https:\/\/portaltela.pt\/?s={search_term_string}"},"query-input":{"@type":"PropertyValueSpecification","valueRequired":true,"valueName":"search_term_string"}}],"inLanguage":"pt-PT"},{"@type":"Person","@id":"https:\/\/portaltela.pt\/#\/schema\/person\/c4278d4a6028830caff9ee44b42d32ed","name":"Telinha","image":{"@type":"ImageObject","inLanguage":"pt-PT","@id":"https:\/\/portaltela.pt\/s.01k8rhncp4jt1\/2025\/11\/talking-bot-125x125.png","url":"https:\/\/portaltela.pt\/s.01k8rhncp4jt1\/2025\/11\/talking-bot-125x125.png","contentUrl":"https:\/\/portaltela.pt\/s.01k8rhncp4jt1\/2025\/11\/talking-bot-125x125.png","caption":"Telinha"},"sameAs":["https:\/\/portaltela.pt\/"],"url":"https:\/\/portaltela.pt\/por\/367410592786\/"}]}},"_links":{"self":[{"href":"https:\/\/portaltela.pt\/api\/wp\/v2\/posts\/105202","targetHints":{"allow":["GET"]}}],"collection":[{"href":"https:\/\/portaltela.pt\/api\/wp\/v2\/posts"}],"about":[{"href":"https:\/\/portaltela.pt\/api\/wp\/v2\/types\/post"}],"author":[{"embeddable":true,"href":"https:\/\/portaltela.pt\/api\/wp\/v2\/users\/2"}],"replies":[{"embeddable":true,"href":"https:\/\/portaltela.pt\/api\/wp\/v2\/comments?post=105202"}],"version-history":[{"count":0,"href":"https:\/\/portaltela.pt\/api\/wp\/v2\/posts\/105202\/revisions"}],"wp:featuredmedia":[{"embeddable":true,"href":"https:\/\/portaltela.pt\/api\/wp\/v2\/media\/105206"}],"wp:attachment":[{"href":"https:\/\/portaltela.pt\/api\/wp\/v2\/media?parent=105202"}],"wp:term":[{"taxonomy":"category","embeddable":true,"href":"https:\/\/portaltela.pt\/api\/wp\/v2\/categories?post=105202"},{"taxonomy":"post_tag","embeddable":true,"href":"https:\/\/portaltela.pt\/api\/wp\/v2\/tags?post=105202"}],"curies":[{"name":"wp","href":"https:\/\/api.w.org\/{rel}","templated":true}]}}