{"id":105029,"date":"2025-12-29T08:35:05","date_gmt":"2025-12-29T11:35:05","guid":{"rendered":"https:\/\/portaltela.pt\/noticias\/2025\/12\/29\/filipe-luis-renova-contrato-com-o-flamengo\/"},"modified":"2025-12-29T08:35:05","modified_gmt":"2025-12-29T11:35:05","slug":"filipe-luis-renova-contrato-com-o-flamengo","status":"publish","type":"post","link":"https:\/\/portaltela.pt\/desporto\/futebol\/2025\/12\/29\/filipe-luis-renova-contrato-com-o-flamengo\/","title":{"rendered":"Filipe Lu\u00eds renova contrato com o Flamengo"},"content":{"rendered":"<p>O Flamengo anunciou a renova\u00e7\u00e3o do contrato com Filipe Lu\u00eds, mantendo o treinador brasileiro \u00e0 frente da equipa at\u00e9 2027. O an\u00fancio sucede semanas de negocia\u00e7\u00f5es entre o clube e o t\u00e9cnico.<\/p>\n<p>O novo v\u00ednculo tem dura\u00e7\u00e3o de dois anos, prolongando a liga\u00e7\u00e3o at\u00e9 ao final de 2027. A decis\u00e3o foi comunicada pela dire\u00e7\u00e3o do Flamengo, ap\u00f3s um processo de di\u00e1logo entre as partes.<\/p>\n<p>A gest\u00e3o do clube destacou que a renova\u00e7\u00e3o foi poss\u00edvel pelo desejo comum de manter o projeto em andamento, alinhando interesses entre o t\u00e9cnico e as pol\u00edticas de governan\u00e7a do clube, lideradas pelo presidente Bap.<\/p>\n<h3>Conquistas de 2024<\/h3>\n<p>Nesta temporada, Filipe Lu\u00eds guiou o Flamengo \u00e0 vit\u00f3ria na Superta\u00e7a do Brasil, no Campeonato Carioca, no Brasileir\u00e3o e na Libertadores, consolidando o sucesso da equipa sob o seu comando.<\/p>\n","protected":false},"excerpt":{"rendered":"<ul>\n<li>Filipe Lu\u00eds renova com o Flamengo por dois anos, at\u00e9 ao final de 2027.<\/li>\n<li>A renova\u00e7\u00e3o foi anunciada pelo clube ap\u00f3s semanas de negocia\u00e7\u00f5es.<\/li>\n<li>O diretor de futebol, Jos\u00e9 Boto, explicou que houve desejo de continuidade e um acordo equilibrado, alinhado com as pol\u00edticas de governan\u00e7a do presidente Luiz Eduardo Baptista, o Bap.<\/li>\n<li>Neste ano, Filipe Lu\u00eds levou o Flamengo \u00e0 conquista da Superta\u00e7a do Brasil, do Campeonato Carioca, do Brasileir\u00e3o e da Libertadores.<\/li>\n<li>O novo v\u00ednculo mant\u00e9m o t\u00e9cnico brasileiro no comando do Flamengo at\u00e9 2027.<\/li>\n<\/ul>\n","protected":false},"author":2,"featured_media":105032,"comment_status":"closed","ping_status":"closed","sticky":false,"template":"","format":"standard","meta":{"footnotes":""},"categories":[21,24],"tags":[89,99,152,32,467],"class_list":["post-105029","post","type-post","status-publish","format-standard","has-post-thumbnail","hentry","category-desporto","category-futebol","tag-brasileirao","tag-campeonato-brasileiro","tag-desporto","tag-futebol","tag-libertadores"],"yoast_head":"<!-- This site is optimized with the Yoast SEO plugin v27.2 - https:\/\/yoast.com\/product\/yoast-seo-wordpress\/ -->\n<title>Filipe Lu\u00eds renova contrato com o Flamengo - Portal Tela Portugal<\/title>\n<meta name=\"robots\" content=\"index, follow, max-snippet:-1, max-image-preview:large, max-video-preview:-1\" \/>\n<meta property=\"og:locale\" content=\"pt_PT\" \/>\n<meta property=\"og:type\" content=\"article\" \/>\n<meta property=\"og:title\" content=\"Filipe Lu\u00eds renova contrato com o Flamengo - Portal Tela Portugal\" \/>\n<meta property=\"og:description\" content=\"Filipe Lu\u00eds renova com o Flamengo por dois anos, at\u00e9 ao final de 2027. A renova\u00e7\u00e3o foi anunciada pelo clube ap\u00f3s semanas de negocia\u00e7\u00f5es. O diretor de futebol, Jos\u00e9 Boto, explicou que houve desejo de continuidade e um acordo equilibrado, alinhado com as pol\u00edticas de governan\u00e7a do presidente Luiz Eduardo Baptista, o Bap. Neste ano, Filipe Lu\u00eds levou o Flamengo \u00e0 conquista da Superta\u00e7a do Brasil, do Campeonato Carioca, do Brasileir\u00e3o e da Libertadores. O novo v\u00ednculo mant\u00e9m o t\u00e9cnico brasileiro no comando do Flamengo at\u00e9 2027.\" \/>\n<meta property=\"og:url\" content=\"https:\/\/portaltela.pt\/noticias\/2025\/12\/29\/filipe-luis-renova-contrato-com-o-flamengo\/\" \/>\n<meta property=\"og:site_name\" content=\"Portal Tela Portugal\" \/>\n<meta property=\"article:published_time\" content=\"2025-12-29T11:35:05+00:00\" \/>\n<meta name=\"author\" content=\"Telinha\" \/>\n<meta name=\"twitter:card\" content=\"summary_large_image\" \/>\n<meta name=\"twitter:label1\" content=\"Escrito por\" \/>\n\t<meta name=\"twitter:data1\" content=\"Telinha\" \/>\n\t<meta name=\"twitter:label2\" content=\"Tempo estimado de leitura\" \/>\n\t<meta name=\"twitter:data2\" content=\"1 minuto\" \/>\n<script type=\"application\/ld+json\" class=\"yoast-schema-graph\">{\"@context\":\"https:\/\/schema.org\",\"@graph\":[{\"@type\":\"Article\",\"@id\":\"https:\/\/portaltela.pt\/noticias\/2025\/12\/29\/filipe-luis-renova-contrato-com-o-flamengo\/#article\",\"isPartOf\":{\"@id\":\"https:\/\/portaltela.pt\/noticias\/2025\/12\/29\/filipe-luis-renova-contrato-com-o-flamengo\/\"},\"author\":{\"name\":\"Telinha\",\"@id\":\"https:\/\/portaltela.pt\/#\/schema\/person\/c4278d4a6028830caff9ee44b42d32ed\"},\"headline\":\"Filipe Lu\u00eds renova contrato com o Flamengo\",\"datePublished\":\"2025-12-29T11:35:05+00:00\",\"mainEntityOfPage\":{\"@id\":\"https:\/\/portaltela.pt\/noticias\/2025\/12\/29\/filipe-luis-renova-contrato-com-o-flamengo\/\"},\"wordCount\":157,\"image\":{\"@id\":\"https:\/\/portaltela.pt\/noticias\/2025\/12\/29\/filipe-luis-renova-contrato-com-o-flamengo\/#primaryimage\"},\"thumbnailUrl\":\"https:\/\/portaltela.pt\/s.01k8rhncp4jt1\/2025\/12\/116df40d-4264-45ff-a3e0-e0f0e882466d.jpg\",\"keywords\":[\"brasileir\u00e3o\",\"campeonato brasileiro\",\"desporto\",\"futebol\",\"libertadores\"],\"articleSection\":[\"Desporto\",\"Futebol\"],\"inLanguage\":\"pt-PT\"},{\"@type\":\"WebPage\",\"@id\":\"https:\/\/portaltela.pt\/noticias\/2025\/12\/29\/filipe-luis-renova-contrato-com-o-flamengo\/\",\"url\":\"https:\/\/portaltela.pt\/noticias\/2025\/12\/29\/filipe-luis-renova-contrato-com-o-flamengo\/\",\"name\":\"Filipe Lu\u00eds renova contrato com o Flamengo - Portal Tela Portugal\",\"isPartOf\":{\"@id\":\"https:\/\/portaltela.pt\/#website\"},\"primaryImageOfPage\":{\"@id\":\"https:\/\/portaltela.pt\/noticias\/2025\/12\/29\/filipe-luis-renova-contrato-com-o-flamengo\/#primaryimage\"},\"image\":{\"@id\":\"https:\/\/portaltela.pt\/noticias\/2025\/12\/29\/filipe-luis-renova-contrato-com-o-flamengo\/#primaryimage\"},\"thumbnailUrl\":\"https:\/\/portaltela.pt\/s.01k8rhncp4jt1\/2025\/12\/116df40d-4264-45ff-a3e0-e0f0e882466d.jpg\",\"datePublished\":\"2025-12-29T11:35:05+00:00\",\"author\":{\"@id\":\"https:\/\/portaltela.pt\/#\/schema\/person\/c4278d4a6028830caff9ee44b42d32ed\"},\"breadcrumb\":{\"@id\":\"https:\/\/portaltela.pt\/noticias\/2025\/12\/29\/filipe-luis-renova-contrato-com-o-flamengo\/#breadcrumb\"},\"inLanguage\":\"pt-PT\",\"potentialAction\":[{\"@type\":\"ReadAction\",\"target\":[\"https:\/\/portaltela.pt\/noticias\/2025\/12\/29\/filipe-luis-renova-contrato-com-o-flamengo\/\"]}]},{\"@type\":\"ImageObject\",\"inLanguage\":\"pt-PT\",\"@id\":\"https:\/\/portaltela.pt\/noticias\/2025\/12\/29\/filipe-luis-renova-contrato-com-o-flamengo\/#primaryimage\",\"url\":\"https:\/\/portaltela.pt\/s.01k8rhncp4jt1\/2025\/12\/116df40d-4264-45ff-a3e0-e0f0e882466d.jpg\",\"contentUrl\":\"https:\/\/portaltela.pt\/s.01k8rhncp4jt1\/2025\/12\/116df40d-4264-45ff-a3e0-e0f0e882466d.jpg\",\"width\":796,\"height\":448,\"caption\":\"Filipe Lu\u00eds assinou novo contrato com o Flamengo, v\u00e1lido at\u00e9 2027\"},{\"@type\":\"BreadcrumbList\",\"@id\":\"https:\/\/portaltela.pt\/noticias\/2025\/12\/29\/filipe-luis-renova-contrato-com-o-flamengo\/#breadcrumb\",\"itemListElement\":[{\"@type\":\"ListItem\",\"position\":1,\"name\":\"In\u00edcio\",\"item\":\"https:\/\/portaltela.pt\/\"},{\"@type\":\"ListItem\",\"position\":2,\"name\":\"Filipe Lu\u00eds renova contrato com o Flamengo\"}]},{\"@type\":\"WebSite\",\"@id\":\"https:\/\/portaltela.pt\/#website\",\"url\":\"https:\/\/portaltela.pt\/\",\"name\":\"Portal Tela Portugal\",\"description\":\"\",\"potentialAction\":[{\"@type\":\"SearchAction\",\"target\":{\"@type\":\"EntryPoint\",\"urlTemplate\":\"https:\/\/portaltela.pt\/?s={search_term_string}\"},\"query-input\":{\"@type\":\"PropertyValueSpecification\",\"valueRequired\":true,\"valueName\":\"search_term_string\"}}],\"inLanguage\":\"pt-PT\"},{\"@type\":\"Person\",\"@id\":\"https:\/\/portaltela.pt\/#\/schema\/person\/c4278d4a6028830caff9ee44b42d32ed\",\"name\":\"Telinha\",\"image\":{\"@type\":\"ImageObject\",\"inLanguage\":\"pt-PT\",\"@id\":\"https:\/\/portaltela.pt\/s.01k8rhncp4jt1\/2025\/11\/talking-bot-125x125.png\",\"url\":\"https:\/\/portaltela.pt\/s.01k8rhncp4jt1\/2025\/11\/talking-bot-125x125.png\",\"contentUrl\":\"https:\/\/portaltela.pt\/s.01k8rhncp4jt1\/2025\/11\/talking-bot-125x125.png\",\"caption\":\"Telinha\"},\"sameAs\":[\"https:\/\/portaltela.pt\/\"],\"url\":\"https:\/\/portaltela.pt\/por\/367410592786\/\"}]}<\/script>\n<!-- \/ Yoast SEO plugin. -->","yoast_head_json":{"title":"Filipe Lu\u00eds renova contrato com o Flamengo - Portal Tela Portugal","robots":{"index":"index","follow":"follow","max-snippet":"max-snippet:-1","max-image-preview":"max-image-preview:large","max-video-preview":"max-video-preview:-1"},"og_locale":"pt_PT","og_type":"article","og_title":"Filipe Lu\u00eds renova contrato com o Flamengo - Portal Tela Portugal","og_description":"Filipe Lu\u00eds renova com o Flamengo por dois anos, at\u00e9 ao final de 2027. A renova\u00e7\u00e3o foi anunciada pelo clube ap\u00f3s semanas de negocia\u00e7\u00f5es. O diretor de futebol, Jos\u00e9 Boto, explicou que houve desejo de continuidade e um acordo equilibrado, alinhado com as pol\u00edticas de governan\u00e7a do presidente Luiz Eduardo Baptista, o Bap. Neste ano, Filipe Lu\u00eds levou o Flamengo \u00e0 conquista da Superta\u00e7a do Brasil, do Campeonato Carioca, do Brasileir\u00e3o e da Libertadores. O novo v\u00ednculo mant\u00e9m o t\u00e9cnico brasileiro no comando do Flamengo at\u00e9 2027.","og_url":"https:\/\/portaltela.pt\/noticias\/2025\/12\/29\/filipe-luis-renova-contrato-com-o-flamengo\/","og_site_name":"Portal Tela Portugal","article_published_time":"2025-12-29T11:35:05+00:00","author":"Telinha","twitter_card":"summary_large_image","twitter_misc":{"Escrito por":"Telinha","Tempo estimado de leitura":"1 minuto"},"schema":{"@context":"https:\/\/schema.org","@graph":[{"@type":"Article","@id":"https:\/\/portaltela.pt\/noticias\/2025\/12\/29\/filipe-luis-renova-contrato-com-o-flamengo\/#article","isPartOf":{"@id":"https:\/\/portaltela.pt\/noticias\/2025\/12\/29\/filipe-luis-renova-contrato-com-o-flamengo\/"},"author":{"name":"Telinha","@id":"https:\/\/portaltela.pt\/#\/schema\/person\/c4278d4a6028830caff9ee44b42d32ed"},"headline":"Filipe Lu\u00eds renova contrato com o Flamengo","datePublished":"2025-12-29T11:35:05+00:00","mainEntityOfPage":{"@id":"https:\/\/portaltela.pt\/noticias\/2025\/12\/29\/filipe-luis-renova-contrato-com-o-flamengo\/"},"wordCount":157,"image":{"@id":"https:\/\/portaltela.pt\/noticias\/2025\/12\/29\/filipe-luis-renova-contrato-com-o-flamengo\/#primaryimage"},"thumbnailUrl":"https:\/\/portaltela.pt\/s.01k8rhncp4jt1\/2025\/12\/116df40d-4264-45ff-a3e0-e0f0e882466d.jpg","keywords":["brasileir\u00e3o","campeonato brasileiro","desporto","futebol","libertadores"],"articleSection":["Desporto","Futebol"],"inLanguage":"pt-PT"},{"@type":"WebPage","@id":"https:\/\/portaltela.pt\/noticias\/2025\/12\/29\/filipe-luis-renova-contrato-com-o-flamengo\/","url":"https:\/\/portaltela.pt\/noticias\/2025\/12\/29\/filipe-luis-renova-contrato-com-o-flamengo\/","name":"Filipe Lu\u00eds renova contrato com o Flamengo - Portal Tela Portugal","isPartOf":{"@id":"https:\/\/portaltela.pt\/#website"},"primaryImageOfPage":{"@id":"https:\/\/portaltela.pt\/noticias\/2025\/12\/29\/filipe-luis-renova-contrato-com-o-flamengo\/#primaryimage"},"image":{"@id":"https:\/\/portaltela.pt\/noticias\/2025\/12\/29\/filipe-luis-renova-contrato-com-o-flamengo\/#primaryimage"},"thumbnailUrl":"https:\/\/portaltela.pt\/s.01k8rhncp4jt1\/2025\/12\/116df40d-4264-45ff-a3e0-e0f0e882466d.jpg","datePublished":"2025-12-29T11:35:05+00:00","author":{"@id":"https:\/\/portaltela.pt\/#\/schema\/person\/c4278d4a6028830caff9ee44b42d32ed"},"breadcrumb":{"@id":"https:\/\/portaltela.pt\/noticias\/2025\/12\/29\/filipe-luis-renova-contrato-com-o-flamengo\/#breadcrumb"},"inLanguage":"pt-PT","potentialAction":[{"@type":"ReadAction","target":["https:\/\/portaltela.pt\/noticias\/2025\/12\/29\/filipe-luis-renova-contrato-com-o-flamengo\/"]}]},{"@type":"ImageObject","inLanguage":"pt-PT","@id":"https:\/\/portaltela.pt\/noticias\/2025\/12\/29\/filipe-luis-renova-contrato-com-o-flamengo\/#primaryimage","url":"https:\/\/portaltela.pt\/s.01k8rhncp4jt1\/2025\/12\/116df40d-4264-45ff-a3e0-e0f0e882466d.jpg","contentUrl":"https:\/\/portaltela.pt\/s.01k8rhncp4jt1\/2025\/12\/116df40d-4264-45ff-a3e0-e0f0e882466d.jpg","width":796,"height":448,"caption":"Filipe Lu\u00eds assinou novo contrato com o Flamengo, v\u00e1lido at\u00e9 2027"},{"@type":"BreadcrumbList","@id":"https:\/\/portaltela.pt\/noticias\/2025\/12\/29\/filipe-luis-renova-contrato-com-o-flamengo\/#breadcrumb","itemListElement":[{"@type":"ListItem","position":1,"name":"In\u00edcio","item":"https:\/\/portaltela.pt\/"},{"@type":"ListItem","position":2,"name":"Filipe Lu\u00eds renova contrato com o Flamengo"}]},{"@type":"WebSite","@id":"https:\/\/portaltela.pt\/#website","url":"https:\/\/portaltela.pt\/","name":"Portal Tela Portugal","description":"","potentialAction":[{"@type":"SearchAction","target":{"@type":"EntryPoint","urlTemplate":"https:\/\/portaltela.pt\/?s={search_term_string}"},"query-input":{"@type":"PropertyValueSpecification","valueRequired":true,"valueName":"search_term_string"}}],"inLanguage":"pt-PT"},{"@type":"Person","@id":"https:\/\/portaltela.pt\/#\/schema\/person\/c4278d4a6028830caff9ee44b42d32ed","name":"Telinha","image":{"@type":"ImageObject","inLanguage":"pt-PT","@id":"https:\/\/portaltela.pt\/s.01k8rhncp4jt1\/2025\/11\/talking-bot-125x125.png","url":"https:\/\/portaltela.pt\/s.01k8rhncp4jt1\/2025\/11\/talking-bot-125x125.png","contentUrl":"https:\/\/portaltela.pt\/s.01k8rhncp4jt1\/2025\/11\/talking-bot-125x125.png","caption":"Telinha"},"sameAs":["https:\/\/portaltela.pt\/"],"url":"https:\/\/portaltela.pt\/por\/367410592786\/"}]}},"_links":{"self":[{"href":"https:\/\/portaltela.pt\/api\/wp\/v2\/posts\/105029","targetHints":{"allow":["GET"]}}],"collection":[{"href":"https:\/\/portaltela.pt\/api\/wp\/v2\/posts"}],"about":[{"href":"https:\/\/portaltela.pt\/api\/wp\/v2\/types\/post"}],"author":[{"embeddable":true,"href":"https:\/\/portaltela.pt\/api\/wp\/v2\/users\/2"}],"replies":[{"embeddable":true,"href":"https:\/\/portaltela.pt\/api\/wp\/v2\/comments?post=105029"}],"version-history":[{"count":0,"href":"https:\/\/portaltela.pt\/api\/wp\/v2\/posts\/105029\/revisions"}],"wp:featuredmedia":[{"embeddable":true,"href":"https:\/\/portaltela.pt\/api\/wp\/v2\/media\/105032"}],"wp:attachment":[{"href":"https:\/\/portaltela.pt\/api\/wp\/v2\/media?parent=105029"}],"wp:term":[{"taxonomy":"category","embeddable":true,"href":"https:\/\/portaltela.pt\/api\/wp\/v2\/categories?post=105029"},{"taxonomy":"post_tag","embeddable":true,"href":"https:\/\/portaltela.pt\/api\/wp\/v2\/tags?post=105029"}],"curies":[{"name":"wp","href":"https:\/\/api.w.org\/{rel}","templated":true}]}}