{"id":104961,"date":"2025-12-29T07:34:01","date_gmt":"2025-12-29T10:34:01","guid":{"rendered":"https:\/\/portaltela.pt\/noticias\/2025\/12\/29\/covilha-recebe-4-a-edicao-noturna-natal-na-montanha-run\/"},"modified":"2025-12-29T07:34:01","modified_gmt":"2025-12-29T10:34:01","slug":"covilha-recebe-4-a-edicao-noturna-natal-na-montanha-run","status":"publish","type":"post","link":"https:\/\/portaltela.pt\/desporto\/2025\/12\/29\/covilha-recebe-4-a-edicao-noturna-natal-na-montanha-run\/","title":{"rendered":"Covilh\u00e3 recebe 4.\u00aa Edi\u00e7\u00e3o Noturna Natal na Montanha Run"},"content":{"rendered":"<p>O 26 de dezembro de 2025 marcou a 4.\u00aa Edi\u00e7\u00e3o Noturna \u201cNatal na Montanha\u201d Run, realizada em Cortes do Meio. A prova, com foco no esp\u00edrito natal\u00edcio, reuniu atletas numa pista de percurso exigente e cen\u00e1rio \u00fanico.<\/p>\n<p>O evento destacou-se pelo ambiente de festa e pela seguran\u00e7a da organiza\u00e7\u00e3o, que proporcionou uma noite de corrida com ilumina\u00e7\u00e3o espec\u00edfica para o tra\u00e7ado noturno.<\/p>\n<p>Marco Alves, atleta da Associa\u00e7\u00e3o Cultural e Recreativa da Senhora do Desterro, foi o grande destaque da prova, ao conquistar o 1.\u00ba lugar da classifica\u00e7\u00e3o geral e o 1.\u00ba lugar no escal\u00e3o Veteranos 35\u201344.<\/p>\n<h3>Desempenho e Participa\u00e7\u00e3o<\/h3>\n<p>A vit\u00f3ria de Marco Alves \u00e9 apresentada como o resultado principal do evento, refletindo treino e dedica\u00e7\u00e3o do atleta pela Associa\u00e7\u00e3o. N\u00e3o foram divulgados, neste texto, detalhes adicionais sobre o n\u00famero de participantes ou tempos oficiais.<\/p>\n","protected":false},"excerpt":{"rendered":"<ul>\n<li>No dia 26 de dezembro de 2025 realizou-se a 4.\u00aa Edi\u00e7\u00e3o Noturna \u201cNatal na Montanha\u201d Run, em Cortes do Meio.<\/li>\n<li>A prova destacou-se pelo esp\u00edrito natal\u00edcio, pela exig\u00eancia do percurso e pelo ambiente \u00fanico.<\/li>\n<li>Marco Alves, atleta da Associa\u00e7\u00e3o Cultural e Recreativa da Senhora do Desterro, venceu a geral.<\/li>\n<li>Marco Alves conquistou tamb\u00e9m o 1.\u00ba lugar no escal\u00e3o Veteranos 35\u201344.<\/li>\n<li>A informa\u00e7\u00e3o indica um desempenho s\u00f3lido, fruto do treino e da dedica\u00e7\u00e3o ao atletismo.<\/li>\n<\/ul>\n","protected":false},"author":2,"featured_media":104971,"comment_status":"closed","ping_status":"closed","sticky":false,"template":"","format":"standard","meta":{"footnotes":""},"categories":[21],"tags":[1264,252,1306,477,152,282],"class_list":["post-104961","post","type-post","status-publish","format-standard","has-post-thumbnail","hentry","category-desporto","tag-associacao-desportiva","tag-atletas","tag-covilha","tag-desempenho","tag-desporto","tag-evento-desportivo-do-ano"],"yoast_head":"<!-- This site is optimized with the Yoast SEO plugin v27.2 - https:\/\/yoast.com\/product\/yoast-seo-wordpress\/ -->\n<title>Covilh\u00e3 recebe 4.\u00aa Edi\u00e7\u00e3o Noturna Natal na Montanha Run - Portal Tela Portugal<\/title>\n<meta name=\"robots\" content=\"index, follow, max-snippet:-1, max-image-preview:large, max-video-preview:-1\" \/>\n<meta property=\"og:locale\" content=\"pt_PT\" \/>\n<meta property=\"og:type\" content=\"article\" \/>\n<meta property=\"og:title\" content=\"Covilh\u00e3 recebe 4.\u00aa Edi\u00e7\u00e3o Noturna Natal na Montanha Run - Portal Tela Portugal\" \/>\n<meta property=\"og:description\" content=\"No dia 26 de dezembro de 2025 realizou-se a 4.\u00aa Edi\u00e7\u00e3o Noturna \u201cNatal na Montanha\u201d Run, em Cortes do Meio. A prova destacou-se pelo esp\u00edrito natal\u00edcio, pela exig\u00eancia do percurso e pelo ambiente \u00fanico. Marco Alves, atleta da Associa\u00e7\u00e3o Cultural e Recreativa da Senhora do Desterro, venceu a geral. Marco Alves conquistou tamb\u00e9m o 1.\u00ba lugar no escal\u00e3o Veteranos 35\u201344. A informa\u00e7\u00e3o indica um desempenho s\u00f3lido, fruto do treino e da dedica\u00e7\u00e3o ao atletismo.\" \/>\n<meta property=\"og:url\" content=\"https:\/\/portaltela.pt\/noticias\/2025\/12\/29\/covilha-recebe-4-a-edicao-noturna-natal-na-montanha-run\/\" \/>\n<meta property=\"og:site_name\" content=\"Portal Tela Portugal\" \/>\n<meta property=\"article:published_time\" content=\"2025-12-29T10:34:01+00:00\" \/>\n<meta name=\"author\" content=\"Telinha\" \/>\n<meta name=\"twitter:card\" content=\"summary_large_image\" \/>\n<meta name=\"twitter:label1\" content=\"Escrito por\" \/>\n\t<meta name=\"twitter:data1\" content=\"Telinha\" \/>\n\t<meta name=\"twitter:label2\" content=\"Tempo estimado de leitura\" \/>\n\t<meta name=\"twitter:data2\" content=\"1 minuto\" \/>\n<script type=\"application\/ld+json\" class=\"yoast-schema-graph\">{\"@context\":\"https:\/\/schema.org\",\"@graph\":[{\"@type\":\"Article\",\"@id\":\"https:\/\/portaltela.pt\/noticias\/2025\/12\/29\/covilha-recebe-4-a-edicao-noturna-natal-na-montanha-run\/#article\",\"isPartOf\":{\"@id\":\"https:\/\/portaltela.pt\/noticias\/2025\/12\/29\/covilha-recebe-4-a-edicao-noturna-natal-na-montanha-run\/\"},\"author\":{\"name\":\"Telinha\",\"@id\":\"https:\/\/portaltela.pt\/#\/schema\/person\/c4278d4a6028830caff9ee44b42d32ed\"},\"headline\":\"Covilh\u00e3 recebe 4.\u00aa Edi\u00e7\u00e3o Noturna Natal na Montanha Run\",\"datePublished\":\"2025-12-29T10:34:01+00:00\",\"mainEntityOfPage\":{\"@id\":\"https:\/\/portaltela.pt\/noticias\/2025\/12\/29\/covilha-recebe-4-a-edicao-noturna-natal-na-montanha-run\/\"},\"wordCount\":155,\"image\":{\"@id\":\"https:\/\/portaltela.pt\/noticias\/2025\/12\/29\/covilha-recebe-4-a-edicao-noturna-natal-na-montanha-run\/#primaryimage\"},\"thumbnailUrl\":\"https:\/\/portaltela.pt\/s.01k8rhncp4jt1\/2025\/12\/unnamed-file-2290.jpg\",\"keywords\":[\"associa\u00e7\u00e3o desportiva\",\"atletas\",\"Covilh\u00e3\",\"desempenho\",\"desporto\",\"Evento Desportivo do Ano\"],\"articleSection\":[\"Desporto\"],\"inLanguage\":\"pt-PT\"},{\"@type\":\"WebPage\",\"@id\":\"https:\/\/portaltela.pt\/noticias\/2025\/12\/29\/covilha-recebe-4-a-edicao-noturna-natal-na-montanha-run\/\",\"url\":\"https:\/\/portaltela.pt\/noticias\/2025\/12\/29\/covilha-recebe-4-a-edicao-noturna-natal-na-montanha-run\/\",\"name\":\"Covilh\u00e3 recebe 4.\u00aa Edi\u00e7\u00e3o Noturna Natal na Montanha Run - Portal Tela Portugal\",\"isPartOf\":{\"@id\":\"https:\/\/portaltela.pt\/#website\"},\"primaryImageOfPage\":{\"@id\":\"https:\/\/portaltela.pt\/noticias\/2025\/12\/29\/covilha-recebe-4-a-edicao-noturna-natal-na-montanha-run\/#primaryimage\"},\"image\":{\"@id\":\"https:\/\/portaltela.pt\/noticias\/2025\/12\/29\/covilha-recebe-4-a-edicao-noturna-natal-na-montanha-run\/#primaryimage\"},\"thumbnailUrl\":\"https:\/\/portaltela.pt\/s.01k8rhncp4jt1\/2025\/12\/unnamed-file-2290.jpg\",\"datePublished\":\"2025-12-29T10:34:01+00:00\",\"author\":{\"@id\":\"https:\/\/portaltela.pt\/#\/schema\/person\/c4278d4a6028830caff9ee44b42d32ed\"},\"breadcrumb\":{\"@id\":\"https:\/\/portaltela.pt\/noticias\/2025\/12\/29\/covilha-recebe-4-a-edicao-noturna-natal-na-montanha-run\/#breadcrumb\"},\"inLanguage\":\"pt-PT\",\"potentialAction\":[{\"@type\":\"ReadAction\",\"target\":[\"https:\/\/portaltela.pt\/noticias\/2025\/12\/29\/covilha-recebe-4-a-edicao-noturna-natal-na-montanha-run\/\"]}]},{\"@type\":\"ImageObject\",\"inLanguage\":\"pt-PT\",\"@id\":\"https:\/\/portaltela.pt\/noticias\/2025\/12\/29\/covilha-recebe-4-a-edicao-noturna-natal-na-montanha-run\/#primaryimage\",\"url\":\"https:\/\/portaltela.pt\/s.01k8rhncp4jt1\/2025\/12\/unnamed-file-2290.jpg\",\"contentUrl\":\"https:\/\/portaltela.pt\/s.01k8rhncp4jt1\/2025\/12\/unnamed-file-2290.jpg\",\"width\":796,\"height\":448,\"caption\":\"Covilh\u00e3: 4.\u00aa Edi\u00e7\u00e3o Noturna \u201cNatal na Montanha\u201d Run\"},{\"@type\":\"BreadcrumbList\",\"@id\":\"https:\/\/portaltela.pt\/noticias\/2025\/12\/29\/covilha-recebe-4-a-edicao-noturna-natal-na-montanha-run\/#breadcrumb\",\"itemListElement\":[{\"@type\":\"ListItem\",\"position\":1,\"name\":\"In\u00edcio\",\"item\":\"https:\/\/portaltela.pt\/\"},{\"@type\":\"ListItem\",\"position\":2,\"name\":\"Covilh\u00e3 recebe 4.\u00aa Edi\u00e7\u00e3o Noturna Natal na Montanha Run\"}]},{\"@type\":\"WebSite\",\"@id\":\"https:\/\/portaltela.pt\/#website\",\"url\":\"https:\/\/portaltela.pt\/\",\"name\":\"Portal Tela Portugal\",\"description\":\"\",\"potentialAction\":[{\"@type\":\"SearchAction\",\"target\":{\"@type\":\"EntryPoint\",\"urlTemplate\":\"https:\/\/portaltela.pt\/?s={search_term_string}\"},\"query-input\":{\"@type\":\"PropertyValueSpecification\",\"valueRequired\":true,\"valueName\":\"search_term_string\"}}],\"inLanguage\":\"pt-PT\"},{\"@type\":\"Person\",\"@id\":\"https:\/\/portaltela.pt\/#\/schema\/person\/c4278d4a6028830caff9ee44b42d32ed\",\"name\":\"Telinha\",\"image\":{\"@type\":\"ImageObject\",\"inLanguage\":\"pt-PT\",\"@id\":\"https:\/\/portaltela.pt\/s.01k8rhncp4jt1\/2025\/11\/talking-bot-125x125.png\",\"url\":\"https:\/\/portaltela.pt\/s.01k8rhncp4jt1\/2025\/11\/talking-bot-125x125.png\",\"contentUrl\":\"https:\/\/portaltela.pt\/s.01k8rhncp4jt1\/2025\/11\/talking-bot-125x125.png\",\"caption\":\"Telinha\"},\"sameAs\":[\"https:\/\/portaltela.pt\/\"],\"url\":\"https:\/\/portaltela.pt\/por\/367410592786\/\"}]}<\/script>\n<!-- \/ Yoast SEO plugin. -->","yoast_head_json":{"title":"Covilh\u00e3 recebe 4.\u00aa Edi\u00e7\u00e3o Noturna Natal na Montanha Run - Portal Tela Portugal","robots":{"index":"index","follow":"follow","max-snippet":"max-snippet:-1","max-image-preview":"max-image-preview:large","max-video-preview":"max-video-preview:-1"},"og_locale":"pt_PT","og_type":"article","og_title":"Covilh\u00e3 recebe 4.\u00aa Edi\u00e7\u00e3o Noturna Natal na Montanha Run - Portal Tela Portugal","og_description":"No dia 26 de dezembro de 2025 realizou-se a 4.\u00aa Edi\u00e7\u00e3o Noturna \u201cNatal na Montanha\u201d Run, em Cortes do Meio. A prova destacou-se pelo esp\u00edrito natal\u00edcio, pela exig\u00eancia do percurso e pelo ambiente \u00fanico. Marco Alves, atleta da Associa\u00e7\u00e3o Cultural e Recreativa da Senhora do Desterro, venceu a geral. Marco Alves conquistou tamb\u00e9m o 1.\u00ba lugar no escal\u00e3o Veteranos 35\u201344. A informa\u00e7\u00e3o indica um desempenho s\u00f3lido, fruto do treino e da dedica\u00e7\u00e3o ao atletismo.","og_url":"https:\/\/portaltela.pt\/noticias\/2025\/12\/29\/covilha-recebe-4-a-edicao-noturna-natal-na-montanha-run\/","og_site_name":"Portal Tela Portugal","article_published_time":"2025-12-29T10:34:01+00:00","author":"Telinha","twitter_card":"summary_large_image","twitter_misc":{"Escrito por":"Telinha","Tempo estimado de leitura":"1 minuto"},"schema":{"@context":"https:\/\/schema.org","@graph":[{"@type":"Article","@id":"https:\/\/portaltela.pt\/noticias\/2025\/12\/29\/covilha-recebe-4-a-edicao-noturna-natal-na-montanha-run\/#article","isPartOf":{"@id":"https:\/\/portaltela.pt\/noticias\/2025\/12\/29\/covilha-recebe-4-a-edicao-noturna-natal-na-montanha-run\/"},"author":{"name":"Telinha","@id":"https:\/\/portaltela.pt\/#\/schema\/person\/c4278d4a6028830caff9ee44b42d32ed"},"headline":"Covilh\u00e3 recebe 4.\u00aa Edi\u00e7\u00e3o Noturna Natal na Montanha Run","datePublished":"2025-12-29T10:34:01+00:00","mainEntityOfPage":{"@id":"https:\/\/portaltela.pt\/noticias\/2025\/12\/29\/covilha-recebe-4-a-edicao-noturna-natal-na-montanha-run\/"},"wordCount":155,"image":{"@id":"https:\/\/portaltela.pt\/noticias\/2025\/12\/29\/covilha-recebe-4-a-edicao-noturna-natal-na-montanha-run\/#primaryimage"},"thumbnailUrl":"https:\/\/portaltela.pt\/s.01k8rhncp4jt1\/2025\/12\/unnamed-file-2290.jpg","keywords":["associa\u00e7\u00e3o desportiva","atletas","Covilh\u00e3","desempenho","desporto","Evento Desportivo do Ano"],"articleSection":["Desporto"],"inLanguage":"pt-PT"},{"@type":"WebPage","@id":"https:\/\/portaltela.pt\/noticias\/2025\/12\/29\/covilha-recebe-4-a-edicao-noturna-natal-na-montanha-run\/","url":"https:\/\/portaltela.pt\/noticias\/2025\/12\/29\/covilha-recebe-4-a-edicao-noturna-natal-na-montanha-run\/","name":"Covilh\u00e3 recebe 4.\u00aa Edi\u00e7\u00e3o Noturna Natal na Montanha Run - Portal Tela Portugal","isPartOf":{"@id":"https:\/\/portaltela.pt\/#website"},"primaryImageOfPage":{"@id":"https:\/\/portaltela.pt\/noticias\/2025\/12\/29\/covilha-recebe-4-a-edicao-noturna-natal-na-montanha-run\/#primaryimage"},"image":{"@id":"https:\/\/portaltela.pt\/noticias\/2025\/12\/29\/covilha-recebe-4-a-edicao-noturna-natal-na-montanha-run\/#primaryimage"},"thumbnailUrl":"https:\/\/portaltela.pt\/s.01k8rhncp4jt1\/2025\/12\/unnamed-file-2290.jpg","datePublished":"2025-12-29T10:34:01+00:00","author":{"@id":"https:\/\/portaltela.pt\/#\/schema\/person\/c4278d4a6028830caff9ee44b42d32ed"},"breadcrumb":{"@id":"https:\/\/portaltela.pt\/noticias\/2025\/12\/29\/covilha-recebe-4-a-edicao-noturna-natal-na-montanha-run\/#breadcrumb"},"inLanguage":"pt-PT","potentialAction":[{"@type":"ReadAction","target":["https:\/\/portaltela.pt\/noticias\/2025\/12\/29\/covilha-recebe-4-a-edicao-noturna-natal-na-montanha-run\/"]}]},{"@type":"ImageObject","inLanguage":"pt-PT","@id":"https:\/\/portaltela.pt\/noticias\/2025\/12\/29\/covilha-recebe-4-a-edicao-noturna-natal-na-montanha-run\/#primaryimage","url":"https:\/\/portaltela.pt\/s.01k8rhncp4jt1\/2025\/12\/unnamed-file-2290.jpg","contentUrl":"https:\/\/portaltela.pt\/s.01k8rhncp4jt1\/2025\/12\/unnamed-file-2290.jpg","width":796,"height":448,"caption":"Covilh\u00e3: 4.\u00aa Edi\u00e7\u00e3o Noturna \u201cNatal na Montanha\u201d Run"},{"@type":"BreadcrumbList","@id":"https:\/\/portaltela.pt\/noticias\/2025\/12\/29\/covilha-recebe-4-a-edicao-noturna-natal-na-montanha-run\/#breadcrumb","itemListElement":[{"@type":"ListItem","position":1,"name":"In\u00edcio","item":"https:\/\/portaltela.pt\/"},{"@type":"ListItem","position":2,"name":"Covilh\u00e3 recebe 4.\u00aa Edi\u00e7\u00e3o Noturna Natal na Montanha Run"}]},{"@type":"WebSite","@id":"https:\/\/portaltela.pt\/#website","url":"https:\/\/portaltela.pt\/","name":"Portal Tela Portugal","description":"","potentialAction":[{"@type":"SearchAction","target":{"@type":"EntryPoint","urlTemplate":"https:\/\/portaltela.pt\/?s={search_term_string}"},"query-input":{"@type":"PropertyValueSpecification","valueRequired":true,"valueName":"search_term_string"}}],"inLanguage":"pt-PT"},{"@type":"Person","@id":"https:\/\/portaltela.pt\/#\/schema\/person\/c4278d4a6028830caff9ee44b42d32ed","name":"Telinha","image":{"@type":"ImageObject","inLanguage":"pt-PT","@id":"https:\/\/portaltela.pt\/s.01k8rhncp4jt1\/2025\/11\/talking-bot-125x125.png","url":"https:\/\/portaltela.pt\/s.01k8rhncp4jt1\/2025\/11\/talking-bot-125x125.png","contentUrl":"https:\/\/portaltela.pt\/s.01k8rhncp4jt1\/2025\/11\/talking-bot-125x125.png","caption":"Telinha"},"sameAs":["https:\/\/portaltela.pt\/"],"url":"https:\/\/portaltela.pt\/por\/367410592786\/"}]}},"_links":{"self":[{"href":"https:\/\/portaltela.pt\/api\/wp\/v2\/posts\/104961","targetHints":{"allow":["GET"]}}],"collection":[{"href":"https:\/\/portaltela.pt\/api\/wp\/v2\/posts"}],"about":[{"href":"https:\/\/portaltela.pt\/api\/wp\/v2\/types\/post"}],"author":[{"embeddable":true,"href":"https:\/\/portaltela.pt\/api\/wp\/v2\/users\/2"}],"replies":[{"embeddable":true,"href":"https:\/\/portaltela.pt\/api\/wp\/v2\/comments?post=104961"}],"version-history":[{"count":0,"href":"https:\/\/portaltela.pt\/api\/wp\/v2\/posts\/104961\/revisions"}],"wp:featuredmedia":[{"embeddable":true,"href":"https:\/\/portaltela.pt\/api\/wp\/v2\/media\/104971"}],"wp:attachment":[{"href":"https:\/\/portaltela.pt\/api\/wp\/v2\/media?parent=104961"}],"wp:term":[{"taxonomy":"category","embeddable":true,"href":"https:\/\/portaltela.pt\/api\/wp\/v2\/categories?post=104961"},{"taxonomy":"post_tag","embeddable":true,"href":"https:\/\/portaltela.pt\/api\/wp\/v2\/tags?post=104961"}],"curies":[{"name":"wp","href":"https:\/\/api.w.org\/{rel}","templated":true}]}}