{"id":104878,"date":"2025-12-29T07:18:00","date_gmt":"2025-12-29T10:18:00","guid":{"rendered":"https:\/\/portaltela.pt\/noticias\/2025\/12\/29\/famalicao-recebe-doacao-de-sangue-em-s-cosme-do-vale\/"},"modified":"2025-12-29T07:18:00","modified_gmt":"2025-12-29T10:18:00","slug":"famalicao-recebe-doacao-de-sangue-em-s-cosme-do-vale","status":"publish","type":"post","link":"https:\/\/portaltela.pt\/noticias\/2025\/12\/29\/famalicao-recebe-doacao-de-sangue-em-s-cosme-do-vale\/","title":{"rendered":"Famalic\u00e3o recebe doa\u00e7\u00e3o de sangue em S. Cosme do Vale"},"content":{"rendered":"<p>No sal\u00e3o paroquial da Freguesia de S. Cosme do Vale, a Associa\u00e7\u00e3o de Dadores de Sangue de V. N. de Famalic\u00e3o promove, no domingo, 4 de janeiro, uma colheita de sangue. O evento decorre entre as 9h00 e as 12h30, com o apoio do CNE n\u00ba 364 desta localidade. O Instituto Portugu\u00eas do Sangue e do Translante promover\u00e1 as colheitas.<\/p>\n<p>A recolha de sangue est\u00e1 aberta a cidad\u00e3os saud\u00e1veis, maiores de 18 anos e com mais de 50 kg. A institui\u00e7\u00e3o apela \u00e0 participa\u00e7\u00e3o de toda a popula\u00e7\u00e3o dispon\u00edvel para contribuir com uma d\u00e1diva que poder\u00e1 salvar vidas.<\/p>\n<p>A iniciativa tem como objetivo aumentar o stock de sangue dispon\u00edvel para urg\u00eancias e para pacientes que necessitam de transfus\u00f5es. A colabora\u00e7\u00e3o \u00e9 promovida pela associa\u00e7\u00e3o local e pelos agentes comunit\u00e1rios envolvidos na organiza\u00e7\u00e3o.<\/p>\n","protected":false},"excerpt":{"rendered":"<ul>\n<li>No dia 4 de janeiro, domingo, a colheita de sangue realiza-se no sal\u00e3o paroquial da freguesia de S. Cosme do Vale.<\/li>\n<li>Organiza a Associa\u00e7\u00e3o de Dadores de Sangue de V. N. de Famalic\u00e3o, com o apoio do CNE n\u00ba 364 local.<\/li>\n<li>A colheita decorre entre as 9h00 e as 12h30, com o servi\u00e7o do Instituto Portugu\u00eas do Sangue e do Transplanta\u00e7\u00e3o.<\/li>\n<li>O apelo \u00e9 \u00e0 participa\u00e7\u00e3o de todos os cidad\u00e3os saud\u00e1veis, maiores de 18 anos e com mais de 50 quilos.<\/li>\n<li>N\u00e3o \u00e9 necess\u00e1ria qualquer experi\u00eancia pr\u00e9via; basta comparecer, de forma respons\u00e1vel, para contribuir com a d\u00e1diva de sangue.<\/li>\n<\/ul>\n","protected":false},"author":2,"featured_media":104884,"comment_status":"closed","ping_status":"closed","sticky":false,"template":"","format":"standard","meta":{"footnotes":""},"categories":[1],"tags":[1084,1211,903,620,172,347],"class_list":["post-104878","post","type-post","status-publish","format-standard","has-post-thumbnail","hentry","category-noticias","tag-acao-social","tag-apoio-social","tag-comunidades","tag-doacao","tag-saude","tag-servicos-de-caridade"],"yoast_head":"<!-- This site is optimized with the Yoast SEO plugin v27.2 - https:\/\/yoast.com\/product\/yoast-seo-wordpress\/ -->\n<title>Famalic\u00e3o recebe doa\u00e7\u00e3o de sangue em S. Cosme do Vale - Portal Tela Portugal<\/title>\n<meta name=\"robots\" content=\"index, follow, max-snippet:-1, max-image-preview:large, max-video-preview:-1\" \/>\n<meta property=\"og:locale\" content=\"pt_PT\" \/>\n<meta property=\"og:type\" content=\"article\" \/>\n<meta property=\"og:title\" content=\"Famalic\u00e3o recebe doa\u00e7\u00e3o de sangue em S. Cosme do Vale - Portal Tela Portugal\" \/>\n<meta property=\"og:description\" content=\"No dia 4 de janeiro, domingo, a colheita de sangue realiza-se no sal\u00e3o paroquial da freguesia de S. Cosme do Vale. Organiza a Associa\u00e7\u00e3o de Dadores de Sangue de V. N. de Famalic\u00e3o, com o apoio do CNE n\u00ba 364 local. A colheita decorre entre as 9h00 e as 12h30, com o servi\u00e7o do Instituto Portugu\u00eas do Sangue e do Transplanta\u00e7\u00e3o. O apelo \u00e9 \u00e0 participa\u00e7\u00e3o de todos os cidad\u00e3os saud\u00e1veis, maiores de 18 anos e com mais de 50 quilos. N\u00e3o \u00e9 necess\u00e1ria qualquer experi\u00eancia pr\u00e9via; basta comparecer, de forma respons\u00e1vel, para contribuir com a d\u00e1diva de sangue.\" \/>\n<meta property=\"og:url\" content=\"https:\/\/portaltela.pt\/noticias\/2025\/12\/29\/famalicao-recebe-doacao-de-sangue-em-s-cosme-do-vale\/\" \/>\n<meta property=\"og:site_name\" content=\"Portal Tela Portugal\" \/>\n<meta property=\"article:published_time\" content=\"2025-12-29T10:18:00+00:00\" \/>\n<meta name=\"author\" content=\"Telinha\" \/>\n<meta name=\"twitter:card\" content=\"summary_large_image\" \/>\n<meta name=\"twitter:label1\" content=\"Escrito por\" \/>\n\t<meta name=\"twitter:data1\" content=\"Telinha\" \/>\n\t<meta name=\"twitter:label2\" content=\"Tempo estimado de leitura\" \/>\n\t<meta name=\"twitter:data2\" content=\"1 minuto\" \/>\n<script type=\"application\/ld+json\" class=\"yoast-schema-graph\">{\"@context\":\"https:\/\/schema.org\",\"@graph\":[{\"@type\":\"Article\",\"@id\":\"https:\/\/portaltela.pt\/noticias\/2025\/12\/29\/famalicao-recebe-doacao-de-sangue-em-s-cosme-do-vale\/#article\",\"isPartOf\":{\"@id\":\"https:\/\/portaltela.pt\/noticias\/2025\/12\/29\/famalicao-recebe-doacao-de-sangue-em-s-cosme-do-vale\/\"},\"author\":{\"name\":\"Telinha\",\"@id\":\"https:\/\/portaltela.pt\/#\/schema\/person\/c4278d4a6028830caff9ee44b42d32ed\"},\"headline\":\"Famalic\u00e3o recebe doa\u00e7\u00e3o de sangue em S. Cosme do Vale\",\"datePublished\":\"2025-12-29T10:18:00+00:00\",\"mainEntityOfPage\":{\"@id\":\"https:\/\/portaltela.pt\/noticias\/2025\/12\/29\/famalicao-recebe-doacao-de-sangue-em-s-cosme-do-vale\/\"},\"wordCount\":156,\"image\":{\"@id\":\"https:\/\/portaltela.pt\/noticias\/2025\/12\/29\/famalicao-recebe-doacao-de-sangue-em-s-cosme-do-vale\/#primaryimage\"},\"thumbnailUrl\":\"https:\/\/portaltela.pt\/s.01k8rhncp4jt1\/2025\/12\/unnamed-file-2281.jpg\",\"keywords\":[\"A\u00e7\u00e3o Social\",\"Apoio Social\",\"comunidades\",\"doa\u00e7\u00e3o\",\"sa\u00fade\",\"servi\u00e7os de caridade\"],\"articleSection\":[\"Not\u00edcias\"],\"inLanguage\":\"pt-PT\"},{\"@type\":\"WebPage\",\"@id\":\"https:\/\/portaltela.pt\/noticias\/2025\/12\/29\/famalicao-recebe-doacao-de-sangue-em-s-cosme-do-vale\/\",\"url\":\"https:\/\/portaltela.pt\/noticias\/2025\/12\/29\/famalicao-recebe-doacao-de-sangue-em-s-cosme-do-vale\/\",\"name\":\"Famalic\u00e3o recebe doa\u00e7\u00e3o de sangue em S. Cosme do Vale - Portal Tela Portugal\",\"isPartOf\":{\"@id\":\"https:\/\/portaltela.pt\/#website\"},\"primaryImageOfPage\":{\"@id\":\"https:\/\/portaltela.pt\/noticias\/2025\/12\/29\/famalicao-recebe-doacao-de-sangue-em-s-cosme-do-vale\/#primaryimage\"},\"image\":{\"@id\":\"https:\/\/portaltela.pt\/noticias\/2025\/12\/29\/famalicao-recebe-doacao-de-sangue-em-s-cosme-do-vale\/#primaryimage\"},\"thumbnailUrl\":\"https:\/\/portaltela.pt\/s.01k8rhncp4jt1\/2025\/12\/unnamed-file-2281.jpg\",\"datePublished\":\"2025-12-29T10:18:00+00:00\",\"author\":{\"@id\":\"https:\/\/portaltela.pt\/#\/schema\/person\/c4278d4a6028830caff9ee44b42d32ed\"},\"breadcrumb\":{\"@id\":\"https:\/\/portaltela.pt\/noticias\/2025\/12\/29\/famalicao-recebe-doacao-de-sangue-em-s-cosme-do-vale\/#breadcrumb\"},\"inLanguage\":\"pt-PT\",\"potentialAction\":[{\"@type\":\"ReadAction\",\"target\":[\"https:\/\/portaltela.pt\/noticias\/2025\/12\/29\/famalicao-recebe-doacao-de-sangue-em-s-cosme-do-vale\/\"]}]},{\"@type\":\"ImageObject\",\"inLanguage\":\"pt-PT\",\"@id\":\"https:\/\/portaltela.pt\/noticias\/2025\/12\/29\/famalicao-recebe-doacao-de-sangue-em-s-cosme-do-vale\/#primaryimage\",\"url\":\"https:\/\/portaltela.pt\/s.01k8rhncp4jt1\/2025\/12\/unnamed-file-2281.jpg\",\"contentUrl\":\"https:\/\/portaltela.pt\/s.01k8rhncp4jt1\/2025\/12\/unnamed-file-2281.jpg\",\"width\":796,\"height\":448,\"caption\":\"Associa\u00e7\u00e3o de Dadores de Sangue realiza colheita em Rebord\u00f5es\"},{\"@type\":\"BreadcrumbList\",\"@id\":\"https:\/\/portaltela.pt\/noticias\/2025\/12\/29\/famalicao-recebe-doacao-de-sangue-em-s-cosme-do-vale\/#breadcrumb\",\"itemListElement\":[{\"@type\":\"ListItem\",\"position\":1,\"name\":\"In\u00edcio\",\"item\":\"https:\/\/portaltela.pt\/\"},{\"@type\":\"ListItem\",\"position\":2,\"name\":\"Famalic\u00e3o recebe doa\u00e7\u00e3o de sangue em S. Cosme do Vale\"}]},{\"@type\":\"WebSite\",\"@id\":\"https:\/\/portaltela.pt\/#website\",\"url\":\"https:\/\/portaltela.pt\/\",\"name\":\"Portal Tela Portugal\",\"description\":\"\",\"potentialAction\":[{\"@type\":\"SearchAction\",\"target\":{\"@type\":\"EntryPoint\",\"urlTemplate\":\"https:\/\/portaltela.pt\/?s={search_term_string}\"},\"query-input\":{\"@type\":\"PropertyValueSpecification\",\"valueRequired\":true,\"valueName\":\"search_term_string\"}}],\"inLanguage\":\"pt-PT\"},{\"@type\":\"Person\",\"@id\":\"https:\/\/portaltela.pt\/#\/schema\/person\/c4278d4a6028830caff9ee44b42d32ed\",\"name\":\"Telinha\",\"image\":{\"@type\":\"ImageObject\",\"inLanguage\":\"pt-PT\",\"@id\":\"https:\/\/portaltela.pt\/s.01k8rhncp4jt1\/2025\/11\/talking-bot-125x125.png\",\"url\":\"https:\/\/portaltela.pt\/s.01k8rhncp4jt1\/2025\/11\/talking-bot-125x125.png\",\"contentUrl\":\"https:\/\/portaltela.pt\/s.01k8rhncp4jt1\/2025\/11\/talking-bot-125x125.png\",\"caption\":\"Telinha\"},\"sameAs\":[\"https:\/\/portaltela.pt\/\"],\"url\":\"https:\/\/portaltela.pt\/por\/367410592786\/\"}]}<\/script>\n<!-- \/ Yoast SEO plugin. -->","yoast_head_json":{"title":"Famalic\u00e3o recebe doa\u00e7\u00e3o de sangue em S. Cosme do Vale - Portal Tela Portugal","robots":{"index":"index","follow":"follow","max-snippet":"max-snippet:-1","max-image-preview":"max-image-preview:large","max-video-preview":"max-video-preview:-1"},"og_locale":"pt_PT","og_type":"article","og_title":"Famalic\u00e3o recebe doa\u00e7\u00e3o de sangue em S. Cosme do Vale - Portal Tela Portugal","og_description":"No dia 4 de janeiro, domingo, a colheita de sangue realiza-se no sal\u00e3o paroquial da freguesia de S. Cosme do Vale. Organiza a Associa\u00e7\u00e3o de Dadores de Sangue de V. N. de Famalic\u00e3o, com o apoio do CNE n\u00ba 364 local. A colheita decorre entre as 9h00 e as 12h30, com o servi\u00e7o do Instituto Portugu\u00eas do Sangue e do Transplanta\u00e7\u00e3o. O apelo \u00e9 \u00e0 participa\u00e7\u00e3o de todos os cidad\u00e3os saud\u00e1veis, maiores de 18 anos e com mais de 50 quilos. N\u00e3o \u00e9 necess\u00e1ria qualquer experi\u00eancia pr\u00e9via; basta comparecer, de forma respons\u00e1vel, para contribuir com a d\u00e1diva de sangue.","og_url":"https:\/\/portaltela.pt\/noticias\/2025\/12\/29\/famalicao-recebe-doacao-de-sangue-em-s-cosme-do-vale\/","og_site_name":"Portal Tela Portugal","article_published_time":"2025-12-29T10:18:00+00:00","author":"Telinha","twitter_card":"summary_large_image","twitter_misc":{"Escrito por":"Telinha","Tempo estimado de leitura":"1 minuto"},"schema":{"@context":"https:\/\/schema.org","@graph":[{"@type":"Article","@id":"https:\/\/portaltela.pt\/noticias\/2025\/12\/29\/famalicao-recebe-doacao-de-sangue-em-s-cosme-do-vale\/#article","isPartOf":{"@id":"https:\/\/portaltela.pt\/noticias\/2025\/12\/29\/famalicao-recebe-doacao-de-sangue-em-s-cosme-do-vale\/"},"author":{"name":"Telinha","@id":"https:\/\/portaltela.pt\/#\/schema\/person\/c4278d4a6028830caff9ee44b42d32ed"},"headline":"Famalic\u00e3o recebe doa\u00e7\u00e3o de sangue em S. Cosme do Vale","datePublished":"2025-12-29T10:18:00+00:00","mainEntityOfPage":{"@id":"https:\/\/portaltela.pt\/noticias\/2025\/12\/29\/famalicao-recebe-doacao-de-sangue-em-s-cosme-do-vale\/"},"wordCount":156,"image":{"@id":"https:\/\/portaltela.pt\/noticias\/2025\/12\/29\/famalicao-recebe-doacao-de-sangue-em-s-cosme-do-vale\/#primaryimage"},"thumbnailUrl":"https:\/\/portaltela.pt\/s.01k8rhncp4jt1\/2025\/12\/unnamed-file-2281.jpg","keywords":["A\u00e7\u00e3o Social","Apoio Social","comunidades","doa\u00e7\u00e3o","sa\u00fade","servi\u00e7os de caridade"],"articleSection":["Not\u00edcias"],"inLanguage":"pt-PT"},{"@type":"WebPage","@id":"https:\/\/portaltela.pt\/noticias\/2025\/12\/29\/famalicao-recebe-doacao-de-sangue-em-s-cosme-do-vale\/","url":"https:\/\/portaltela.pt\/noticias\/2025\/12\/29\/famalicao-recebe-doacao-de-sangue-em-s-cosme-do-vale\/","name":"Famalic\u00e3o recebe doa\u00e7\u00e3o de sangue em S. Cosme do Vale - Portal Tela Portugal","isPartOf":{"@id":"https:\/\/portaltela.pt\/#website"},"primaryImageOfPage":{"@id":"https:\/\/portaltela.pt\/noticias\/2025\/12\/29\/famalicao-recebe-doacao-de-sangue-em-s-cosme-do-vale\/#primaryimage"},"image":{"@id":"https:\/\/portaltela.pt\/noticias\/2025\/12\/29\/famalicao-recebe-doacao-de-sangue-em-s-cosme-do-vale\/#primaryimage"},"thumbnailUrl":"https:\/\/portaltela.pt\/s.01k8rhncp4jt1\/2025\/12\/unnamed-file-2281.jpg","datePublished":"2025-12-29T10:18:00+00:00","author":{"@id":"https:\/\/portaltela.pt\/#\/schema\/person\/c4278d4a6028830caff9ee44b42d32ed"},"breadcrumb":{"@id":"https:\/\/portaltela.pt\/noticias\/2025\/12\/29\/famalicao-recebe-doacao-de-sangue-em-s-cosme-do-vale\/#breadcrumb"},"inLanguage":"pt-PT","potentialAction":[{"@type":"ReadAction","target":["https:\/\/portaltela.pt\/noticias\/2025\/12\/29\/famalicao-recebe-doacao-de-sangue-em-s-cosme-do-vale\/"]}]},{"@type":"ImageObject","inLanguage":"pt-PT","@id":"https:\/\/portaltela.pt\/noticias\/2025\/12\/29\/famalicao-recebe-doacao-de-sangue-em-s-cosme-do-vale\/#primaryimage","url":"https:\/\/portaltela.pt\/s.01k8rhncp4jt1\/2025\/12\/unnamed-file-2281.jpg","contentUrl":"https:\/\/portaltela.pt\/s.01k8rhncp4jt1\/2025\/12\/unnamed-file-2281.jpg","width":796,"height":448,"caption":"Associa\u00e7\u00e3o de Dadores de Sangue realiza colheita em Rebord\u00f5es"},{"@type":"BreadcrumbList","@id":"https:\/\/portaltela.pt\/noticias\/2025\/12\/29\/famalicao-recebe-doacao-de-sangue-em-s-cosme-do-vale\/#breadcrumb","itemListElement":[{"@type":"ListItem","position":1,"name":"In\u00edcio","item":"https:\/\/portaltela.pt\/"},{"@type":"ListItem","position":2,"name":"Famalic\u00e3o recebe doa\u00e7\u00e3o de sangue em S. Cosme do Vale"}]},{"@type":"WebSite","@id":"https:\/\/portaltela.pt\/#website","url":"https:\/\/portaltela.pt\/","name":"Portal Tela Portugal","description":"","potentialAction":[{"@type":"SearchAction","target":{"@type":"EntryPoint","urlTemplate":"https:\/\/portaltela.pt\/?s={search_term_string}"},"query-input":{"@type":"PropertyValueSpecification","valueRequired":true,"valueName":"search_term_string"}}],"inLanguage":"pt-PT"},{"@type":"Person","@id":"https:\/\/portaltela.pt\/#\/schema\/person\/c4278d4a6028830caff9ee44b42d32ed","name":"Telinha","image":{"@type":"ImageObject","inLanguage":"pt-PT","@id":"https:\/\/portaltela.pt\/s.01k8rhncp4jt1\/2025\/11\/talking-bot-125x125.png","url":"https:\/\/portaltela.pt\/s.01k8rhncp4jt1\/2025\/11\/talking-bot-125x125.png","contentUrl":"https:\/\/portaltela.pt\/s.01k8rhncp4jt1\/2025\/11\/talking-bot-125x125.png","caption":"Telinha"},"sameAs":["https:\/\/portaltela.pt\/"],"url":"https:\/\/portaltela.pt\/por\/367410592786\/"}]}},"_links":{"self":[{"href":"https:\/\/portaltela.pt\/api\/wp\/v2\/posts\/104878","targetHints":{"allow":["GET"]}}],"collection":[{"href":"https:\/\/portaltela.pt\/api\/wp\/v2\/posts"}],"about":[{"href":"https:\/\/portaltela.pt\/api\/wp\/v2\/types\/post"}],"author":[{"embeddable":true,"href":"https:\/\/portaltela.pt\/api\/wp\/v2\/users\/2"}],"replies":[{"embeddable":true,"href":"https:\/\/portaltela.pt\/api\/wp\/v2\/comments?post=104878"}],"version-history":[{"count":0,"href":"https:\/\/portaltela.pt\/api\/wp\/v2\/posts\/104878\/revisions"}],"wp:featuredmedia":[{"embeddable":true,"href":"https:\/\/portaltela.pt\/api\/wp\/v2\/media\/104884"}],"wp:attachment":[{"href":"https:\/\/portaltela.pt\/api\/wp\/v2\/media?parent=104878"}],"wp:term":[{"taxonomy":"category","embeddable":true,"href":"https:\/\/portaltela.pt\/api\/wp\/v2\/categories?post=104878"},{"taxonomy":"post_tag","embeddable":true,"href":"https:\/\/portaltela.pt\/api\/wp\/v2\/tags?post=104878"}],"curies":[{"name":"wp","href":"https:\/\/api.w.org\/{rel}","templated":true}]}}