{"id":103641,"date":"2025-12-28T15:28:00","date_gmt":"2025-12-28T18:28:00","guid":{"rendered":"https:\/\/portaltela.pt\/noticias\/2025\/12\/28\/cinco-portugueses-entre-os-premiados-no-globe-soccer-awards\/"},"modified":"2025-12-28T15:28:00","modified_gmt":"2025-12-28T18:28:00","slug":"cinco-portugueses-entre-os-premiados-no-globe-soccer-awards","status":"publish","type":"post","link":"https:\/\/portaltela.pt\/desporto\/futebol\/2025\/12\/28\/cinco-portugueses-entre-os-premiados-no-globe-soccer-awards\/","title":{"rendered":"Cinco portugueses entre os premiados no Globe Soccer Awards"},"content":{"rendered":"<p>Foram atribu\u00eddos este domingo, em Dubai, os Globe Soccer Awards da 16.\u00aa edi\u00e7\u00e3o. Cinco lusos estiveram nomeados, quatro receberam pr\u00e9mios e Diogo Jota recebeu uma homenagem ainda por entregar-se. Deco ficou de fora dos galard\u00f5es, na lista de nomea\u00e7\u00f5es.<\/p>\n<p>Vitinha foi eleito o melhor m\u00e9dio de 2025. Cristiano Ronaldo ganhou o pr\u00e9mio de melhor jogador do M\u00e9dio Oriente. Lu\u00eds Campos foi distinguido como melhor diretor desportivo, superando Deco. Jorge Mendes arrecadou o pr\u00e9mio de melhor agente.<\/p>\n<p>Portugal arrecadou tamb\u00e9m o pr\u00e9mio de Melhor Sele\u00e7\u00e3o Nacional, entregue a Pedro Proen\u00e7a no palco, pela sele\u00e7\u00e3o nacional. A honraria subiu ao pr\u00f3prio dirigente portugu\u00eas, ap\u00f3s a vit\u00f3ria da equipa em Dubai.<\/p>\n<h3>Premiados de destaque<\/h3>\n<p>Desir\u00e9 Dou\u00e9 ficou com o t\u00edtulo de melhor jovem, superando Jo\u00e3o Neves. O trof\u00e9u de melhor jogador foi para Demb\u00e9l\u00e9, com Vitinha entre os candidatos ao pr\u00e9mio de melhor m\u00e9dio.<\/p>\n<p>Diego Maradona ficou marcado com o pr\u00e9mio Diego Maradona; Lamine Yamal recebeu o pr\u00e9mio hom\u00f3nimo. Hidetoshi Nakata e Andr\u00e9s Iniesta foram reconhecidos com o Pr\u00e9mio Carreira.<\/p>\n<h3>Outras distin\u00e7\u00f5es<\/h3>\n<p>Nasser Al Khelaifi foi eleito melhor presidente; o PSG, melhor clube; Luis Enrique, melhor treinador. Paul Pogba conquistou o pr\u00e9mio regresso do ano. A lista incluiu ainda distin\u00e7\u00f5es para Barcelona e Aitana Bonmat\u00ed no futebol feminino.<\/p>\n","protected":false},"excerpt":{"rendered":"<ul>\n<li>No Dubai, dos Globe Soccer Awards, seis portugueses foram nomeados e quatro receberam pr\u00e9mios: Vitinha foi eleito o melhor m\u00e9dio de 2025, Cristiano Ronaldo o melhor jogador do M\u00e9dio Oriente, Lu\u00eds Campos o melhor diretor desportivo e Jorge Mendes o melhor agente.<\/li>\n<li>Diogo Jota recebeu uma homenagem no evento, com a presen\u00e7a dos respetivos pais para o momento de entrega.<\/li>\n<li>Pedro Proen\u00e7a subiu ao palco para receber o pr\u00e9mio de melhor Sele\u00e7\u00e3o Nacional, atribu\u00eddo a Portugal.<\/li>\n<li>Desir\u00e9 Dou\u00e9 ficou com o pr\u00e9mio de melhor jovem, superando Jo\u00e3o Neves, entre outros galard\u00f5es atribu\u00eddos no evento.<\/li>\n<li>O conjunto portugu\u00eas da sele\u00e7\u00e3o foi tamb\u00e9m reconhecido com uma distin\u00e7\u00e3o adicional na gala, refletindo o desempenho do pa\u00eds no sorteio dos pr\u00e9mios.<\/li>\n<\/ul>\n","protected":false},"author":2,"featured_media":103655,"comment_status":"closed","ping_status":"closed","sticky":false,"template":"","format":"standard","meta":{"footnotes":""},"categories":[21,24],"tags":[1947,32,2041,1608,2052,280],"class_list":["post-103641","post","type-post","status-publish","format-standard","has-post-thumbnail","hentry","category-desporto","category-futebol","tag-cristiano-ronaldo","tag-futebol","tag-jorge-mendes","tag-melhor-agente","tag-melhor-selecao-nacional","tag-treinador-do-ano"],"yoast_head":"<!-- This site is optimized with the Yoast SEO plugin v27.2 - https:\/\/yoast.com\/product\/yoast-seo-wordpress\/ -->\n<title>Cinco portugueses entre os premiados no Globe Soccer Awards - Portal Tela Portugal<\/title>\n<meta name=\"robots\" content=\"index, follow, max-snippet:-1, max-image-preview:large, max-video-preview:-1\" \/>\n<meta property=\"og:locale\" content=\"pt_PT\" \/>\n<meta property=\"og:type\" content=\"article\" \/>\n<meta property=\"og:title\" content=\"Cinco portugueses entre os premiados no Globe Soccer Awards - Portal Tela Portugal\" \/>\n<meta property=\"og:description\" content=\"No Dubai, dos Globe Soccer Awards, seis portugueses foram nomeados e quatro receberam pr\u00e9mios: Vitinha foi eleito o melhor m\u00e9dio de 2025, Cristiano Ronaldo o melhor jogador do M\u00e9dio Oriente, Lu\u00eds Campos o melhor diretor desportivo e Jorge Mendes o melhor agente. Diogo Jota recebeu uma homenagem no evento, com a presen\u00e7a dos respetivos pais para o momento de entrega. Pedro Proen\u00e7a subiu ao palco para receber o pr\u00e9mio de melhor Sele\u00e7\u00e3o Nacional, atribu\u00eddo a Portugal. Desir\u00e9 Dou\u00e9 ficou com o pr\u00e9mio de melhor jovem, superando Jo\u00e3o Neves, entre outros galard\u00f5es atribu\u00eddos no evento. O conjunto portugu\u00eas da sele\u00e7\u00e3o foi tamb\u00e9m reconhecido com uma distin\u00e7\u00e3o adicional na gala, refletindo o desempenho do pa\u00eds no sorteio dos pr\u00e9mios.\" \/>\n<meta property=\"og:url\" content=\"https:\/\/portaltela.pt\/noticias\/2025\/12\/28\/cinco-portugueses-entre-os-premiados-no-globe-soccer-awards\/\" \/>\n<meta property=\"og:site_name\" content=\"Portal Tela Portugal\" \/>\n<meta property=\"article:published_time\" content=\"2025-12-28T18:28:00+00:00\" \/>\n<meta name=\"author\" content=\"Telinha\" \/>\n<meta name=\"twitter:card\" content=\"summary_large_image\" \/>\n<meta name=\"twitter:label1\" content=\"Escrito por\" \/>\n\t<meta name=\"twitter:data1\" content=\"Telinha\" \/>\n\t<meta name=\"twitter:label2\" content=\"Tempo estimado de leitura\" \/>\n\t<meta name=\"twitter:data2\" content=\"1 minuto\" \/>\n<script type=\"application\/ld+json\" class=\"yoast-schema-graph\">{\"@context\":\"https:\/\/schema.org\",\"@graph\":[{\"@type\":\"Article\",\"@id\":\"https:\/\/portaltela.pt\/noticias\/2025\/12\/28\/cinco-portugueses-entre-os-premiados-no-globe-soccer-awards\/#article\",\"isPartOf\":{\"@id\":\"https:\/\/portaltela.pt\/noticias\/2025\/12\/28\/cinco-portugueses-entre-os-premiados-no-globe-soccer-awards\/\"},\"author\":{\"name\":\"Telinha\",\"@id\":\"https:\/\/portaltela.pt\/#\/schema\/person\/c4278d4a6028830caff9ee44b42d32ed\"},\"headline\":\"Cinco portugueses entre os premiados no Globe Soccer Awards\",\"datePublished\":\"2025-12-28T18:28:00+00:00\",\"mainEntityOfPage\":{\"@id\":\"https:\/\/portaltela.pt\/noticias\/2025\/12\/28\/cinco-portugueses-entre-os-premiados-no-globe-soccer-awards\/\"},\"wordCount\":245,\"image\":{\"@id\":\"https:\/\/portaltela.pt\/noticias\/2025\/12\/28\/cinco-portugueses-entre-os-premiados-no-globe-soccer-awards\/#primaryimage\"},\"thumbnailUrl\":\"https:\/\/portaltela.pt\/s.01k8rhncp4jt1\/2025\/12\/136459aa-5998-42f2-9646-bff4f3d75996.jpg\",\"keywords\":[\"Cristiano Ronaldo\",\"futebol\",\"Jorge Mendes\",\"Melhor Agente\",\"Melhor Sele\u00e7\u00e3o Nacional\",\"Treinador do Ano\"],\"articleSection\":[\"Desporto\",\"Futebol\"],\"inLanguage\":\"pt-PT\"},{\"@type\":\"WebPage\",\"@id\":\"https:\/\/portaltela.pt\/noticias\/2025\/12\/28\/cinco-portugueses-entre-os-premiados-no-globe-soccer-awards\/\",\"url\":\"https:\/\/portaltela.pt\/noticias\/2025\/12\/28\/cinco-portugueses-entre-os-premiados-no-globe-soccer-awards\/\",\"name\":\"Cinco portugueses entre os premiados no Globe Soccer Awards - Portal Tela Portugal\",\"isPartOf\":{\"@id\":\"https:\/\/portaltela.pt\/#website\"},\"primaryImageOfPage\":{\"@id\":\"https:\/\/portaltela.pt\/noticias\/2025\/12\/28\/cinco-portugueses-entre-os-premiados-no-globe-soccer-awards\/#primaryimage\"},\"image\":{\"@id\":\"https:\/\/portaltela.pt\/noticias\/2025\/12\/28\/cinco-portugueses-entre-os-premiados-no-globe-soccer-awards\/#primaryimage\"},\"thumbnailUrl\":\"https:\/\/portaltela.pt\/s.01k8rhncp4jt1\/2025\/12\/136459aa-5998-42f2-9646-bff4f3d75996.jpg\",\"datePublished\":\"2025-12-28T18:28:00+00:00\",\"author\":{\"@id\":\"https:\/\/portaltela.pt\/#\/schema\/person\/c4278d4a6028830caff9ee44b42d32ed\"},\"breadcrumb\":{\"@id\":\"https:\/\/portaltela.pt\/noticias\/2025\/12\/28\/cinco-portugueses-entre-os-premiados-no-globe-soccer-awards\/#breadcrumb\"},\"inLanguage\":\"pt-PT\",\"potentialAction\":[{\"@type\":\"ReadAction\",\"target\":[\"https:\/\/portaltela.pt\/noticias\/2025\/12\/28\/cinco-portugueses-entre-os-premiados-no-globe-soccer-awards\/\"]}]},{\"@type\":\"ImageObject\",\"inLanguage\":\"pt-PT\",\"@id\":\"https:\/\/portaltela.pt\/noticias\/2025\/12\/28\/cinco-portugueses-entre-os-premiados-no-globe-soccer-awards\/#primaryimage\",\"url\":\"https:\/\/portaltela.pt\/s.01k8rhncp4jt1\/2025\/12\/136459aa-5998-42f2-9646-bff4f3d75996.jpg\",\"contentUrl\":\"https:\/\/portaltela.pt\/s.01k8rhncp4jt1\/2025\/12\/136459aa-5998-42f2-9646-bff4f3d75996.jpg\",\"width\":796,\"height\":448,\"caption\":\"Vitinha \u00e9 o melhor m\u00e9dio de 2025\"},{\"@type\":\"BreadcrumbList\",\"@id\":\"https:\/\/portaltela.pt\/noticias\/2025\/12\/28\/cinco-portugueses-entre-os-premiados-no-globe-soccer-awards\/#breadcrumb\",\"itemListElement\":[{\"@type\":\"ListItem\",\"position\":1,\"name\":\"In\u00edcio\",\"item\":\"https:\/\/portaltela.pt\/\"},{\"@type\":\"ListItem\",\"position\":2,\"name\":\"Cinco portugueses entre os premiados no Globe Soccer Awards\"}]},{\"@type\":\"WebSite\",\"@id\":\"https:\/\/portaltela.pt\/#website\",\"url\":\"https:\/\/portaltela.pt\/\",\"name\":\"Portal Tela Portugal\",\"description\":\"\",\"potentialAction\":[{\"@type\":\"SearchAction\",\"target\":{\"@type\":\"EntryPoint\",\"urlTemplate\":\"https:\/\/portaltela.pt\/?s={search_term_string}\"},\"query-input\":{\"@type\":\"PropertyValueSpecification\",\"valueRequired\":true,\"valueName\":\"search_term_string\"}}],\"inLanguage\":\"pt-PT\"},{\"@type\":\"Person\",\"@id\":\"https:\/\/portaltela.pt\/#\/schema\/person\/c4278d4a6028830caff9ee44b42d32ed\",\"name\":\"Telinha\",\"image\":{\"@type\":\"ImageObject\",\"inLanguage\":\"pt-PT\",\"@id\":\"https:\/\/portaltela.pt\/s.01k8rhncp4jt1\/2025\/11\/talking-bot-125x125.png\",\"url\":\"https:\/\/portaltela.pt\/s.01k8rhncp4jt1\/2025\/11\/talking-bot-125x125.png\",\"contentUrl\":\"https:\/\/portaltela.pt\/s.01k8rhncp4jt1\/2025\/11\/talking-bot-125x125.png\",\"caption\":\"Telinha\"},\"sameAs\":[\"https:\/\/portaltela.pt\/\"],\"url\":\"https:\/\/portaltela.pt\/por\/367410592786\/\"}]}<\/script>\n<!-- \/ Yoast SEO plugin. -->","yoast_head_json":{"title":"Cinco portugueses entre os premiados no Globe Soccer Awards - Portal Tela Portugal","robots":{"index":"index","follow":"follow","max-snippet":"max-snippet:-1","max-image-preview":"max-image-preview:large","max-video-preview":"max-video-preview:-1"},"og_locale":"pt_PT","og_type":"article","og_title":"Cinco portugueses entre os premiados no Globe Soccer Awards - Portal Tela Portugal","og_description":"No Dubai, dos Globe Soccer Awards, seis portugueses foram nomeados e quatro receberam pr\u00e9mios: Vitinha foi eleito o melhor m\u00e9dio de 2025, Cristiano Ronaldo o melhor jogador do M\u00e9dio Oriente, Lu\u00eds Campos o melhor diretor desportivo e Jorge Mendes o melhor agente. Diogo Jota recebeu uma homenagem no evento, com a presen\u00e7a dos respetivos pais para o momento de entrega. Pedro Proen\u00e7a subiu ao palco para receber o pr\u00e9mio de melhor Sele\u00e7\u00e3o Nacional, atribu\u00eddo a Portugal. Desir\u00e9 Dou\u00e9 ficou com o pr\u00e9mio de melhor jovem, superando Jo\u00e3o Neves, entre outros galard\u00f5es atribu\u00eddos no evento. O conjunto portugu\u00eas da sele\u00e7\u00e3o foi tamb\u00e9m reconhecido com uma distin\u00e7\u00e3o adicional na gala, refletindo o desempenho do pa\u00eds no sorteio dos pr\u00e9mios.","og_url":"https:\/\/portaltela.pt\/noticias\/2025\/12\/28\/cinco-portugueses-entre-os-premiados-no-globe-soccer-awards\/","og_site_name":"Portal Tela Portugal","article_published_time":"2025-12-28T18:28:00+00:00","author":"Telinha","twitter_card":"summary_large_image","twitter_misc":{"Escrito por":"Telinha","Tempo estimado de leitura":"1 minuto"},"schema":{"@context":"https:\/\/schema.org","@graph":[{"@type":"Article","@id":"https:\/\/portaltela.pt\/noticias\/2025\/12\/28\/cinco-portugueses-entre-os-premiados-no-globe-soccer-awards\/#article","isPartOf":{"@id":"https:\/\/portaltela.pt\/noticias\/2025\/12\/28\/cinco-portugueses-entre-os-premiados-no-globe-soccer-awards\/"},"author":{"name":"Telinha","@id":"https:\/\/portaltela.pt\/#\/schema\/person\/c4278d4a6028830caff9ee44b42d32ed"},"headline":"Cinco portugueses entre os premiados no Globe Soccer Awards","datePublished":"2025-12-28T18:28:00+00:00","mainEntityOfPage":{"@id":"https:\/\/portaltela.pt\/noticias\/2025\/12\/28\/cinco-portugueses-entre-os-premiados-no-globe-soccer-awards\/"},"wordCount":245,"image":{"@id":"https:\/\/portaltela.pt\/noticias\/2025\/12\/28\/cinco-portugueses-entre-os-premiados-no-globe-soccer-awards\/#primaryimage"},"thumbnailUrl":"https:\/\/portaltela.pt\/s.01k8rhncp4jt1\/2025\/12\/136459aa-5998-42f2-9646-bff4f3d75996.jpg","keywords":["Cristiano Ronaldo","futebol","Jorge Mendes","Melhor Agente","Melhor Sele\u00e7\u00e3o Nacional","Treinador do Ano"],"articleSection":["Desporto","Futebol"],"inLanguage":"pt-PT"},{"@type":"WebPage","@id":"https:\/\/portaltela.pt\/noticias\/2025\/12\/28\/cinco-portugueses-entre-os-premiados-no-globe-soccer-awards\/","url":"https:\/\/portaltela.pt\/noticias\/2025\/12\/28\/cinco-portugueses-entre-os-premiados-no-globe-soccer-awards\/","name":"Cinco portugueses entre os premiados no Globe Soccer Awards - Portal Tela Portugal","isPartOf":{"@id":"https:\/\/portaltela.pt\/#website"},"primaryImageOfPage":{"@id":"https:\/\/portaltela.pt\/noticias\/2025\/12\/28\/cinco-portugueses-entre-os-premiados-no-globe-soccer-awards\/#primaryimage"},"image":{"@id":"https:\/\/portaltela.pt\/noticias\/2025\/12\/28\/cinco-portugueses-entre-os-premiados-no-globe-soccer-awards\/#primaryimage"},"thumbnailUrl":"https:\/\/portaltela.pt\/s.01k8rhncp4jt1\/2025\/12\/136459aa-5998-42f2-9646-bff4f3d75996.jpg","datePublished":"2025-12-28T18:28:00+00:00","author":{"@id":"https:\/\/portaltela.pt\/#\/schema\/person\/c4278d4a6028830caff9ee44b42d32ed"},"breadcrumb":{"@id":"https:\/\/portaltela.pt\/noticias\/2025\/12\/28\/cinco-portugueses-entre-os-premiados-no-globe-soccer-awards\/#breadcrumb"},"inLanguage":"pt-PT","potentialAction":[{"@type":"ReadAction","target":["https:\/\/portaltela.pt\/noticias\/2025\/12\/28\/cinco-portugueses-entre-os-premiados-no-globe-soccer-awards\/"]}]},{"@type":"ImageObject","inLanguage":"pt-PT","@id":"https:\/\/portaltela.pt\/noticias\/2025\/12\/28\/cinco-portugueses-entre-os-premiados-no-globe-soccer-awards\/#primaryimage","url":"https:\/\/portaltela.pt\/s.01k8rhncp4jt1\/2025\/12\/136459aa-5998-42f2-9646-bff4f3d75996.jpg","contentUrl":"https:\/\/portaltela.pt\/s.01k8rhncp4jt1\/2025\/12\/136459aa-5998-42f2-9646-bff4f3d75996.jpg","width":796,"height":448,"caption":"Vitinha \u00e9 o melhor m\u00e9dio de 2025"},{"@type":"BreadcrumbList","@id":"https:\/\/portaltela.pt\/noticias\/2025\/12\/28\/cinco-portugueses-entre-os-premiados-no-globe-soccer-awards\/#breadcrumb","itemListElement":[{"@type":"ListItem","position":1,"name":"In\u00edcio","item":"https:\/\/portaltela.pt\/"},{"@type":"ListItem","position":2,"name":"Cinco portugueses entre os premiados no Globe Soccer Awards"}]},{"@type":"WebSite","@id":"https:\/\/portaltela.pt\/#website","url":"https:\/\/portaltela.pt\/","name":"Portal Tela Portugal","description":"","potentialAction":[{"@type":"SearchAction","target":{"@type":"EntryPoint","urlTemplate":"https:\/\/portaltela.pt\/?s={search_term_string}"},"query-input":{"@type":"PropertyValueSpecification","valueRequired":true,"valueName":"search_term_string"}}],"inLanguage":"pt-PT"},{"@type":"Person","@id":"https:\/\/portaltela.pt\/#\/schema\/person\/c4278d4a6028830caff9ee44b42d32ed","name":"Telinha","image":{"@type":"ImageObject","inLanguage":"pt-PT","@id":"https:\/\/portaltela.pt\/s.01k8rhncp4jt1\/2025\/11\/talking-bot-125x125.png","url":"https:\/\/portaltela.pt\/s.01k8rhncp4jt1\/2025\/11\/talking-bot-125x125.png","contentUrl":"https:\/\/portaltela.pt\/s.01k8rhncp4jt1\/2025\/11\/talking-bot-125x125.png","caption":"Telinha"},"sameAs":["https:\/\/portaltela.pt\/"],"url":"https:\/\/portaltela.pt\/por\/367410592786\/"}]}},"_links":{"self":[{"href":"https:\/\/portaltela.pt\/api\/wp\/v2\/posts\/103641","targetHints":{"allow":["GET"]}}],"collection":[{"href":"https:\/\/portaltela.pt\/api\/wp\/v2\/posts"}],"about":[{"href":"https:\/\/portaltela.pt\/api\/wp\/v2\/types\/post"}],"author":[{"embeddable":true,"href":"https:\/\/portaltela.pt\/api\/wp\/v2\/users\/2"}],"replies":[{"embeddable":true,"href":"https:\/\/portaltela.pt\/api\/wp\/v2\/comments?post=103641"}],"version-history":[{"count":0,"href":"https:\/\/portaltela.pt\/api\/wp\/v2\/posts\/103641\/revisions"}],"wp:featuredmedia":[{"embeddable":true,"href":"https:\/\/portaltela.pt\/api\/wp\/v2\/media\/103655"}],"wp:attachment":[{"href":"https:\/\/portaltela.pt\/api\/wp\/v2\/media?parent=103641"}],"wp:term":[{"taxonomy":"category","embeddable":true,"href":"https:\/\/portaltela.pt\/api\/wp\/v2\/categories?post=103641"},{"taxonomy":"post_tag","embeddable":true,"href":"https:\/\/portaltela.pt\/api\/wp\/v2\/tags?post=103641"}],"curies":[{"name":"wp","href":"https:\/\/api.w.org\/{rel}","templated":true}]}}