{"id":103421,"date":"2025-12-28T13:22:00","date_gmt":"2025-12-28T16:22:00","guid":{"rendered":"https:\/\/portaltela.pt\/noticias\/2025\/12\/28\/idoso-foge-da-urgencia-igas-recomenda-pulseiras-anti-fuga\/"},"modified":"2025-12-28T13:22:00","modified_gmt":"2025-12-28T16:22:00","slug":"idoso-foge-da-urgencia-igas-recomenda-pulseiras-anti-fuga","status":"publish","type":"post","link":"https:\/\/portaltela.pt\/noticias\/2025\/12\/28\/idoso-foge-da-urgencia-igas-recomenda-pulseiras-anti-fuga\/","title":{"rendered":"Idoso foge da urg\u00eancia; IGAS recomenda pulseiras anti-fuga"},"content":{"rendered":"<p>O Hospital de Vila Franca de Xira, na margem esquerda do Tejo, esteve envolvido num caso de fuga de um utente com Alzheimer, que saiu das urg\u00eancias em in\u00edcio de abril. O idoso, acompanhado pela fam\u00edlia, abandonou o Servi\u00e7o de Observa\u00e7\u00e3o sem aviso e foi encontrado horas depois junto \u00e0 vila de Arruda dos Vinhos, ap\u00f3s percorrer cerca de 16 quil\u00f3metros a p\u00e9.<\/p>\n<p>A Inspe\u00e7\u00e3o-Geral das Atividades em Sa\u00fade (IGAS) abriu um processo de esclarecimento. A avalia\u00e7\u00e3o concluiu que o relat\u00f3rio do inqu\u00e9rito interno do hospital esteve bem instru\u00eddo, com evid\u00eancias documentais e provas testemunhais suficientes, mas identificou oportunidades de melhoria no circuito de atribui\u00e7\u00e3o e gest\u00e3o de pulseiras anti-fuga.<\/p>\n<p>A conclus\u00e3o da IGAS n\u00e3o identificou ind\u00edcios de infrac\u00e7\u00e3o disciplinar ou ilicitude por parte dos profissionais envolvidos. A administra\u00e7\u00e3o da Unidade Local de Sa\u00fade do Estu\u00e1rio do Tejo informou ter aberto um inqu\u00e9rito pr\u00f3prio e afirmou que o utente foi localizado e regressou \u00e0 observa\u00e7\u00e3o no hospital.<\/p>\n<h3>Medidas recomendadas<\/h3>\n<p>A IGAS recomenda a implementa\u00e7\u00e3o de pulseiras anti-fuga e o refor\u00e7o do circuito de atribui\u00e7\u00e3o e gest\u00e3o destas pulseiras, com cumprimento estrito pelos profissionais de sa\u00fade. A administra\u00e7\u00e3o respondeu que as medidas foram acolhidas e j\u00e1 est\u00e3o a ser implementadas.<\/p>\n<p>A Entidade Reguladora da Sa\u00fade (ERS) tem acompanhado o tema, que em 2023 j\u00e1 gerou v\u00e1rias queixas sobre falhas na alta de doentes. Em 2024, a ERS alertou para a obrigatoriedade de garantirem o acompanhamento de utentes com defici\u00eancia, dem\u00eancias ou em fim de vida.<\/p>\n<p>Casos semelhantes continuam a surgir, incluindo uma idosa de 84 anos em Oliveira de Azem\u00e9is que desapareceu das urg\u00eancias, ainda sem resolu\u00e7\u00e3o anunciada. As autoridades mant\u00eam o foco na seguran\u00e7a e no acompanhamento de utentes com altera\u00e7\u00f5es cognitivas.<\/p>\n","protected":false},"excerpt":{"rendered":"<ul>\n<li>Um idoso de 74 anos com Alzheimer saiu da urg\u00eancia do Hospital de Vila Franca de Xira em abril sem que a fam\u00edlia fosse informada.<\/li>\n<li>A Inspec\u00e7\u00e3o-Geral das Actividades em Sa\u00fade (IGAS) n\u00e3o encontrou ind\u00edcios de infrac\u00e7\u00e3o disciplinar pelos profissionais, mas identificou oportunidades de melhoria no circuito de gest\u00e3o de pulseiras anti-fuga.<\/li>\n<li>Foi recomendado implementar pulseiras anti-fuga para evitar aus\u00eancias n\u00e3o comunicadas de utentes com altera\u00e7\u00f5es cognitivas.<\/li>\n<li>O idoso foi encontrado horas depois, junto \u00e0 vila de Arruda dos Vinhos, ap\u00f3s ter percorrido mais de dezasseis quil\u00f3metros a p\u00e9.<\/li>\n<li>A IGAS abriu o processo de esclarecimento e a Administra\u00e7\u00e3o da unidade assegurou que as medidas de seguran\u00e7a foram acolhidas, com identifica\u00e7\u00e3o dos profissionais respons\u00e1veis pela implementa\u00e7\u00e3o.<\/li>\n<\/ul>\n","protected":false},"author":2,"featured_media":103423,"comment_status":"closed","ping_status":"closed","sticky":false,"template":"","format":"standard","meta":{"footnotes":""},"categories":[1],"tags":[1211,268,215,806,250,1899],"class_list":["post-103421","post","type-post","status-publish","format-standard","has-post-thumbnail","hentry","category-noticias","tag-apoio-social","tag-demencia","tag-investigacao","tag-protecao-publica","tag-seguranca-publica","tag-urgencias"],"yoast_head":"<!-- This site is optimized with the Yoast SEO plugin v27.2 - https:\/\/yoast.com\/product\/yoast-seo-wordpress\/ -->\n<title>Idoso foge da urg\u00eancia; IGAS recomenda pulseiras anti-fuga - Portal Tela Portugal<\/title>\n<meta name=\"robots\" content=\"index, follow, max-snippet:-1, max-image-preview:large, max-video-preview:-1\" \/>\n<meta property=\"og:locale\" content=\"pt_PT\" \/>\n<meta property=\"og:type\" content=\"article\" \/>\n<meta property=\"og:title\" content=\"Idoso foge da urg\u00eancia; IGAS recomenda pulseiras anti-fuga - Portal Tela Portugal\" \/>\n<meta property=\"og:description\" content=\"Um idoso de 74 anos com Alzheimer saiu da urg\u00eancia do Hospital de Vila Franca de Xira em abril sem que a fam\u00edlia fosse informada. A Inspec\u00e7\u00e3o-Geral das Actividades em Sa\u00fade (IGAS) n\u00e3o encontrou ind\u00edcios de infrac\u00e7\u00e3o disciplinar pelos profissionais, mas identificou oportunidades de melhoria no circuito de gest\u00e3o de pulseiras anti-fuga. Foi recomendado implementar pulseiras anti-fuga para evitar aus\u00eancias n\u00e3o comunicadas de utentes com altera\u00e7\u00f5es cognitivas. O idoso foi encontrado horas depois, junto \u00e0 vila de Arruda dos Vinhos, ap\u00f3s ter percorrido mais de dezasseis quil\u00f3metros a p\u00e9. A IGAS abriu o processo de esclarecimento e a Administra\u00e7\u00e3o da unidade assegurou que as medidas de seguran\u00e7a foram acolhidas, com identifica\u00e7\u00e3o dos profissionais respons\u00e1veis pela implementa\u00e7\u00e3o.\" \/>\n<meta property=\"og:url\" content=\"https:\/\/portaltela.pt\/noticias\/2025\/12\/28\/idoso-foge-da-urgencia-igas-recomenda-pulseiras-anti-fuga\/\" \/>\n<meta property=\"og:site_name\" content=\"Portal Tela Portugal\" \/>\n<meta property=\"article:published_time\" content=\"2025-12-28T16:22:00+00:00\" \/>\n<meta name=\"author\" content=\"Telinha\" \/>\n<meta name=\"twitter:card\" content=\"summary_large_image\" \/>\n<meta name=\"twitter:label1\" content=\"Escrito por\" \/>\n\t<meta name=\"twitter:data1\" content=\"Telinha\" \/>\n\t<meta name=\"twitter:label2\" content=\"Tempo estimado de leitura\" \/>\n\t<meta name=\"twitter:data2\" content=\"2 minutos\" \/>\n<script type=\"application\/ld+json\" class=\"yoast-schema-graph\">{\"@context\":\"https:\/\/schema.org\",\"@graph\":[{\"@type\":\"Article\",\"@id\":\"https:\/\/portaltela.pt\/noticias\/2025\/12\/28\/idoso-foge-da-urgencia-igas-recomenda-pulseiras-anti-fuga\/#article\",\"isPartOf\":{\"@id\":\"https:\/\/portaltela.pt\/noticias\/2025\/12\/28\/idoso-foge-da-urgencia-igas-recomenda-pulseiras-anti-fuga\/\"},\"author\":{\"name\":\"Telinha\",\"@id\":\"https:\/\/portaltela.pt\/#\/schema\/person\/c4278d4a6028830caff9ee44b42d32ed\"},\"headline\":\"Idoso foge da urg\u00eancia; IGAS recomenda pulseiras anti-fuga\",\"datePublished\":\"2025-12-28T16:22:00+00:00\",\"mainEntityOfPage\":{\"@id\":\"https:\/\/portaltela.pt\/noticias\/2025\/12\/28\/idoso-foge-da-urgencia-igas-recomenda-pulseiras-anti-fuga\/\"},\"wordCount\":328,\"image\":{\"@id\":\"https:\/\/portaltela.pt\/noticias\/2025\/12\/28\/idoso-foge-da-urgencia-igas-recomenda-pulseiras-anti-fuga\/#primaryimage\"},\"thumbnailUrl\":\"https:\/\/portaltela.pt\/s.01k8rhncp4jt1\/2025\/12\/2055243.jpg\",\"keywords\":[\"Apoio Social\",\"dem\u00eancia\",\"investiga\u00e7\u00e3o\",\"prote\u00e7\u00e3o p\u00fablica\",\"seguran\u00e7a p\u00fablica\",\"urg\u00eancias\"],\"articleSection\":[\"Not\u00edcias\"],\"inLanguage\":\"pt-PT\"},{\"@type\":\"WebPage\",\"@id\":\"https:\/\/portaltela.pt\/noticias\/2025\/12\/28\/idoso-foge-da-urgencia-igas-recomenda-pulseiras-anti-fuga\/\",\"url\":\"https:\/\/portaltela.pt\/noticias\/2025\/12\/28\/idoso-foge-da-urgencia-igas-recomenda-pulseiras-anti-fuga\/\",\"name\":\"Idoso foge da urg\u00eancia; IGAS recomenda pulseiras anti-fuga - Portal Tela Portugal\",\"isPartOf\":{\"@id\":\"https:\/\/portaltela.pt\/#website\"},\"primaryImageOfPage\":{\"@id\":\"https:\/\/portaltela.pt\/noticias\/2025\/12\/28\/idoso-foge-da-urgencia-igas-recomenda-pulseiras-anti-fuga\/#primaryimage\"},\"image\":{\"@id\":\"https:\/\/portaltela.pt\/noticias\/2025\/12\/28\/idoso-foge-da-urgencia-igas-recomenda-pulseiras-anti-fuga\/#primaryimage\"},\"thumbnailUrl\":\"https:\/\/portaltela.pt\/s.01k8rhncp4jt1\/2025\/12\/2055243.jpg\",\"datePublished\":\"2025-12-28T16:22:00+00:00\",\"author\":{\"@id\":\"https:\/\/portaltela.pt\/#\/schema\/person\/c4278d4a6028830caff9ee44b42d32ed\"},\"breadcrumb\":{\"@id\":\"https:\/\/portaltela.pt\/noticias\/2025\/12\/28\/idoso-foge-da-urgencia-igas-recomenda-pulseiras-anti-fuga\/#breadcrumb\"},\"inLanguage\":\"pt-PT\",\"potentialAction\":[{\"@type\":\"ReadAction\",\"target\":[\"https:\/\/portaltela.pt\/noticias\/2025\/12\/28\/idoso-foge-da-urgencia-igas-recomenda-pulseiras-anti-fuga\/\"]}]},{\"@type\":\"ImageObject\",\"inLanguage\":\"pt-PT\",\"@id\":\"https:\/\/portaltela.pt\/noticias\/2025\/12\/28\/idoso-foge-da-urgencia-igas-recomenda-pulseiras-anti-fuga\/#primaryimage\",\"url\":\"https:\/\/portaltela.pt\/s.01k8rhncp4jt1\/2025\/12\/2055243.jpg\",\"contentUrl\":\"https:\/\/portaltela.pt\/s.01k8rhncp4jt1\/2025\/12\/2055243.jpg\",\"width\":796,\"height\":448,\"caption\":\"Homem de 74 anos com doen\u00e7a de Alzheimer foi encontrado algumas horas depois a 16 quil\u00f3metros de dist\u00e2ncia do hospital\"},{\"@type\":\"BreadcrumbList\",\"@id\":\"https:\/\/portaltela.pt\/noticias\/2025\/12\/28\/idoso-foge-da-urgencia-igas-recomenda-pulseiras-anti-fuga\/#breadcrumb\",\"itemListElement\":[{\"@type\":\"ListItem\",\"position\":1,\"name\":\"In\u00edcio\",\"item\":\"https:\/\/portaltela.pt\/\"},{\"@type\":\"ListItem\",\"position\":2,\"name\":\"Idoso foge da urg\u00eancia; IGAS recomenda pulseiras anti-fuga\"}]},{\"@type\":\"WebSite\",\"@id\":\"https:\/\/portaltela.pt\/#website\",\"url\":\"https:\/\/portaltela.pt\/\",\"name\":\"Portal Tela Portugal\",\"description\":\"\",\"potentialAction\":[{\"@type\":\"SearchAction\",\"target\":{\"@type\":\"EntryPoint\",\"urlTemplate\":\"https:\/\/portaltela.pt\/?s={search_term_string}\"},\"query-input\":{\"@type\":\"PropertyValueSpecification\",\"valueRequired\":true,\"valueName\":\"search_term_string\"}}],\"inLanguage\":\"pt-PT\"},{\"@type\":\"Person\",\"@id\":\"https:\/\/portaltela.pt\/#\/schema\/person\/c4278d4a6028830caff9ee44b42d32ed\",\"name\":\"Telinha\",\"image\":{\"@type\":\"ImageObject\",\"inLanguage\":\"pt-PT\",\"@id\":\"https:\/\/portaltela.pt\/s.01k8rhncp4jt1\/2025\/11\/talking-bot-125x125.png\",\"url\":\"https:\/\/portaltela.pt\/s.01k8rhncp4jt1\/2025\/11\/talking-bot-125x125.png\",\"contentUrl\":\"https:\/\/portaltela.pt\/s.01k8rhncp4jt1\/2025\/11\/talking-bot-125x125.png\",\"caption\":\"Telinha\"},\"sameAs\":[\"https:\/\/portaltela.pt\/\"],\"url\":\"https:\/\/portaltela.pt\/por\/367410592786\/\"}]}<\/script>\n<!-- \/ Yoast SEO plugin. -->","yoast_head_json":{"title":"Idoso foge da urg\u00eancia; IGAS recomenda pulseiras anti-fuga - Portal Tela Portugal","robots":{"index":"index","follow":"follow","max-snippet":"max-snippet:-1","max-image-preview":"max-image-preview:large","max-video-preview":"max-video-preview:-1"},"og_locale":"pt_PT","og_type":"article","og_title":"Idoso foge da urg\u00eancia; IGAS recomenda pulseiras anti-fuga - Portal Tela Portugal","og_description":"Um idoso de 74 anos com Alzheimer saiu da urg\u00eancia do Hospital de Vila Franca de Xira em abril sem que a fam\u00edlia fosse informada. A Inspec\u00e7\u00e3o-Geral das Actividades em Sa\u00fade (IGAS) n\u00e3o encontrou ind\u00edcios de infrac\u00e7\u00e3o disciplinar pelos profissionais, mas identificou oportunidades de melhoria no circuito de gest\u00e3o de pulseiras anti-fuga. Foi recomendado implementar pulseiras anti-fuga para evitar aus\u00eancias n\u00e3o comunicadas de utentes com altera\u00e7\u00f5es cognitivas. O idoso foi encontrado horas depois, junto \u00e0 vila de Arruda dos Vinhos, ap\u00f3s ter percorrido mais de dezasseis quil\u00f3metros a p\u00e9. A IGAS abriu o processo de esclarecimento e a Administra\u00e7\u00e3o da unidade assegurou que as medidas de seguran\u00e7a foram acolhidas, com identifica\u00e7\u00e3o dos profissionais respons\u00e1veis pela implementa\u00e7\u00e3o.","og_url":"https:\/\/portaltela.pt\/noticias\/2025\/12\/28\/idoso-foge-da-urgencia-igas-recomenda-pulseiras-anti-fuga\/","og_site_name":"Portal Tela Portugal","article_published_time":"2025-12-28T16:22:00+00:00","author":"Telinha","twitter_card":"summary_large_image","twitter_misc":{"Escrito por":"Telinha","Tempo estimado de leitura":"2 minutos"},"schema":{"@context":"https:\/\/schema.org","@graph":[{"@type":"Article","@id":"https:\/\/portaltela.pt\/noticias\/2025\/12\/28\/idoso-foge-da-urgencia-igas-recomenda-pulseiras-anti-fuga\/#article","isPartOf":{"@id":"https:\/\/portaltela.pt\/noticias\/2025\/12\/28\/idoso-foge-da-urgencia-igas-recomenda-pulseiras-anti-fuga\/"},"author":{"name":"Telinha","@id":"https:\/\/portaltela.pt\/#\/schema\/person\/c4278d4a6028830caff9ee44b42d32ed"},"headline":"Idoso foge da urg\u00eancia; IGAS recomenda pulseiras anti-fuga","datePublished":"2025-12-28T16:22:00+00:00","mainEntityOfPage":{"@id":"https:\/\/portaltela.pt\/noticias\/2025\/12\/28\/idoso-foge-da-urgencia-igas-recomenda-pulseiras-anti-fuga\/"},"wordCount":328,"image":{"@id":"https:\/\/portaltela.pt\/noticias\/2025\/12\/28\/idoso-foge-da-urgencia-igas-recomenda-pulseiras-anti-fuga\/#primaryimage"},"thumbnailUrl":"https:\/\/portaltela.pt\/s.01k8rhncp4jt1\/2025\/12\/2055243.jpg","keywords":["Apoio Social","dem\u00eancia","investiga\u00e7\u00e3o","prote\u00e7\u00e3o p\u00fablica","seguran\u00e7a p\u00fablica","urg\u00eancias"],"articleSection":["Not\u00edcias"],"inLanguage":"pt-PT"},{"@type":"WebPage","@id":"https:\/\/portaltela.pt\/noticias\/2025\/12\/28\/idoso-foge-da-urgencia-igas-recomenda-pulseiras-anti-fuga\/","url":"https:\/\/portaltela.pt\/noticias\/2025\/12\/28\/idoso-foge-da-urgencia-igas-recomenda-pulseiras-anti-fuga\/","name":"Idoso foge da urg\u00eancia; IGAS recomenda pulseiras anti-fuga - Portal Tela Portugal","isPartOf":{"@id":"https:\/\/portaltela.pt\/#website"},"primaryImageOfPage":{"@id":"https:\/\/portaltela.pt\/noticias\/2025\/12\/28\/idoso-foge-da-urgencia-igas-recomenda-pulseiras-anti-fuga\/#primaryimage"},"image":{"@id":"https:\/\/portaltela.pt\/noticias\/2025\/12\/28\/idoso-foge-da-urgencia-igas-recomenda-pulseiras-anti-fuga\/#primaryimage"},"thumbnailUrl":"https:\/\/portaltela.pt\/s.01k8rhncp4jt1\/2025\/12\/2055243.jpg","datePublished":"2025-12-28T16:22:00+00:00","author":{"@id":"https:\/\/portaltela.pt\/#\/schema\/person\/c4278d4a6028830caff9ee44b42d32ed"},"breadcrumb":{"@id":"https:\/\/portaltela.pt\/noticias\/2025\/12\/28\/idoso-foge-da-urgencia-igas-recomenda-pulseiras-anti-fuga\/#breadcrumb"},"inLanguage":"pt-PT","potentialAction":[{"@type":"ReadAction","target":["https:\/\/portaltela.pt\/noticias\/2025\/12\/28\/idoso-foge-da-urgencia-igas-recomenda-pulseiras-anti-fuga\/"]}]},{"@type":"ImageObject","inLanguage":"pt-PT","@id":"https:\/\/portaltela.pt\/noticias\/2025\/12\/28\/idoso-foge-da-urgencia-igas-recomenda-pulseiras-anti-fuga\/#primaryimage","url":"https:\/\/portaltela.pt\/s.01k8rhncp4jt1\/2025\/12\/2055243.jpg","contentUrl":"https:\/\/portaltela.pt\/s.01k8rhncp4jt1\/2025\/12\/2055243.jpg","width":796,"height":448,"caption":"Homem de 74 anos com doen\u00e7a de Alzheimer foi encontrado algumas horas depois a 16 quil\u00f3metros de dist\u00e2ncia do hospital"},{"@type":"BreadcrumbList","@id":"https:\/\/portaltela.pt\/noticias\/2025\/12\/28\/idoso-foge-da-urgencia-igas-recomenda-pulseiras-anti-fuga\/#breadcrumb","itemListElement":[{"@type":"ListItem","position":1,"name":"In\u00edcio","item":"https:\/\/portaltela.pt\/"},{"@type":"ListItem","position":2,"name":"Idoso foge da urg\u00eancia; IGAS recomenda pulseiras anti-fuga"}]},{"@type":"WebSite","@id":"https:\/\/portaltela.pt\/#website","url":"https:\/\/portaltela.pt\/","name":"Portal Tela Portugal","description":"","potentialAction":[{"@type":"SearchAction","target":{"@type":"EntryPoint","urlTemplate":"https:\/\/portaltela.pt\/?s={search_term_string}"},"query-input":{"@type":"PropertyValueSpecification","valueRequired":true,"valueName":"search_term_string"}}],"inLanguage":"pt-PT"},{"@type":"Person","@id":"https:\/\/portaltela.pt\/#\/schema\/person\/c4278d4a6028830caff9ee44b42d32ed","name":"Telinha","image":{"@type":"ImageObject","inLanguage":"pt-PT","@id":"https:\/\/portaltela.pt\/s.01k8rhncp4jt1\/2025\/11\/talking-bot-125x125.png","url":"https:\/\/portaltela.pt\/s.01k8rhncp4jt1\/2025\/11\/talking-bot-125x125.png","contentUrl":"https:\/\/portaltela.pt\/s.01k8rhncp4jt1\/2025\/11\/talking-bot-125x125.png","caption":"Telinha"},"sameAs":["https:\/\/portaltela.pt\/"],"url":"https:\/\/portaltela.pt\/por\/367410592786\/"}]}},"_links":{"self":[{"href":"https:\/\/portaltela.pt\/api\/wp\/v2\/posts\/103421","targetHints":{"allow":["GET"]}}],"collection":[{"href":"https:\/\/portaltela.pt\/api\/wp\/v2\/posts"}],"about":[{"href":"https:\/\/portaltela.pt\/api\/wp\/v2\/types\/post"}],"author":[{"embeddable":true,"href":"https:\/\/portaltela.pt\/api\/wp\/v2\/users\/2"}],"replies":[{"embeddable":true,"href":"https:\/\/portaltela.pt\/api\/wp\/v2\/comments?post=103421"}],"version-history":[{"count":0,"href":"https:\/\/portaltela.pt\/api\/wp\/v2\/posts\/103421\/revisions"}],"wp:featuredmedia":[{"embeddable":true,"href":"https:\/\/portaltela.pt\/api\/wp\/v2\/media\/103423"}],"wp:attachment":[{"href":"https:\/\/portaltela.pt\/api\/wp\/v2\/media?parent=103421"}],"wp:term":[{"taxonomy":"category","embeddable":true,"href":"https:\/\/portaltela.pt\/api\/wp\/v2\/categories?post=103421"},{"taxonomy":"post_tag","embeddable":true,"href":"https:\/\/portaltela.pt\/api\/wp\/v2\/tags?post=103421"}],"curies":[{"name":"wp","href":"https:\/\/api.w.org\/{rel}","templated":true}]}}