{"id":102853,"date":"2025-12-28T08:00:00","date_gmt":"2025-12-28T11:00:00","guid":{"rendered":"https:\/\/portaltela.pt\/noticias\/2025\/12\/28\/rainha-sofia-abre-centro-para-animais-em-madrid\/"},"modified":"2025-12-28T08:00:00","modified_gmt":"2025-12-28T11:00:00","slug":"rainha-sofia-abre-centro-para-animais-em-madrid","status":"publish","type":"post","link":"https:\/\/portaltela.pt\/noticias\/2025\/12\/28\/rainha-sofia-abre-centro-para-animais-em-madrid\/","title":{"rendered":"Rainha Sofia abre centro para animais em Madrid"},"content":{"rendered":"<p>A Rainha Sofia avan\u00e7a com a cria\u00e7\u00e3o de um abrigo para animais abandonados, atrav\u00e9s da Funda\u00e7\u00e3o Rainha Sofia. O espa\u00e7o ter\u00e1 c\u00e3es, gatos e burros, mantendo a tradi\u00e7\u00e3o de apoio aos animais no reino.<\/p>\n<p>O projeto envolve a monarca, a Funda\u00e7\u00e3o Rainha Sofia e o Pal\u00e1cio da Zarzuela, que j\u00e1 mant\u00e9m algumas pessoas e animais no pal\u00e1cio. A iniciativa visa fortalecer a rede p\u00fablica de cuidados para animais na regi\u00e3o.<\/p>\n<p>O abrigo est\u00e1 a ser desenvolvido em Arganda del Rey, Madrid, num terreno j\u00e1 definido. O nome proposto \u00e9 Abrigo Integral de Animais Arganda del Rey, com adop\u00e7\u00e3o ap\u00f3s recupera\u00e7\u00e3o e vacina\u00e7\u00e3o.<\/p>\n<h3>Detalhes do projeto<\/h3>\n<p>A ideia \u00e9 complementar servi\u00e7os p\u00fablicos de prote\u00e7\u00e3o animal, oferecendo condi\u00e7\u00f5es de bem-estar e reabilita\u00e7\u00e3o. O espa\u00e7o dever\u00e1 inspirar boas pr\u00e1ticas de acolhimento, com protocolos de sa\u00fade e vacina\u00e7\u00e3o.<\/p>\n<h3>Progresso e pr\u00f3ximos passos<\/h3>\n<p>A Funda\u00e7\u00e3o j\u00e1 iniciou a avalia\u00e7\u00e3o de instala\u00e7\u00f5es modernas em canis e gatilhos locais para orientar o projeto. N\u00e3o h\u00e1 data de inaugura\u00e7\u00e3o prevista, mas o planeamento continua em curso.<\/p>\n","protected":false},"excerpt":{"rendered":"<ul>\n<li>A Rainha em\u00e9rita Sofia quer criar um abrigo para c\u00e3es, gatos e burros, atrav\u00e9s da Funda\u00e7\u00e3o Rainha Sofia, mantendo uma liga\u00e7\u00e3o ao Pal\u00e1cio da Zarzuela, onde j\u00e1 h\u00e1 animais.<\/li>\n<li>O abrigo ser\u00e1 implementado em Arganda del Rey, na regi\u00e3o de Madrid, com terreno j\u00e1 definido para a constru\u00e7\u00e3o.<\/li>\n<li>O projeto recebeu o nome Abrigo Integral de Animais Arganda del Rey, visando refor\u00e7ar a rede p\u00fablica de cuidados para animais abandonados na comunidade de Madrid.<\/li>\n<li>Ap\u00f3s recupera\u00e7\u00e3o e vacina\u00e7\u00e3o, os animais poder\u00e3o ser colocados \u00e0 ado\u00e7\u00e3o, num espa\u00e7o pensado para assegurar o bem-estar.<\/li>\n<\/ul>\n","protected":false},"author":2,"featured_media":102857,"comment_status":"closed","ping_status":"closed","sticky":false,"template":"","format":"standard","meta":{"footnotes":""},"categories":[1],"tags":[1084,1211,136,806,173,1221],"class_list":["post-102853","post","type-post","status-publish","format-standard","has-post-thumbnail","hentry","category-noticias","tag-acao-social","tag-apoio-social","tag-organizacoes","tag-protecao-publica","tag-protecao-social","tag-servicos-publicos"],"yoast_head":"<!-- This site is optimized with the Yoast SEO plugin v27.2 - https:\/\/yoast.com\/product\/yoast-seo-wordpress\/ -->\n<title>Rainha Sofia abre centro para animais em Madrid - Portal Tela Portugal<\/title>\n<meta name=\"robots\" content=\"index, follow, max-snippet:-1, max-image-preview:large, max-video-preview:-1\" \/>\n<meta property=\"og:locale\" content=\"pt_PT\" \/>\n<meta property=\"og:type\" content=\"article\" \/>\n<meta property=\"og:title\" content=\"Rainha Sofia abre centro para animais em Madrid - Portal Tela Portugal\" \/>\n<meta property=\"og:description\" content=\"A Rainha em\u00e9rita Sofia quer criar um abrigo para c\u00e3es, gatos e burros, atrav\u00e9s da Funda\u00e7\u00e3o Rainha Sofia, mantendo uma liga\u00e7\u00e3o ao Pal\u00e1cio da Zarzuela, onde j\u00e1 h\u00e1 animais. O abrigo ser\u00e1 implementado em Arganda del Rey, na regi\u00e3o de Madrid, com terreno j\u00e1 definido para a constru\u00e7\u00e3o. O projeto recebeu o nome Abrigo Integral de Animais Arganda del Rey, visando refor\u00e7ar a rede p\u00fablica de cuidados para animais abandonados na comunidade de Madrid. Ap\u00f3s recupera\u00e7\u00e3o e vacina\u00e7\u00e3o, os animais poder\u00e3o ser colocados \u00e0 ado\u00e7\u00e3o, num espa\u00e7o pensado para assegurar o bem-estar.\" \/>\n<meta property=\"og:url\" content=\"https:\/\/portaltela.pt\/noticias\/2025\/12\/28\/rainha-sofia-abre-centro-para-animais-em-madrid\/\" \/>\n<meta property=\"og:site_name\" content=\"Portal Tela Portugal\" \/>\n<meta property=\"article:published_time\" content=\"2025-12-28T11:00:00+00:00\" \/>\n<meta name=\"author\" content=\"Telinha\" \/>\n<meta name=\"twitter:card\" content=\"summary_large_image\" \/>\n<meta name=\"twitter:label1\" content=\"Escrito por\" \/>\n\t<meta name=\"twitter:data1\" content=\"Telinha\" \/>\n\t<meta name=\"twitter:label2\" content=\"Tempo estimado de leitura\" \/>\n\t<meta name=\"twitter:data2\" content=\"1 minuto\" \/>\n<script type=\"application\/ld+json\" class=\"yoast-schema-graph\">{\"@context\":\"https:\/\/schema.org\",\"@graph\":[{\"@type\":\"Article\",\"@id\":\"https:\/\/portaltela.pt\/noticias\/2025\/12\/28\/rainha-sofia-abre-centro-para-animais-em-madrid\/#article\",\"isPartOf\":{\"@id\":\"https:\/\/portaltela.pt\/noticias\/2025\/12\/28\/rainha-sofia-abre-centro-para-animais-em-madrid\/\"},\"author\":{\"name\":\"Telinha\",\"@id\":\"https:\/\/portaltela.pt\/#\/schema\/person\/c4278d4a6028830caff9ee44b42d32ed\"},\"headline\":\"Rainha Sofia abre centro para animais em Madrid\",\"datePublished\":\"2025-12-28T11:00:00+00:00\",\"mainEntityOfPage\":{\"@id\":\"https:\/\/portaltela.pt\/noticias\/2025\/12\/28\/rainha-sofia-abre-centro-para-animais-em-madrid\/\"},\"wordCount\":206,\"image\":{\"@id\":\"https:\/\/portaltela.pt\/noticias\/2025\/12\/28\/rainha-sofia-abre-centro-para-animais-em-madrid\/#primaryimage\"},\"thumbnailUrl\":\"https:\/\/portaltela.pt\/s.01k8rhncp4jt1\/2025\/12\/img_1500x1000uu2025-12-18-19-35-19-2255176-im-639016833634971880.jpg\",\"keywords\":[\"A\u00e7\u00e3o Social\",\"Apoio Social\",\"organiza\u00e7\u00f5es\",\"prote\u00e7\u00e3o p\u00fablica\",\"prote\u00e7\u00e3o social\",\"servi\u00e7os p\u00fablicos\"],\"articleSection\":[\"Not\u00edcias\"],\"inLanguage\":\"pt-PT\"},{\"@type\":\"WebPage\",\"@id\":\"https:\/\/portaltela.pt\/noticias\/2025\/12\/28\/rainha-sofia-abre-centro-para-animais-em-madrid\/\",\"url\":\"https:\/\/portaltela.pt\/noticias\/2025\/12\/28\/rainha-sofia-abre-centro-para-animais-em-madrid\/\",\"name\":\"Rainha Sofia abre centro para animais em Madrid - Portal Tela Portugal\",\"isPartOf\":{\"@id\":\"https:\/\/portaltela.pt\/#website\"},\"primaryImageOfPage\":{\"@id\":\"https:\/\/portaltela.pt\/noticias\/2025\/12\/28\/rainha-sofia-abre-centro-para-animais-em-madrid\/#primaryimage\"},\"image\":{\"@id\":\"https:\/\/portaltela.pt\/noticias\/2025\/12\/28\/rainha-sofia-abre-centro-para-animais-em-madrid\/#primaryimage\"},\"thumbnailUrl\":\"https:\/\/portaltela.pt\/s.01k8rhncp4jt1\/2025\/12\/img_1500x1000uu2025-12-18-19-35-19-2255176-im-639016833634971880.jpg\",\"datePublished\":\"2025-12-28T11:00:00+00:00\",\"author\":{\"@id\":\"https:\/\/portaltela.pt\/#\/schema\/person\/c4278d4a6028830caff9ee44b42d32ed\"},\"breadcrumb\":{\"@id\":\"https:\/\/portaltela.pt\/noticias\/2025\/12\/28\/rainha-sofia-abre-centro-para-animais-em-madrid\/#breadcrumb\"},\"inLanguage\":\"pt-PT\",\"potentialAction\":[{\"@type\":\"ReadAction\",\"target\":[\"https:\/\/portaltela.pt\/noticias\/2025\/12\/28\/rainha-sofia-abre-centro-para-animais-em-madrid\/\"]}]},{\"@type\":\"ImageObject\",\"inLanguage\":\"pt-PT\",\"@id\":\"https:\/\/portaltela.pt\/noticias\/2025\/12\/28\/rainha-sofia-abre-centro-para-animais-em-madrid\/#primaryimage\",\"url\":\"https:\/\/portaltela.pt\/s.01k8rhncp4jt1\/2025\/12\/img_1500x1000uu2025-12-18-19-35-19-2255176-im-639016833634971880.jpg\",\"contentUrl\":\"https:\/\/portaltela.pt\/s.01k8rhncp4jt1\/2025\/12\/img_1500x1000uu2025-12-18-19-35-19-2255176-im-639016833634971880.jpg\",\"width\":796,\"height\":448,\"caption\":\"Rainha Sofia inaugura centro para animais em Madrid\"},{\"@type\":\"BreadcrumbList\",\"@id\":\"https:\/\/portaltela.pt\/noticias\/2025\/12\/28\/rainha-sofia-abre-centro-para-animais-em-madrid\/#breadcrumb\",\"itemListElement\":[{\"@type\":\"ListItem\",\"position\":1,\"name\":\"In\u00edcio\",\"item\":\"https:\/\/portaltela.pt\/\"},{\"@type\":\"ListItem\",\"position\":2,\"name\":\"Rainha Sofia abre centro para animais em Madrid\"}]},{\"@type\":\"WebSite\",\"@id\":\"https:\/\/portaltela.pt\/#website\",\"url\":\"https:\/\/portaltela.pt\/\",\"name\":\"Portal Tela Portugal\",\"description\":\"\",\"potentialAction\":[{\"@type\":\"SearchAction\",\"target\":{\"@type\":\"EntryPoint\",\"urlTemplate\":\"https:\/\/portaltela.pt\/?s={search_term_string}\"},\"query-input\":{\"@type\":\"PropertyValueSpecification\",\"valueRequired\":true,\"valueName\":\"search_term_string\"}}],\"inLanguage\":\"pt-PT\"},{\"@type\":\"Person\",\"@id\":\"https:\/\/portaltela.pt\/#\/schema\/person\/c4278d4a6028830caff9ee44b42d32ed\",\"name\":\"Telinha\",\"image\":{\"@type\":\"ImageObject\",\"inLanguage\":\"pt-PT\",\"@id\":\"https:\/\/portaltela.pt\/s.01k8rhncp4jt1\/2025\/11\/talking-bot-125x125.png\",\"url\":\"https:\/\/portaltela.pt\/s.01k8rhncp4jt1\/2025\/11\/talking-bot-125x125.png\",\"contentUrl\":\"https:\/\/portaltela.pt\/s.01k8rhncp4jt1\/2025\/11\/talking-bot-125x125.png\",\"caption\":\"Telinha\"},\"sameAs\":[\"https:\/\/portaltela.pt\/\"],\"url\":\"https:\/\/portaltela.pt\/por\/367410592786\/\"}]}<\/script>\n<!-- \/ Yoast SEO plugin. -->","yoast_head_json":{"title":"Rainha Sofia abre centro para animais em Madrid - Portal Tela Portugal","robots":{"index":"index","follow":"follow","max-snippet":"max-snippet:-1","max-image-preview":"max-image-preview:large","max-video-preview":"max-video-preview:-1"},"og_locale":"pt_PT","og_type":"article","og_title":"Rainha Sofia abre centro para animais em Madrid - Portal Tela Portugal","og_description":"A Rainha em\u00e9rita Sofia quer criar um abrigo para c\u00e3es, gatos e burros, atrav\u00e9s da Funda\u00e7\u00e3o Rainha Sofia, mantendo uma liga\u00e7\u00e3o ao Pal\u00e1cio da Zarzuela, onde j\u00e1 h\u00e1 animais. O abrigo ser\u00e1 implementado em Arganda del Rey, na regi\u00e3o de Madrid, com terreno j\u00e1 definido para a constru\u00e7\u00e3o. O projeto recebeu o nome Abrigo Integral de Animais Arganda del Rey, visando refor\u00e7ar a rede p\u00fablica de cuidados para animais abandonados na comunidade de Madrid. Ap\u00f3s recupera\u00e7\u00e3o e vacina\u00e7\u00e3o, os animais poder\u00e3o ser colocados \u00e0 ado\u00e7\u00e3o, num espa\u00e7o pensado para assegurar o bem-estar.","og_url":"https:\/\/portaltela.pt\/noticias\/2025\/12\/28\/rainha-sofia-abre-centro-para-animais-em-madrid\/","og_site_name":"Portal Tela Portugal","article_published_time":"2025-12-28T11:00:00+00:00","author":"Telinha","twitter_card":"summary_large_image","twitter_misc":{"Escrito por":"Telinha","Tempo estimado de leitura":"1 minuto"},"schema":{"@context":"https:\/\/schema.org","@graph":[{"@type":"Article","@id":"https:\/\/portaltela.pt\/noticias\/2025\/12\/28\/rainha-sofia-abre-centro-para-animais-em-madrid\/#article","isPartOf":{"@id":"https:\/\/portaltela.pt\/noticias\/2025\/12\/28\/rainha-sofia-abre-centro-para-animais-em-madrid\/"},"author":{"name":"Telinha","@id":"https:\/\/portaltela.pt\/#\/schema\/person\/c4278d4a6028830caff9ee44b42d32ed"},"headline":"Rainha Sofia abre centro para animais em Madrid","datePublished":"2025-12-28T11:00:00+00:00","mainEntityOfPage":{"@id":"https:\/\/portaltela.pt\/noticias\/2025\/12\/28\/rainha-sofia-abre-centro-para-animais-em-madrid\/"},"wordCount":206,"image":{"@id":"https:\/\/portaltela.pt\/noticias\/2025\/12\/28\/rainha-sofia-abre-centro-para-animais-em-madrid\/#primaryimage"},"thumbnailUrl":"https:\/\/portaltela.pt\/s.01k8rhncp4jt1\/2025\/12\/img_1500x1000uu2025-12-18-19-35-19-2255176-im-639016833634971880.jpg","keywords":["A\u00e7\u00e3o Social","Apoio Social","organiza\u00e7\u00f5es","prote\u00e7\u00e3o p\u00fablica","prote\u00e7\u00e3o social","servi\u00e7os p\u00fablicos"],"articleSection":["Not\u00edcias"],"inLanguage":"pt-PT"},{"@type":"WebPage","@id":"https:\/\/portaltela.pt\/noticias\/2025\/12\/28\/rainha-sofia-abre-centro-para-animais-em-madrid\/","url":"https:\/\/portaltela.pt\/noticias\/2025\/12\/28\/rainha-sofia-abre-centro-para-animais-em-madrid\/","name":"Rainha Sofia abre centro para animais em Madrid - Portal Tela Portugal","isPartOf":{"@id":"https:\/\/portaltela.pt\/#website"},"primaryImageOfPage":{"@id":"https:\/\/portaltela.pt\/noticias\/2025\/12\/28\/rainha-sofia-abre-centro-para-animais-em-madrid\/#primaryimage"},"image":{"@id":"https:\/\/portaltela.pt\/noticias\/2025\/12\/28\/rainha-sofia-abre-centro-para-animais-em-madrid\/#primaryimage"},"thumbnailUrl":"https:\/\/portaltela.pt\/s.01k8rhncp4jt1\/2025\/12\/img_1500x1000uu2025-12-18-19-35-19-2255176-im-639016833634971880.jpg","datePublished":"2025-12-28T11:00:00+00:00","author":{"@id":"https:\/\/portaltela.pt\/#\/schema\/person\/c4278d4a6028830caff9ee44b42d32ed"},"breadcrumb":{"@id":"https:\/\/portaltela.pt\/noticias\/2025\/12\/28\/rainha-sofia-abre-centro-para-animais-em-madrid\/#breadcrumb"},"inLanguage":"pt-PT","potentialAction":[{"@type":"ReadAction","target":["https:\/\/portaltela.pt\/noticias\/2025\/12\/28\/rainha-sofia-abre-centro-para-animais-em-madrid\/"]}]},{"@type":"ImageObject","inLanguage":"pt-PT","@id":"https:\/\/portaltela.pt\/noticias\/2025\/12\/28\/rainha-sofia-abre-centro-para-animais-em-madrid\/#primaryimage","url":"https:\/\/portaltela.pt\/s.01k8rhncp4jt1\/2025\/12\/img_1500x1000uu2025-12-18-19-35-19-2255176-im-639016833634971880.jpg","contentUrl":"https:\/\/portaltela.pt\/s.01k8rhncp4jt1\/2025\/12\/img_1500x1000uu2025-12-18-19-35-19-2255176-im-639016833634971880.jpg","width":796,"height":448,"caption":"Rainha Sofia inaugura centro para animais em Madrid"},{"@type":"BreadcrumbList","@id":"https:\/\/portaltela.pt\/noticias\/2025\/12\/28\/rainha-sofia-abre-centro-para-animais-em-madrid\/#breadcrumb","itemListElement":[{"@type":"ListItem","position":1,"name":"In\u00edcio","item":"https:\/\/portaltela.pt\/"},{"@type":"ListItem","position":2,"name":"Rainha Sofia abre centro para animais em Madrid"}]},{"@type":"WebSite","@id":"https:\/\/portaltela.pt\/#website","url":"https:\/\/portaltela.pt\/","name":"Portal Tela Portugal","description":"","potentialAction":[{"@type":"SearchAction","target":{"@type":"EntryPoint","urlTemplate":"https:\/\/portaltela.pt\/?s={search_term_string}"},"query-input":{"@type":"PropertyValueSpecification","valueRequired":true,"valueName":"search_term_string"}}],"inLanguage":"pt-PT"},{"@type":"Person","@id":"https:\/\/portaltela.pt\/#\/schema\/person\/c4278d4a6028830caff9ee44b42d32ed","name":"Telinha","image":{"@type":"ImageObject","inLanguage":"pt-PT","@id":"https:\/\/portaltela.pt\/s.01k8rhncp4jt1\/2025\/11\/talking-bot-125x125.png","url":"https:\/\/portaltela.pt\/s.01k8rhncp4jt1\/2025\/11\/talking-bot-125x125.png","contentUrl":"https:\/\/portaltela.pt\/s.01k8rhncp4jt1\/2025\/11\/talking-bot-125x125.png","caption":"Telinha"},"sameAs":["https:\/\/portaltela.pt\/"],"url":"https:\/\/portaltela.pt\/por\/367410592786\/"}]}},"_links":{"self":[{"href":"https:\/\/portaltela.pt\/api\/wp\/v2\/posts\/102853","targetHints":{"allow":["GET"]}}],"collection":[{"href":"https:\/\/portaltela.pt\/api\/wp\/v2\/posts"}],"about":[{"href":"https:\/\/portaltela.pt\/api\/wp\/v2\/types\/post"}],"author":[{"embeddable":true,"href":"https:\/\/portaltela.pt\/api\/wp\/v2\/users\/2"}],"replies":[{"embeddable":true,"href":"https:\/\/portaltela.pt\/api\/wp\/v2\/comments?post=102853"}],"version-history":[{"count":0,"href":"https:\/\/portaltela.pt\/api\/wp\/v2\/posts\/102853\/revisions"}],"wp:featuredmedia":[{"embeddable":true,"href":"https:\/\/portaltela.pt\/api\/wp\/v2\/media\/102857"}],"wp:attachment":[{"href":"https:\/\/portaltela.pt\/api\/wp\/v2\/media?parent=102853"}],"wp:term":[{"taxonomy":"category","embeddable":true,"href":"https:\/\/portaltela.pt\/api\/wp\/v2\/categories?post=102853"},{"taxonomy":"post_tag","embeddable":true,"href":"https:\/\/portaltela.pt\/api\/wp\/v2\/tags?post=102853"}],"curies":[{"name":"wp","href":"https:\/\/api.w.org\/{rel}","templated":true}]}}