{"id":102669,"date":"2025-12-28T05:27:00","date_gmt":"2025-12-28T08:27:00","guid":{"rendered":"https:\/\/portaltela.pt\/noticias\/2025\/12\/28\/visita-gratuita-revela-600-anos-de-historia-no-moinho-de-mare-de-corroios\/"},"modified":"2025-12-28T05:27:00","modified_gmt":"2025-12-28T08:27:00","slug":"visita-gratuita-revela-600-anos-de-historia-no-moinho-de-mare-de-corroios","status":"publish","type":"post","link":"https:\/\/portaltela.pt\/noticias\/2025\/12\/28\/visita-gratuita-revela-600-anos-de-historia-no-moinho-de-mare-de-corroios\/","title":{"rendered":"Visita gratuita revela 600 anos de hist\u00f3ria no Moinho de Mar\u00e9 de Corroios"},"content":{"rendered":"<p>O Moinho de Mar\u00e9 de Corroios, um dos mais antigos do pa\u00eds, oferece entrada gratuita a 30 de dezembro. A iniciativa integra a exposi\u00e7\u00e3o \u201c600 Anos de Moagem no Moinho de Mar\u00e9 de Corroios\u201d e destaca a hist\u00f3ria de 600 anos do equipamento.<\/p>\n<p>O moinho, edificado em 1403 por Nuno \u00c1lvares Pereira, foi adquirido em funcionamento pelo munic\u00edpio em 1980 e abriu ao p\u00fablico em 1986 como n\u00facleo do Ecomuseu Municipal do Seixal. Encontra-se conservado in situ no sapal de Corroios, numa \u00e1rea da Reserva Ecol\u00f3gica Nacional.<\/p>\n<h3>Exposi\u00e7\u00e3o e data<\/h3>\n<p>Entre as 10h00 e as 17h00, a visita gratuita permitir\u00e1 conhecer o patrim\u00f3nio e as novas pe\u00e7as da exposi\u00e7\u00e3o, com pain\u00e9is atualizados e ilustra\u00e7\u00f5es cient\u00edficas de Mafalda Paiva e Xavier Pita.<\/p>\n<p>A C\u00e2mara Municipal do Seixal sublinha que a mostra celebra os 600 anos de atividade do moinho, refor\u00e7ando o papel do equipamento no desenvolvimento econ\u00f3mico da regi\u00e3o ao longo do tempo.<\/p>\n<h3>Contexto patrimonial<\/h3>\n<p>O edif\u00edcio est\u00e1 classificado como Im\u00f3vel de Interesse P\u00fablico (Decreto n.\u00ba 29\/1984, de 25 de junho). O Moinho de Corroios permanece numa zona integrada na Reserva Ecol\u00f3gica Nacional.<\/p>\n<p>Os interessados podem contactar a C\u00e2mara do Seixal pelo 210 976 112 ou pelo email ecomuseu.se@cm-seixal.pt para mais informa\u00e7\u00f5es.<\/p>\n","protected":false},"excerpt":{"rendered":"<ul>\n<li>Visita gratuita no Moinho de Mar\u00e9 de Corroios ocorre no dia 30 de dezembro, entre as 10h e as 17h, como parte da mostra \u201c600 Anos de Moagem no Moinho de Mar\u00e9 de Corroios\u201d.<\/li>\n<li>A exposi\u00e7\u00e3o inclui novos pain\u00e9is expositivos e ilustra\u00e7\u00f5es cient\u00edficas de Mafalda Paiva e Xavier Pita, destacando os 600 anos de atividade do moinho.<\/li>\n<li>O moinho, edificado em 1403 por Nuno \u00c1lvares Pereira, foi adquirido em funcionamento pelo Munic\u00edpio em 1980 e abriu ao p\u00fablico em 1986 como n\u00facleo do Ecomuseu Municipal do Seixal.<\/li>\n<li>Localizado no sapal de Corroios, integrado na Reserva Ecol\u00f3gica Nacional, o espa\u00e7o est\u00e1 classificado como Im\u00f3vel de Interesse P\u00fablico.<\/li>\n<li>A participa\u00e7\u00e3o \u00e9 gratuita. Informa\u00e7\u00f5es: 210 976 112 ou ecomuseu.se@cm-seixal.pt.<\/li>\n<\/ul>\n","protected":false},"author":2,"featured_media":102685,"comment_status":"closed","ping_status":"closed","sticky":false,"template":"","format":"standard","meta":{"footnotes":""},"categories":[1],"tags":[1397,299,2029,814,224,1064],"class_list":["post-102669","post","type-post","status-publish","format-standard","has-post-thumbnail","hentry","category-noticias","tag-exposicoes","tag-historia","tag-imovel-de-interesse-publico","tag-patrimonio","tag-reserva-ecologica","tag-seixal"],"yoast_head":"<!-- This site is optimized with the Yoast SEO plugin v27.2 - https:\/\/yoast.com\/product\/yoast-seo-wordpress\/ -->\n<title>Visita gratuita revela 600 anos de hist\u00f3ria no Moinho de Mar\u00e9 de Corroios - Portal Tela Portugal<\/title>\n<meta name=\"robots\" content=\"index, follow, max-snippet:-1, max-image-preview:large, max-video-preview:-1\" \/>\n<meta property=\"og:locale\" content=\"pt_PT\" \/>\n<meta property=\"og:type\" content=\"article\" \/>\n<meta property=\"og:title\" content=\"Visita gratuita revela 600 anos de hist\u00f3ria no Moinho de Mar\u00e9 de Corroios - Portal Tela Portugal\" \/>\n<meta property=\"og:description\" content=\"Visita gratuita no Moinho de Mar\u00e9 de Corroios ocorre no dia 30 de dezembro, entre as 10h e as 17h, como parte da mostra \u201c600 Anos de Moagem no Moinho de Mar\u00e9 de Corroios\u201d. A exposi\u00e7\u00e3o inclui novos pain\u00e9is expositivos e ilustra\u00e7\u00f5es cient\u00edficas de Mafalda Paiva e Xavier Pita, destacando os 600 anos de atividade do moinho. O moinho, edificado em 1403 por Nuno \u00c1lvares Pereira, foi adquirido em funcionamento pelo Munic\u00edpio em 1980 e abriu ao p\u00fablico em 1986 como n\u00facleo do Ecomuseu Municipal do Seixal. Localizado no sapal de Corroios, integrado na Reserva Ecol\u00f3gica Nacional, o espa\u00e7o est\u00e1 classificado como Im\u00f3vel de Interesse P\u00fablico. A participa\u00e7\u00e3o \u00e9 gratuita. Informa\u00e7\u00f5es: 210 976 112 ou ecomuseu.se@cm-seixal.pt.\" \/>\n<meta property=\"og:url\" content=\"https:\/\/portaltela.pt\/noticias\/2025\/12\/28\/visita-gratuita-revela-600-anos-de-historia-no-moinho-de-mare-de-corroios\/\" \/>\n<meta property=\"og:site_name\" content=\"Portal Tela Portugal\" \/>\n<meta property=\"article:published_time\" content=\"2025-12-28T08:27:00+00:00\" \/>\n<meta name=\"author\" content=\"Telinha\" \/>\n<meta name=\"twitter:card\" content=\"summary_large_image\" \/>\n<meta name=\"twitter:label1\" content=\"Escrito por\" \/>\n\t<meta name=\"twitter:data1\" content=\"Telinha\" \/>\n\t<meta name=\"twitter:label2\" content=\"Tempo estimado de leitura\" \/>\n\t<meta name=\"twitter:data2\" content=\"1 minuto\" \/>\n<script type=\"application\/ld+json\" class=\"yoast-schema-graph\">{\"@context\":\"https:\/\/schema.org\",\"@graph\":[{\"@type\":\"Article\",\"@id\":\"https:\/\/portaltela.pt\/noticias\/2025\/12\/28\/visita-gratuita-revela-600-anos-de-historia-no-moinho-de-mare-de-corroios\/#article\",\"isPartOf\":{\"@id\":\"https:\/\/portaltela.pt\/noticias\/2025\/12\/28\/visita-gratuita-revela-600-anos-de-historia-no-moinho-de-mare-de-corroios\/\"},\"author\":{\"name\":\"Telinha\",\"@id\":\"https:\/\/portaltela.pt\/#\/schema\/person\/c4278d4a6028830caff9ee44b42d32ed\"},\"headline\":\"Visita gratuita revela 600 anos de hist\u00f3ria no Moinho de Mar\u00e9 de Corroios\",\"datePublished\":\"2025-12-28T08:27:00+00:00\",\"mainEntityOfPage\":{\"@id\":\"https:\/\/portaltela.pt\/noticias\/2025\/12\/28\/visita-gratuita-revela-600-anos-de-historia-no-moinho-de-mare-de-corroios\/\"},\"wordCount\":229,\"image\":{\"@id\":\"https:\/\/portaltela.pt\/noticias\/2025\/12\/28\/visita-gratuita-revela-600-anos-de-historia-no-moinho-de-mare-de-corroios\/#primaryimage\"},\"thumbnailUrl\":\"https:\/\/portaltela.pt\/s.01k8rhncp4jt1\/2025\/12\/unnamed-file-2097.jpg\",\"keywords\":[\"exposi\u00e7\u00f5es\",\"hist\u00f3ria\",\"Im\u00f3vel de Interesse P\u00fablico\",\"patrim\u00f3nio\",\"reserva ecol\u00f3gica\",\"Seixal\"],\"articleSection\":[\"Not\u00edcias\"],\"inLanguage\":\"pt-PT\"},{\"@type\":\"WebPage\",\"@id\":\"https:\/\/portaltela.pt\/noticias\/2025\/12\/28\/visita-gratuita-revela-600-anos-de-historia-no-moinho-de-mare-de-corroios\/\",\"url\":\"https:\/\/portaltela.pt\/noticias\/2025\/12\/28\/visita-gratuita-revela-600-anos-de-historia-no-moinho-de-mare-de-corroios\/\",\"name\":\"Visita gratuita revela 600 anos de hist\u00f3ria no Moinho de Mar\u00e9 de Corroios - Portal Tela Portugal\",\"isPartOf\":{\"@id\":\"https:\/\/portaltela.pt\/#website\"},\"primaryImageOfPage\":{\"@id\":\"https:\/\/portaltela.pt\/noticias\/2025\/12\/28\/visita-gratuita-revela-600-anos-de-historia-no-moinho-de-mare-de-corroios\/#primaryimage\"},\"image\":{\"@id\":\"https:\/\/portaltela.pt\/noticias\/2025\/12\/28\/visita-gratuita-revela-600-anos-de-historia-no-moinho-de-mare-de-corroios\/#primaryimage\"},\"thumbnailUrl\":\"https:\/\/portaltela.pt\/s.01k8rhncp4jt1\/2025\/12\/unnamed-file-2097.jpg\",\"datePublished\":\"2025-12-28T08:27:00+00:00\",\"author\":{\"@id\":\"https:\/\/portaltela.pt\/#\/schema\/person\/c4278d4a6028830caff9ee44b42d32ed\"},\"breadcrumb\":{\"@id\":\"https:\/\/portaltela.pt\/noticias\/2025\/12\/28\/visita-gratuita-revela-600-anos-de-historia-no-moinho-de-mare-de-corroios\/#breadcrumb\"},\"inLanguage\":\"pt-PT\",\"potentialAction\":[{\"@type\":\"ReadAction\",\"target\":[\"https:\/\/portaltela.pt\/noticias\/2025\/12\/28\/visita-gratuita-revela-600-anos-de-historia-no-moinho-de-mare-de-corroios\/\"]}]},{\"@type\":\"ImageObject\",\"inLanguage\":\"pt-PT\",\"@id\":\"https:\/\/portaltela.pt\/noticias\/2025\/12\/28\/visita-gratuita-revela-600-anos-de-historia-no-moinho-de-mare-de-corroios\/#primaryimage\",\"url\":\"https:\/\/portaltela.pt\/s.01k8rhncp4jt1\/2025\/12\/unnamed-file-2097.jpg\",\"contentUrl\":\"https:\/\/portaltela.pt\/s.01k8rhncp4jt1\/2025\/12\/unnamed-file-2097.jpg\",\"caption\":\"Visita gratuita convida a descobrir 600 anos de hist\u00f3ria no Moinho de Mar\u00e9 de Corroios\"},{\"@type\":\"BreadcrumbList\",\"@id\":\"https:\/\/portaltela.pt\/noticias\/2025\/12\/28\/visita-gratuita-revela-600-anos-de-historia-no-moinho-de-mare-de-corroios\/#breadcrumb\",\"itemListElement\":[{\"@type\":\"ListItem\",\"position\":1,\"name\":\"In\u00edcio\",\"item\":\"https:\/\/portaltela.pt\/\"},{\"@type\":\"ListItem\",\"position\":2,\"name\":\"Visita gratuita revela 600 anos de hist\u00f3ria no Moinho de Mar\u00e9 de Corroios\"}]},{\"@type\":\"WebSite\",\"@id\":\"https:\/\/portaltela.pt\/#website\",\"url\":\"https:\/\/portaltela.pt\/\",\"name\":\"Portal Tela Portugal\",\"description\":\"\",\"potentialAction\":[{\"@type\":\"SearchAction\",\"target\":{\"@type\":\"EntryPoint\",\"urlTemplate\":\"https:\/\/portaltela.pt\/?s={search_term_string}\"},\"query-input\":{\"@type\":\"PropertyValueSpecification\",\"valueRequired\":true,\"valueName\":\"search_term_string\"}}],\"inLanguage\":\"pt-PT\"},{\"@type\":\"Person\",\"@id\":\"https:\/\/portaltela.pt\/#\/schema\/person\/c4278d4a6028830caff9ee44b42d32ed\",\"name\":\"Telinha\",\"image\":{\"@type\":\"ImageObject\",\"inLanguage\":\"pt-PT\",\"@id\":\"https:\/\/portaltela.pt\/s.01k8rhncp4jt1\/2025\/11\/talking-bot-125x125.png\",\"url\":\"https:\/\/portaltela.pt\/s.01k8rhncp4jt1\/2025\/11\/talking-bot-125x125.png\",\"contentUrl\":\"https:\/\/portaltela.pt\/s.01k8rhncp4jt1\/2025\/11\/talking-bot-125x125.png\",\"caption\":\"Telinha\"},\"sameAs\":[\"https:\/\/portaltela.pt\/\"],\"url\":\"https:\/\/portaltela.pt\/por\/367410592786\/\"}]}<\/script>\n<!-- \/ Yoast SEO plugin. -->","yoast_head_json":{"title":"Visita gratuita revela 600 anos de hist\u00f3ria no Moinho de Mar\u00e9 de Corroios - Portal Tela Portugal","robots":{"index":"index","follow":"follow","max-snippet":"max-snippet:-1","max-image-preview":"max-image-preview:large","max-video-preview":"max-video-preview:-1"},"og_locale":"pt_PT","og_type":"article","og_title":"Visita gratuita revela 600 anos de hist\u00f3ria no Moinho de Mar\u00e9 de Corroios - Portal Tela Portugal","og_description":"Visita gratuita no Moinho de Mar\u00e9 de Corroios ocorre no dia 30 de dezembro, entre as 10h e as 17h, como parte da mostra \u201c600 Anos de Moagem no Moinho de Mar\u00e9 de Corroios\u201d. A exposi\u00e7\u00e3o inclui novos pain\u00e9is expositivos e ilustra\u00e7\u00f5es cient\u00edficas de Mafalda Paiva e Xavier Pita, destacando os 600 anos de atividade do moinho. O moinho, edificado em 1403 por Nuno \u00c1lvares Pereira, foi adquirido em funcionamento pelo Munic\u00edpio em 1980 e abriu ao p\u00fablico em 1986 como n\u00facleo do Ecomuseu Municipal do Seixal. Localizado no sapal de Corroios, integrado na Reserva Ecol\u00f3gica Nacional, o espa\u00e7o est\u00e1 classificado como Im\u00f3vel de Interesse P\u00fablico. A participa\u00e7\u00e3o \u00e9 gratuita. Informa\u00e7\u00f5es: 210 976 112 ou ecomuseu.se@cm-seixal.pt.","og_url":"https:\/\/portaltela.pt\/noticias\/2025\/12\/28\/visita-gratuita-revela-600-anos-de-historia-no-moinho-de-mare-de-corroios\/","og_site_name":"Portal Tela Portugal","article_published_time":"2025-12-28T08:27:00+00:00","author":"Telinha","twitter_card":"summary_large_image","twitter_misc":{"Escrito por":"Telinha","Tempo estimado de leitura":"1 minuto"},"schema":{"@context":"https:\/\/schema.org","@graph":[{"@type":"Article","@id":"https:\/\/portaltela.pt\/noticias\/2025\/12\/28\/visita-gratuita-revela-600-anos-de-historia-no-moinho-de-mare-de-corroios\/#article","isPartOf":{"@id":"https:\/\/portaltela.pt\/noticias\/2025\/12\/28\/visita-gratuita-revela-600-anos-de-historia-no-moinho-de-mare-de-corroios\/"},"author":{"name":"Telinha","@id":"https:\/\/portaltela.pt\/#\/schema\/person\/c4278d4a6028830caff9ee44b42d32ed"},"headline":"Visita gratuita revela 600 anos de hist\u00f3ria no Moinho de Mar\u00e9 de Corroios","datePublished":"2025-12-28T08:27:00+00:00","mainEntityOfPage":{"@id":"https:\/\/portaltela.pt\/noticias\/2025\/12\/28\/visita-gratuita-revela-600-anos-de-historia-no-moinho-de-mare-de-corroios\/"},"wordCount":229,"image":{"@id":"https:\/\/portaltela.pt\/noticias\/2025\/12\/28\/visita-gratuita-revela-600-anos-de-historia-no-moinho-de-mare-de-corroios\/#primaryimage"},"thumbnailUrl":"https:\/\/portaltela.pt\/s.01k8rhncp4jt1\/2025\/12\/unnamed-file-2097.jpg","keywords":["exposi\u00e7\u00f5es","hist\u00f3ria","Im\u00f3vel de Interesse P\u00fablico","patrim\u00f3nio","reserva ecol\u00f3gica","Seixal"],"articleSection":["Not\u00edcias"],"inLanguage":"pt-PT"},{"@type":"WebPage","@id":"https:\/\/portaltela.pt\/noticias\/2025\/12\/28\/visita-gratuita-revela-600-anos-de-historia-no-moinho-de-mare-de-corroios\/","url":"https:\/\/portaltela.pt\/noticias\/2025\/12\/28\/visita-gratuita-revela-600-anos-de-historia-no-moinho-de-mare-de-corroios\/","name":"Visita gratuita revela 600 anos de hist\u00f3ria no Moinho de Mar\u00e9 de Corroios - Portal Tela Portugal","isPartOf":{"@id":"https:\/\/portaltela.pt\/#website"},"primaryImageOfPage":{"@id":"https:\/\/portaltela.pt\/noticias\/2025\/12\/28\/visita-gratuita-revela-600-anos-de-historia-no-moinho-de-mare-de-corroios\/#primaryimage"},"image":{"@id":"https:\/\/portaltela.pt\/noticias\/2025\/12\/28\/visita-gratuita-revela-600-anos-de-historia-no-moinho-de-mare-de-corroios\/#primaryimage"},"thumbnailUrl":"https:\/\/portaltela.pt\/s.01k8rhncp4jt1\/2025\/12\/unnamed-file-2097.jpg","datePublished":"2025-12-28T08:27:00+00:00","author":{"@id":"https:\/\/portaltela.pt\/#\/schema\/person\/c4278d4a6028830caff9ee44b42d32ed"},"breadcrumb":{"@id":"https:\/\/portaltela.pt\/noticias\/2025\/12\/28\/visita-gratuita-revela-600-anos-de-historia-no-moinho-de-mare-de-corroios\/#breadcrumb"},"inLanguage":"pt-PT","potentialAction":[{"@type":"ReadAction","target":["https:\/\/portaltela.pt\/noticias\/2025\/12\/28\/visita-gratuita-revela-600-anos-de-historia-no-moinho-de-mare-de-corroios\/"]}]},{"@type":"ImageObject","inLanguage":"pt-PT","@id":"https:\/\/portaltela.pt\/noticias\/2025\/12\/28\/visita-gratuita-revela-600-anos-de-historia-no-moinho-de-mare-de-corroios\/#primaryimage","url":"https:\/\/portaltela.pt\/s.01k8rhncp4jt1\/2025\/12\/unnamed-file-2097.jpg","contentUrl":"https:\/\/portaltela.pt\/s.01k8rhncp4jt1\/2025\/12\/unnamed-file-2097.jpg","caption":"Visita gratuita convida a descobrir 600 anos de hist\u00f3ria no Moinho de Mar\u00e9 de Corroios"},{"@type":"BreadcrumbList","@id":"https:\/\/portaltela.pt\/noticias\/2025\/12\/28\/visita-gratuita-revela-600-anos-de-historia-no-moinho-de-mare-de-corroios\/#breadcrumb","itemListElement":[{"@type":"ListItem","position":1,"name":"In\u00edcio","item":"https:\/\/portaltela.pt\/"},{"@type":"ListItem","position":2,"name":"Visita gratuita revela 600 anos de hist\u00f3ria no Moinho de Mar\u00e9 de Corroios"}]},{"@type":"WebSite","@id":"https:\/\/portaltela.pt\/#website","url":"https:\/\/portaltela.pt\/","name":"Portal Tela Portugal","description":"","potentialAction":[{"@type":"SearchAction","target":{"@type":"EntryPoint","urlTemplate":"https:\/\/portaltela.pt\/?s={search_term_string}"},"query-input":{"@type":"PropertyValueSpecification","valueRequired":true,"valueName":"search_term_string"}}],"inLanguage":"pt-PT"},{"@type":"Person","@id":"https:\/\/portaltela.pt\/#\/schema\/person\/c4278d4a6028830caff9ee44b42d32ed","name":"Telinha","image":{"@type":"ImageObject","inLanguage":"pt-PT","@id":"https:\/\/portaltela.pt\/s.01k8rhncp4jt1\/2025\/11\/talking-bot-125x125.png","url":"https:\/\/portaltela.pt\/s.01k8rhncp4jt1\/2025\/11\/talking-bot-125x125.png","contentUrl":"https:\/\/portaltela.pt\/s.01k8rhncp4jt1\/2025\/11\/talking-bot-125x125.png","caption":"Telinha"},"sameAs":["https:\/\/portaltela.pt\/"],"url":"https:\/\/portaltela.pt\/por\/367410592786\/"}]}},"_links":{"self":[{"href":"https:\/\/portaltela.pt\/api\/wp\/v2\/posts\/102669","targetHints":{"allow":["GET"]}}],"collection":[{"href":"https:\/\/portaltela.pt\/api\/wp\/v2\/posts"}],"about":[{"href":"https:\/\/portaltela.pt\/api\/wp\/v2\/types\/post"}],"author":[{"embeddable":true,"href":"https:\/\/portaltela.pt\/api\/wp\/v2\/users\/2"}],"replies":[{"embeddable":true,"href":"https:\/\/portaltela.pt\/api\/wp\/v2\/comments?post=102669"}],"version-history":[{"count":0,"href":"https:\/\/portaltela.pt\/api\/wp\/v2\/posts\/102669\/revisions"}],"wp:featuredmedia":[{"embeddable":true,"href":"https:\/\/portaltela.pt\/api\/wp\/v2\/media\/102685"}],"wp:attachment":[{"href":"https:\/\/portaltela.pt\/api\/wp\/v2\/media?parent=102669"}],"wp:term":[{"taxonomy":"category","embeddable":true,"href":"https:\/\/portaltela.pt\/api\/wp\/v2\/categories?post=102669"},{"taxonomy":"post_tag","embeddable":true,"href":"https:\/\/portaltela.pt\/api\/wp\/v2\/tags?post=102669"}],"curies":[{"name":"wp","href":"https:\/\/api.w.org\/{rel}","templated":true}]}}