{"id":102403,"date":"2025-12-27T21:18:00","date_gmt":"2025-12-28T00:18:00","guid":{"rendered":"https:\/\/portaltela.pt\/noticias\/2025\/12\/27\/trumpismo-e-anti-trumpismo-na-europa-em-meio-a-guerra\/"},"modified":"2025-12-27T21:18:00","modified_gmt":"2025-12-28T00:18:00","slug":"trumpismo-e-anti-trumpismo-na-europa-em-meio-a-guerra","status":"publish","type":"post","link":"https:\/\/portaltela.pt\/noticias\/2025\/12\/27\/trumpismo-e-anti-trumpismo-na-europa-em-meio-a-guerra\/","title":{"rendered":"Trumpismo e anti-trumpismo na Europa em meio \u00e0 guerra"},"content":{"rendered":"<p>O artigo analisa a rela\u00e7\u00e3o entre o atual debate sobre Trump, o wokeismo e a guerra na Europa. Descreve como a nova Estrat\u00e9gia de Seguran\u00e7a Nacional dos EUA e propostas de paz para a Ucr\u00e2nia s\u00e3o vistas no contexto das alian\u00e7as ocidentais e da rela\u00e7\u00e3o com a R\u00fassia. O foco \u00e9 compreender impactos e leituras pol\u00edticas, sem julgamentos.<\/p>\n<p>A narrativa parte de uma vis\u00e3o europeia que liga a cr\u00edtica ao status quo ao surgimento de estrat\u00e9gias que podem favorecer a R\u00fassia. Observa-se que Trump \u00e9 visto por alguns como disruptor do consenso ocidental, enquanto outros o encaram como ve\u00edculo de apaziguamento estrat\u00e9gico com a R\u00fassia.<\/p>\n<p>Ainda que haja quem veja em Trump uma rea\u00e7\u00e3o ao woke, o texto enfatiza que, para muitos analistas, a sua atua\u00e7\u00e3o externa \u00e9 interpretada como amea\u00e7a \u00e0 coes\u00e3o da NATO e aos interesses europeus. A nova estrat\u00e9gia americana \u00e9 apresentada como elemento central desse debate.<\/p>\n<p>Na Ucr\u00e2nia, surgem informa\u00e7\u00f5es sobre um conjunto de 28 pontos considerados uma via diplom\u00e1tica paralela, negociados fora de canais oficiais. Segundo a an\u00e1lise, esses pontos teriam exigido concess\u00f5es \u00e0 R\u00fassia e diminu\u00eddo o papel da NATO, sem contrapartidas claras de Moscou.<\/p>\n<p>Especialistas destacam que a R\u00fassia continua a sofrer perdas na Ucr\u00e2nia, embora persista o desgaste pol\u00edtico do Ocidente. A leitura comum \u00e9 que o objetivo de Moscovo \u00e9 cansar, dividir e pressionar pela aceita\u00e7\u00e3o de uma solu\u00e7\u00e3o que reduza o suporte \u00e0 Ucr\u00e2nia.<\/p>\n<p>A posi\u00e7\u00e3o dos EUA sobre Trump \u00e9 apresentada como fator decisivo para o futuro da Ucr\u00e2nia e da ordem internacional. Se o apoio a Kiev se mantiver, \u00e9 visto como uma estrat\u00e9gia de seguran\u00e7a; se recuar, pode abrir espa\u00e7o a ganhos russos com consequ\u00eancias para a Europa e para a pr\u00f3pria Am\u00e9rica.<\/p>\n<h3>Propostas de paz para a Ucr\u00e2nia<\/h3>\n<p>A an\u00e1lise conclui que, embora haja desejo de equil\u00edbrio, o apaziguamento n\u00e3o \u00e9 visto como realismo. O texto sublinha a necessidade de manter o apoio \u00e0 Ucr\u00e2nia como alavanca de seguran\u00e7a e credibilidade ocidentais, evitando rendas estrat\u00e9gicas a Moscovo.<\/p>\n<p>As leituras em torno de Trump destacam padr\u00f5es de comportamento que incluem menor cr\u00edtica a Putin e desgaste a aliados. O artigo enfatiza que a continuidade desta linha pode comprometer a unidade ocidental e a efic\u00e1cia das respostas globais.<\/p>\n","protected":false},"excerpt":{"rendered":"<ul>\n<li>A an\u00e1lise identifica tr\u00eas posi\u00e7\u00f5es sobre Trump: f\u00e3s que o vibram pela supress\u00e3o do woke; cr\u00edticos que veem nele defeitos do woke; e um grupo que reconhece a efic\u00e1cia contra o woke, mas reprova a hostilidade \u00e0 Europa e a rela\u00e7\u00e3o com a R\u00fassia.<\/li>\n<li>O texto, escrito por europeus, considera que a pol\u00edtica externa de Trump \u00e9 prejudicial ao Ocidente: fragmenta alian\u00e7as, fortalece advers\u00e1rios e aumenta o risco global.<\/li>\n<li>Refere-se a uma nova Estrat\u00e9gia de Seguran\u00e7a Nacional dos Estados Unidos e a propostas de paz com a Ucr\u00e2nia (28 pontos) negociadas fora de canais oficiais, sugerindo concess\u00f5es \u00e0 R\u00fassia.<\/li>\n<li>Aponta que o plano exigiria concess\u00f5es territoriais da Ucr\u00e2nia, neutraliza\u00e7\u00e3o militar e ren\u00fancia \u00e0 NATO, sem contrapartidas equivalentes da R\u00fassia; classifica-o como apaziguamento, n\u00e3o realismo.<\/li>\n<li>Conclui que apoiar a Ucr\u00e2nia n\u00e3o \u00e9 caridade, \u00e9 estrat\u00e9gia e credibilidade; abrir m\u00e3o deste apoio seria ceder ao desgaste russo, com consequ\u00eancias profundas para a Europa, os Estados Unidos e a ordem internacional.<\/li>\n<\/ul>\n","protected":false},"author":2,"featured_media":102405,"comment_status":"closed","ping_status":"closed","sticky":false,"template":"","format":"standard","meta":{"footnotes":""},"categories":[1],"tags":[1849,256,62,2017,136,133],"class_list":["post-102403","post","type-post","status-publish","format-standard","has-post-thumbnail","hentry","category-noticias","tag-aliancas","tag-cooperacao-internacional","tag-guerra","tag-ordem-internacional","tag-organizacoes","tag-politicas-publicas"],"yoast_head":"<!-- This site is optimized with the Yoast SEO plugin v27.2 - https:\/\/yoast.com\/product\/yoast-seo-wordpress\/ -->\n<title>Trumpismo e anti-trumpismo na Europa em meio \u00e0 guerra - Portal Tela Portugal<\/title>\n<meta name=\"robots\" content=\"index, follow, max-snippet:-1, max-image-preview:large, max-video-preview:-1\" \/>\n<meta property=\"og:locale\" content=\"pt_PT\" \/>\n<meta property=\"og:type\" content=\"article\" \/>\n<meta property=\"og:title\" content=\"Trumpismo e anti-trumpismo na Europa em meio \u00e0 guerra - Portal Tela Portugal\" \/>\n<meta property=\"og:description\" content=\"A an\u00e1lise identifica tr\u00eas posi\u00e7\u00f5es sobre Trump: f\u00e3s que o vibram pela supress\u00e3o do woke; cr\u00edticos que veem nele defeitos do woke; e um grupo que reconhece a efic\u00e1cia contra o woke, mas reprova a hostilidade \u00e0 Europa e a rela\u00e7\u00e3o com a R\u00fassia. O texto, escrito por europeus, considera que a pol\u00edtica externa de Trump \u00e9 prejudicial ao Ocidente: fragmenta alian\u00e7as, fortalece advers\u00e1rios e aumenta o risco global. Refere-se a uma nova Estrat\u00e9gia de Seguran\u00e7a Nacional dos Estados Unidos e a propostas de paz com a Ucr\u00e2nia (28 pontos) negociadas fora de canais oficiais, sugerindo concess\u00f5es \u00e0 R\u00fassia. Aponta que o plano exigiria concess\u00f5es territoriais da Ucr\u00e2nia, neutraliza\u00e7\u00e3o militar e ren\u00fancia \u00e0 NATO, sem contrapartidas equivalentes da R\u00fassia; classifica-o como apaziguamento, n\u00e3o realismo. Conclui que apoiar a Ucr\u00e2nia n\u00e3o \u00e9 caridade, \u00e9 estrat\u00e9gia e credibilidade; abrir m\u00e3o deste apoio seria ceder ao desgaste russo, com consequ\u00eancias profundas para a Europa, os Estados Unidos e a ordem internacional.\" \/>\n<meta property=\"og:url\" content=\"https:\/\/portaltela.pt\/noticias\/2025\/12\/27\/trumpismo-e-anti-trumpismo-na-europa-em-meio-a-guerra\/\" \/>\n<meta property=\"og:site_name\" content=\"Portal Tela Portugal\" \/>\n<meta property=\"article:published_time\" content=\"2025-12-28T00:18:00+00:00\" \/>\n<meta name=\"author\" content=\"Telinha\" \/>\n<meta name=\"twitter:card\" content=\"summary_large_image\" \/>\n<meta name=\"twitter:label1\" content=\"Escrito por\" \/>\n\t<meta name=\"twitter:data1\" content=\"Telinha\" \/>\n\t<meta name=\"twitter:label2\" content=\"Tempo estimado de leitura\" \/>\n\t<meta name=\"twitter:data2\" content=\"2 minutos\" \/>\n<script type=\"application\/ld+json\" class=\"yoast-schema-graph\">{\"@context\":\"https:\/\/schema.org\",\"@graph\":[{\"@type\":\"Article\",\"@id\":\"https:\/\/portaltela.pt\/noticias\/2025\/12\/27\/trumpismo-e-anti-trumpismo-na-europa-em-meio-a-guerra\/#article\",\"isPartOf\":{\"@id\":\"https:\/\/portaltela.pt\/noticias\/2025\/12\/27\/trumpismo-e-anti-trumpismo-na-europa-em-meio-a-guerra\/\"},\"author\":{\"name\":\"Telinha\",\"@id\":\"https:\/\/portaltela.pt\/#\/schema\/person\/c4278d4a6028830caff9ee44b42d32ed\"},\"headline\":\"Trumpismo e anti-trumpismo na Europa em meio \u00e0 guerra\",\"datePublished\":\"2025-12-28T00:18:00+00:00\",\"mainEntityOfPage\":{\"@id\":\"https:\/\/portaltela.pt\/noticias\/2025\/12\/27\/trumpismo-e-anti-trumpismo-na-europa-em-meio-a-guerra\/\"},\"wordCount\":416,\"image\":{\"@id\":\"https:\/\/portaltela.pt\/noticias\/2025\/12\/27\/trumpismo-e-anti-trumpismo-na-europa-em-meio-a-guerra\/#primaryimage\"},\"thumbnailUrl\":\"https:\/\/portaltela.pt\/s.01k8rhncp4jt1\/2025\/12\/whatsapp-image-2023-05-11-at-191231.jpg\",\"keywords\":[\"alian\u00e7as\",\"coopera\u00e7\u00e3o internacional\",\"guerra\",\"ordem internacional\",\"organiza\u00e7\u00f5es\",\"pol\u00edticas p\u00fablicas\"],\"articleSection\":[\"Not\u00edcias\"],\"inLanguage\":\"pt-PT\"},{\"@type\":\"WebPage\",\"@id\":\"https:\/\/portaltela.pt\/noticias\/2025\/12\/27\/trumpismo-e-anti-trumpismo-na-europa-em-meio-a-guerra\/\",\"url\":\"https:\/\/portaltela.pt\/noticias\/2025\/12\/27\/trumpismo-e-anti-trumpismo-na-europa-em-meio-a-guerra\/\",\"name\":\"Trumpismo e anti-trumpismo na Europa em meio \u00e0 guerra - Portal Tela Portugal\",\"isPartOf\":{\"@id\":\"https:\/\/portaltela.pt\/#website\"},\"primaryImageOfPage\":{\"@id\":\"https:\/\/portaltela.pt\/noticias\/2025\/12\/27\/trumpismo-e-anti-trumpismo-na-europa-em-meio-a-guerra\/#primaryimage\"},\"image\":{\"@id\":\"https:\/\/portaltela.pt\/noticias\/2025\/12\/27\/trumpismo-e-anti-trumpismo-na-europa-em-meio-a-guerra\/#primaryimage\"},\"thumbnailUrl\":\"https:\/\/portaltela.pt\/s.01k8rhncp4jt1\/2025\/12\/whatsapp-image-2023-05-11-at-191231.jpg\",\"datePublished\":\"2025-12-28T00:18:00+00:00\",\"author\":{\"@id\":\"https:\/\/portaltela.pt\/#\/schema\/person\/c4278d4a6028830caff9ee44b42d32ed\"},\"breadcrumb\":{\"@id\":\"https:\/\/portaltela.pt\/noticias\/2025\/12\/27\/trumpismo-e-anti-trumpismo-na-europa-em-meio-a-guerra\/#breadcrumb\"},\"inLanguage\":\"pt-PT\",\"potentialAction\":[{\"@type\":\"ReadAction\",\"target\":[\"https:\/\/portaltela.pt\/noticias\/2025\/12\/27\/trumpismo-e-anti-trumpismo-na-europa-em-meio-a-guerra\/\"]}]},{\"@type\":\"ImageObject\",\"inLanguage\":\"pt-PT\",\"@id\":\"https:\/\/portaltela.pt\/noticias\/2025\/12\/27\/trumpismo-e-anti-trumpismo-na-europa-em-meio-a-guerra\/#primaryimage\",\"url\":\"https:\/\/portaltela.pt\/s.01k8rhncp4jt1\/2025\/12\/whatsapp-image-2023-05-11-at-191231.jpg\",\"contentUrl\":\"https:\/\/portaltela.pt\/s.01k8rhncp4jt1\/2025\/12\/whatsapp-image-2023-05-11-at-191231.jpg\",\"width\":796,\"height\":448,\"caption\":\"Photo\"},{\"@type\":\"BreadcrumbList\",\"@id\":\"https:\/\/portaltela.pt\/noticias\/2025\/12\/27\/trumpismo-e-anti-trumpismo-na-europa-em-meio-a-guerra\/#breadcrumb\",\"itemListElement\":[{\"@type\":\"ListItem\",\"position\":1,\"name\":\"In\u00edcio\",\"item\":\"https:\/\/portaltela.pt\/\"},{\"@type\":\"ListItem\",\"position\":2,\"name\":\"Trumpismo e anti-trumpismo na Europa em meio \u00e0 guerra\"}]},{\"@type\":\"WebSite\",\"@id\":\"https:\/\/portaltela.pt\/#website\",\"url\":\"https:\/\/portaltela.pt\/\",\"name\":\"Portal Tela Portugal\",\"description\":\"\",\"potentialAction\":[{\"@type\":\"SearchAction\",\"target\":{\"@type\":\"EntryPoint\",\"urlTemplate\":\"https:\/\/portaltela.pt\/?s={search_term_string}\"},\"query-input\":{\"@type\":\"PropertyValueSpecification\",\"valueRequired\":true,\"valueName\":\"search_term_string\"}}],\"inLanguage\":\"pt-PT\"},{\"@type\":\"Person\",\"@id\":\"https:\/\/portaltela.pt\/#\/schema\/person\/c4278d4a6028830caff9ee44b42d32ed\",\"name\":\"Telinha\",\"image\":{\"@type\":\"ImageObject\",\"inLanguage\":\"pt-PT\",\"@id\":\"https:\/\/portaltela.pt\/s.01k8rhncp4jt1\/2025\/11\/talking-bot-125x125.png\",\"url\":\"https:\/\/portaltela.pt\/s.01k8rhncp4jt1\/2025\/11\/talking-bot-125x125.png\",\"contentUrl\":\"https:\/\/portaltela.pt\/s.01k8rhncp4jt1\/2025\/11\/talking-bot-125x125.png\",\"caption\":\"Telinha\"},\"sameAs\":[\"https:\/\/portaltela.pt\/\"],\"url\":\"https:\/\/portaltela.pt\/por\/367410592786\/\"}]}<\/script>\n<!-- \/ Yoast SEO plugin. -->","yoast_head_json":{"title":"Trumpismo e anti-trumpismo na Europa em meio \u00e0 guerra - Portal Tela Portugal","robots":{"index":"index","follow":"follow","max-snippet":"max-snippet:-1","max-image-preview":"max-image-preview:large","max-video-preview":"max-video-preview:-1"},"og_locale":"pt_PT","og_type":"article","og_title":"Trumpismo e anti-trumpismo na Europa em meio \u00e0 guerra - Portal Tela Portugal","og_description":"A an\u00e1lise identifica tr\u00eas posi\u00e7\u00f5es sobre Trump: f\u00e3s que o vibram pela supress\u00e3o do woke; cr\u00edticos que veem nele defeitos do woke; e um grupo que reconhece a efic\u00e1cia contra o woke, mas reprova a hostilidade \u00e0 Europa e a rela\u00e7\u00e3o com a R\u00fassia. O texto, escrito por europeus, considera que a pol\u00edtica externa de Trump \u00e9 prejudicial ao Ocidente: fragmenta alian\u00e7as, fortalece advers\u00e1rios e aumenta o risco global. Refere-se a uma nova Estrat\u00e9gia de Seguran\u00e7a Nacional dos Estados Unidos e a propostas de paz com a Ucr\u00e2nia (28 pontos) negociadas fora de canais oficiais, sugerindo concess\u00f5es \u00e0 R\u00fassia. Aponta que o plano exigiria concess\u00f5es territoriais da Ucr\u00e2nia, neutraliza\u00e7\u00e3o militar e ren\u00fancia \u00e0 NATO, sem contrapartidas equivalentes da R\u00fassia; classifica-o como apaziguamento, n\u00e3o realismo. Conclui que apoiar a Ucr\u00e2nia n\u00e3o \u00e9 caridade, \u00e9 estrat\u00e9gia e credibilidade; abrir m\u00e3o deste apoio seria ceder ao desgaste russo, com consequ\u00eancias profundas para a Europa, os Estados Unidos e a ordem internacional.","og_url":"https:\/\/portaltela.pt\/noticias\/2025\/12\/27\/trumpismo-e-anti-trumpismo-na-europa-em-meio-a-guerra\/","og_site_name":"Portal Tela Portugal","article_published_time":"2025-12-28T00:18:00+00:00","author":"Telinha","twitter_card":"summary_large_image","twitter_misc":{"Escrito por":"Telinha","Tempo estimado de leitura":"2 minutos"},"schema":{"@context":"https:\/\/schema.org","@graph":[{"@type":"Article","@id":"https:\/\/portaltela.pt\/noticias\/2025\/12\/27\/trumpismo-e-anti-trumpismo-na-europa-em-meio-a-guerra\/#article","isPartOf":{"@id":"https:\/\/portaltela.pt\/noticias\/2025\/12\/27\/trumpismo-e-anti-trumpismo-na-europa-em-meio-a-guerra\/"},"author":{"name":"Telinha","@id":"https:\/\/portaltela.pt\/#\/schema\/person\/c4278d4a6028830caff9ee44b42d32ed"},"headline":"Trumpismo e anti-trumpismo na Europa em meio \u00e0 guerra","datePublished":"2025-12-28T00:18:00+00:00","mainEntityOfPage":{"@id":"https:\/\/portaltela.pt\/noticias\/2025\/12\/27\/trumpismo-e-anti-trumpismo-na-europa-em-meio-a-guerra\/"},"wordCount":416,"image":{"@id":"https:\/\/portaltela.pt\/noticias\/2025\/12\/27\/trumpismo-e-anti-trumpismo-na-europa-em-meio-a-guerra\/#primaryimage"},"thumbnailUrl":"https:\/\/portaltela.pt\/s.01k8rhncp4jt1\/2025\/12\/whatsapp-image-2023-05-11-at-191231.jpg","keywords":["alian\u00e7as","coopera\u00e7\u00e3o internacional","guerra","ordem internacional","organiza\u00e7\u00f5es","pol\u00edticas p\u00fablicas"],"articleSection":["Not\u00edcias"],"inLanguage":"pt-PT"},{"@type":"WebPage","@id":"https:\/\/portaltela.pt\/noticias\/2025\/12\/27\/trumpismo-e-anti-trumpismo-na-europa-em-meio-a-guerra\/","url":"https:\/\/portaltela.pt\/noticias\/2025\/12\/27\/trumpismo-e-anti-trumpismo-na-europa-em-meio-a-guerra\/","name":"Trumpismo e anti-trumpismo na Europa em meio \u00e0 guerra - Portal Tela Portugal","isPartOf":{"@id":"https:\/\/portaltela.pt\/#website"},"primaryImageOfPage":{"@id":"https:\/\/portaltela.pt\/noticias\/2025\/12\/27\/trumpismo-e-anti-trumpismo-na-europa-em-meio-a-guerra\/#primaryimage"},"image":{"@id":"https:\/\/portaltela.pt\/noticias\/2025\/12\/27\/trumpismo-e-anti-trumpismo-na-europa-em-meio-a-guerra\/#primaryimage"},"thumbnailUrl":"https:\/\/portaltela.pt\/s.01k8rhncp4jt1\/2025\/12\/whatsapp-image-2023-05-11-at-191231.jpg","datePublished":"2025-12-28T00:18:00+00:00","author":{"@id":"https:\/\/portaltela.pt\/#\/schema\/person\/c4278d4a6028830caff9ee44b42d32ed"},"breadcrumb":{"@id":"https:\/\/portaltela.pt\/noticias\/2025\/12\/27\/trumpismo-e-anti-trumpismo-na-europa-em-meio-a-guerra\/#breadcrumb"},"inLanguage":"pt-PT","potentialAction":[{"@type":"ReadAction","target":["https:\/\/portaltela.pt\/noticias\/2025\/12\/27\/trumpismo-e-anti-trumpismo-na-europa-em-meio-a-guerra\/"]}]},{"@type":"ImageObject","inLanguage":"pt-PT","@id":"https:\/\/portaltela.pt\/noticias\/2025\/12\/27\/trumpismo-e-anti-trumpismo-na-europa-em-meio-a-guerra\/#primaryimage","url":"https:\/\/portaltela.pt\/s.01k8rhncp4jt1\/2025\/12\/whatsapp-image-2023-05-11-at-191231.jpg","contentUrl":"https:\/\/portaltela.pt\/s.01k8rhncp4jt1\/2025\/12\/whatsapp-image-2023-05-11-at-191231.jpg","width":796,"height":448,"caption":"Photo"},{"@type":"BreadcrumbList","@id":"https:\/\/portaltela.pt\/noticias\/2025\/12\/27\/trumpismo-e-anti-trumpismo-na-europa-em-meio-a-guerra\/#breadcrumb","itemListElement":[{"@type":"ListItem","position":1,"name":"In\u00edcio","item":"https:\/\/portaltela.pt\/"},{"@type":"ListItem","position":2,"name":"Trumpismo e anti-trumpismo na Europa em meio \u00e0 guerra"}]},{"@type":"WebSite","@id":"https:\/\/portaltela.pt\/#website","url":"https:\/\/portaltela.pt\/","name":"Portal Tela Portugal","description":"","potentialAction":[{"@type":"SearchAction","target":{"@type":"EntryPoint","urlTemplate":"https:\/\/portaltela.pt\/?s={search_term_string}"},"query-input":{"@type":"PropertyValueSpecification","valueRequired":true,"valueName":"search_term_string"}}],"inLanguage":"pt-PT"},{"@type":"Person","@id":"https:\/\/portaltela.pt\/#\/schema\/person\/c4278d4a6028830caff9ee44b42d32ed","name":"Telinha","image":{"@type":"ImageObject","inLanguage":"pt-PT","@id":"https:\/\/portaltela.pt\/s.01k8rhncp4jt1\/2025\/11\/talking-bot-125x125.png","url":"https:\/\/portaltela.pt\/s.01k8rhncp4jt1\/2025\/11\/talking-bot-125x125.png","contentUrl":"https:\/\/portaltela.pt\/s.01k8rhncp4jt1\/2025\/11\/talking-bot-125x125.png","caption":"Telinha"},"sameAs":["https:\/\/portaltela.pt\/"],"url":"https:\/\/portaltela.pt\/por\/367410592786\/"}]}},"_links":{"self":[{"href":"https:\/\/portaltela.pt\/api\/wp\/v2\/posts\/102403","targetHints":{"allow":["GET"]}}],"collection":[{"href":"https:\/\/portaltela.pt\/api\/wp\/v2\/posts"}],"about":[{"href":"https:\/\/portaltela.pt\/api\/wp\/v2\/types\/post"}],"author":[{"embeddable":true,"href":"https:\/\/portaltela.pt\/api\/wp\/v2\/users\/2"}],"replies":[{"embeddable":true,"href":"https:\/\/portaltela.pt\/api\/wp\/v2\/comments?post=102403"}],"version-history":[{"count":0,"href":"https:\/\/portaltela.pt\/api\/wp\/v2\/posts\/102403\/revisions"}],"wp:featuredmedia":[{"embeddable":true,"href":"https:\/\/portaltela.pt\/api\/wp\/v2\/media\/102405"}],"wp:attachment":[{"href":"https:\/\/portaltela.pt\/api\/wp\/v2\/media?parent=102403"}],"wp:term":[{"taxonomy":"category","embeddable":true,"href":"https:\/\/portaltela.pt\/api\/wp\/v2\/categories?post=102403"},{"taxonomy":"post_tag","embeddable":true,"href":"https:\/\/portaltela.pt\/api\/wp\/v2\/tags?post=102403"}],"curies":[{"name":"wp","href":"https:\/\/api.w.org\/{rel}","templated":true}]}}