{"id":102325,"date":"2025-12-27T20:05:18","date_gmt":"2025-12-27T23:05:18","guid":{"rendered":"https:\/\/portaltela.pt\/noticias\/2025\/12\/27\/irmao-de-angelo-fica-em-lagrimas-apos-foto-com-cristiano-ronaldo\/"},"modified":"2025-12-27T20:05:18","modified_gmt":"2025-12-27T23:05:18","slug":"irmao-de-angelo-fica-em-lagrimas-apos-foto-com-cristiano-ronaldo","status":"publish","type":"post","link":"https:\/\/portaltela.pt\/desporto\/futebol\/2025\/12\/27\/irmao-de-angelo-fica-em-lagrimas-apos-foto-com-cristiano-ronaldo\/","title":{"rendered":"Irm\u00e3o de \u00c2ngelo fica em l\u00e1grimas ap\u00f3s foto com Cristiano Ronaldo"},"content":{"rendered":"<p>No s\u00e1bado, a fam\u00edlia do brasileiro \u00c2ngelo esteve no est\u00e1dio para acompanhar o jogo entre Al Nassr e Al-Akhdoud. Ao terminar a partida, tiveram a oportunidade de ficar perto de Cristiano Ronaldo.<\/p>\n<p>O momento acabou por envolver o irm\u00e3o de \u00c2ngelo, J\u00falio C\u00e9sar, que tamb\u00e9m \u00e9 futebolista e joga pelo Santos. O atleta ficou visivelmente emocionado ao tirar uma foto com o astro portugu\u00eas.<\/p>\n<p>Segundo a informa\u00e7\u00e3o, um colega de equipa de Ronaldo ajudou a fam\u00edlia a conhecer o craque, permitindo o contacto ap\u00f3s o encontro entre as equipas. O epis\u00f3dio foi descrito como um momento especial para todos os presentes.<\/p>\n<p>J\u00falio C\u00e9sar expressou publicly a sua gratid\u00e3o pela oportunidade, destacando a influ\u00eancia de Ronaldo dentro e fora do campo e chamando o jogador de \u00eddolo.<\/p>\n","protected":false},"excerpt":{"rendered":"<ul>\n<li>A fam\u00edlia do brasileiro \u00c2ngelo esteve no est\u00e1dio neste s\u00e1bado a ver o jogo entre Al Nassr e Al-Akhdoud.<\/li>\n<li>No final do encontro, a fam\u00edlia teve a oportunidade de privar com Cristiano Ronaldo.<\/li>\n<li>O momento foi especialmente emotivo para J\u00falio C\u00e9sar, irm\u00e3o do colega de \u00c2ngelo, que tamb\u00e9m joga no Santos.<\/li>\n<li>J\u00falio C\u00e9sar agradeceu publicamente a Ronaldo, descrevendo-o como exemplo dentro e fora de campo.<\/li>\n<li>A mensagem inclu\u00eda: \u00abTenho-te gratid\u00e3o eterna, Cris. Cristiano, \u00eddolo\u00bb.<\/li>\n<\/ul>\n","protected":false},"author":2,"featured_media":102332,"comment_status":"closed","ping_status":"closed","sticky":false,"template":"","format":"standard","meta":{"footnotes":""},"categories":[21,24],"tags":[76,1947,32,1021,40],"class_list":["post-102325","post","type-post","status-publish","format-standard","has-post-thumbnail","hentry","category-desporto","category-futebol","tag-celebridades","tag-cristiano-ronaldo","tag-futebol","tag-futebolistas","tag-pessoas"],"yoast_head":"<!-- This site is optimized with the Yoast SEO plugin v27.2 - https:\/\/yoast.com\/product\/yoast-seo-wordpress\/ -->\n<title>Irm\u00e3o de \u00c2ngelo fica em l\u00e1grimas ap\u00f3s foto com Cristiano Ronaldo - Portal Tela Portugal<\/title>\n<meta name=\"robots\" content=\"index, follow, max-snippet:-1, max-image-preview:large, max-video-preview:-1\" \/>\n<meta property=\"og:locale\" content=\"pt_PT\" \/>\n<meta property=\"og:type\" content=\"article\" \/>\n<meta property=\"og:title\" content=\"Irm\u00e3o de \u00c2ngelo fica em l\u00e1grimas ap\u00f3s foto com Cristiano Ronaldo - Portal Tela Portugal\" \/>\n<meta property=\"og:description\" content=\"A fam\u00edlia do brasileiro \u00c2ngelo esteve no est\u00e1dio neste s\u00e1bado a ver o jogo entre Al Nassr e Al-Akhdoud. No final do encontro, a fam\u00edlia teve a oportunidade de privar com Cristiano Ronaldo. O momento foi especialmente emotivo para J\u00falio C\u00e9sar, irm\u00e3o do colega de \u00c2ngelo, que tamb\u00e9m joga no Santos. J\u00falio C\u00e9sar agradeceu publicamente a Ronaldo, descrevendo-o como exemplo dentro e fora de campo. A mensagem inclu\u00eda: \u00abTenho-te gratid\u00e3o eterna, Cris. Cristiano, \u00eddolo\u00bb.\" \/>\n<meta property=\"og:url\" content=\"https:\/\/portaltela.pt\/noticias\/2025\/12\/27\/irmao-de-angelo-fica-em-lagrimas-apos-foto-com-cristiano-ronaldo\/\" \/>\n<meta property=\"og:site_name\" content=\"Portal Tela Portugal\" \/>\n<meta property=\"article:published_time\" content=\"2025-12-27T23:05:18+00:00\" \/>\n<meta name=\"author\" content=\"Telinha\" \/>\n<meta name=\"twitter:card\" content=\"summary_large_image\" \/>\n<meta name=\"twitter:label1\" content=\"Escrito por\" \/>\n\t<meta name=\"twitter:data1\" content=\"Telinha\" \/>\n\t<meta name=\"twitter:label2\" content=\"Tempo estimado de leitura\" \/>\n\t<meta name=\"twitter:data2\" content=\"1 minuto\" \/>\n<script type=\"application\/ld+json\" class=\"yoast-schema-graph\">{\"@context\":\"https:\/\/schema.org\",\"@graph\":[{\"@type\":\"Article\",\"@id\":\"https:\/\/portaltela.pt\/noticias\/2025\/12\/27\/irmao-de-angelo-fica-em-lagrimas-apos-foto-com-cristiano-ronaldo\/#article\",\"isPartOf\":{\"@id\":\"https:\/\/portaltela.pt\/noticias\/2025\/12\/27\/irmao-de-angelo-fica-em-lagrimas-apos-foto-com-cristiano-ronaldo\/\"},\"author\":{\"name\":\"Telinha\",\"@id\":\"https:\/\/portaltela.pt\/#\/schema\/person\/c4278d4a6028830caff9ee44b42d32ed\"},\"headline\":\"Irm\u00e3o de \u00c2ngelo fica em l\u00e1grimas ap\u00f3s foto com Cristiano Ronaldo\",\"datePublished\":\"2025-12-27T23:05:18+00:00\",\"mainEntityOfPage\":{\"@id\":\"https:\/\/portaltela.pt\/noticias\/2025\/12\/27\/irmao-de-angelo-fica-em-lagrimas-apos-foto-com-cristiano-ronaldo\/\"},\"wordCount\":155,\"image\":{\"@id\":\"https:\/\/portaltela.pt\/noticias\/2025\/12\/27\/irmao-de-angelo-fica-em-lagrimas-apos-foto-com-cristiano-ronaldo\/#primaryimage\"},\"thumbnailUrl\":\"https:\/\/portaltela.pt\/s.01k8rhncp4jt1\/2025\/12\/img_1200x721uu2025-12-27-23-02-25-2411529.jpg\",\"keywords\":[\"celebridades\",\"Cristiano Ronaldo\",\"futebol\",\"futebolistas\",\"pessoas\"],\"articleSection\":[\"Desporto\",\"Futebol\"],\"inLanguage\":\"pt-PT\"},{\"@type\":\"WebPage\",\"@id\":\"https:\/\/portaltela.pt\/noticias\/2025\/12\/27\/irmao-de-angelo-fica-em-lagrimas-apos-foto-com-cristiano-ronaldo\/\",\"url\":\"https:\/\/portaltela.pt\/noticias\/2025\/12\/27\/irmao-de-angelo-fica-em-lagrimas-apos-foto-com-cristiano-ronaldo\/\",\"name\":\"Irm\u00e3o de \u00c2ngelo fica em l\u00e1grimas ap\u00f3s foto com Cristiano Ronaldo - Portal Tela Portugal\",\"isPartOf\":{\"@id\":\"https:\/\/portaltela.pt\/#website\"},\"primaryImageOfPage\":{\"@id\":\"https:\/\/portaltela.pt\/noticias\/2025\/12\/27\/irmao-de-angelo-fica-em-lagrimas-apos-foto-com-cristiano-ronaldo\/#primaryimage\"},\"image\":{\"@id\":\"https:\/\/portaltela.pt\/noticias\/2025\/12\/27\/irmao-de-angelo-fica-em-lagrimas-apos-foto-com-cristiano-ronaldo\/#primaryimage\"},\"thumbnailUrl\":\"https:\/\/portaltela.pt\/s.01k8rhncp4jt1\/2025\/12\/img_1200x721uu2025-12-27-23-02-25-2411529.jpg\",\"datePublished\":\"2025-12-27T23:05:18+00:00\",\"author\":{\"@id\":\"https:\/\/portaltela.pt\/#\/schema\/person\/c4278d4a6028830caff9ee44b42d32ed\"},\"breadcrumb\":{\"@id\":\"https:\/\/portaltela.pt\/noticias\/2025\/12\/27\/irmao-de-angelo-fica-em-lagrimas-apos-foto-com-cristiano-ronaldo\/#breadcrumb\"},\"inLanguage\":\"pt-PT\",\"potentialAction\":[{\"@type\":\"ReadAction\",\"target\":[\"https:\/\/portaltela.pt\/noticias\/2025\/12\/27\/irmao-de-angelo-fica-em-lagrimas-apos-foto-com-cristiano-ronaldo\/\"]}]},{\"@type\":\"ImageObject\",\"inLanguage\":\"pt-PT\",\"@id\":\"https:\/\/portaltela.pt\/noticias\/2025\/12\/27\/irmao-de-angelo-fica-em-lagrimas-apos-foto-com-cristiano-ronaldo\/#primaryimage\",\"url\":\"https:\/\/portaltela.pt\/s.01k8rhncp4jt1\/2025\/12\/img_1200x721uu2025-12-27-23-02-25-2411529.jpg\",\"contentUrl\":\"https:\/\/portaltela.pt\/s.01k8rhncp4jt1\/2025\/12\/img_1200x721uu2025-12-27-23-02-25-2411529.jpg\",\"width\":796,\"height\":448,\"caption\":\"Irm\u00e3o de \u00c2ngelo em l\u00e1grimas ap\u00f3s tirar foto com Cristiano Ronaldo\"},{\"@type\":\"BreadcrumbList\",\"@id\":\"https:\/\/portaltela.pt\/noticias\/2025\/12\/27\/irmao-de-angelo-fica-em-lagrimas-apos-foto-com-cristiano-ronaldo\/#breadcrumb\",\"itemListElement\":[{\"@type\":\"ListItem\",\"position\":1,\"name\":\"In\u00edcio\",\"item\":\"https:\/\/portaltela.pt\/\"},{\"@type\":\"ListItem\",\"position\":2,\"name\":\"Irm\u00e3o de \u00c2ngelo fica em l\u00e1grimas ap\u00f3s foto com Cristiano Ronaldo\"}]},{\"@type\":\"WebSite\",\"@id\":\"https:\/\/portaltela.pt\/#website\",\"url\":\"https:\/\/portaltela.pt\/\",\"name\":\"Portal Tela Portugal\",\"description\":\"\",\"potentialAction\":[{\"@type\":\"SearchAction\",\"target\":{\"@type\":\"EntryPoint\",\"urlTemplate\":\"https:\/\/portaltela.pt\/?s={search_term_string}\"},\"query-input\":{\"@type\":\"PropertyValueSpecification\",\"valueRequired\":true,\"valueName\":\"search_term_string\"}}],\"inLanguage\":\"pt-PT\"},{\"@type\":\"Person\",\"@id\":\"https:\/\/portaltela.pt\/#\/schema\/person\/c4278d4a6028830caff9ee44b42d32ed\",\"name\":\"Telinha\",\"image\":{\"@type\":\"ImageObject\",\"inLanguage\":\"pt-PT\",\"@id\":\"https:\/\/portaltela.pt\/s.01k8rhncp4jt1\/2025\/11\/talking-bot-125x125.png\",\"url\":\"https:\/\/portaltela.pt\/s.01k8rhncp4jt1\/2025\/11\/talking-bot-125x125.png\",\"contentUrl\":\"https:\/\/portaltela.pt\/s.01k8rhncp4jt1\/2025\/11\/talking-bot-125x125.png\",\"caption\":\"Telinha\"},\"sameAs\":[\"https:\/\/portaltela.pt\/\"],\"url\":\"https:\/\/portaltela.pt\/por\/367410592786\/\"}]}<\/script>\n<!-- \/ Yoast SEO plugin. -->","yoast_head_json":{"title":"Irm\u00e3o de \u00c2ngelo fica em l\u00e1grimas ap\u00f3s foto com Cristiano Ronaldo - Portal Tela Portugal","robots":{"index":"index","follow":"follow","max-snippet":"max-snippet:-1","max-image-preview":"max-image-preview:large","max-video-preview":"max-video-preview:-1"},"og_locale":"pt_PT","og_type":"article","og_title":"Irm\u00e3o de \u00c2ngelo fica em l\u00e1grimas ap\u00f3s foto com Cristiano Ronaldo - Portal Tela Portugal","og_description":"A fam\u00edlia do brasileiro \u00c2ngelo esteve no est\u00e1dio neste s\u00e1bado a ver o jogo entre Al Nassr e Al-Akhdoud. No final do encontro, a fam\u00edlia teve a oportunidade de privar com Cristiano Ronaldo. O momento foi especialmente emotivo para J\u00falio C\u00e9sar, irm\u00e3o do colega de \u00c2ngelo, que tamb\u00e9m joga no Santos. J\u00falio C\u00e9sar agradeceu publicamente a Ronaldo, descrevendo-o como exemplo dentro e fora de campo. A mensagem inclu\u00eda: \u00abTenho-te gratid\u00e3o eterna, Cris. Cristiano, \u00eddolo\u00bb.","og_url":"https:\/\/portaltela.pt\/noticias\/2025\/12\/27\/irmao-de-angelo-fica-em-lagrimas-apos-foto-com-cristiano-ronaldo\/","og_site_name":"Portal Tela Portugal","article_published_time":"2025-12-27T23:05:18+00:00","author":"Telinha","twitter_card":"summary_large_image","twitter_misc":{"Escrito por":"Telinha","Tempo estimado de leitura":"1 minuto"},"schema":{"@context":"https:\/\/schema.org","@graph":[{"@type":"Article","@id":"https:\/\/portaltela.pt\/noticias\/2025\/12\/27\/irmao-de-angelo-fica-em-lagrimas-apos-foto-com-cristiano-ronaldo\/#article","isPartOf":{"@id":"https:\/\/portaltela.pt\/noticias\/2025\/12\/27\/irmao-de-angelo-fica-em-lagrimas-apos-foto-com-cristiano-ronaldo\/"},"author":{"name":"Telinha","@id":"https:\/\/portaltela.pt\/#\/schema\/person\/c4278d4a6028830caff9ee44b42d32ed"},"headline":"Irm\u00e3o de \u00c2ngelo fica em l\u00e1grimas ap\u00f3s foto com Cristiano Ronaldo","datePublished":"2025-12-27T23:05:18+00:00","mainEntityOfPage":{"@id":"https:\/\/portaltela.pt\/noticias\/2025\/12\/27\/irmao-de-angelo-fica-em-lagrimas-apos-foto-com-cristiano-ronaldo\/"},"wordCount":155,"image":{"@id":"https:\/\/portaltela.pt\/noticias\/2025\/12\/27\/irmao-de-angelo-fica-em-lagrimas-apos-foto-com-cristiano-ronaldo\/#primaryimage"},"thumbnailUrl":"https:\/\/portaltela.pt\/s.01k8rhncp4jt1\/2025\/12\/img_1200x721uu2025-12-27-23-02-25-2411529.jpg","keywords":["celebridades","Cristiano Ronaldo","futebol","futebolistas","pessoas"],"articleSection":["Desporto","Futebol"],"inLanguage":"pt-PT"},{"@type":"WebPage","@id":"https:\/\/portaltela.pt\/noticias\/2025\/12\/27\/irmao-de-angelo-fica-em-lagrimas-apos-foto-com-cristiano-ronaldo\/","url":"https:\/\/portaltela.pt\/noticias\/2025\/12\/27\/irmao-de-angelo-fica-em-lagrimas-apos-foto-com-cristiano-ronaldo\/","name":"Irm\u00e3o de \u00c2ngelo fica em l\u00e1grimas ap\u00f3s foto com Cristiano Ronaldo - Portal Tela Portugal","isPartOf":{"@id":"https:\/\/portaltela.pt\/#website"},"primaryImageOfPage":{"@id":"https:\/\/portaltela.pt\/noticias\/2025\/12\/27\/irmao-de-angelo-fica-em-lagrimas-apos-foto-com-cristiano-ronaldo\/#primaryimage"},"image":{"@id":"https:\/\/portaltela.pt\/noticias\/2025\/12\/27\/irmao-de-angelo-fica-em-lagrimas-apos-foto-com-cristiano-ronaldo\/#primaryimage"},"thumbnailUrl":"https:\/\/portaltela.pt\/s.01k8rhncp4jt1\/2025\/12\/img_1200x721uu2025-12-27-23-02-25-2411529.jpg","datePublished":"2025-12-27T23:05:18+00:00","author":{"@id":"https:\/\/portaltela.pt\/#\/schema\/person\/c4278d4a6028830caff9ee44b42d32ed"},"breadcrumb":{"@id":"https:\/\/portaltela.pt\/noticias\/2025\/12\/27\/irmao-de-angelo-fica-em-lagrimas-apos-foto-com-cristiano-ronaldo\/#breadcrumb"},"inLanguage":"pt-PT","potentialAction":[{"@type":"ReadAction","target":["https:\/\/portaltela.pt\/noticias\/2025\/12\/27\/irmao-de-angelo-fica-em-lagrimas-apos-foto-com-cristiano-ronaldo\/"]}]},{"@type":"ImageObject","inLanguage":"pt-PT","@id":"https:\/\/portaltela.pt\/noticias\/2025\/12\/27\/irmao-de-angelo-fica-em-lagrimas-apos-foto-com-cristiano-ronaldo\/#primaryimage","url":"https:\/\/portaltela.pt\/s.01k8rhncp4jt1\/2025\/12\/img_1200x721uu2025-12-27-23-02-25-2411529.jpg","contentUrl":"https:\/\/portaltela.pt\/s.01k8rhncp4jt1\/2025\/12\/img_1200x721uu2025-12-27-23-02-25-2411529.jpg","width":796,"height":448,"caption":"Irm\u00e3o de \u00c2ngelo em l\u00e1grimas ap\u00f3s tirar foto com Cristiano Ronaldo"},{"@type":"BreadcrumbList","@id":"https:\/\/portaltela.pt\/noticias\/2025\/12\/27\/irmao-de-angelo-fica-em-lagrimas-apos-foto-com-cristiano-ronaldo\/#breadcrumb","itemListElement":[{"@type":"ListItem","position":1,"name":"In\u00edcio","item":"https:\/\/portaltela.pt\/"},{"@type":"ListItem","position":2,"name":"Irm\u00e3o de \u00c2ngelo fica em l\u00e1grimas ap\u00f3s foto com Cristiano Ronaldo"}]},{"@type":"WebSite","@id":"https:\/\/portaltela.pt\/#website","url":"https:\/\/portaltela.pt\/","name":"Portal Tela Portugal","description":"","potentialAction":[{"@type":"SearchAction","target":{"@type":"EntryPoint","urlTemplate":"https:\/\/portaltela.pt\/?s={search_term_string}"},"query-input":{"@type":"PropertyValueSpecification","valueRequired":true,"valueName":"search_term_string"}}],"inLanguage":"pt-PT"},{"@type":"Person","@id":"https:\/\/portaltela.pt\/#\/schema\/person\/c4278d4a6028830caff9ee44b42d32ed","name":"Telinha","image":{"@type":"ImageObject","inLanguage":"pt-PT","@id":"https:\/\/portaltela.pt\/s.01k8rhncp4jt1\/2025\/11\/talking-bot-125x125.png","url":"https:\/\/portaltela.pt\/s.01k8rhncp4jt1\/2025\/11\/talking-bot-125x125.png","contentUrl":"https:\/\/portaltela.pt\/s.01k8rhncp4jt1\/2025\/11\/talking-bot-125x125.png","caption":"Telinha"},"sameAs":["https:\/\/portaltela.pt\/"],"url":"https:\/\/portaltela.pt\/por\/367410592786\/"}]}},"_links":{"self":[{"href":"https:\/\/portaltela.pt\/api\/wp\/v2\/posts\/102325","targetHints":{"allow":["GET"]}}],"collection":[{"href":"https:\/\/portaltela.pt\/api\/wp\/v2\/posts"}],"about":[{"href":"https:\/\/portaltela.pt\/api\/wp\/v2\/types\/post"}],"author":[{"embeddable":true,"href":"https:\/\/portaltela.pt\/api\/wp\/v2\/users\/2"}],"replies":[{"embeddable":true,"href":"https:\/\/portaltela.pt\/api\/wp\/v2\/comments?post=102325"}],"version-history":[{"count":0,"href":"https:\/\/portaltela.pt\/api\/wp\/v2\/posts\/102325\/revisions"}],"wp:featuredmedia":[{"embeddable":true,"href":"https:\/\/portaltela.pt\/api\/wp\/v2\/media\/102332"}],"wp:attachment":[{"href":"https:\/\/portaltela.pt\/api\/wp\/v2\/media?parent=102325"}],"wp:term":[{"taxonomy":"category","embeddable":true,"href":"https:\/\/portaltela.pt\/api\/wp\/v2\/categories?post=102325"},{"taxonomy":"post_tag","embeddable":true,"href":"https:\/\/portaltela.pt\/api\/wp\/v2\/tags?post=102325"}],"curies":[{"name":"wp","href":"https:\/\/api.w.org\/{rel}","templated":true}]}}