{"id":102288,"date":"2025-12-27T19:07:11","date_gmt":"2025-12-27T22:07:11","guid":{"rendered":"https:\/\/portaltela.pt\/noticias\/2025\/12\/27\/multidao-enche-a-rua-luis-de-camoes-no-ensaio-aberto-da-banda-alvarense\/"},"modified":"2025-12-27T19:07:11","modified_gmt":"2025-12-27T22:07:11","slug":"multidao-enche-a-rua-luis-de-camoes-no-ensaio-aberto-da-banda-alvarense","status":"publish","type":"post","link":"https:\/\/portaltela.pt\/noticias\/2025\/12\/27\/multidao-enche-a-rua-luis-de-camoes-no-ensaio-aberto-da-banda-alvarense\/","title":{"rendered":"Multid\u00e3o enche a Rua Lu\u00eds de Cam\u00f5es no Ensaio Aberto da Banda Alvarense"},"content":{"rendered":"<p>Uma multid\u00e3o encheu a Rua Lu\u00eds de Cam\u00f5es, em \u00c1gueda, no Ensaio Aberto da Banda Alvarense, integrado no programa \u00c1gueda \u00e9 Natal. O evento ocorreu ao in\u00edcio da noite deste s\u00e1bado, num ambiente festivo e familiar, com ilumina\u00e7\u00f5es natal\u00edcias que emolduraram a art\u00e9ria central da cidade.<\/p>\n<p>A participa\u00e7\u00e3o subiu a tal ponto que a rua ficou pequena para acomodar o conjunto e o p\u00fablico. M\u00fasicos da Banda Alvarense atuaram ao ar livre, com aplausos frequentes e grande proximidade entre quem tocava e quem acompanhava, muitos com adere\u00e7os alusivos \u00e0 quadra.<\/p>\n<p>Integrado na programa\u00e7\u00e3o natal\u00edcia municipal, que decorre entre 15 de novembro e 11 de janeiro, o ensaio evidenciou a ades\u00e3o da popula\u00e7\u00e3o \u00e0s atividades culturais em espa\u00e7o p\u00fablico. A m\u00fasica filarm\u00f3nica foi, mais uma vez, um elemento agregador da comunidade.<\/p>\n<p>O evento destacou o papel das propostas culturais na dinamiza\u00e7\u00e3o do centro da cidade durante a quadra festiva, com p\u00fablico de v\u00e1rias idades a desfrutar da atua\u00e7\u00e3o da banda. O Ensaio Aberto integrou-se num dos momentos mais concorridos da edi\u00e7\u00e3o de \u00c1gueda \u00e9 Natal.<\/p>\n","protected":false},"excerpt":{"rendered":"<ul>\n<li>Uma multid\u00e3o encheu a Rua Lu\u00eds de Cam\u00f5es, em \u00c1gueda, no Ensaio Aberto da Banda Alvarense, integrado na programa\u00e7\u00e3o do \u00c1gueda \u00e9 Natal.<\/li>\n<li>A art\u00e9ria central ficou pequena para acolher o elevado n\u00famero de pessoas que acompanhou a atua\u00e7\u00e3o ao ar livre.<\/li>\n<li>O p\u00fablico aplaudiu com frequ\u00eancia e houve grande proximidade entre a Banda Alvarense e os espectadores.<\/li>\n<li>Muitos presentes utilizaram adere\u00e7os alusivos \u00e0 quadra natal\u00edcia, num ambiente festivo e familiar.<\/li>\n<li>A iniciativa insere-se na programa\u00e7\u00e3o natal\u00edcia de \u00c1gueda, entre 15 de novembro e 11 de janeiro, destacando a ades\u00e3o da popula\u00e7\u00e3o \u00e0s atividades culturais no espa\u00e7o p\u00fablico.<\/li>\n<\/ul>\n","protected":false},"author":2,"featured_media":102294,"comment_status":"closed","ping_status":"closed","sticky":false,"template":"","format":"standard","meta":{"footnotes":""},"categories":[12,1],"tags":[1259,145,1718,1697,107,122],"class_list":["post-102288","post","type-post","status-publish","format-standard","has-post-thumbnail","hentry","category-entretenimento","category-noticias","tag-banda-sinfonica-portuguesa","tag-cultura","tag-cultura-e-turismo","tag-espaco-publico","tag-festivais","tag-musica"],"yoast_head":"<!-- This site is optimized with the Yoast SEO plugin v27.2 - https:\/\/yoast.com\/product\/yoast-seo-wordpress\/ -->\n<title>Multid\u00e3o enche a Rua Lu\u00eds de Cam\u00f5es no Ensaio Aberto da Banda Alvarense - Portal Tela Portugal<\/title>\n<meta name=\"robots\" content=\"index, follow, max-snippet:-1, max-image-preview:large, max-video-preview:-1\" \/>\n<meta property=\"og:locale\" content=\"pt_PT\" \/>\n<meta property=\"og:type\" content=\"article\" \/>\n<meta property=\"og:title\" content=\"Multid\u00e3o enche a Rua Lu\u00eds de Cam\u00f5es no Ensaio Aberto da Banda Alvarense - Portal Tela Portugal\" \/>\n<meta property=\"og:description\" content=\"Uma multid\u00e3o encheu a Rua Lu\u00eds de Cam\u00f5es, em \u00c1gueda, no Ensaio Aberto da Banda Alvarense, integrado na programa\u00e7\u00e3o do \u00c1gueda \u00e9 Natal. A art\u00e9ria central ficou pequena para acolher o elevado n\u00famero de pessoas que acompanhou a atua\u00e7\u00e3o ao ar livre. O p\u00fablico aplaudiu com frequ\u00eancia e houve grande proximidade entre a Banda Alvarense e os espectadores. Muitos presentes utilizaram adere\u00e7os alusivos \u00e0 quadra natal\u00edcia, num ambiente festivo e familiar. A iniciativa insere-se na programa\u00e7\u00e3o natal\u00edcia de \u00c1gueda, entre 15 de novembro e 11 de janeiro, destacando a ades\u00e3o da popula\u00e7\u00e3o \u00e0s atividades culturais no espa\u00e7o p\u00fablico.\" \/>\n<meta property=\"og:url\" content=\"https:\/\/portaltela.pt\/noticias\/2025\/12\/27\/multidao-enche-a-rua-luis-de-camoes-no-ensaio-aberto-da-banda-alvarense\/\" \/>\n<meta property=\"og:site_name\" content=\"Portal Tela Portugal\" \/>\n<meta property=\"article:published_time\" content=\"2025-12-27T22:07:11+00:00\" \/>\n<meta name=\"author\" content=\"Telinha\" \/>\n<meta name=\"twitter:card\" content=\"summary_large_image\" \/>\n<meta name=\"twitter:label1\" content=\"Escrito por\" \/>\n\t<meta name=\"twitter:data1\" content=\"Telinha\" \/>\n\t<meta name=\"twitter:label2\" content=\"Tempo estimado de leitura\" \/>\n\t<meta name=\"twitter:data2\" content=\"1 minuto\" \/>\n<script type=\"application\/ld+json\" class=\"yoast-schema-graph\">{\"@context\":\"https:\/\/schema.org\",\"@graph\":[{\"@type\":\"Article\",\"@id\":\"https:\/\/portaltela.pt\/noticias\/2025\/12\/27\/multidao-enche-a-rua-luis-de-camoes-no-ensaio-aberto-da-banda-alvarense\/#article\",\"isPartOf\":{\"@id\":\"https:\/\/portaltela.pt\/noticias\/2025\/12\/27\/multidao-enche-a-rua-luis-de-camoes-no-ensaio-aberto-da-banda-alvarense\/\"},\"author\":{\"name\":\"Telinha\",\"@id\":\"https:\/\/portaltela.pt\/#\/schema\/person\/c4278d4a6028830caff9ee44b42d32ed\"},\"headline\":\"Multid\u00e3o enche a Rua Lu\u00eds de Cam\u00f5es no Ensaio Aberto da Banda Alvarense\",\"datePublished\":\"2025-12-27T22:07:11+00:00\",\"mainEntityOfPage\":{\"@id\":\"https:\/\/portaltela.pt\/noticias\/2025\/12\/27\/multidao-enche-a-rua-luis-de-camoes-no-ensaio-aberto-da-banda-alvarense\/\"},\"wordCount\":210,\"image\":{\"@id\":\"https:\/\/portaltela.pt\/noticias\/2025\/12\/27\/multidao-enche-a-rua-luis-de-camoes-no-ensaio-aberto-da-banda-alvarense\/#primaryimage\"},\"thumbnailUrl\":\"https:\/\/portaltela.pt\/s.01k8rhncp4jt1\/2025\/12\/363A9770.jpg\",\"keywords\":[\"Banda Sinf\u00f3nica Portuguesa\",\"cultura\",\"Cultura e Turismo\",\"Espa\u00e7o P\u00fablico\",\"festivais\",\"m\u00fasica\"],\"articleSection\":[\"Entretenimento\",\"Not\u00edcias\"],\"inLanguage\":\"pt-PT\"},{\"@type\":\"WebPage\",\"@id\":\"https:\/\/portaltela.pt\/noticias\/2025\/12\/27\/multidao-enche-a-rua-luis-de-camoes-no-ensaio-aberto-da-banda-alvarense\/\",\"url\":\"https:\/\/portaltela.pt\/noticias\/2025\/12\/27\/multidao-enche-a-rua-luis-de-camoes-no-ensaio-aberto-da-banda-alvarense\/\",\"name\":\"Multid\u00e3o enche a Rua Lu\u00eds de Cam\u00f5es no Ensaio Aberto da Banda Alvarense - Portal Tela Portugal\",\"isPartOf\":{\"@id\":\"https:\/\/portaltela.pt\/#website\"},\"primaryImageOfPage\":{\"@id\":\"https:\/\/portaltela.pt\/noticias\/2025\/12\/27\/multidao-enche-a-rua-luis-de-camoes-no-ensaio-aberto-da-banda-alvarense\/#primaryimage\"},\"image\":{\"@id\":\"https:\/\/portaltela.pt\/noticias\/2025\/12\/27\/multidao-enche-a-rua-luis-de-camoes-no-ensaio-aberto-da-banda-alvarense\/#primaryimage\"},\"thumbnailUrl\":\"https:\/\/portaltela.pt\/s.01k8rhncp4jt1\/2025\/12\/363A9770.jpg\",\"datePublished\":\"2025-12-27T22:07:11+00:00\",\"author\":{\"@id\":\"https:\/\/portaltela.pt\/#\/schema\/person\/c4278d4a6028830caff9ee44b42d32ed\"},\"breadcrumb\":{\"@id\":\"https:\/\/portaltela.pt\/noticias\/2025\/12\/27\/multidao-enche-a-rua-luis-de-camoes-no-ensaio-aberto-da-banda-alvarense\/#breadcrumb\"},\"inLanguage\":\"pt-PT\",\"potentialAction\":[{\"@type\":\"ReadAction\",\"target\":[\"https:\/\/portaltela.pt\/noticias\/2025\/12\/27\/multidao-enche-a-rua-luis-de-camoes-no-ensaio-aberto-da-banda-alvarense\/\"]}]},{\"@type\":\"ImageObject\",\"inLanguage\":\"pt-PT\",\"@id\":\"https:\/\/portaltela.pt\/noticias\/2025\/12\/27\/multidao-enche-a-rua-luis-de-camoes-no-ensaio-aberto-da-banda-alvarense\/#primaryimage\",\"url\":\"https:\/\/portaltela.pt\/s.01k8rhncp4jt1\/2025\/12\/363A9770.jpg\",\"contentUrl\":\"https:\/\/portaltela.pt\/s.01k8rhncp4jt1\/2025\/12\/363A9770.jpg\",\"width\":796,\"height\":448,\"caption\":\"Uma multid\u00e3o encheu a Rua Lu\u00eds de Cam\u00f5es no Ensaio Aberto da Banda Alvarense\"},{\"@type\":\"BreadcrumbList\",\"@id\":\"https:\/\/portaltela.pt\/noticias\/2025\/12\/27\/multidao-enche-a-rua-luis-de-camoes-no-ensaio-aberto-da-banda-alvarense\/#breadcrumb\",\"itemListElement\":[{\"@type\":\"ListItem\",\"position\":1,\"name\":\"In\u00edcio\",\"item\":\"https:\/\/portaltela.pt\/\"},{\"@type\":\"ListItem\",\"position\":2,\"name\":\"Multid\u00e3o enche a Rua Lu\u00eds de Cam\u00f5es no Ensaio Aberto da Banda Alvarense\"}]},{\"@type\":\"WebSite\",\"@id\":\"https:\/\/portaltela.pt\/#website\",\"url\":\"https:\/\/portaltela.pt\/\",\"name\":\"Portal Tela Portugal\",\"description\":\"\",\"potentialAction\":[{\"@type\":\"SearchAction\",\"target\":{\"@type\":\"EntryPoint\",\"urlTemplate\":\"https:\/\/portaltela.pt\/?s={search_term_string}\"},\"query-input\":{\"@type\":\"PropertyValueSpecification\",\"valueRequired\":true,\"valueName\":\"search_term_string\"}}],\"inLanguage\":\"pt-PT\"},{\"@type\":\"Person\",\"@id\":\"https:\/\/portaltela.pt\/#\/schema\/person\/c4278d4a6028830caff9ee44b42d32ed\",\"name\":\"Telinha\",\"image\":{\"@type\":\"ImageObject\",\"inLanguage\":\"pt-PT\",\"@id\":\"https:\/\/portaltela.pt\/s.01k8rhncp4jt1\/2025\/11\/talking-bot-125x125.png\",\"url\":\"https:\/\/portaltela.pt\/s.01k8rhncp4jt1\/2025\/11\/talking-bot-125x125.png\",\"contentUrl\":\"https:\/\/portaltela.pt\/s.01k8rhncp4jt1\/2025\/11\/talking-bot-125x125.png\",\"caption\":\"Telinha\"},\"sameAs\":[\"https:\/\/portaltela.pt\/\"],\"url\":\"https:\/\/portaltela.pt\/por\/367410592786\/\"}]}<\/script>\n<!-- \/ Yoast SEO plugin. -->","yoast_head_json":{"title":"Multid\u00e3o enche a Rua Lu\u00eds de Cam\u00f5es no Ensaio Aberto da Banda Alvarense - Portal Tela Portugal","robots":{"index":"index","follow":"follow","max-snippet":"max-snippet:-1","max-image-preview":"max-image-preview:large","max-video-preview":"max-video-preview:-1"},"og_locale":"pt_PT","og_type":"article","og_title":"Multid\u00e3o enche a Rua Lu\u00eds de Cam\u00f5es no Ensaio Aberto da Banda Alvarense - Portal Tela Portugal","og_description":"Uma multid\u00e3o encheu a Rua Lu\u00eds de Cam\u00f5es, em \u00c1gueda, no Ensaio Aberto da Banda Alvarense, integrado na programa\u00e7\u00e3o do \u00c1gueda \u00e9 Natal. A art\u00e9ria central ficou pequena para acolher o elevado n\u00famero de pessoas que acompanhou a atua\u00e7\u00e3o ao ar livre. O p\u00fablico aplaudiu com frequ\u00eancia e houve grande proximidade entre a Banda Alvarense e os espectadores. Muitos presentes utilizaram adere\u00e7os alusivos \u00e0 quadra natal\u00edcia, num ambiente festivo e familiar. A iniciativa insere-se na programa\u00e7\u00e3o natal\u00edcia de \u00c1gueda, entre 15 de novembro e 11 de janeiro, destacando a ades\u00e3o da popula\u00e7\u00e3o \u00e0s atividades culturais no espa\u00e7o p\u00fablico.","og_url":"https:\/\/portaltela.pt\/noticias\/2025\/12\/27\/multidao-enche-a-rua-luis-de-camoes-no-ensaio-aberto-da-banda-alvarense\/","og_site_name":"Portal Tela Portugal","article_published_time":"2025-12-27T22:07:11+00:00","author":"Telinha","twitter_card":"summary_large_image","twitter_misc":{"Escrito por":"Telinha","Tempo estimado de leitura":"1 minuto"},"schema":{"@context":"https:\/\/schema.org","@graph":[{"@type":"Article","@id":"https:\/\/portaltela.pt\/noticias\/2025\/12\/27\/multidao-enche-a-rua-luis-de-camoes-no-ensaio-aberto-da-banda-alvarense\/#article","isPartOf":{"@id":"https:\/\/portaltela.pt\/noticias\/2025\/12\/27\/multidao-enche-a-rua-luis-de-camoes-no-ensaio-aberto-da-banda-alvarense\/"},"author":{"name":"Telinha","@id":"https:\/\/portaltela.pt\/#\/schema\/person\/c4278d4a6028830caff9ee44b42d32ed"},"headline":"Multid\u00e3o enche a Rua Lu\u00eds de Cam\u00f5es no Ensaio Aberto da Banda Alvarense","datePublished":"2025-12-27T22:07:11+00:00","mainEntityOfPage":{"@id":"https:\/\/portaltela.pt\/noticias\/2025\/12\/27\/multidao-enche-a-rua-luis-de-camoes-no-ensaio-aberto-da-banda-alvarense\/"},"wordCount":210,"image":{"@id":"https:\/\/portaltela.pt\/noticias\/2025\/12\/27\/multidao-enche-a-rua-luis-de-camoes-no-ensaio-aberto-da-banda-alvarense\/#primaryimage"},"thumbnailUrl":"https:\/\/portaltela.pt\/s.01k8rhncp4jt1\/2025\/12\/363A9770.jpg","keywords":["Banda Sinf\u00f3nica Portuguesa","cultura","Cultura e Turismo","Espa\u00e7o P\u00fablico","festivais","m\u00fasica"],"articleSection":["Entretenimento","Not\u00edcias"],"inLanguage":"pt-PT"},{"@type":"WebPage","@id":"https:\/\/portaltela.pt\/noticias\/2025\/12\/27\/multidao-enche-a-rua-luis-de-camoes-no-ensaio-aberto-da-banda-alvarense\/","url":"https:\/\/portaltela.pt\/noticias\/2025\/12\/27\/multidao-enche-a-rua-luis-de-camoes-no-ensaio-aberto-da-banda-alvarense\/","name":"Multid\u00e3o enche a Rua Lu\u00eds de Cam\u00f5es no Ensaio Aberto da Banda Alvarense - Portal Tela Portugal","isPartOf":{"@id":"https:\/\/portaltela.pt\/#website"},"primaryImageOfPage":{"@id":"https:\/\/portaltela.pt\/noticias\/2025\/12\/27\/multidao-enche-a-rua-luis-de-camoes-no-ensaio-aberto-da-banda-alvarense\/#primaryimage"},"image":{"@id":"https:\/\/portaltela.pt\/noticias\/2025\/12\/27\/multidao-enche-a-rua-luis-de-camoes-no-ensaio-aberto-da-banda-alvarense\/#primaryimage"},"thumbnailUrl":"https:\/\/portaltela.pt\/s.01k8rhncp4jt1\/2025\/12\/363A9770.jpg","datePublished":"2025-12-27T22:07:11+00:00","author":{"@id":"https:\/\/portaltela.pt\/#\/schema\/person\/c4278d4a6028830caff9ee44b42d32ed"},"breadcrumb":{"@id":"https:\/\/portaltela.pt\/noticias\/2025\/12\/27\/multidao-enche-a-rua-luis-de-camoes-no-ensaio-aberto-da-banda-alvarense\/#breadcrumb"},"inLanguage":"pt-PT","potentialAction":[{"@type":"ReadAction","target":["https:\/\/portaltela.pt\/noticias\/2025\/12\/27\/multidao-enche-a-rua-luis-de-camoes-no-ensaio-aberto-da-banda-alvarense\/"]}]},{"@type":"ImageObject","inLanguage":"pt-PT","@id":"https:\/\/portaltela.pt\/noticias\/2025\/12\/27\/multidao-enche-a-rua-luis-de-camoes-no-ensaio-aberto-da-banda-alvarense\/#primaryimage","url":"https:\/\/portaltela.pt\/s.01k8rhncp4jt1\/2025\/12\/363A9770.jpg","contentUrl":"https:\/\/portaltela.pt\/s.01k8rhncp4jt1\/2025\/12\/363A9770.jpg","width":796,"height":448,"caption":"Uma multid\u00e3o encheu a Rua Lu\u00eds de Cam\u00f5es no Ensaio Aberto da Banda Alvarense"},{"@type":"BreadcrumbList","@id":"https:\/\/portaltela.pt\/noticias\/2025\/12\/27\/multidao-enche-a-rua-luis-de-camoes-no-ensaio-aberto-da-banda-alvarense\/#breadcrumb","itemListElement":[{"@type":"ListItem","position":1,"name":"In\u00edcio","item":"https:\/\/portaltela.pt\/"},{"@type":"ListItem","position":2,"name":"Multid\u00e3o enche a Rua Lu\u00eds de Cam\u00f5es no Ensaio Aberto da Banda Alvarense"}]},{"@type":"WebSite","@id":"https:\/\/portaltela.pt\/#website","url":"https:\/\/portaltela.pt\/","name":"Portal Tela Portugal","description":"","potentialAction":[{"@type":"SearchAction","target":{"@type":"EntryPoint","urlTemplate":"https:\/\/portaltela.pt\/?s={search_term_string}"},"query-input":{"@type":"PropertyValueSpecification","valueRequired":true,"valueName":"search_term_string"}}],"inLanguage":"pt-PT"},{"@type":"Person","@id":"https:\/\/portaltela.pt\/#\/schema\/person\/c4278d4a6028830caff9ee44b42d32ed","name":"Telinha","image":{"@type":"ImageObject","inLanguage":"pt-PT","@id":"https:\/\/portaltela.pt\/s.01k8rhncp4jt1\/2025\/11\/talking-bot-125x125.png","url":"https:\/\/portaltela.pt\/s.01k8rhncp4jt1\/2025\/11\/talking-bot-125x125.png","contentUrl":"https:\/\/portaltela.pt\/s.01k8rhncp4jt1\/2025\/11\/talking-bot-125x125.png","caption":"Telinha"},"sameAs":["https:\/\/portaltela.pt\/"],"url":"https:\/\/portaltela.pt\/por\/367410592786\/"}]}},"_links":{"self":[{"href":"https:\/\/portaltela.pt\/api\/wp\/v2\/posts\/102288","targetHints":{"allow":["GET"]}}],"collection":[{"href":"https:\/\/portaltela.pt\/api\/wp\/v2\/posts"}],"about":[{"href":"https:\/\/portaltela.pt\/api\/wp\/v2\/types\/post"}],"author":[{"embeddable":true,"href":"https:\/\/portaltela.pt\/api\/wp\/v2\/users\/2"}],"replies":[{"embeddable":true,"href":"https:\/\/portaltela.pt\/api\/wp\/v2\/comments?post=102288"}],"version-history":[{"count":0,"href":"https:\/\/portaltela.pt\/api\/wp\/v2\/posts\/102288\/revisions"}],"wp:featuredmedia":[{"embeddable":true,"href":"https:\/\/portaltela.pt\/api\/wp\/v2\/media\/102294"}],"wp:attachment":[{"href":"https:\/\/portaltela.pt\/api\/wp\/v2\/media?parent=102288"}],"wp:term":[{"taxonomy":"category","embeddable":true,"href":"https:\/\/portaltela.pt\/api\/wp\/v2\/categories?post=102288"},{"taxonomy":"post_tag","embeddable":true,"href":"https:\/\/portaltela.pt\/api\/wp\/v2\/tags?post=102288"}],"curies":[{"name":"wp","href":"https:\/\/api.w.org\/{rel}","templated":true}]}}