{"id":102057,"date":"2025-12-27T16:14:45","date_gmt":"2025-12-27T19:14:45","guid":{"rendered":"https:\/\/portaltela.pt\/noticias\/2025\/12\/27\/setubal-perde-ricardo-mira-medico-de-referencia-e-voz-da-identidade-sadina\/"},"modified":"2025-12-27T16:14:45","modified_gmt":"2025-12-27T19:14:45","slug":"setubal-perde-ricardo-mira-medico-de-referencia-e-voz-da-identidade-sadina","status":"publish","type":"post","link":"https:\/\/portaltela.pt\/noticias\/2025\/12\/27\/setubal-perde-ricardo-mira-medico-de-referencia-e-voz-da-identidade-sadina\/","title":{"rendered":"Set\u00fabal perde Ricardo Mira, m\u00e9dico de refer\u00eancia e voz da identidade sadina"},"content":{"rendered":"<p>Ricardo Mira, m\u00e9dico e m\u00fasico de Set\u00fabal, faleceu recentemente, deixando a cidade de luto. O profissional mantinha uma pr\u00e1tica cl\u00ednica pr\u00f3xima da comunidade e uma forte liga\u00e7\u00e3o cultural com a regi\u00e3o do Sado. O falecimento encerra um percurso de dedica\u00e7\u00e3o \u00e0 sa\u00fade e \u00e0 cultura local.<\/p>\n<p>Ao longo da vida, Mira combinou medicina em Ginecologia e Obstetr\u00edcia com a cria\u00e7\u00e3o cultural. Atuou em v\u00e1rias unidades hospitalares, incluindo Set\u00fabal, destacando-se pela compet\u00eancia cl\u00ednica e pela aten\u00e7\u00e3o aos doentes.<\/p>\n<p>Fora dos consult\u00f3rios, foi uma figura de refer\u00eancia cultural, fundando Os Alcorrazes, grupo que reflecte a identidade sadina atrav\u00e9s de temas locais. Tamb\u00e9m promoveu o legado de M\u00e1rio Regalado, contribuindo para preservar a cultura da cidade.<\/p>\n<h3>Envolvimento c\u00edvico e desporto<\/h3>\n<p>Mantido ativo na vida p\u00fablica, integrou o movimento Set\u00fabal de Volta, a convite da presidente da C\u00e2mara, Maria das Dores Meira. Participou na lista para a Assembleia Municipal, evidenciando o compromisso c\u00edvico do m\u00e9dico.<\/p>\n<p>Al\u00e9m da medicina e da cultura, Mira esteve ligado ao Vit\u00f3ria Futebol Clube, com participa\u00e7\u00e3o na vida associativa e contributos musicais ligados ao universo vitoriano. A liga\u00e7\u00e3o entre desporto e cultura foi uma marca do seu percurso.<\/p>\n<h3>Legado e rea\u00e7\u00e3o<\/h3>\n<p>A autarca destacou, em comunicado, o car\u00e1cter humano e o envolvimento c\u00edvico de Ricardo Mira, bem como o orgulho que Nutria pela cidade. A not\u00edcia da morte deixou a comunidade sadina a refletir sobre a sua contribui\u00e7\u00e3o.<\/p>\n<p>Set\u00fabal perde um m\u00e9dico dedicado, um criador cultural ativo e um cidad\u00e3o interventivo. A cidade continua a acompanhar as informa\u00e7\u00f5es sobre o processo de homenagem e mem\u00f3rias que ficar\u00e3o arquivadas na comunidade.<\/p>\n","protected":false},"excerpt":{"rendered":"<ul>\n<li>Set\u00fabal est\u00e1 de luto pela morte de Ricardo Mira, m\u00e9dico especialista em ginecologia e obstetr\u00edcia e m\u00fasico com forte liga\u00e7\u00e3o \u00e0 comunidade sadina.<\/li>\n<li>Exerceu medicina em v\u00e1rias unidades hospitalares, incluindo em Set\u00fabal, sendo reconhecido pelo profissionalismo e pela proximidade com os doentes.<\/li>\n<li>Fundou o grupo Os Alcorrazes, projeto art\u00edstico que valoriza a identidade local e a mem\u00f3ria coletiva de Set\u00fabal atrav\u00e9s da m\u00fasica.<\/li>\n<li>Destacou-se tamb\u00e9m pela divulga\u00e7\u00e3o do legado de M\u00e1rio Regalado e manteve uma forte liga\u00e7\u00e3o ao Vit\u00f3ria Futebol Clube, contribuindo para a cultura e a identidade da cidade.<\/li>\n<li>Participou no movimento c\u00edvico Set\u00fabal de Volta, integrado na lista \u00e0 Assembleia Municipal, com a presidente da C\u00e2mara, Maria das Dores Meira, a real\u00e7ar o seu compromisso humano e c\u00edvico.<\/li>\n<\/ul>\n","protected":false},"author":2,"featured_media":102064,"comment_status":"closed","ping_status":"closed","sticky":false,"template":"","format":"standard","meta":{"footnotes":""},"categories":[1],"tags":[145,152,172,994,2013,1737],"class_list":["post-102057","post","type-post","status-publish","format-standard","has-post-thumbnail","hentry","category-noticias","tag-cultura","tag-desporto","tag-saude","tag-setubal","tag-setubal-de-volta","tag-vitoria-de-setubal"],"yoast_head":"<!-- This site is optimized with the Yoast SEO plugin v27.2 - https:\/\/yoast.com\/product\/yoast-seo-wordpress\/ -->\n<title>Set\u00fabal perde Ricardo Mira, m\u00e9dico de refer\u00eancia e voz da identidade sadina - Portal Tela Portugal<\/title>\n<meta name=\"robots\" content=\"index, follow, max-snippet:-1, max-image-preview:large, max-video-preview:-1\" \/>\n<meta property=\"og:locale\" content=\"pt_PT\" \/>\n<meta property=\"og:type\" content=\"article\" \/>\n<meta property=\"og:title\" content=\"Set\u00fabal perde Ricardo Mira, m\u00e9dico de refer\u00eancia e voz da identidade sadina - Portal Tela Portugal\" \/>\n<meta property=\"og:description\" content=\"Set\u00fabal est\u00e1 de luto pela morte de Ricardo Mira, m\u00e9dico especialista em ginecologia e obstetr\u00edcia e m\u00fasico com forte liga\u00e7\u00e3o \u00e0 comunidade sadina. Exerceu medicina em v\u00e1rias unidades hospitalares, incluindo em Set\u00fabal, sendo reconhecido pelo profissionalismo e pela proximidade com os doentes. Fundou o grupo Os Alcorrazes, projeto art\u00edstico que valoriza a identidade local e a mem\u00f3ria coletiva de Set\u00fabal atrav\u00e9s da m\u00fasica. Destacou-se tamb\u00e9m pela divulga\u00e7\u00e3o do legado de M\u00e1rio Regalado e manteve uma forte liga\u00e7\u00e3o ao Vit\u00f3ria Futebol Clube, contribuindo para a cultura e a identidade da cidade. Participou no movimento c\u00edvico Set\u00fabal de Volta, integrado na lista \u00e0 Assembleia Municipal, com a presidente da C\u00e2mara, Maria das Dores Meira, a real\u00e7ar o seu compromisso humano e c\u00edvico.\" \/>\n<meta property=\"og:url\" content=\"https:\/\/portaltela.pt\/noticias\/2025\/12\/27\/setubal-perde-ricardo-mira-medico-de-referencia-e-voz-da-identidade-sadina\/\" \/>\n<meta property=\"og:site_name\" content=\"Portal Tela Portugal\" \/>\n<meta property=\"article:published_time\" content=\"2025-12-27T19:14:45+00:00\" \/>\n<meta name=\"author\" content=\"Telinha\" \/>\n<meta name=\"twitter:card\" content=\"summary_large_image\" \/>\n<meta name=\"twitter:label1\" content=\"Escrito por\" \/>\n\t<meta name=\"twitter:data1\" content=\"Telinha\" \/>\n\t<meta name=\"twitter:label2\" content=\"Tempo estimado de leitura\" \/>\n\t<meta name=\"twitter:data2\" content=\"2 minutos\" \/>\n<script type=\"application\/ld+json\" class=\"yoast-schema-graph\">{\"@context\":\"https:\/\/schema.org\",\"@graph\":[{\"@type\":\"Article\",\"@id\":\"https:\/\/portaltela.pt\/noticias\/2025\/12\/27\/setubal-perde-ricardo-mira-medico-de-referencia-e-voz-da-identidade-sadina\/#article\",\"isPartOf\":{\"@id\":\"https:\/\/portaltela.pt\/noticias\/2025\/12\/27\/setubal-perde-ricardo-mira-medico-de-referencia-e-voz-da-identidade-sadina\/\"},\"author\":{\"name\":\"Telinha\",\"@id\":\"https:\/\/portaltela.pt\/#\/schema\/person\/c4278d4a6028830caff9ee44b42d32ed\"},\"headline\":\"Set\u00fabal perde Ricardo Mira, m\u00e9dico de refer\u00eancia e voz da identidade sadina\",\"datePublished\":\"2025-12-27T19:14:45+00:00\",\"mainEntityOfPage\":{\"@id\":\"https:\/\/portaltela.pt\/noticias\/2025\/12\/27\/setubal-perde-ricardo-mira-medico-de-referencia-e-voz-da-identidade-sadina\/\"},\"wordCount\":316,\"image\":{\"@id\":\"https:\/\/portaltela.pt\/noticias\/2025\/12\/27\/setubal-perde-ricardo-mira-medico-de-referencia-e-voz-da-identidade-sadina\/#primaryimage\"},\"thumbnailUrl\":\"https:\/\/portaltela.pt\/s.01k8rhncp4jt1\/2025\/12\/Ricardo-Mira.jpg\",\"keywords\":[\"cultura\",\"desporto\",\"sa\u00fade\",\"Set\u00fabal\",\"Set\u00fabal de Volta\",\"Vit\u00f3ria de Set\u00fabal\"],\"articleSection\":[\"Not\u00edcias\"],\"inLanguage\":\"pt-PT\"},{\"@type\":\"WebPage\",\"@id\":\"https:\/\/portaltela.pt\/noticias\/2025\/12\/27\/setubal-perde-ricardo-mira-medico-de-referencia-e-voz-da-identidade-sadina\/\",\"url\":\"https:\/\/portaltela.pt\/noticias\/2025\/12\/27\/setubal-perde-ricardo-mira-medico-de-referencia-e-voz-da-identidade-sadina\/\",\"name\":\"Set\u00fabal perde Ricardo Mira, m\u00e9dico de refer\u00eancia e voz da identidade sadina - Portal Tela Portugal\",\"isPartOf\":{\"@id\":\"https:\/\/portaltela.pt\/#website\"},\"primaryImageOfPage\":{\"@id\":\"https:\/\/portaltela.pt\/noticias\/2025\/12\/27\/setubal-perde-ricardo-mira-medico-de-referencia-e-voz-da-identidade-sadina\/#primaryimage\"},\"image\":{\"@id\":\"https:\/\/portaltela.pt\/noticias\/2025\/12\/27\/setubal-perde-ricardo-mira-medico-de-referencia-e-voz-da-identidade-sadina\/#primaryimage\"},\"thumbnailUrl\":\"https:\/\/portaltela.pt\/s.01k8rhncp4jt1\/2025\/12\/Ricardo-Mira.jpg\",\"datePublished\":\"2025-12-27T19:14:45+00:00\",\"author\":{\"@id\":\"https:\/\/portaltela.pt\/#\/schema\/person\/c4278d4a6028830caff9ee44b42d32ed\"},\"breadcrumb\":{\"@id\":\"https:\/\/portaltela.pt\/noticias\/2025\/12\/27\/setubal-perde-ricardo-mira-medico-de-referencia-e-voz-da-identidade-sadina\/#breadcrumb\"},\"inLanguage\":\"pt-PT\",\"potentialAction\":[{\"@type\":\"ReadAction\",\"target\":[\"https:\/\/portaltela.pt\/noticias\/2025\/12\/27\/setubal-perde-ricardo-mira-medico-de-referencia-e-voz-da-identidade-sadina\/\"]}]},{\"@type\":\"ImageObject\",\"inLanguage\":\"pt-PT\",\"@id\":\"https:\/\/portaltela.pt\/noticias\/2025\/12\/27\/setubal-perde-ricardo-mira-medico-de-referencia-e-voz-da-identidade-sadina\/#primaryimage\",\"url\":\"https:\/\/portaltela.pt\/s.01k8rhncp4jt1\/2025\/12\/Ricardo-Mira.jpg\",\"contentUrl\":\"https:\/\/portaltela.pt\/s.01k8rhncp4jt1\/2025\/12\/Ricardo-Mira.jpg\",\"width\":796,\"height\":448,\"caption\":\"Set\u00fabal perde Ricardo Mira, m\u00e9dico de refer\u00eancia e voz da identidade sadina\"},{\"@type\":\"BreadcrumbList\",\"@id\":\"https:\/\/portaltela.pt\/noticias\/2025\/12\/27\/setubal-perde-ricardo-mira-medico-de-referencia-e-voz-da-identidade-sadina\/#breadcrumb\",\"itemListElement\":[{\"@type\":\"ListItem\",\"position\":1,\"name\":\"In\u00edcio\",\"item\":\"https:\/\/portaltela.pt\/\"},{\"@type\":\"ListItem\",\"position\":2,\"name\":\"Set\u00fabal perde Ricardo Mira, m\u00e9dico de refer\u00eancia e voz da identidade sadina\"}]},{\"@type\":\"WebSite\",\"@id\":\"https:\/\/portaltela.pt\/#website\",\"url\":\"https:\/\/portaltela.pt\/\",\"name\":\"Portal Tela Portugal\",\"description\":\"\",\"potentialAction\":[{\"@type\":\"SearchAction\",\"target\":{\"@type\":\"EntryPoint\",\"urlTemplate\":\"https:\/\/portaltela.pt\/?s={search_term_string}\"},\"query-input\":{\"@type\":\"PropertyValueSpecification\",\"valueRequired\":true,\"valueName\":\"search_term_string\"}}],\"inLanguage\":\"pt-PT\"},{\"@type\":\"Person\",\"@id\":\"https:\/\/portaltela.pt\/#\/schema\/person\/c4278d4a6028830caff9ee44b42d32ed\",\"name\":\"Telinha\",\"image\":{\"@type\":\"ImageObject\",\"inLanguage\":\"pt-PT\",\"@id\":\"https:\/\/portaltela.pt\/s.01k8rhncp4jt1\/2025\/11\/talking-bot-125x125.png\",\"url\":\"https:\/\/portaltela.pt\/s.01k8rhncp4jt1\/2025\/11\/talking-bot-125x125.png\",\"contentUrl\":\"https:\/\/portaltela.pt\/s.01k8rhncp4jt1\/2025\/11\/talking-bot-125x125.png\",\"caption\":\"Telinha\"},\"sameAs\":[\"https:\/\/portaltela.pt\/\"],\"url\":\"https:\/\/portaltela.pt\/por\/367410592786\/\"}]}<\/script>\n<!-- \/ Yoast SEO plugin. -->","yoast_head_json":{"title":"Set\u00fabal perde Ricardo Mira, m\u00e9dico de refer\u00eancia e voz da identidade sadina - Portal Tela Portugal","robots":{"index":"index","follow":"follow","max-snippet":"max-snippet:-1","max-image-preview":"max-image-preview:large","max-video-preview":"max-video-preview:-1"},"og_locale":"pt_PT","og_type":"article","og_title":"Set\u00fabal perde Ricardo Mira, m\u00e9dico de refer\u00eancia e voz da identidade sadina - Portal Tela Portugal","og_description":"Set\u00fabal est\u00e1 de luto pela morte de Ricardo Mira, m\u00e9dico especialista em ginecologia e obstetr\u00edcia e m\u00fasico com forte liga\u00e7\u00e3o \u00e0 comunidade sadina. Exerceu medicina em v\u00e1rias unidades hospitalares, incluindo em Set\u00fabal, sendo reconhecido pelo profissionalismo e pela proximidade com os doentes. Fundou o grupo Os Alcorrazes, projeto art\u00edstico que valoriza a identidade local e a mem\u00f3ria coletiva de Set\u00fabal atrav\u00e9s da m\u00fasica. Destacou-se tamb\u00e9m pela divulga\u00e7\u00e3o do legado de M\u00e1rio Regalado e manteve uma forte liga\u00e7\u00e3o ao Vit\u00f3ria Futebol Clube, contribuindo para a cultura e a identidade da cidade. Participou no movimento c\u00edvico Set\u00fabal de Volta, integrado na lista \u00e0 Assembleia Municipal, com a presidente da C\u00e2mara, Maria das Dores Meira, a real\u00e7ar o seu compromisso humano e c\u00edvico.","og_url":"https:\/\/portaltela.pt\/noticias\/2025\/12\/27\/setubal-perde-ricardo-mira-medico-de-referencia-e-voz-da-identidade-sadina\/","og_site_name":"Portal Tela Portugal","article_published_time":"2025-12-27T19:14:45+00:00","author":"Telinha","twitter_card":"summary_large_image","twitter_misc":{"Escrito por":"Telinha","Tempo estimado de leitura":"2 minutos"},"schema":{"@context":"https:\/\/schema.org","@graph":[{"@type":"Article","@id":"https:\/\/portaltela.pt\/noticias\/2025\/12\/27\/setubal-perde-ricardo-mira-medico-de-referencia-e-voz-da-identidade-sadina\/#article","isPartOf":{"@id":"https:\/\/portaltela.pt\/noticias\/2025\/12\/27\/setubal-perde-ricardo-mira-medico-de-referencia-e-voz-da-identidade-sadina\/"},"author":{"name":"Telinha","@id":"https:\/\/portaltela.pt\/#\/schema\/person\/c4278d4a6028830caff9ee44b42d32ed"},"headline":"Set\u00fabal perde Ricardo Mira, m\u00e9dico de refer\u00eancia e voz da identidade sadina","datePublished":"2025-12-27T19:14:45+00:00","mainEntityOfPage":{"@id":"https:\/\/portaltela.pt\/noticias\/2025\/12\/27\/setubal-perde-ricardo-mira-medico-de-referencia-e-voz-da-identidade-sadina\/"},"wordCount":316,"image":{"@id":"https:\/\/portaltela.pt\/noticias\/2025\/12\/27\/setubal-perde-ricardo-mira-medico-de-referencia-e-voz-da-identidade-sadina\/#primaryimage"},"thumbnailUrl":"https:\/\/portaltela.pt\/s.01k8rhncp4jt1\/2025\/12\/Ricardo-Mira.jpg","keywords":["cultura","desporto","sa\u00fade","Set\u00fabal","Set\u00fabal de Volta","Vit\u00f3ria de Set\u00fabal"],"articleSection":["Not\u00edcias"],"inLanguage":"pt-PT"},{"@type":"WebPage","@id":"https:\/\/portaltela.pt\/noticias\/2025\/12\/27\/setubal-perde-ricardo-mira-medico-de-referencia-e-voz-da-identidade-sadina\/","url":"https:\/\/portaltela.pt\/noticias\/2025\/12\/27\/setubal-perde-ricardo-mira-medico-de-referencia-e-voz-da-identidade-sadina\/","name":"Set\u00fabal perde Ricardo Mira, m\u00e9dico de refer\u00eancia e voz da identidade sadina - Portal Tela Portugal","isPartOf":{"@id":"https:\/\/portaltela.pt\/#website"},"primaryImageOfPage":{"@id":"https:\/\/portaltela.pt\/noticias\/2025\/12\/27\/setubal-perde-ricardo-mira-medico-de-referencia-e-voz-da-identidade-sadina\/#primaryimage"},"image":{"@id":"https:\/\/portaltela.pt\/noticias\/2025\/12\/27\/setubal-perde-ricardo-mira-medico-de-referencia-e-voz-da-identidade-sadina\/#primaryimage"},"thumbnailUrl":"https:\/\/portaltela.pt\/s.01k8rhncp4jt1\/2025\/12\/Ricardo-Mira.jpg","datePublished":"2025-12-27T19:14:45+00:00","author":{"@id":"https:\/\/portaltela.pt\/#\/schema\/person\/c4278d4a6028830caff9ee44b42d32ed"},"breadcrumb":{"@id":"https:\/\/portaltela.pt\/noticias\/2025\/12\/27\/setubal-perde-ricardo-mira-medico-de-referencia-e-voz-da-identidade-sadina\/#breadcrumb"},"inLanguage":"pt-PT","potentialAction":[{"@type":"ReadAction","target":["https:\/\/portaltela.pt\/noticias\/2025\/12\/27\/setubal-perde-ricardo-mira-medico-de-referencia-e-voz-da-identidade-sadina\/"]}]},{"@type":"ImageObject","inLanguage":"pt-PT","@id":"https:\/\/portaltela.pt\/noticias\/2025\/12\/27\/setubal-perde-ricardo-mira-medico-de-referencia-e-voz-da-identidade-sadina\/#primaryimage","url":"https:\/\/portaltela.pt\/s.01k8rhncp4jt1\/2025\/12\/Ricardo-Mira.jpg","contentUrl":"https:\/\/portaltela.pt\/s.01k8rhncp4jt1\/2025\/12\/Ricardo-Mira.jpg","width":796,"height":448,"caption":"Set\u00fabal perde Ricardo Mira, m\u00e9dico de refer\u00eancia e voz da identidade sadina"},{"@type":"BreadcrumbList","@id":"https:\/\/portaltela.pt\/noticias\/2025\/12\/27\/setubal-perde-ricardo-mira-medico-de-referencia-e-voz-da-identidade-sadina\/#breadcrumb","itemListElement":[{"@type":"ListItem","position":1,"name":"In\u00edcio","item":"https:\/\/portaltela.pt\/"},{"@type":"ListItem","position":2,"name":"Set\u00fabal perde Ricardo Mira, m\u00e9dico de refer\u00eancia e voz da identidade sadina"}]},{"@type":"WebSite","@id":"https:\/\/portaltela.pt\/#website","url":"https:\/\/portaltela.pt\/","name":"Portal Tela Portugal","description":"","potentialAction":[{"@type":"SearchAction","target":{"@type":"EntryPoint","urlTemplate":"https:\/\/portaltela.pt\/?s={search_term_string}"},"query-input":{"@type":"PropertyValueSpecification","valueRequired":true,"valueName":"search_term_string"}}],"inLanguage":"pt-PT"},{"@type":"Person","@id":"https:\/\/portaltela.pt\/#\/schema\/person\/c4278d4a6028830caff9ee44b42d32ed","name":"Telinha","image":{"@type":"ImageObject","inLanguage":"pt-PT","@id":"https:\/\/portaltela.pt\/s.01k8rhncp4jt1\/2025\/11\/talking-bot-125x125.png","url":"https:\/\/portaltela.pt\/s.01k8rhncp4jt1\/2025\/11\/talking-bot-125x125.png","contentUrl":"https:\/\/portaltela.pt\/s.01k8rhncp4jt1\/2025\/11\/talking-bot-125x125.png","caption":"Telinha"},"sameAs":["https:\/\/portaltela.pt\/"],"url":"https:\/\/portaltela.pt\/por\/367410592786\/"}]}},"_links":{"self":[{"href":"https:\/\/portaltela.pt\/api\/wp\/v2\/posts\/102057","targetHints":{"allow":["GET"]}}],"collection":[{"href":"https:\/\/portaltela.pt\/api\/wp\/v2\/posts"}],"about":[{"href":"https:\/\/portaltela.pt\/api\/wp\/v2\/types\/post"}],"author":[{"embeddable":true,"href":"https:\/\/portaltela.pt\/api\/wp\/v2\/users\/2"}],"replies":[{"embeddable":true,"href":"https:\/\/portaltela.pt\/api\/wp\/v2\/comments?post=102057"}],"version-history":[{"count":0,"href":"https:\/\/portaltela.pt\/api\/wp\/v2\/posts\/102057\/revisions"}],"wp:featuredmedia":[{"embeddable":true,"href":"https:\/\/portaltela.pt\/api\/wp\/v2\/media\/102064"}],"wp:attachment":[{"href":"https:\/\/portaltela.pt\/api\/wp\/v2\/media?parent=102057"}],"wp:term":[{"taxonomy":"category","embeddable":true,"href":"https:\/\/portaltela.pt\/api\/wp\/v2\/categories?post=102057"},{"taxonomy":"post_tag","embeddable":true,"href":"https:\/\/portaltela.pt\/api\/wp\/v2\/tags?post=102057"}],"curies":[{"name":"wp","href":"https:\/\/api.w.org\/{rel}","templated":true}]}}