{"id":102001,"date":"2025-12-27T16:22:09","date_gmt":"2025-12-27T19:22:09","guid":{"rendered":"https:\/\/portaltela.pt\/noticias\/2025\/12\/27\/mais-de-32-milhoes-de-vacinas-covid-19-administradas-desde-o-inicio\/"},"modified":"2025-12-27T16:22:09","modified_gmt":"2025-12-27T19:22:09","slug":"mais-de-32-milhoes-de-vacinas-covid-19-administradas-desde-o-inicio","status":"publish","type":"post","link":"https:\/\/portaltela.pt\/noticias\/2025\/12\/27\/mais-de-32-milhoes-de-vacinas-covid-19-administradas-desde-o-inicio\/","title":{"rendered":"Mais de 32 milh\u00f5es de vacinas Covid-19 administradas desde o in\u00edcio"},"content":{"rendered":"<p>H\u00e1 cinco anos iniciou a campanha de vacina\u00e7\u00e3o contra a covid-19 em Portugal. Ao todo, j\u00e1 foram administradas mais de 32 milh\u00f5es de doses, segundo a Dire\u00e7\u00e3o-Geral da Sa\u00fade (DGS). O balan\u00e7o \u00e9 considerado extremamente positivo pela comunidade de sa\u00fade p\u00fablica.<\/p>\n<p>O presidente da Sociedade Portuguesa de Sa\u00fade P\u00fablica (SPSP) e antigo diretor-geral da Sa\u00fade, Francisco George, destacou a import\u00e2ncia de manter a vacina\u00e7\u00e3o. Acrescentou que a vacina\u00e7\u00e3o anual \u00e9 necess\u00e1ria, dado que o v\u00edrus permanece em circula\u00e7\u00e3o.<\/p>\n<p>H\u00e1 cinco anos chegou a Portugal o primeiro lote de vacinas, desenvolvido pela Pfizer-BioNTech. A campanha arrancou simbolicamente no Hospital de S\u00e3o Jo\u00e3o, no Porto, com Ant\u00f3nio Sarmento a receber a vacina, na presen\u00e7a da ent\u00e3o ministra da Sa\u00fade, Marta Temido.<\/p>\n<p>A DGS confirmou que, nestes cinco anos, foram administradas mais de 32 milh\u00f5es de vacinas. George afirmou que vacinar toda a popula\u00e7\u00e3o foi uma decis\u00e3o oportuna, destacando a organiza\u00e7\u00e3o e a lideran\u00e7a da fase inicial.<\/p>\n<p>O especialista referiu que, nos dois primeiros anos, foram evitadas mais de 1,2 milh\u00f5es de infe\u00e7\u00f5es e mais de dois milh\u00f5es de dias de internamento. A vacina\u00e7\u00e3o adaptou-se \u00e0s muta\u00e7\u00f5es do v\u00edrus, com foco nos grupos mais vulner\u00e1veis.<\/p>\n<h3>Continuidade da vacina\u00e7\u00e3o e muta\u00e7\u00f5es<\/h3>\n<p>Francisco George explicou que a vacina\u00e7\u00e3o deve manter-se sazonal, com ajustes conforme altera\u00e7\u00f5es virais. O v\u00edrus da covid-19 continua a circular, pelo que a estrat\u00e9gia inclui manter prote\u00e7\u00e3o em \u00e9pocas frias e associar-se \u00e0 vacina da gripe.<\/p>\n<p>Os dados dispon\u00edveis apontam para efeitos secund\u00e1rios geralmente ligeiros e de curta dura\u00e7\u00e3o. O Infarmed continua a monitorizar as rea\u00e7\u00f5es, sem indicar preocupa\u00e7\u00f5es significativas.<\/p>\n<h3>Grupos priorit\u00e1rios e objetivos de sa\u00fade p\u00fablica<\/h3>\n<p>A campanha continua a priorizar idosos, pessoas com doen\u00e7as cr\u00f3nicas e profissionais de sa\u00fade. O objetivo \u00e9 prevenir doen\u00e7a grave, hospitaliza\u00e7\u00e3o e morte, mantendo uma estrat\u00e9gia de sa\u00fade p\u00fablica est\u00e1vel e cont\u00ednua.<\/p>\n","protected":false},"excerpt":{"rendered":"<ul>\n<li>A campanha de vacina\u00e7\u00e3o contra a covid-19 em Portugal completa cinco anos; j\u00e1 foram administradas mais de 32 milh\u00f5es de vacinas.<\/li>\n<li>A vacina\u00e7\u00e3o tem de continuar anualmente, devido \u00e0 circula\u00e7\u00e3o cont\u00ednua do v\u00edrus e \u00e0s muta\u00e7\u00f5es que ocorrem.<\/li>\n<li>Nos primeiros dois anos, estima-se que tenham sido evitadas mais de 1,2 milh\u00f5es de infe\u00e7\u00f5es e cerca de 2 milh\u00f5es de dias de internamento.<\/li>\n<li>As vacinas t\u00eam sido adaptadas conforme as altera\u00e7\u00f5es do v\u00edrus, com prioridade para grupos vulner\u00e1veis.<\/li>\n<li>Os efeitos secund\u00e1rios s\u00e3o geralmente leves, durando um ou dois dias, e s\u00e3o monitorizados pelo Infarmed.<\/li>\n<\/ul>\n","protected":false},"author":2,"featured_media":102004,"comment_status":"closed","ping_status":"closed","sticky":false,"template":"","format":"standard","meta":{"footnotes":""},"categories":[1],"tags":[61,841,1014,806,172,271],"class_list":["post-102001","post","type-post","status-publish","format-standard","has-post-thumbnail","hentry","category-noticias","tag-doencas","tag-infecao-respiratoria-aguda","tag-portugal","tag-protecao-publica","tag-saude","tag-saude-publica"],"yoast_head":"<!-- This site is optimized with the Yoast SEO plugin v27.2 - https:\/\/yoast.com\/product\/yoast-seo-wordpress\/ -->\n<title>Mais de 32 milh\u00f5es de vacinas Covid-19 administradas desde o in\u00edcio - Portal Tela Portugal<\/title>\n<meta name=\"robots\" content=\"index, follow, max-snippet:-1, max-image-preview:large, max-video-preview:-1\" \/>\n<meta property=\"og:locale\" content=\"pt_PT\" \/>\n<meta property=\"og:type\" content=\"article\" \/>\n<meta property=\"og:title\" content=\"Mais de 32 milh\u00f5es de vacinas Covid-19 administradas desde o in\u00edcio - Portal Tela Portugal\" \/>\n<meta property=\"og:description\" content=\"A campanha de vacina\u00e7\u00e3o contra a covid-19 em Portugal completa cinco anos; j\u00e1 foram administradas mais de 32 milh\u00f5es de vacinas. A vacina\u00e7\u00e3o tem de continuar anualmente, devido \u00e0 circula\u00e7\u00e3o cont\u00ednua do v\u00edrus e \u00e0s muta\u00e7\u00f5es que ocorrem. Nos primeiros dois anos, estima-se que tenham sido evitadas mais de 1,2 milh\u00f5es de infe\u00e7\u00f5es e cerca de 2 milh\u00f5es de dias de internamento. As vacinas t\u00eam sido adaptadas conforme as altera\u00e7\u00f5es do v\u00edrus, com prioridade para grupos vulner\u00e1veis. Os efeitos secund\u00e1rios s\u00e3o geralmente leves, durando um ou dois dias, e s\u00e3o monitorizados pelo Infarmed.\" \/>\n<meta property=\"og:url\" content=\"https:\/\/portaltela.pt\/noticias\/2025\/12\/27\/mais-de-32-milhoes-de-vacinas-covid-19-administradas-desde-o-inicio\/\" \/>\n<meta property=\"og:site_name\" content=\"Portal Tela Portugal\" \/>\n<meta property=\"article:published_time\" content=\"2025-12-27T19:22:09+00:00\" \/>\n<meta name=\"author\" content=\"Telinha\" \/>\n<meta name=\"twitter:card\" content=\"summary_large_image\" \/>\n<meta name=\"twitter:label1\" content=\"Escrito por\" \/>\n\t<meta name=\"twitter:data1\" content=\"Telinha\" \/>\n\t<meta name=\"twitter:label2\" content=\"Tempo estimado de leitura\" \/>\n\t<meta name=\"twitter:data2\" content=\"2 minutos\" \/>\n<script type=\"application\/ld+json\" class=\"yoast-schema-graph\">{\"@context\":\"https:\/\/schema.org\",\"@graph\":[{\"@type\":\"Article\",\"@id\":\"https:\/\/portaltela.pt\/noticias\/2025\/12\/27\/mais-de-32-milhoes-de-vacinas-covid-19-administradas-desde-o-inicio\/#article\",\"isPartOf\":{\"@id\":\"https:\/\/portaltela.pt\/noticias\/2025\/12\/27\/mais-de-32-milhoes-de-vacinas-covid-19-administradas-desde-o-inicio\/\"},\"author\":{\"name\":\"Telinha\",\"@id\":\"https:\/\/portaltela.pt\/#\/schema\/person\/c4278d4a6028830caff9ee44b42d32ed\"},\"headline\":\"Mais de 32 milh\u00f5es de vacinas Covid-19 administradas desde o in\u00edcio\",\"datePublished\":\"2025-12-27T19:22:09+00:00\",\"mainEntityOfPage\":{\"@id\":\"https:\/\/portaltela.pt\/noticias\/2025\/12\/27\/mais-de-32-milhoes-de-vacinas-covid-19-administradas-desde-o-inicio\/\"},\"wordCount\":361,\"image\":{\"@id\":\"https:\/\/portaltela.pt\/noticias\/2025\/12\/27\/mais-de-32-milhoes-de-vacinas-covid-19-administradas-desde-o-inicio\/#primaryimage\"},\"thumbnailUrl\":\"https:\/\/portaltela.pt\/s.01k8rhncp4jt1\/2025\/12\/Vacinacao_Covid19_Mora__Janeiro_2021-22.jpg\",\"keywords\":[\"doen\u00e7as\",\"infe\u00e7\u00e3o respirat\u00f3ria aguda\",\"Portugal\",\"prote\u00e7\u00e3o p\u00fablica\",\"sa\u00fade\",\"sa\u00fade p\u00fablica\"],\"articleSection\":[\"Not\u00edcias\"],\"inLanguage\":\"pt-PT\"},{\"@type\":\"WebPage\",\"@id\":\"https:\/\/portaltela.pt\/noticias\/2025\/12\/27\/mais-de-32-milhoes-de-vacinas-covid-19-administradas-desde-o-inicio\/\",\"url\":\"https:\/\/portaltela.pt\/noticias\/2025\/12\/27\/mais-de-32-milhoes-de-vacinas-covid-19-administradas-desde-o-inicio\/\",\"name\":\"Mais de 32 milh\u00f5es de vacinas Covid-19 administradas desde o in\u00edcio - Portal Tela Portugal\",\"isPartOf\":{\"@id\":\"https:\/\/portaltela.pt\/#website\"},\"primaryImageOfPage\":{\"@id\":\"https:\/\/portaltela.pt\/noticias\/2025\/12\/27\/mais-de-32-milhoes-de-vacinas-covid-19-administradas-desde-o-inicio\/#primaryimage\"},\"image\":{\"@id\":\"https:\/\/portaltela.pt\/noticias\/2025\/12\/27\/mais-de-32-milhoes-de-vacinas-covid-19-administradas-desde-o-inicio\/#primaryimage\"},\"thumbnailUrl\":\"https:\/\/portaltela.pt\/s.01k8rhncp4jt1\/2025\/12\/Vacinacao_Covid19_Mora__Janeiro_2021-22.jpg\",\"datePublished\":\"2025-12-27T19:22:09+00:00\",\"author\":{\"@id\":\"https:\/\/portaltela.pt\/#\/schema\/person\/c4278d4a6028830caff9ee44b42d32ed\"},\"breadcrumb\":{\"@id\":\"https:\/\/portaltela.pt\/noticias\/2025\/12\/27\/mais-de-32-milhoes-de-vacinas-covid-19-administradas-desde-o-inicio\/#breadcrumb\"},\"inLanguage\":\"pt-PT\",\"potentialAction\":[{\"@type\":\"ReadAction\",\"target\":[\"https:\/\/portaltela.pt\/noticias\/2025\/12\/27\/mais-de-32-milhoes-de-vacinas-covid-19-administradas-desde-o-inicio\/\"]}]},{\"@type\":\"ImageObject\",\"inLanguage\":\"pt-PT\",\"@id\":\"https:\/\/portaltela.pt\/noticias\/2025\/12\/27\/mais-de-32-milhoes-de-vacinas-covid-19-administradas-desde-o-inicio\/#primaryimage\",\"url\":\"https:\/\/portaltela.pt\/s.01k8rhncp4jt1\/2025\/12\/Vacinacao_Covid19_Mora__Janeiro_2021-22.jpg\",\"contentUrl\":\"https:\/\/portaltela.pt\/s.01k8rhncp4jt1\/2025\/12\/Vacinacao_Covid19_Mora__Janeiro_2021-22.jpg\",\"width\":796,\"height\":448,\"caption\":\"Covid-19: Mais de 32 milh\u00f5es de vacinas administradas desde a primeira, h\u00e1 cinco anos\"},{\"@type\":\"BreadcrumbList\",\"@id\":\"https:\/\/portaltela.pt\/noticias\/2025\/12\/27\/mais-de-32-milhoes-de-vacinas-covid-19-administradas-desde-o-inicio\/#breadcrumb\",\"itemListElement\":[{\"@type\":\"ListItem\",\"position\":1,\"name\":\"In\u00edcio\",\"item\":\"https:\/\/portaltela.pt\/\"},{\"@type\":\"ListItem\",\"position\":2,\"name\":\"Mais de 32 milh\u00f5es de vacinas Covid-19 administradas desde o in\u00edcio\"}]},{\"@type\":\"WebSite\",\"@id\":\"https:\/\/portaltela.pt\/#website\",\"url\":\"https:\/\/portaltela.pt\/\",\"name\":\"Portal Tela Portugal\",\"description\":\"\",\"potentialAction\":[{\"@type\":\"SearchAction\",\"target\":{\"@type\":\"EntryPoint\",\"urlTemplate\":\"https:\/\/portaltela.pt\/?s={search_term_string}\"},\"query-input\":{\"@type\":\"PropertyValueSpecification\",\"valueRequired\":true,\"valueName\":\"search_term_string\"}}],\"inLanguage\":\"pt-PT\"},{\"@type\":\"Person\",\"@id\":\"https:\/\/portaltela.pt\/#\/schema\/person\/c4278d4a6028830caff9ee44b42d32ed\",\"name\":\"Telinha\",\"image\":{\"@type\":\"ImageObject\",\"inLanguage\":\"pt-PT\",\"@id\":\"https:\/\/portaltela.pt\/s.01k8rhncp4jt1\/2025\/11\/talking-bot-125x125.png\",\"url\":\"https:\/\/portaltela.pt\/s.01k8rhncp4jt1\/2025\/11\/talking-bot-125x125.png\",\"contentUrl\":\"https:\/\/portaltela.pt\/s.01k8rhncp4jt1\/2025\/11\/talking-bot-125x125.png\",\"caption\":\"Telinha\"},\"sameAs\":[\"https:\/\/portaltela.pt\/\"],\"url\":\"https:\/\/portaltela.pt\/por\/367410592786\/\"}]}<\/script>\n<!-- \/ Yoast SEO plugin. -->","yoast_head_json":{"title":"Mais de 32 milh\u00f5es de vacinas Covid-19 administradas desde o in\u00edcio - Portal Tela Portugal","robots":{"index":"index","follow":"follow","max-snippet":"max-snippet:-1","max-image-preview":"max-image-preview:large","max-video-preview":"max-video-preview:-1"},"og_locale":"pt_PT","og_type":"article","og_title":"Mais de 32 milh\u00f5es de vacinas Covid-19 administradas desde o in\u00edcio - Portal Tela Portugal","og_description":"A campanha de vacina\u00e7\u00e3o contra a covid-19 em Portugal completa cinco anos; j\u00e1 foram administradas mais de 32 milh\u00f5es de vacinas. A vacina\u00e7\u00e3o tem de continuar anualmente, devido \u00e0 circula\u00e7\u00e3o cont\u00ednua do v\u00edrus e \u00e0s muta\u00e7\u00f5es que ocorrem. Nos primeiros dois anos, estima-se que tenham sido evitadas mais de 1,2 milh\u00f5es de infe\u00e7\u00f5es e cerca de 2 milh\u00f5es de dias de internamento. As vacinas t\u00eam sido adaptadas conforme as altera\u00e7\u00f5es do v\u00edrus, com prioridade para grupos vulner\u00e1veis. Os efeitos secund\u00e1rios s\u00e3o geralmente leves, durando um ou dois dias, e s\u00e3o monitorizados pelo Infarmed.","og_url":"https:\/\/portaltela.pt\/noticias\/2025\/12\/27\/mais-de-32-milhoes-de-vacinas-covid-19-administradas-desde-o-inicio\/","og_site_name":"Portal Tela Portugal","article_published_time":"2025-12-27T19:22:09+00:00","author":"Telinha","twitter_card":"summary_large_image","twitter_misc":{"Escrito por":"Telinha","Tempo estimado de leitura":"2 minutos"},"schema":{"@context":"https:\/\/schema.org","@graph":[{"@type":"Article","@id":"https:\/\/portaltela.pt\/noticias\/2025\/12\/27\/mais-de-32-milhoes-de-vacinas-covid-19-administradas-desde-o-inicio\/#article","isPartOf":{"@id":"https:\/\/portaltela.pt\/noticias\/2025\/12\/27\/mais-de-32-milhoes-de-vacinas-covid-19-administradas-desde-o-inicio\/"},"author":{"name":"Telinha","@id":"https:\/\/portaltela.pt\/#\/schema\/person\/c4278d4a6028830caff9ee44b42d32ed"},"headline":"Mais de 32 milh\u00f5es de vacinas Covid-19 administradas desde o in\u00edcio","datePublished":"2025-12-27T19:22:09+00:00","mainEntityOfPage":{"@id":"https:\/\/portaltela.pt\/noticias\/2025\/12\/27\/mais-de-32-milhoes-de-vacinas-covid-19-administradas-desde-o-inicio\/"},"wordCount":361,"image":{"@id":"https:\/\/portaltela.pt\/noticias\/2025\/12\/27\/mais-de-32-milhoes-de-vacinas-covid-19-administradas-desde-o-inicio\/#primaryimage"},"thumbnailUrl":"https:\/\/portaltela.pt\/s.01k8rhncp4jt1\/2025\/12\/Vacinacao_Covid19_Mora__Janeiro_2021-22.jpg","keywords":["doen\u00e7as","infe\u00e7\u00e3o respirat\u00f3ria aguda","Portugal","prote\u00e7\u00e3o p\u00fablica","sa\u00fade","sa\u00fade p\u00fablica"],"articleSection":["Not\u00edcias"],"inLanguage":"pt-PT"},{"@type":"WebPage","@id":"https:\/\/portaltela.pt\/noticias\/2025\/12\/27\/mais-de-32-milhoes-de-vacinas-covid-19-administradas-desde-o-inicio\/","url":"https:\/\/portaltela.pt\/noticias\/2025\/12\/27\/mais-de-32-milhoes-de-vacinas-covid-19-administradas-desde-o-inicio\/","name":"Mais de 32 milh\u00f5es de vacinas Covid-19 administradas desde o in\u00edcio - Portal Tela Portugal","isPartOf":{"@id":"https:\/\/portaltela.pt\/#website"},"primaryImageOfPage":{"@id":"https:\/\/portaltela.pt\/noticias\/2025\/12\/27\/mais-de-32-milhoes-de-vacinas-covid-19-administradas-desde-o-inicio\/#primaryimage"},"image":{"@id":"https:\/\/portaltela.pt\/noticias\/2025\/12\/27\/mais-de-32-milhoes-de-vacinas-covid-19-administradas-desde-o-inicio\/#primaryimage"},"thumbnailUrl":"https:\/\/portaltela.pt\/s.01k8rhncp4jt1\/2025\/12\/Vacinacao_Covid19_Mora__Janeiro_2021-22.jpg","datePublished":"2025-12-27T19:22:09+00:00","author":{"@id":"https:\/\/portaltela.pt\/#\/schema\/person\/c4278d4a6028830caff9ee44b42d32ed"},"breadcrumb":{"@id":"https:\/\/portaltela.pt\/noticias\/2025\/12\/27\/mais-de-32-milhoes-de-vacinas-covid-19-administradas-desde-o-inicio\/#breadcrumb"},"inLanguage":"pt-PT","potentialAction":[{"@type":"ReadAction","target":["https:\/\/portaltela.pt\/noticias\/2025\/12\/27\/mais-de-32-milhoes-de-vacinas-covid-19-administradas-desde-o-inicio\/"]}]},{"@type":"ImageObject","inLanguage":"pt-PT","@id":"https:\/\/portaltela.pt\/noticias\/2025\/12\/27\/mais-de-32-milhoes-de-vacinas-covid-19-administradas-desde-o-inicio\/#primaryimage","url":"https:\/\/portaltela.pt\/s.01k8rhncp4jt1\/2025\/12\/Vacinacao_Covid19_Mora__Janeiro_2021-22.jpg","contentUrl":"https:\/\/portaltela.pt\/s.01k8rhncp4jt1\/2025\/12\/Vacinacao_Covid19_Mora__Janeiro_2021-22.jpg","width":796,"height":448,"caption":"Covid-19: Mais de 32 milh\u00f5es de vacinas administradas desde a primeira, h\u00e1 cinco anos"},{"@type":"BreadcrumbList","@id":"https:\/\/portaltela.pt\/noticias\/2025\/12\/27\/mais-de-32-milhoes-de-vacinas-covid-19-administradas-desde-o-inicio\/#breadcrumb","itemListElement":[{"@type":"ListItem","position":1,"name":"In\u00edcio","item":"https:\/\/portaltela.pt\/"},{"@type":"ListItem","position":2,"name":"Mais de 32 milh\u00f5es de vacinas Covid-19 administradas desde o in\u00edcio"}]},{"@type":"WebSite","@id":"https:\/\/portaltela.pt\/#website","url":"https:\/\/portaltela.pt\/","name":"Portal Tela Portugal","description":"","potentialAction":[{"@type":"SearchAction","target":{"@type":"EntryPoint","urlTemplate":"https:\/\/portaltela.pt\/?s={search_term_string}"},"query-input":{"@type":"PropertyValueSpecification","valueRequired":true,"valueName":"search_term_string"}}],"inLanguage":"pt-PT"},{"@type":"Person","@id":"https:\/\/portaltela.pt\/#\/schema\/person\/c4278d4a6028830caff9ee44b42d32ed","name":"Telinha","image":{"@type":"ImageObject","inLanguage":"pt-PT","@id":"https:\/\/portaltela.pt\/s.01k8rhncp4jt1\/2025\/11\/talking-bot-125x125.png","url":"https:\/\/portaltela.pt\/s.01k8rhncp4jt1\/2025\/11\/talking-bot-125x125.png","contentUrl":"https:\/\/portaltela.pt\/s.01k8rhncp4jt1\/2025\/11\/talking-bot-125x125.png","caption":"Telinha"},"sameAs":["https:\/\/portaltela.pt\/"],"url":"https:\/\/portaltela.pt\/por\/367410592786\/"}]}},"_links":{"self":[{"href":"https:\/\/portaltela.pt\/api\/wp\/v2\/posts\/102001","targetHints":{"allow":["GET"]}}],"collection":[{"href":"https:\/\/portaltela.pt\/api\/wp\/v2\/posts"}],"about":[{"href":"https:\/\/portaltela.pt\/api\/wp\/v2\/types\/post"}],"author":[{"embeddable":true,"href":"https:\/\/portaltela.pt\/api\/wp\/v2\/users\/2"}],"replies":[{"embeddable":true,"href":"https:\/\/portaltela.pt\/api\/wp\/v2\/comments?post=102001"}],"version-history":[{"count":0,"href":"https:\/\/portaltela.pt\/api\/wp\/v2\/posts\/102001\/revisions"}],"wp:featuredmedia":[{"embeddable":true,"href":"https:\/\/portaltela.pt\/api\/wp\/v2\/media\/102004"}],"wp:attachment":[{"href":"https:\/\/portaltela.pt\/api\/wp\/v2\/media?parent=102001"}],"wp:term":[{"taxonomy":"category","embeddable":true,"href":"https:\/\/portaltela.pt\/api\/wp\/v2\/categories?post=102001"},{"taxonomy":"post_tag","embeddable":true,"href":"https:\/\/portaltela.pt\/api\/wp\/v2\/tags?post=102001"}],"curies":[{"name":"wp","href":"https:\/\/api.w.org\/{rel}","templated":true}]}}