{"id":101809,"date":"2025-12-27T13:45:00","date_gmt":"2025-12-27T16:45:00","guid":{"rendered":"https:\/\/portaltela.pt\/noticias\/2025\/12\/27\/joao-manzarra-recorda-que-o-pai-adorava-marisco-durante-a-quimioterapia\/"},"modified":"2025-12-27T13:45:00","modified_gmt":"2025-12-27T16:45:00","slug":"joao-manzarra-recorda-que-o-pai-adorava-marisco-durante-a-quimioterapia","status":"publish","type":"post","link":"https:\/\/portaltela.pt\/noticias\/2025\/12\/27\/joao-manzarra-recorda-que-o-pai-adorava-marisco-durante-a-quimioterapia\/","title":{"rendered":"Jo\u00e3o Manzarra recorda que o pai adorava marisco durante a quimioterapia"},"content":{"rendered":"<p>Jo\u00e3o Manzarra \u00e9 o convidado do podcast Alta Defini\u00e7\u00e3o, conduzido por Daniel Oliveira. A entrevista aborda temas da carreira televisiva, da gest\u00e3o da exposi\u00e7\u00e3o medi\u00e1tica, da rela\u00e7\u00e3o com os animais e da natureza, bem como epis\u00f3dios da inf\u00e2ncia.<\/p>\n<p>Antes do regresso do programa Vale Tudo, o apresentador partilha mem\u00f3rias da sua trajet\u00f3ria na televis\u00e3o e reflete sobre o impacto da fama no dia a dia. O debate inclui ainda aspetos pessoais, sem entrar em coment\u00e1rios opinativos.<\/p>\n<p>O epis\u00f3dio de Alta Defini\u00e7\u00e3o \u00e9 apresentado pela SIC e j\u00e1 est\u00e1 dispon\u00edvel em formato de podcast. O programa foi emitido a 27 de dezembro, com Manzarra a falar do \u00faltimo ano de vida do pai, da forma como lidou com a doen\u00e7a e das mensagens de apoio recebidas.<\/p>\n<p>No relato, o apresentador descreve o envolvimento da fam\u00edlia durante o processo de doen\u00e7a, bem como a forma de lidar com momentos de tristeza e de alegria. O convidado explica ainda como a rela\u00e7\u00e3o com o pai moldou a sua vis\u00e3o sobre a morte.<\/p>\n","protected":false},"excerpt":{"rendered":"<ul>\n<li>Jo\u00e3o Manzarra \u00e9 o convidado de Daniel Oliveira no podcast Alta Defini\u00e7\u00e3o, dispon\u00edvel na SIC.<\/li>\n<li>O conversa insere-se antes do regresso do programa Vale Tudo.<\/li>\n<li>O apresentador recorda o in\u00edcio da carreira na televis\u00e3o, a rela\u00e7\u00e3o com os animais e a inf\u00e2ncia.<\/li>\n<li>Relata o \u00faltimo ano de vida do pai, marcado por debilita\u00e7\u00e3o, momentos de esperan\u00e7a e not\u00edcias de sa\u00fade desafiantes.<\/li>\n<li>O apresentador diz que o pai o preparou para a morte e que a entrevista est\u00e1 dispon\u00edvel na SIC a 27 de dezembro.<\/li>\n<\/ul>\n","protected":false},"author":2,"featured_media":101816,"comment_status":"closed","ping_status":"closed","sticky":false,"template":"","format":"standard","meta":{"footnotes":""},"categories":[12,1],"tags":[61,64,148,78,1759,924],"class_list":["post-101809","post","type-post","status-publish","format-standard","has-post-thumbnail","hentry","category-entretenimento","category-noticias","tag-doencas","tag-familia","tag-familias","tag-famosos","tag-infancia","tag-quimioterapia"],"yoast_head":"<!-- This site is optimized with the Yoast SEO plugin v27.2 - https:\/\/yoast.com\/product\/yoast-seo-wordpress\/ -->\n<title>Jo\u00e3o Manzarra recorda que o pai adorava marisco durante a quimioterapia - Portal Tela Portugal<\/title>\n<meta name=\"robots\" content=\"index, follow, max-snippet:-1, max-image-preview:large, max-video-preview:-1\" \/>\n<meta property=\"og:locale\" content=\"pt_PT\" \/>\n<meta property=\"og:type\" content=\"article\" \/>\n<meta property=\"og:title\" content=\"Jo\u00e3o Manzarra recorda que o pai adorava marisco durante a quimioterapia - Portal Tela Portugal\" \/>\n<meta property=\"og:description\" content=\"Jo\u00e3o Manzarra \u00e9 o convidado de Daniel Oliveira no podcast Alta Defini\u00e7\u00e3o, dispon\u00edvel na SIC. O conversa insere-se antes do regresso do programa Vale Tudo. O apresentador recorda o in\u00edcio da carreira na televis\u00e3o, a rela\u00e7\u00e3o com os animais e a inf\u00e2ncia. Relata o \u00faltimo ano de vida do pai, marcado por debilita\u00e7\u00e3o, momentos de esperan\u00e7a e not\u00edcias de sa\u00fade desafiantes. O apresentador diz que o pai o preparou para a morte e que a entrevista est\u00e1 dispon\u00edvel na SIC a 27 de dezembro.\" \/>\n<meta property=\"og:url\" content=\"https:\/\/portaltela.pt\/noticias\/2025\/12\/27\/joao-manzarra-recorda-que-o-pai-adorava-marisco-durante-a-quimioterapia\/\" \/>\n<meta property=\"og:site_name\" content=\"Portal Tela Portugal\" \/>\n<meta property=\"article:published_time\" content=\"2025-12-27T16:45:00+00:00\" \/>\n<meta name=\"author\" content=\"Telinha\" \/>\n<meta name=\"twitter:card\" content=\"summary_large_image\" \/>\n<meta name=\"twitter:label1\" content=\"Escrito por\" \/>\n\t<meta name=\"twitter:data1\" content=\"Telinha\" \/>\n\t<meta name=\"twitter:label2\" content=\"Tempo estimado de leitura\" \/>\n\t<meta name=\"twitter:data2\" content=\"1 minuto\" \/>\n<script type=\"application\/ld+json\" class=\"yoast-schema-graph\">{\"@context\":\"https:\/\/schema.org\",\"@graph\":[{\"@type\":\"Article\",\"@id\":\"https:\/\/portaltela.pt\/noticias\/2025\/12\/27\/joao-manzarra-recorda-que-o-pai-adorava-marisco-durante-a-quimioterapia\/#article\",\"isPartOf\":{\"@id\":\"https:\/\/portaltela.pt\/noticias\/2025\/12\/27\/joao-manzarra-recorda-que-o-pai-adorava-marisco-durante-a-quimioterapia\/\"},\"author\":{\"name\":\"Telinha\",\"@id\":\"https:\/\/portaltela.pt\/#\/schema\/person\/c4278d4a6028830caff9ee44b42d32ed\"},\"headline\":\"Jo\u00e3o Manzarra recorda que o pai adorava marisco durante a quimioterapia\",\"datePublished\":\"2025-12-27T16:45:00+00:00\",\"mainEntityOfPage\":{\"@id\":\"https:\/\/portaltela.pt\/noticias\/2025\/12\/27\/joao-manzarra-recorda-que-o-pai-adorava-marisco-durante-a-quimioterapia\/\"},\"wordCount\":198,\"image\":{\"@id\":\"https:\/\/portaltela.pt\/noticias\/2025\/12\/27\/joao-manzarra-recorda-que-o-pai-adorava-marisco-durante-a-quimioterapia\/#primaryimage\"},\"thumbnailUrl\":\"https:\/\/portaltela.pt\/s.01k8rhncp4jt1\/2025\/12\/unnamed-file-2038.jpg\",\"keywords\":[\"doen\u00e7as\",\"fam\u00edlia\",\"fam\u00edlias\",\"famosos\",\"inf\u00e2ncia\",\"quimioterapia\"],\"articleSection\":[\"Entretenimento\",\"Not\u00edcias\"],\"inLanguage\":\"pt-PT\"},{\"@type\":\"WebPage\",\"@id\":\"https:\/\/portaltela.pt\/noticias\/2025\/12\/27\/joao-manzarra-recorda-que-o-pai-adorava-marisco-durante-a-quimioterapia\/\",\"url\":\"https:\/\/portaltela.pt\/noticias\/2025\/12\/27\/joao-manzarra-recorda-que-o-pai-adorava-marisco-durante-a-quimioterapia\/\",\"name\":\"Jo\u00e3o Manzarra recorda que o pai adorava marisco durante a quimioterapia - Portal Tela Portugal\",\"isPartOf\":{\"@id\":\"https:\/\/portaltela.pt\/#website\"},\"primaryImageOfPage\":{\"@id\":\"https:\/\/portaltela.pt\/noticias\/2025\/12\/27\/joao-manzarra-recorda-que-o-pai-adorava-marisco-durante-a-quimioterapia\/#primaryimage\"},\"image\":{\"@id\":\"https:\/\/portaltela.pt\/noticias\/2025\/12\/27\/joao-manzarra-recorda-que-o-pai-adorava-marisco-durante-a-quimioterapia\/#primaryimage\"},\"thumbnailUrl\":\"https:\/\/portaltela.pt\/s.01k8rhncp4jt1\/2025\/12\/unnamed-file-2038.jpg\",\"datePublished\":\"2025-12-27T16:45:00+00:00\",\"author\":{\"@id\":\"https:\/\/portaltela.pt\/#\/schema\/person\/c4278d4a6028830caff9ee44b42d32ed\"},\"breadcrumb\":{\"@id\":\"https:\/\/portaltela.pt\/noticias\/2025\/12\/27\/joao-manzarra-recorda-que-o-pai-adorava-marisco-durante-a-quimioterapia\/#breadcrumb\"},\"inLanguage\":\"pt-PT\",\"potentialAction\":[{\"@type\":\"ReadAction\",\"target\":[\"https:\/\/portaltela.pt\/noticias\/2025\/12\/27\/joao-manzarra-recorda-que-o-pai-adorava-marisco-durante-a-quimioterapia\/\"]}]},{\"@type\":\"ImageObject\",\"inLanguage\":\"pt-PT\",\"@id\":\"https:\/\/portaltela.pt\/noticias\/2025\/12\/27\/joao-manzarra-recorda-que-o-pai-adorava-marisco-durante-a-quimioterapia\/#primaryimage\",\"url\":\"https:\/\/portaltela.pt\/s.01k8rhncp4jt1\/2025\/12\/unnamed-file-2038.jpg\",\"contentUrl\":\"https:\/\/portaltela.pt\/s.01k8rhncp4jt1\/2025\/12\/unnamed-file-2038.jpg\",\"width\":796,\"height\":448,\"caption\":\"Jo\u00e3o Manzarra: \u201cO meu pai gostava muito de marisco, n\u00e3o houve uma quimioterapia que fizesse sem estar a comer lagosta\u201d\"},{\"@type\":\"BreadcrumbList\",\"@id\":\"https:\/\/portaltela.pt\/noticias\/2025\/12\/27\/joao-manzarra-recorda-que-o-pai-adorava-marisco-durante-a-quimioterapia\/#breadcrumb\",\"itemListElement\":[{\"@type\":\"ListItem\",\"position\":1,\"name\":\"In\u00edcio\",\"item\":\"https:\/\/portaltela.pt\/\"},{\"@type\":\"ListItem\",\"position\":2,\"name\":\"Jo\u00e3o Manzarra recorda que o pai adorava marisco durante a quimioterapia\"}]},{\"@type\":\"WebSite\",\"@id\":\"https:\/\/portaltela.pt\/#website\",\"url\":\"https:\/\/portaltela.pt\/\",\"name\":\"Portal Tela Portugal\",\"description\":\"\",\"potentialAction\":[{\"@type\":\"SearchAction\",\"target\":{\"@type\":\"EntryPoint\",\"urlTemplate\":\"https:\/\/portaltela.pt\/?s={search_term_string}\"},\"query-input\":{\"@type\":\"PropertyValueSpecification\",\"valueRequired\":true,\"valueName\":\"search_term_string\"}}],\"inLanguage\":\"pt-PT\"},{\"@type\":\"Person\",\"@id\":\"https:\/\/portaltela.pt\/#\/schema\/person\/c4278d4a6028830caff9ee44b42d32ed\",\"name\":\"Telinha\",\"image\":{\"@type\":\"ImageObject\",\"inLanguage\":\"pt-PT\",\"@id\":\"https:\/\/portaltela.pt\/s.01k8rhncp4jt1\/2025\/11\/talking-bot-125x125.png\",\"url\":\"https:\/\/portaltela.pt\/s.01k8rhncp4jt1\/2025\/11\/talking-bot-125x125.png\",\"contentUrl\":\"https:\/\/portaltela.pt\/s.01k8rhncp4jt1\/2025\/11\/talking-bot-125x125.png\",\"caption\":\"Telinha\"},\"sameAs\":[\"https:\/\/portaltela.pt\/\"],\"url\":\"https:\/\/portaltela.pt\/por\/367410592786\/\"}]}<\/script>\n<!-- \/ Yoast SEO plugin. -->","yoast_head_json":{"title":"Jo\u00e3o Manzarra recorda que o pai adorava marisco durante a quimioterapia - Portal Tela Portugal","robots":{"index":"index","follow":"follow","max-snippet":"max-snippet:-1","max-image-preview":"max-image-preview:large","max-video-preview":"max-video-preview:-1"},"og_locale":"pt_PT","og_type":"article","og_title":"Jo\u00e3o Manzarra recorda que o pai adorava marisco durante a quimioterapia - Portal Tela Portugal","og_description":"Jo\u00e3o Manzarra \u00e9 o convidado de Daniel Oliveira no podcast Alta Defini\u00e7\u00e3o, dispon\u00edvel na SIC. O conversa insere-se antes do regresso do programa Vale Tudo. O apresentador recorda o in\u00edcio da carreira na televis\u00e3o, a rela\u00e7\u00e3o com os animais e a inf\u00e2ncia. Relata o \u00faltimo ano de vida do pai, marcado por debilita\u00e7\u00e3o, momentos de esperan\u00e7a e not\u00edcias de sa\u00fade desafiantes. O apresentador diz que o pai o preparou para a morte e que a entrevista est\u00e1 dispon\u00edvel na SIC a 27 de dezembro.","og_url":"https:\/\/portaltela.pt\/noticias\/2025\/12\/27\/joao-manzarra-recorda-que-o-pai-adorava-marisco-durante-a-quimioterapia\/","og_site_name":"Portal Tela Portugal","article_published_time":"2025-12-27T16:45:00+00:00","author":"Telinha","twitter_card":"summary_large_image","twitter_misc":{"Escrito por":"Telinha","Tempo estimado de leitura":"1 minuto"},"schema":{"@context":"https:\/\/schema.org","@graph":[{"@type":"Article","@id":"https:\/\/portaltela.pt\/noticias\/2025\/12\/27\/joao-manzarra-recorda-que-o-pai-adorava-marisco-durante-a-quimioterapia\/#article","isPartOf":{"@id":"https:\/\/portaltela.pt\/noticias\/2025\/12\/27\/joao-manzarra-recorda-que-o-pai-adorava-marisco-durante-a-quimioterapia\/"},"author":{"name":"Telinha","@id":"https:\/\/portaltela.pt\/#\/schema\/person\/c4278d4a6028830caff9ee44b42d32ed"},"headline":"Jo\u00e3o Manzarra recorda que o pai adorava marisco durante a quimioterapia","datePublished":"2025-12-27T16:45:00+00:00","mainEntityOfPage":{"@id":"https:\/\/portaltela.pt\/noticias\/2025\/12\/27\/joao-manzarra-recorda-que-o-pai-adorava-marisco-durante-a-quimioterapia\/"},"wordCount":198,"image":{"@id":"https:\/\/portaltela.pt\/noticias\/2025\/12\/27\/joao-manzarra-recorda-que-o-pai-adorava-marisco-durante-a-quimioterapia\/#primaryimage"},"thumbnailUrl":"https:\/\/portaltela.pt\/s.01k8rhncp4jt1\/2025\/12\/unnamed-file-2038.jpg","keywords":["doen\u00e7as","fam\u00edlia","fam\u00edlias","famosos","inf\u00e2ncia","quimioterapia"],"articleSection":["Entretenimento","Not\u00edcias"],"inLanguage":"pt-PT"},{"@type":"WebPage","@id":"https:\/\/portaltela.pt\/noticias\/2025\/12\/27\/joao-manzarra-recorda-que-o-pai-adorava-marisco-durante-a-quimioterapia\/","url":"https:\/\/portaltela.pt\/noticias\/2025\/12\/27\/joao-manzarra-recorda-que-o-pai-adorava-marisco-durante-a-quimioterapia\/","name":"Jo\u00e3o Manzarra recorda que o pai adorava marisco durante a quimioterapia - Portal Tela Portugal","isPartOf":{"@id":"https:\/\/portaltela.pt\/#website"},"primaryImageOfPage":{"@id":"https:\/\/portaltela.pt\/noticias\/2025\/12\/27\/joao-manzarra-recorda-que-o-pai-adorava-marisco-durante-a-quimioterapia\/#primaryimage"},"image":{"@id":"https:\/\/portaltela.pt\/noticias\/2025\/12\/27\/joao-manzarra-recorda-que-o-pai-adorava-marisco-durante-a-quimioterapia\/#primaryimage"},"thumbnailUrl":"https:\/\/portaltela.pt\/s.01k8rhncp4jt1\/2025\/12\/unnamed-file-2038.jpg","datePublished":"2025-12-27T16:45:00+00:00","author":{"@id":"https:\/\/portaltela.pt\/#\/schema\/person\/c4278d4a6028830caff9ee44b42d32ed"},"breadcrumb":{"@id":"https:\/\/portaltela.pt\/noticias\/2025\/12\/27\/joao-manzarra-recorda-que-o-pai-adorava-marisco-durante-a-quimioterapia\/#breadcrumb"},"inLanguage":"pt-PT","potentialAction":[{"@type":"ReadAction","target":["https:\/\/portaltela.pt\/noticias\/2025\/12\/27\/joao-manzarra-recorda-que-o-pai-adorava-marisco-durante-a-quimioterapia\/"]}]},{"@type":"ImageObject","inLanguage":"pt-PT","@id":"https:\/\/portaltela.pt\/noticias\/2025\/12\/27\/joao-manzarra-recorda-que-o-pai-adorava-marisco-durante-a-quimioterapia\/#primaryimage","url":"https:\/\/portaltela.pt\/s.01k8rhncp4jt1\/2025\/12\/unnamed-file-2038.jpg","contentUrl":"https:\/\/portaltela.pt\/s.01k8rhncp4jt1\/2025\/12\/unnamed-file-2038.jpg","width":796,"height":448,"caption":"Jo\u00e3o Manzarra: \u201cO meu pai gostava muito de marisco, n\u00e3o houve uma quimioterapia que fizesse sem estar a comer lagosta\u201d"},{"@type":"BreadcrumbList","@id":"https:\/\/portaltela.pt\/noticias\/2025\/12\/27\/joao-manzarra-recorda-que-o-pai-adorava-marisco-durante-a-quimioterapia\/#breadcrumb","itemListElement":[{"@type":"ListItem","position":1,"name":"In\u00edcio","item":"https:\/\/portaltela.pt\/"},{"@type":"ListItem","position":2,"name":"Jo\u00e3o Manzarra recorda que o pai adorava marisco durante a quimioterapia"}]},{"@type":"WebSite","@id":"https:\/\/portaltela.pt\/#website","url":"https:\/\/portaltela.pt\/","name":"Portal Tela Portugal","description":"","potentialAction":[{"@type":"SearchAction","target":{"@type":"EntryPoint","urlTemplate":"https:\/\/portaltela.pt\/?s={search_term_string}"},"query-input":{"@type":"PropertyValueSpecification","valueRequired":true,"valueName":"search_term_string"}}],"inLanguage":"pt-PT"},{"@type":"Person","@id":"https:\/\/portaltela.pt\/#\/schema\/person\/c4278d4a6028830caff9ee44b42d32ed","name":"Telinha","image":{"@type":"ImageObject","inLanguage":"pt-PT","@id":"https:\/\/portaltela.pt\/s.01k8rhncp4jt1\/2025\/11\/talking-bot-125x125.png","url":"https:\/\/portaltela.pt\/s.01k8rhncp4jt1\/2025\/11\/talking-bot-125x125.png","contentUrl":"https:\/\/portaltela.pt\/s.01k8rhncp4jt1\/2025\/11\/talking-bot-125x125.png","caption":"Telinha"},"sameAs":["https:\/\/portaltela.pt\/"],"url":"https:\/\/portaltela.pt\/por\/367410592786\/"}]}},"_links":{"self":[{"href":"https:\/\/portaltela.pt\/api\/wp\/v2\/posts\/101809","targetHints":{"allow":["GET"]}}],"collection":[{"href":"https:\/\/portaltela.pt\/api\/wp\/v2\/posts"}],"about":[{"href":"https:\/\/portaltela.pt\/api\/wp\/v2\/types\/post"}],"author":[{"embeddable":true,"href":"https:\/\/portaltela.pt\/api\/wp\/v2\/users\/2"}],"replies":[{"embeddable":true,"href":"https:\/\/portaltela.pt\/api\/wp\/v2\/comments?post=101809"}],"version-history":[{"count":0,"href":"https:\/\/portaltela.pt\/api\/wp\/v2\/posts\/101809\/revisions"}],"wp:featuredmedia":[{"embeddable":true,"href":"https:\/\/portaltela.pt\/api\/wp\/v2\/media\/101816"}],"wp:attachment":[{"href":"https:\/\/portaltela.pt\/api\/wp\/v2\/media?parent=101809"}],"wp:term":[{"taxonomy":"category","embeddable":true,"href":"https:\/\/portaltela.pt\/api\/wp\/v2\/categories?post=101809"},{"taxonomy":"post_tag","embeddable":true,"href":"https:\/\/portaltela.pt\/api\/wp\/v2\/tags?post=101809"}],"curies":[{"name":"wp","href":"https:\/\/api.w.org\/{rel}","templated":true}]}}