{"id":101744,"date":"2025-12-27T14:13:00","date_gmt":"2025-12-27T17:13:00","guid":{"rendered":"https:\/\/portaltela.pt\/noticias\/2025\/12\/27\/nove-detidos-em-italia-por-financiamento-do-hamas-via-organizacoes-de-caridade\/"},"modified":"2025-12-27T14:13:00","modified_gmt":"2025-12-27T17:13:00","slug":"nove-detidos-em-italia-por-financiamento-do-hamas-via-organizacoes-de-caridade","status":"publish","type":"post","link":"https:\/\/portaltela.pt\/noticias\/2025\/12\/27\/nove-detidos-em-italia-por-financiamento-do-hamas-via-organizacoes-de-caridade\/","title":{"rendered":"Nove detidos em It\u00e1lia por financiamento do Hamas via organiza\u00e7\u00f5es de caridade"},"content":{"rendered":"<p>Nove pessoas foram detidas em It\u00e1lia por alegadamente financiarem o Hamas a partir do pa\u00eds, num esquema que ter\u00e1 movimentado mais de sete milh\u00f5es de euros. O caso envolve tr\u00eas institui\u00e7\u00f5es de solidariedade que recolhiam fundos para Gaza, mas que teriam desviado esse dinheiro.<\/p>\n<p>A opera\u00e7\u00e3o foi determinada por um juiz de G\u00e9nova a pedido da Dire\u00e7\u00e3o Antim\u00e1fia e Antiterrorismo, com colabora\u00e7\u00e3o de autoridades da Holanda e de outros pa\u00edses da Uni\u00e3o Europeia. As deten\u00e7\u00f5es decorrem no \u00e2mbito de uma investiga\u00e7\u00e3o que aponta as associa\u00e7\u00f5es de solidariedade como fachada para envio de recursos ao Hamas.<\/p>\n<p>Entre os detidos est\u00e1 Mohammad Hannoun, identificado como chefe da filial internacional do Hamas e l\u00edder da c\u00e9lula italiana. O Minist\u00e9rio do Interior italiano indicou que, embora haja presun\u00e7\u00e3o de inoc\u00eancia, as atividades investigadas sugerem participa\u00e7\u00e3o em organiza\u00e7\u00f5es com objetivos terroristas.<\/p>\n<h3>Desdobramentos e balan\u00e7o<\/h3>\n<p>Paralelamente \u00e0s pris\u00f5es, a pol\u00edcia apreendeu mais de 8 milh\u00f5es de euros em bens vinculados ao esquema. A investiga\u00e7\u00e3o aponta que o financiamento ter\u00e1 iniciado em 2001, com grandes transfer\u00eancias a partir de outubro de 2003, originalmente destinadas a civis em Gaza.<\/p>\n<p>Os investigadores destacam que o fluxo de fundos cresceu ap\u00f3s os ataques de 7 de outubro de 2003, com as organiza\u00e7\u00f5es de solidariedade a apresentarem-se formalmente como apoio \u00e0 popula\u00e7\u00e3o palestiniana, mas a funcionar como canal para recursos ao Hamas.<\/p>\n","protected":false},"excerpt":{"rendered":"<ul>\n<li>A pol\u00edcia italiana deteve nove pessoas acusadas de financiarem o Hamas a partir de It\u00e1lia, num esquema que envolveu mais de sete milh\u00f5es de euros.<\/li>\n<li>O financiamento passava por tr\u00eas institui\u00e7\u00f5es de solidariedade que recolhiam fundos para Gaza, mas que teriam desviado os recursos para o Hamas.<\/li>\n<li>A ordem de deten\u00e7\u00e3o foi emitida por um juiz de G\u00e9nova, a pedido da Diretoria Antim\u00e1fia e Antiterrorismo, com colabora\u00e7\u00e3o de autoridades da Holanda e de outros pa\u00edses da Uni\u00e3o Europeia.<\/li>\n<li>Entre os detidos est\u00e1 Mohammad Hannoun, chefe da filial internacional do Hamas e l\u00edder da c\u00e9lula italiana.<\/li>\n<li>Paralelamente, a pol\u00edcia apreendeu mais de oito milh\u00f5es de euros em bens; o financiamento ter\u00e1 come\u00e7ado em outubro de 2001, com grandes transfer\u00eancias ap\u00f3s o dia 7 de outubro de 2003.<\/li>\n<\/ul>\n","protected":false},"author":2,"featured_media":101749,"comment_status":"closed","ping_status":"closed","sticky":false,"template":"","format":"standard","meta":{"footnotes":""},"categories":[1],"tags":[1460,215,1857,352,466,136],"class_list":["post-101744","post","type-post","status-publish","format-standard","has-post-thumbnail","hentry","category-noticias","tag-financiamento-do-terrorismo","tag-investigacao","tag-italia","tag-organizacao-criminosa","tag-organizacao-internacional","tag-organizacoes"],"yoast_head":"<!-- This site is optimized with the Yoast SEO plugin v27.2 - https:\/\/yoast.com\/product\/yoast-seo-wordpress\/ -->\n<title>Nove detidos em It\u00e1lia por financiamento do Hamas via organiza\u00e7\u00f5es de caridade - Portal Tela Portugal<\/title>\n<meta name=\"robots\" content=\"index, follow, max-snippet:-1, max-image-preview:large, max-video-preview:-1\" \/>\n<meta property=\"og:locale\" content=\"pt_PT\" \/>\n<meta property=\"og:type\" content=\"article\" \/>\n<meta property=\"og:title\" content=\"Nove detidos em It\u00e1lia por financiamento do Hamas via organiza\u00e7\u00f5es de caridade - Portal Tela Portugal\" \/>\n<meta property=\"og:description\" content=\"A pol\u00edcia italiana deteve nove pessoas acusadas de financiarem o Hamas a partir de It\u00e1lia, num esquema que envolveu mais de sete milh\u00f5es de euros. O financiamento passava por tr\u00eas institui\u00e7\u00f5es de solidariedade que recolhiam fundos para Gaza, mas que teriam desviado os recursos para o Hamas. A ordem de deten\u00e7\u00e3o foi emitida por um juiz de G\u00e9nova, a pedido da Diretoria Antim\u00e1fia e Antiterrorismo, com colabora\u00e7\u00e3o de autoridades da Holanda e de outros pa\u00edses da Uni\u00e3o Europeia. Entre os detidos est\u00e1 Mohammad Hannoun, chefe da filial internacional do Hamas e l\u00edder da c\u00e9lula italiana. Paralelamente, a pol\u00edcia apreendeu mais de oito milh\u00f5es de euros em bens; o financiamento ter\u00e1 come\u00e7ado em outubro de 2001, com grandes transfer\u00eancias ap\u00f3s o dia 7 de outubro de 2003.\" \/>\n<meta property=\"og:url\" content=\"https:\/\/portaltela.pt\/noticias\/2025\/12\/27\/nove-detidos-em-italia-por-financiamento-do-hamas-via-organizacoes-de-caridade\/\" \/>\n<meta property=\"og:site_name\" content=\"Portal Tela Portugal\" \/>\n<meta property=\"article:published_time\" content=\"2025-12-27T17:13:00+00:00\" \/>\n<meta name=\"author\" content=\"Telinha\" \/>\n<meta name=\"twitter:card\" content=\"summary_large_image\" \/>\n<meta name=\"twitter:label1\" content=\"Escrito por\" \/>\n\t<meta name=\"twitter:data1\" content=\"Telinha\" \/>\n\t<meta name=\"twitter:label2\" content=\"Tempo estimado de leitura\" \/>\n\t<meta name=\"twitter:data2\" content=\"1 minuto\" \/>\n<script type=\"application\/ld+json\" class=\"yoast-schema-graph\">{\"@context\":\"https:\/\/schema.org\",\"@graph\":[{\"@type\":\"Article\",\"@id\":\"https:\/\/portaltela.pt\/noticias\/2025\/12\/27\/nove-detidos-em-italia-por-financiamento-do-hamas-via-organizacoes-de-caridade\/#article\",\"isPartOf\":{\"@id\":\"https:\/\/portaltela.pt\/noticias\/2025\/12\/27\/nove-detidos-em-italia-por-financiamento-do-hamas-via-organizacoes-de-caridade\/\"},\"author\":{\"name\":\"Telinha\",\"@id\":\"https:\/\/portaltela.pt\/#\/schema\/person\/c4278d4a6028830caff9ee44b42d32ed\"},\"headline\":\"Nove detidos em It\u00e1lia por financiamento do Hamas via organiza\u00e7\u00f5es de caridade\",\"datePublished\":\"2025-12-27T17:13:00+00:00\",\"mainEntityOfPage\":{\"@id\":\"https:\/\/portaltela.pt\/noticias\/2025\/12\/27\/nove-detidos-em-italia-por-financiamento-do-hamas-via-organizacoes-de-caridade\/\"},\"wordCount\":260,\"image\":{\"@id\":\"https:\/\/portaltela.pt\/noticias\/2025\/12\/27\/nove-detidos-em-italia-por-financiamento-do-hamas-via-organizacoes-de-caridade\/#primaryimage\"},\"thumbnailUrl\":\"https:\/\/portaltela.pt\/s.01k8rhncp4jt1\/2025\/12\/img_1500x1000uu2025-12-27-17-11-15-2256671.jpg\",\"keywords\":[\"financiamento do terrorismo\",\"investiga\u00e7\u00e3o\",\"It\u00e1lia\",\"organiza\u00e7\u00e3o criminosa\",\"organiza\u00e7\u00e3o internacional\",\"organiza\u00e7\u00f5es\"],\"articleSection\":[\"Not\u00edcias\"],\"inLanguage\":\"pt-PT\"},{\"@type\":\"WebPage\",\"@id\":\"https:\/\/portaltela.pt\/noticias\/2025\/12\/27\/nove-detidos-em-italia-por-financiamento-do-hamas-via-organizacoes-de-caridade\/\",\"url\":\"https:\/\/portaltela.pt\/noticias\/2025\/12\/27\/nove-detidos-em-italia-por-financiamento-do-hamas-via-organizacoes-de-caridade\/\",\"name\":\"Nove detidos em It\u00e1lia por financiamento do Hamas via organiza\u00e7\u00f5es de caridade - Portal Tela Portugal\",\"isPartOf\":{\"@id\":\"https:\/\/portaltela.pt\/#website\"},\"primaryImageOfPage\":{\"@id\":\"https:\/\/portaltela.pt\/noticias\/2025\/12\/27\/nove-detidos-em-italia-por-financiamento-do-hamas-via-organizacoes-de-caridade\/#primaryimage\"},\"image\":{\"@id\":\"https:\/\/portaltela.pt\/noticias\/2025\/12\/27\/nove-detidos-em-italia-por-financiamento-do-hamas-via-organizacoes-de-caridade\/#primaryimage\"},\"thumbnailUrl\":\"https:\/\/portaltela.pt\/s.01k8rhncp4jt1\/2025\/12\/img_1500x1000uu2025-12-27-17-11-15-2256671.jpg\",\"datePublished\":\"2025-12-27T17:13:00+00:00\",\"author\":{\"@id\":\"https:\/\/portaltela.pt\/#\/schema\/person\/c4278d4a6028830caff9ee44b42d32ed\"},\"breadcrumb\":{\"@id\":\"https:\/\/portaltela.pt\/noticias\/2025\/12\/27\/nove-detidos-em-italia-por-financiamento-do-hamas-via-organizacoes-de-caridade\/#breadcrumb\"},\"inLanguage\":\"pt-PT\",\"potentialAction\":[{\"@type\":\"ReadAction\",\"target\":[\"https:\/\/portaltela.pt\/noticias\/2025\/12\/27\/nove-detidos-em-italia-por-financiamento-do-hamas-via-organizacoes-de-caridade\/\"]}]},{\"@type\":\"ImageObject\",\"inLanguage\":\"pt-PT\",\"@id\":\"https:\/\/portaltela.pt\/noticias\/2025\/12\/27\/nove-detidos-em-italia-por-financiamento-do-hamas-via-organizacoes-de-caridade\/#primaryimage\",\"url\":\"https:\/\/portaltela.pt\/s.01k8rhncp4jt1\/2025\/12\/img_1500x1000uu2025-12-27-17-11-15-2256671.jpg\",\"contentUrl\":\"https:\/\/portaltela.pt\/s.01k8rhncp4jt1\/2025\/12\/img_1500x1000uu2025-12-27-17-11-15-2256671.jpg\",\"width\":796,\"height\":448,\"caption\":\"Pol\u00edcia italiana fez buscas numa das institui\u00e7\u00f5es de solidariedade suspeitas\"},{\"@type\":\"BreadcrumbList\",\"@id\":\"https:\/\/portaltela.pt\/noticias\/2025\/12\/27\/nove-detidos-em-italia-por-financiamento-do-hamas-via-organizacoes-de-caridade\/#breadcrumb\",\"itemListElement\":[{\"@type\":\"ListItem\",\"position\":1,\"name\":\"In\u00edcio\",\"item\":\"https:\/\/portaltela.pt\/\"},{\"@type\":\"ListItem\",\"position\":2,\"name\":\"Nove detidos em It\u00e1lia por financiamento do Hamas via organiza\u00e7\u00f5es de caridade\"}]},{\"@type\":\"WebSite\",\"@id\":\"https:\/\/portaltela.pt\/#website\",\"url\":\"https:\/\/portaltela.pt\/\",\"name\":\"Portal Tela Portugal\",\"description\":\"\",\"potentialAction\":[{\"@type\":\"SearchAction\",\"target\":{\"@type\":\"EntryPoint\",\"urlTemplate\":\"https:\/\/portaltela.pt\/?s={search_term_string}\"},\"query-input\":{\"@type\":\"PropertyValueSpecification\",\"valueRequired\":true,\"valueName\":\"search_term_string\"}}],\"inLanguage\":\"pt-PT\"},{\"@type\":\"Person\",\"@id\":\"https:\/\/portaltela.pt\/#\/schema\/person\/c4278d4a6028830caff9ee44b42d32ed\",\"name\":\"Telinha\",\"image\":{\"@type\":\"ImageObject\",\"inLanguage\":\"pt-PT\",\"@id\":\"https:\/\/portaltela.pt\/s.01k8rhncp4jt1\/2025\/11\/talking-bot-125x125.png\",\"url\":\"https:\/\/portaltela.pt\/s.01k8rhncp4jt1\/2025\/11\/talking-bot-125x125.png\",\"contentUrl\":\"https:\/\/portaltela.pt\/s.01k8rhncp4jt1\/2025\/11\/talking-bot-125x125.png\",\"caption\":\"Telinha\"},\"sameAs\":[\"https:\/\/portaltela.pt\/\"],\"url\":\"https:\/\/portaltela.pt\/por\/367410592786\/\"}]}<\/script>\n<!-- \/ Yoast SEO plugin. -->","yoast_head_json":{"title":"Nove detidos em It\u00e1lia por financiamento do Hamas via organiza\u00e7\u00f5es de caridade - Portal Tela Portugal","robots":{"index":"index","follow":"follow","max-snippet":"max-snippet:-1","max-image-preview":"max-image-preview:large","max-video-preview":"max-video-preview:-1"},"og_locale":"pt_PT","og_type":"article","og_title":"Nove detidos em It\u00e1lia por financiamento do Hamas via organiza\u00e7\u00f5es de caridade - Portal Tela Portugal","og_description":"A pol\u00edcia italiana deteve nove pessoas acusadas de financiarem o Hamas a partir de It\u00e1lia, num esquema que envolveu mais de sete milh\u00f5es de euros. O financiamento passava por tr\u00eas institui\u00e7\u00f5es de solidariedade que recolhiam fundos para Gaza, mas que teriam desviado os recursos para o Hamas. A ordem de deten\u00e7\u00e3o foi emitida por um juiz de G\u00e9nova, a pedido da Diretoria Antim\u00e1fia e Antiterrorismo, com colabora\u00e7\u00e3o de autoridades da Holanda e de outros pa\u00edses da Uni\u00e3o Europeia. Entre os detidos est\u00e1 Mohammad Hannoun, chefe da filial internacional do Hamas e l\u00edder da c\u00e9lula italiana. Paralelamente, a pol\u00edcia apreendeu mais de oito milh\u00f5es de euros em bens; o financiamento ter\u00e1 come\u00e7ado em outubro de 2001, com grandes transfer\u00eancias ap\u00f3s o dia 7 de outubro de 2003.","og_url":"https:\/\/portaltela.pt\/noticias\/2025\/12\/27\/nove-detidos-em-italia-por-financiamento-do-hamas-via-organizacoes-de-caridade\/","og_site_name":"Portal Tela Portugal","article_published_time":"2025-12-27T17:13:00+00:00","author":"Telinha","twitter_card":"summary_large_image","twitter_misc":{"Escrito por":"Telinha","Tempo estimado de leitura":"1 minuto"},"schema":{"@context":"https:\/\/schema.org","@graph":[{"@type":"Article","@id":"https:\/\/portaltela.pt\/noticias\/2025\/12\/27\/nove-detidos-em-italia-por-financiamento-do-hamas-via-organizacoes-de-caridade\/#article","isPartOf":{"@id":"https:\/\/portaltela.pt\/noticias\/2025\/12\/27\/nove-detidos-em-italia-por-financiamento-do-hamas-via-organizacoes-de-caridade\/"},"author":{"name":"Telinha","@id":"https:\/\/portaltela.pt\/#\/schema\/person\/c4278d4a6028830caff9ee44b42d32ed"},"headline":"Nove detidos em It\u00e1lia por financiamento do Hamas via organiza\u00e7\u00f5es de caridade","datePublished":"2025-12-27T17:13:00+00:00","mainEntityOfPage":{"@id":"https:\/\/portaltela.pt\/noticias\/2025\/12\/27\/nove-detidos-em-italia-por-financiamento-do-hamas-via-organizacoes-de-caridade\/"},"wordCount":260,"image":{"@id":"https:\/\/portaltela.pt\/noticias\/2025\/12\/27\/nove-detidos-em-italia-por-financiamento-do-hamas-via-organizacoes-de-caridade\/#primaryimage"},"thumbnailUrl":"https:\/\/portaltela.pt\/s.01k8rhncp4jt1\/2025\/12\/img_1500x1000uu2025-12-27-17-11-15-2256671.jpg","keywords":["financiamento do terrorismo","investiga\u00e7\u00e3o","It\u00e1lia","organiza\u00e7\u00e3o criminosa","organiza\u00e7\u00e3o internacional","organiza\u00e7\u00f5es"],"articleSection":["Not\u00edcias"],"inLanguage":"pt-PT"},{"@type":"WebPage","@id":"https:\/\/portaltela.pt\/noticias\/2025\/12\/27\/nove-detidos-em-italia-por-financiamento-do-hamas-via-organizacoes-de-caridade\/","url":"https:\/\/portaltela.pt\/noticias\/2025\/12\/27\/nove-detidos-em-italia-por-financiamento-do-hamas-via-organizacoes-de-caridade\/","name":"Nove detidos em It\u00e1lia por financiamento do Hamas via organiza\u00e7\u00f5es de caridade - Portal Tela Portugal","isPartOf":{"@id":"https:\/\/portaltela.pt\/#website"},"primaryImageOfPage":{"@id":"https:\/\/portaltela.pt\/noticias\/2025\/12\/27\/nove-detidos-em-italia-por-financiamento-do-hamas-via-organizacoes-de-caridade\/#primaryimage"},"image":{"@id":"https:\/\/portaltela.pt\/noticias\/2025\/12\/27\/nove-detidos-em-italia-por-financiamento-do-hamas-via-organizacoes-de-caridade\/#primaryimage"},"thumbnailUrl":"https:\/\/portaltela.pt\/s.01k8rhncp4jt1\/2025\/12\/img_1500x1000uu2025-12-27-17-11-15-2256671.jpg","datePublished":"2025-12-27T17:13:00+00:00","author":{"@id":"https:\/\/portaltela.pt\/#\/schema\/person\/c4278d4a6028830caff9ee44b42d32ed"},"breadcrumb":{"@id":"https:\/\/portaltela.pt\/noticias\/2025\/12\/27\/nove-detidos-em-italia-por-financiamento-do-hamas-via-organizacoes-de-caridade\/#breadcrumb"},"inLanguage":"pt-PT","potentialAction":[{"@type":"ReadAction","target":["https:\/\/portaltela.pt\/noticias\/2025\/12\/27\/nove-detidos-em-italia-por-financiamento-do-hamas-via-organizacoes-de-caridade\/"]}]},{"@type":"ImageObject","inLanguage":"pt-PT","@id":"https:\/\/portaltela.pt\/noticias\/2025\/12\/27\/nove-detidos-em-italia-por-financiamento-do-hamas-via-organizacoes-de-caridade\/#primaryimage","url":"https:\/\/portaltela.pt\/s.01k8rhncp4jt1\/2025\/12\/img_1500x1000uu2025-12-27-17-11-15-2256671.jpg","contentUrl":"https:\/\/portaltela.pt\/s.01k8rhncp4jt1\/2025\/12\/img_1500x1000uu2025-12-27-17-11-15-2256671.jpg","width":796,"height":448,"caption":"Pol\u00edcia italiana fez buscas numa das institui\u00e7\u00f5es de solidariedade suspeitas"},{"@type":"BreadcrumbList","@id":"https:\/\/portaltela.pt\/noticias\/2025\/12\/27\/nove-detidos-em-italia-por-financiamento-do-hamas-via-organizacoes-de-caridade\/#breadcrumb","itemListElement":[{"@type":"ListItem","position":1,"name":"In\u00edcio","item":"https:\/\/portaltela.pt\/"},{"@type":"ListItem","position":2,"name":"Nove detidos em It\u00e1lia por financiamento do Hamas via organiza\u00e7\u00f5es de caridade"}]},{"@type":"WebSite","@id":"https:\/\/portaltela.pt\/#website","url":"https:\/\/portaltela.pt\/","name":"Portal Tela Portugal","description":"","potentialAction":[{"@type":"SearchAction","target":{"@type":"EntryPoint","urlTemplate":"https:\/\/portaltela.pt\/?s={search_term_string}"},"query-input":{"@type":"PropertyValueSpecification","valueRequired":true,"valueName":"search_term_string"}}],"inLanguage":"pt-PT"},{"@type":"Person","@id":"https:\/\/portaltela.pt\/#\/schema\/person\/c4278d4a6028830caff9ee44b42d32ed","name":"Telinha","image":{"@type":"ImageObject","inLanguage":"pt-PT","@id":"https:\/\/portaltela.pt\/s.01k8rhncp4jt1\/2025\/11\/talking-bot-125x125.png","url":"https:\/\/portaltela.pt\/s.01k8rhncp4jt1\/2025\/11\/talking-bot-125x125.png","contentUrl":"https:\/\/portaltela.pt\/s.01k8rhncp4jt1\/2025\/11\/talking-bot-125x125.png","caption":"Telinha"},"sameAs":["https:\/\/portaltela.pt\/"],"url":"https:\/\/portaltela.pt\/por\/367410592786\/"}]}},"_links":{"self":[{"href":"https:\/\/portaltela.pt\/api\/wp\/v2\/posts\/101744","targetHints":{"allow":["GET"]}}],"collection":[{"href":"https:\/\/portaltela.pt\/api\/wp\/v2\/posts"}],"about":[{"href":"https:\/\/portaltela.pt\/api\/wp\/v2\/types\/post"}],"author":[{"embeddable":true,"href":"https:\/\/portaltela.pt\/api\/wp\/v2\/users\/2"}],"replies":[{"embeddable":true,"href":"https:\/\/portaltela.pt\/api\/wp\/v2\/comments?post=101744"}],"version-history":[{"count":0,"href":"https:\/\/portaltela.pt\/api\/wp\/v2\/posts\/101744\/revisions"}],"wp:featuredmedia":[{"embeddable":true,"href":"https:\/\/portaltela.pt\/api\/wp\/v2\/media\/101749"}],"wp:attachment":[{"href":"https:\/\/portaltela.pt\/api\/wp\/v2\/media?parent=101744"}],"wp:term":[{"taxonomy":"category","embeddable":true,"href":"https:\/\/portaltela.pt\/api\/wp\/v2\/categories?post=101744"},{"taxonomy":"post_tag","embeddable":true,"href":"https:\/\/portaltela.pt\/api\/wp\/v2\/tags?post=101744"}],"curies":[{"name":"wp","href":"https:\/\/api.w.org\/{rel}","templated":true}]}}