{"id":101676,"date":"2025-12-27T13:38:00","date_gmt":"2025-12-27T16:38:00","guid":{"rendered":"https:\/\/portaltela.pt\/noticias\/2025\/12\/27\/mp-pede-10-anos-de-prisao-aos-lideres-de-atestados-falsos-para-imigrantes\/"},"modified":"2025-12-27T13:38:00","modified_gmt":"2025-12-27T16:38:00","slug":"mp-pede-10-anos-de-prisao-aos-lideres-de-atestados-falsos-para-imigrantes","status":"publish","type":"post","link":"https:\/\/portaltela.pt\/noticias\/2025\/12\/27\/mp-pede-10-anos-de-prisao-aos-lideres-de-atestados-falsos-para-imigrantes\/","title":{"rendered":"MP pede 10 anos de pris\u00e3o aos l\u00edderes de atestados falsos para imigrantes"},"content":{"rendered":"<p>O Minist\u00e9rio P\u00fablico pediu uma pena de dez anos de pris\u00e3o para os quatro principais arguidos no caso dos falsos atestados de resid\u00eancia passados na Junta de Freguesia de Penha de Fran\u00e7a. Os documentos visavam regularizar, de forma fraudulenta, a perman\u00eancia de imigrantes em Portugal junto do extinto SEF.<\/p>\n<p>A Procuradora do MP detalhou que a acusa\u00e7\u00e3o baseia-se em crimes cometidos entre 2021 e 2023. A acusa\u00e7\u00e3o aponta para quatro anos de pris\u00e3o por associa\u00e7\u00e3o criminosa, quatro por aux\u00edlio \u00e0 imigra\u00e7\u00e3o ilegal e dois por falsifica\u00e7\u00e3o de documentos, dirigidos aos quatro principais arguidos.<\/p>\n<p>No decorrer do julgamento, o coletivo de ju\u00edzes libertou tr\u00eas arguidos preventivos e um quarto que estava em pris\u00e3o domicili\u00e1ria. Todos os libertos s\u00e3o de nacionalidade indost\u00e2nica, segundo a decis\u00e3o divulgada pelo tribunal.<\/p>\n","protected":false},"excerpt":{"rendered":"<ul>\n<li>O Minist\u00e9rio P\u00fablico pediu dez anos de pris\u00e3o para os quatro principais arguidos no caso dos atestados de resid\u00eancia falsos na Junta de Freguesia de Penha de Fran\u00e7a, usados para facilitar a regulariza\u00e7\u00e3o de imigrantes.<\/li>\n<li>A Procuradora indicou que os crimes ocorreram entre 2021 e 2023, com quatro anos de pris\u00e3o por associa\u00e7\u00e3o criminosa, quatro por aux\u00edlio \u00e0 imigra\u00e7\u00e3o ilegal e dois por falsifica\u00e7\u00e3o de documentos.<\/li>\n<li>O objetivo era regularizar, de forma fraudulosa, a perman\u00eancia de imigrantes em Portugal junto do extinto Servi\u00e7o de Estrangeiros e Fronteiras (SEF).<\/li>\n<li>No veredito, o coletivo de ju\u00edzes libertou tr\u00eas presos preventivos de nacionalidade indost\u00e2nica e um quarto arguido que estava em pris\u00e3o domicili\u00e1ria.<\/li>\n<li>A foto associada \u00e0 not\u00edcia mostra um funcion\u00e1rio da Junta de Freguesia de Penha de Fran\u00e7a, arguido.<\/li>\n<\/ul>\n","protected":false},"author":2,"featured_media":101686,"comment_status":"closed","ping_status":"closed","sticky":false,"template":"","format":"standard","meta":{"footnotes":""},"categories":[1],"tags":[1151,1203,147,260,712,1921],"class_list":["post-101676","post","type-post","status-publish","format-standard","has-post-thumbnail","hentry","category-noticias","tag-associacao-criminosa","tag-auxilio-a-imigracao-ilegal","tag-crime","tag-falsificacao-de-documentos","tag-imigracao","tag-imigrantes"],"yoast_head":"<!-- This site is optimized with the Yoast SEO plugin v27.2 - https:\/\/yoast.com\/product\/yoast-seo-wordpress\/ -->\n<title>MP pede 10 anos de pris\u00e3o aos l\u00edderes de atestados falsos para imigrantes - Portal Tela Portugal<\/title>\n<meta name=\"robots\" content=\"index, follow, max-snippet:-1, max-image-preview:large, max-video-preview:-1\" \/>\n<meta property=\"og:locale\" content=\"pt_PT\" \/>\n<meta property=\"og:type\" content=\"article\" \/>\n<meta property=\"og:title\" content=\"MP pede 10 anos de pris\u00e3o aos l\u00edderes de atestados falsos para imigrantes - Portal Tela Portugal\" \/>\n<meta property=\"og:description\" content=\"O Minist\u00e9rio P\u00fablico pediu dez anos de pris\u00e3o para os quatro principais arguidos no caso dos atestados de resid\u00eancia falsos na Junta de Freguesia de Penha de Fran\u00e7a, usados para facilitar a regulariza\u00e7\u00e3o de imigrantes. A Procuradora indicou que os crimes ocorreram entre 2021 e 2023, com quatro anos de pris\u00e3o por associa\u00e7\u00e3o criminosa, quatro por aux\u00edlio \u00e0 imigra\u00e7\u00e3o ilegal e dois por falsifica\u00e7\u00e3o de documentos. O objetivo era regularizar, de forma fraudulosa, a perman\u00eancia de imigrantes em Portugal junto do extinto Servi\u00e7o de Estrangeiros e Fronteiras (SEF). No veredito, o coletivo de ju\u00edzes libertou tr\u00eas presos preventivos de nacionalidade indost\u00e2nica e um quarto arguido que estava em pris\u00e3o domicili\u00e1ria. A foto associada \u00e0 not\u00edcia mostra um funcion\u00e1rio da Junta de Freguesia de Penha de Fran\u00e7a, arguido.\" \/>\n<meta property=\"og:url\" content=\"https:\/\/portaltela.pt\/noticias\/2025\/12\/27\/mp-pede-10-anos-de-prisao-aos-lideres-de-atestados-falsos-para-imigrantes\/\" \/>\n<meta property=\"og:site_name\" content=\"Portal Tela Portugal\" \/>\n<meta property=\"article:published_time\" content=\"2025-12-27T16:38:00+00:00\" \/>\n<meta name=\"author\" content=\"Telinha\" \/>\n<meta name=\"twitter:card\" content=\"summary_large_image\" \/>\n<meta name=\"twitter:label1\" content=\"Escrito por\" \/>\n\t<meta name=\"twitter:data1\" content=\"Telinha\" \/>\n\t<meta name=\"twitter:label2\" content=\"Tempo estimado de leitura\" \/>\n\t<meta name=\"twitter:data2\" content=\"1 minuto\" \/>\n<script type=\"application\/ld+json\" class=\"yoast-schema-graph\">{\"@context\":\"https:\/\/schema.org\",\"@graph\":[{\"@type\":\"Article\",\"@id\":\"https:\/\/portaltela.pt\/noticias\/2025\/12\/27\/mp-pede-10-anos-de-prisao-aos-lideres-de-atestados-falsos-para-imigrantes\/#article\",\"isPartOf\":{\"@id\":\"https:\/\/portaltela.pt\/noticias\/2025\/12\/27\/mp-pede-10-anos-de-prisao-aos-lideres-de-atestados-falsos-para-imigrantes\/\"},\"author\":{\"name\":\"Telinha\",\"@id\":\"https:\/\/portaltela.pt\/#\/schema\/person\/c4278d4a6028830caff9ee44b42d32ed\"},\"headline\":\"MP pede 10 anos de pris\u00e3o aos l\u00edderes de atestados falsos para imigrantes\",\"datePublished\":\"2025-12-27T16:38:00+00:00\",\"mainEntityOfPage\":{\"@id\":\"https:\/\/portaltela.pt\/noticias\/2025\/12\/27\/mp-pede-10-anos-de-prisao-aos-lideres-de-atestados-falsos-para-imigrantes\/\"},\"wordCount\":157,\"image\":{\"@id\":\"https:\/\/portaltela.pt\/noticias\/2025\/12\/27\/mp-pede-10-anos-de-prisao-aos-lideres-de-atestados-falsos-para-imigrantes\/#primaryimage\"},\"thumbnailUrl\":\"https:\/\/portaltela.pt\/s.01k8rhncp4jt1\/2025\/12\/image-1133.jpg\",\"keywords\":[\"associa\u00e7\u00e3o criminosa\",\"aux\u00edlio \u00e0 imigra\u00e7\u00e3o ilegal\",\"crime\",\"falsifica\u00e7\u00e3o de documentos\",\"imigra\u00e7\u00e3o\",\"imigrantes\"],\"articleSection\":[\"Not\u00edcias\"],\"inLanguage\":\"pt-PT\"},{\"@type\":\"WebPage\",\"@id\":\"https:\/\/portaltela.pt\/noticias\/2025\/12\/27\/mp-pede-10-anos-de-prisao-aos-lideres-de-atestados-falsos-para-imigrantes\/\",\"url\":\"https:\/\/portaltela.pt\/noticias\/2025\/12\/27\/mp-pede-10-anos-de-prisao-aos-lideres-de-atestados-falsos-para-imigrantes\/\",\"name\":\"MP pede 10 anos de pris\u00e3o aos l\u00edderes de atestados falsos para imigrantes - Portal Tela Portugal\",\"isPartOf\":{\"@id\":\"https:\/\/portaltela.pt\/#website\"},\"primaryImageOfPage\":{\"@id\":\"https:\/\/portaltela.pt\/noticias\/2025\/12\/27\/mp-pede-10-anos-de-prisao-aos-lideres-de-atestados-falsos-para-imigrantes\/#primaryimage\"},\"image\":{\"@id\":\"https:\/\/portaltela.pt\/noticias\/2025\/12\/27\/mp-pede-10-anos-de-prisao-aos-lideres-de-atestados-falsos-para-imigrantes\/#primaryimage\"},\"thumbnailUrl\":\"https:\/\/portaltela.pt\/s.01k8rhncp4jt1\/2025\/12\/image-1133.jpg\",\"datePublished\":\"2025-12-27T16:38:00+00:00\",\"author\":{\"@id\":\"https:\/\/portaltela.pt\/#\/schema\/person\/c4278d4a6028830caff9ee44b42d32ed\"},\"breadcrumb\":{\"@id\":\"https:\/\/portaltela.pt\/noticias\/2025\/12\/27\/mp-pede-10-anos-de-prisao-aos-lideres-de-atestados-falsos-para-imigrantes\/#breadcrumb\"},\"inLanguage\":\"pt-PT\",\"potentialAction\":[{\"@type\":\"ReadAction\",\"target\":[\"https:\/\/portaltela.pt\/noticias\/2025\/12\/27\/mp-pede-10-anos-de-prisao-aos-lideres-de-atestados-falsos-para-imigrantes\/\"]}]},{\"@type\":\"ImageObject\",\"inLanguage\":\"pt-PT\",\"@id\":\"https:\/\/portaltela.pt\/noticias\/2025\/12\/27\/mp-pede-10-anos-de-prisao-aos-lideres-de-atestados-falsos-para-imigrantes\/#primaryimage\",\"url\":\"https:\/\/portaltela.pt\/s.01k8rhncp4jt1\/2025\/12\/image-1133.jpg\",\"contentUrl\":\"https:\/\/portaltela.pt\/s.01k8rhncp4jt1\/2025\/12\/image-1133.jpg\",\"width\":796,\"height\":448,\"caption\":\"Funcion\u00e1rio da Junta de Freguesia de Penha de Fran\u00e7a \u00e9 arguido\"},{\"@type\":\"BreadcrumbList\",\"@id\":\"https:\/\/portaltela.pt\/noticias\/2025\/12\/27\/mp-pede-10-anos-de-prisao-aos-lideres-de-atestados-falsos-para-imigrantes\/#breadcrumb\",\"itemListElement\":[{\"@type\":\"ListItem\",\"position\":1,\"name\":\"In\u00edcio\",\"item\":\"https:\/\/portaltela.pt\/\"},{\"@type\":\"ListItem\",\"position\":2,\"name\":\"MP pede 10 anos de pris\u00e3o aos l\u00edderes de atestados falsos para imigrantes\"}]},{\"@type\":\"WebSite\",\"@id\":\"https:\/\/portaltela.pt\/#website\",\"url\":\"https:\/\/portaltela.pt\/\",\"name\":\"Portal Tela Portugal\",\"description\":\"\",\"potentialAction\":[{\"@type\":\"SearchAction\",\"target\":{\"@type\":\"EntryPoint\",\"urlTemplate\":\"https:\/\/portaltela.pt\/?s={search_term_string}\"},\"query-input\":{\"@type\":\"PropertyValueSpecification\",\"valueRequired\":true,\"valueName\":\"search_term_string\"}}],\"inLanguage\":\"pt-PT\"},{\"@type\":\"Person\",\"@id\":\"https:\/\/portaltela.pt\/#\/schema\/person\/c4278d4a6028830caff9ee44b42d32ed\",\"name\":\"Telinha\",\"image\":{\"@type\":\"ImageObject\",\"inLanguage\":\"pt-PT\",\"@id\":\"https:\/\/portaltela.pt\/s.01k8rhncp4jt1\/2025\/11\/talking-bot-125x125.png\",\"url\":\"https:\/\/portaltela.pt\/s.01k8rhncp4jt1\/2025\/11\/talking-bot-125x125.png\",\"contentUrl\":\"https:\/\/portaltela.pt\/s.01k8rhncp4jt1\/2025\/11\/talking-bot-125x125.png\",\"caption\":\"Telinha\"},\"sameAs\":[\"https:\/\/portaltela.pt\/\"],\"url\":\"https:\/\/portaltela.pt\/por\/367410592786\/\"}]}<\/script>\n<!-- \/ Yoast SEO plugin. -->","yoast_head_json":{"title":"MP pede 10 anos de pris\u00e3o aos l\u00edderes de atestados falsos para imigrantes - Portal Tela Portugal","robots":{"index":"index","follow":"follow","max-snippet":"max-snippet:-1","max-image-preview":"max-image-preview:large","max-video-preview":"max-video-preview:-1"},"og_locale":"pt_PT","og_type":"article","og_title":"MP pede 10 anos de pris\u00e3o aos l\u00edderes de atestados falsos para imigrantes - Portal Tela Portugal","og_description":"O Minist\u00e9rio P\u00fablico pediu dez anos de pris\u00e3o para os quatro principais arguidos no caso dos atestados de resid\u00eancia falsos na Junta de Freguesia de Penha de Fran\u00e7a, usados para facilitar a regulariza\u00e7\u00e3o de imigrantes. A Procuradora indicou que os crimes ocorreram entre 2021 e 2023, com quatro anos de pris\u00e3o por associa\u00e7\u00e3o criminosa, quatro por aux\u00edlio \u00e0 imigra\u00e7\u00e3o ilegal e dois por falsifica\u00e7\u00e3o de documentos. O objetivo era regularizar, de forma fraudulosa, a perman\u00eancia de imigrantes em Portugal junto do extinto Servi\u00e7o de Estrangeiros e Fronteiras (SEF). No veredito, o coletivo de ju\u00edzes libertou tr\u00eas presos preventivos de nacionalidade indost\u00e2nica e um quarto arguido que estava em pris\u00e3o domicili\u00e1ria. A foto associada \u00e0 not\u00edcia mostra um funcion\u00e1rio da Junta de Freguesia de Penha de Fran\u00e7a, arguido.","og_url":"https:\/\/portaltela.pt\/noticias\/2025\/12\/27\/mp-pede-10-anos-de-prisao-aos-lideres-de-atestados-falsos-para-imigrantes\/","og_site_name":"Portal Tela Portugal","article_published_time":"2025-12-27T16:38:00+00:00","author":"Telinha","twitter_card":"summary_large_image","twitter_misc":{"Escrito por":"Telinha","Tempo estimado de leitura":"1 minuto"},"schema":{"@context":"https:\/\/schema.org","@graph":[{"@type":"Article","@id":"https:\/\/portaltela.pt\/noticias\/2025\/12\/27\/mp-pede-10-anos-de-prisao-aos-lideres-de-atestados-falsos-para-imigrantes\/#article","isPartOf":{"@id":"https:\/\/portaltela.pt\/noticias\/2025\/12\/27\/mp-pede-10-anos-de-prisao-aos-lideres-de-atestados-falsos-para-imigrantes\/"},"author":{"name":"Telinha","@id":"https:\/\/portaltela.pt\/#\/schema\/person\/c4278d4a6028830caff9ee44b42d32ed"},"headline":"MP pede 10 anos de pris\u00e3o aos l\u00edderes de atestados falsos para imigrantes","datePublished":"2025-12-27T16:38:00+00:00","mainEntityOfPage":{"@id":"https:\/\/portaltela.pt\/noticias\/2025\/12\/27\/mp-pede-10-anos-de-prisao-aos-lideres-de-atestados-falsos-para-imigrantes\/"},"wordCount":157,"image":{"@id":"https:\/\/portaltela.pt\/noticias\/2025\/12\/27\/mp-pede-10-anos-de-prisao-aos-lideres-de-atestados-falsos-para-imigrantes\/#primaryimage"},"thumbnailUrl":"https:\/\/portaltela.pt\/s.01k8rhncp4jt1\/2025\/12\/image-1133.jpg","keywords":["associa\u00e7\u00e3o criminosa","aux\u00edlio \u00e0 imigra\u00e7\u00e3o ilegal","crime","falsifica\u00e7\u00e3o de documentos","imigra\u00e7\u00e3o","imigrantes"],"articleSection":["Not\u00edcias"],"inLanguage":"pt-PT"},{"@type":"WebPage","@id":"https:\/\/portaltela.pt\/noticias\/2025\/12\/27\/mp-pede-10-anos-de-prisao-aos-lideres-de-atestados-falsos-para-imigrantes\/","url":"https:\/\/portaltela.pt\/noticias\/2025\/12\/27\/mp-pede-10-anos-de-prisao-aos-lideres-de-atestados-falsos-para-imigrantes\/","name":"MP pede 10 anos de pris\u00e3o aos l\u00edderes de atestados falsos para imigrantes - Portal Tela Portugal","isPartOf":{"@id":"https:\/\/portaltela.pt\/#website"},"primaryImageOfPage":{"@id":"https:\/\/portaltela.pt\/noticias\/2025\/12\/27\/mp-pede-10-anos-de-prisao-aos-lideres-de-atestados-falsos-para-imigrantes\/#primaryimage"},"image":{"@id":"https:\/\/portaltela.pt\/noticias\/2025\/12\/27\/mp-pede-10-anos-de-prisao-aos-lideres-de-atestados-falsos-para-imigrantes\/#primaryimage"},"thumbnailUrl":"https:\/\/portaltela.pt\/s.01k8rhncp4jt1\/2025\/12\/image-1133.jpg","datePublished":"2025-12-27T16:38:00+00:00","author":{"@id":"https:\/\/portaltela.pt\/#\/schema\/person\/c4278d4a6028830caff9ee44b42d32ed"},"breadcrumb":{"@id":"https:\/\/portaltela.pt\/noticias\/2025\/12\/27\/mp-pede-10-anos-de-prisao-aos-lideres-de-atestados-falsos-para-imigrantes\/#breadcrumb"},"inLanguage":"pt-PT","potentialAction":[{"@type":"ReadAction","target":["https:\/\/portaltela.pt\/noticias\/2025\/12\/27\/mp-pede-10-anos-de-prisao-aos-lideres-de-atestados-falsos-para-imigrantes\/"]}]},{"@type":"ImageObject","inLanguage":"pt-PT","@id":"https:\/\/portaltela.pt\/noticias\/2025\/12\/27\/mp-pede-10-anos-de-prisao-aos-lideres-de-atestados-falsos-para-imigrantes\/#primaryimage","url":"https:\/\/portaltela.pt\/s.01k8rhncp4jt1\/2025\/12\/image-1133.jpg","contentUrl":"https:\/\/portaltela.pt\/s.01k8rhncp4jt1\/2025\/12\/image-1133.jpg","width":796,"height":448,"caption":"Funcion\u00e1rio da Junta de Freguesia de Penha de Fran\u00e7a \u00e9 arguido"},{"@type":"BreadcrumbList","@id":"https:\/\/portaltela.pt\/noticias\/2025\/12\/27\/mp-pede-10-anos-de-prisao-aos-lideres-de-atestados-falsos-para-imigrantes\/#breadcrumb","itemListElement":[{"@type":"ListItem","position":1,"name":"In\u00edcio","item":"https:\/\/portaltela.pt\/"},{"@type":"ListItem","position":2,"name":"MP pede 10 anos de pris\u00e3o aos l\u00edderes de atestados falsos para imigrantes"}]},{"@type":"WebSite","@id":"https:\/\/portaltela.pt\/#website","url":"https:\/\/portaltela.pt\/","name":"Portal Tela Portugal","description":"","potentialAction":[{"@type":"SearchAction","target":{"@type":"EntryPoint","urlTemplate":"https:\/\/portaltela.pt\/?s={search_term_string}"},"query-input":{"@type":"PropertyValueSpecification","valueRequired":true,"valueName":"search_term_string"}}],"inLanguage":"pt-PT"},{"@type":"Person","@id":"https:\/\/portaltela.pt\/#\/schema\/person\/c4278d4a6028830caff9ee44b42d32ed","name":"Telinha","image":{"@type":"ImageObject","inLanguage":"pt-PT","@id":"https:\/\/portaltela.pt\/s.01k8rhncp4jt1\/2025\/11\/talking-bot-125x125.png","url":"https:\/\/portaltela.pt\/s.01k8rhncp4jt1\/2025\/11\/talking-bot-125x125.png","contentUrl":"https:\/\/portaltela.pt\/s.01k8rhncp4jt1\/2025\/11\/talking-bot-125x125.png","caption":"Telinha"},"sameAs":["https:\/\/portaltela.pt\/"],"url":"https:\/\/portaltela.pt\/por\/367410592786\/"}]}},"_links":{"self":[{"href":"https:\/\/portaltela.pt\/api\/wp\/v2\/posts\/101676","targetHints":{"allow":["GET"]}}],"collection":[{"href":"https:\/\/portaltela.pt\/api\/wp\/v2\/posts"}],"about":[{"href":"https:\/\/portaltela.pt\/api\/wp\/v2\/types\/post"}],"author":[{"embeddable":true,"href":"https:\/\/portaltela.pt\/api\/wp\/v2\/users\/2"}],"replies":[{"embeddable":true,"href":"https:\/\/portaltela.pt\/api\/wp\/v2\/comments?post=101676"}],"version-history":[{"count":0,"href":"https:\/\/portaltela.pt\/api\/wp\/v2\/posts\/101676\/revisions"}],"wp:featuredmedia":[{"embeddable":true,"href":"https:\/\/portaltela.pt\/api\/wp\/v2\/media\/101686"}],"wp:attachment":[{"href":"https:\/\/portaltela.pt\/api\/wp\/v2\/media?parent=101676"}],"wp:term":[{"taxonomy":"category","embeddable":true,"href":"https:\/\/portaltela.pt\/api\/wp\/v2\/categories?post=101676"},{"taxonomy":"post_tag","embeddable":true,"href":"https:\/\/portaltela.pt\/api\/wp\/v2\/tags?post=101676"}],"curies":[{"name":"wp","href":"https:\/\/api.w.org\/{rel}","templated":true}]}}