{"id":101480,"date":"2025-12-27T12:05:00","date_gmt":"2025-12-27T15:05:00","guid":{"rendered":"https:\/\/portaltela.pt\/noticias\/2025\/12\/27\/mercado-flamengo-mantem-interesse-por-filipe-luis\/"},"modified":"2025-12-27T12:05:00","modified_gmt":"2025-12-27T15:05:00","slug":"mercado-flamengo-mantem-interesse-por-filipe-luis","status":"publish","type":"post","link":"https:\/\/portaltela.pt\/desporto\/futebol\/2025\/12\/27\/mercado-flamengo-mantem-interesse-por-filipe-luis\/","title":{"rendered":"Mercado: Flamengo mant\u00e9m interesse por Filipe Lu\u00eds"},"content":{"rendered":"<p>O Flamengo mant\u00e9m como prioridade a renova\u00e7\u00e3o do v\u00ednculo com Filipe Lu\u00eds, atual treinador campe\u00e3o do Brasileir\u00e3o e da Ta\u00e7a Libertadores. A dire\u00e7\u00e3o rubro-negra n\u00e3o abandona o respons\u00e1vel pelo t\u00edtulo. A not\u00edcia \u00e9 de A BOLA e aponta negocia\u00e7\u00f5es em curso.<\/p>\n<p>Jos\u00e9 Boto, diretor desportivo do clube, est\u00e1 \u00e0 frente das conversas para assegurar a continuidade do t\u00e9cnico de 40 anos. As conversas atravessam as exig\u00eancias apresentadas pelo treinador, que j\u00e1 demonstrou querer condi\u00e7\u00f5es que se judiciais \u00e0s suas expectativas.<\/p>\n<p>O clube carioca trabalha com a perspectiva de oferecer mais dois anos de contrato ao t\u00e9cnico. O objetivo \u00e9 manter a equipa est\u00e1vel para pr\u00f3xima temporada.<\/p>\n<h3>Nomes ligados ao cargo<\/h3>\n<p>Artur Jorge surge como um dos nomes ventilados, apesar de estar atualemte ligado ao Al Rayyan, do Qatar. Outro t\u00e9cnico citado nos rumores foi Thiago Motta, com passagem por Bolonha e Juventus, tamb\u00e9m ligado ao Brasil em debates sobre o futuro do comando t\u00e9cnico.<\/p>\n","protected":false},"excerpt":{"rendered":"<ul>\n<li>O Flamengo mant\u00e9m Filipe Lu\u00eds no comando t\u00e9cnico, considerando a renova\u00e7\u00e3o do treinador prioridade.<\/li>\n<li>As negocia\u00e7\u00f5es com Filipe Lu\u00eds continuam sob a lideran\u00e7a do diretor desportivo Jos\u00e9 Boto.<\/li>\n<li>O clube pretende apresentar um v\u00ednculo de mais dois anos ao treinador.<\/li>\n<li>H\u00e1 rumores de associa\u00e7\u00e3o de Artur Jorge ao Flamengo, embora este esteja ligado ao Al Rayyan, do Qatar.<\/li>\n<li>Outros nomes j\u00e1 ventilados no Brasil foram Thiago Motta, antigo interveniente em Bolonha e Juventus.<\/li>\n<\/ul>\n","protected":false},"author":2,"featured_media":101484,"comment_status":"closed","ping_status":"closed","sticky":false,"template":"","format":"standard","meta":{"footnotes":""},"categories":[21,24],"tags":[99,1367,32,1747,50,399],"class_list":["post-101480","post","type-post","status-publish","format-standard","has-post-thumbnail","hentry","category-desporto","category-futebol","tag-campeonato-brasileiro","tag-clubes","tag-futebol","tag-futebol-profissional","tag-mercado-da-bola","tag-organizacao-desportiva"],"yoast_head":"<!-- This site is optimized with the Yoast SEO plugin v27.2 - https:\/\/yoast.com\/product\/yoast-seo-wordpress\/ -->\n<title>Mercado: Flamengo mant\u00e9m interesse por Filipe Lu\u00eds - Portal Tela Portugal<\/title>\n<meta name=\"robots\" content=\"index, follow, max-snippet:-1, max-image-preview:large, max-video-preview:-1\" \/>\n<meta property=\"og:locale\" content=\"pt_PT\" \/>\n<meta property=\"og:type\" content=\"article\" \/>\n<meta property=\"og:title\" content=\"Mercado: Flamengo mant\u00e9m interesse por Filipe Lu\u00eds - Portal Tela Portugal\" \/>\n<meta property=\"og:description\" content=\"O Flamengo mant\u00e9m Filipe Lu\u00eds no comando t\u00e9cnico, considerando a renova\u00e7\u00e3o do treinador prioridade. As negocia\u00e7\u00f5es com Filipe Lu\u00eds continuam sob a lideran\u00e7a do diretor desportivo Jos\u00e9 Boto. O clube pretende apresentar um v\u00ednculo de mais dois anos ao treinador. H\u00e1 rumores de associa\u00e7\u00e3o de Artur Jorge ao Flamengo, embora este esteja ligado ao Al Rayyan, do Qatar. Outros nomes j\u00e1 ventilados no Brasil foram Thiago Motta, antigo interveniente em Bolonha e Juventus.\" \/>\n<meta property=\"og:url\" content=\"https:\/\/portaltela.pt\/noticias\/2025\/12\/27\/mercado-flamengo-mantem-interesse-por-filipe-luis\/\" \/>\n<meta property=\"og:site_name\" content=\"Portal Tela Portugal\" \/>\n<meta property=\"article:published_time\" content=\"2025-12-27T15:05:00+00:00\" \/>\n<meta name=\"author\" content=\"Telinha\" \/>\n<meta name=\"twitter:card\" content=\"summary_large_image\" \/>\n<meta name=\"twitter:label1\" content=\"Escrito por\" \/>\n\t<meta name=\"twitter:data1\" content=\"Telinha\" \/>\n\t<meta name=\"twitter:label2\" content=\"Tempo estimado de leitura\" \/>\n\t<meta name=\"twitter:data2\" content=\"1 minuto\" \/>\n<script type=\"application\/ld+json\" class=\"yoast-schema-graph\">{\"@context\":\"https:\/\/schema.org\",\"@graph\":[{\"@type\":\"Article\",\"@id\":\"https:\/\/portaltela.pt\/noticias\/2025\/12\/27\/mercado-flamengo-mantem-interesse-por-filipe-luis\/#article\",\"isPartOf\":{\"@id\":\"https:\/\/portaltela.pt\/noticias\/2025\/12\/27\/mercado-flamengo-mantem-interesse-por-filipe-luis\/\"},\"author\":{\"name\":\"Telinha\",\"@id\":\"https:\/\/portaltela.pt\/#\/schema\/person\/c4278d4a6028830caff9ee44b42d32ed\"},\"headline\":\"Mercado: Flamengo mant\u00e9m interesse por Filipe Lu\u00eds\",\"datePublished\":\"2025-12-27T15:05:00+00:00\",\"mainEntityOfPage\":{\"@id\":\"https:\/\/portaltela.pt\/noticias\/2025\/12\/27\/mercado-flamengo-mantem-interesse-por-filipe-luis\/\"},\"wordCount\":181,\"image\":{\"@id\":\"https:\/\/portaltela.pt\/noticias\/2025\/12\/27\/mercado-flamengo-mantem-interesse-por-filipe-luis\/#primaryimage\"},\"thumbnailUrl\":\"https:\/\/portaltela.pt\/s.01k8rhncp4jt1\/2025\/12\/877dd0df-d74b-4fa7-b3ef-5fe5df0f8ac7.jpg\",\"keywords\":[\"campeonato brasileiro\",\"clubes\",\"futebol\",\"Futebol Profissional\",\"mercado da bola\",\"organiza\u00e7\u00e3o desportiva\"],\"articleSection\":[\"Desporto\",\"Futebol\"],\"inLanguage\":\"pt-PT\"},{\"@type\":\"WebPage\",\"@id\":\"https:\/\/portaltela.pt\/noticias\/2025\/12\/27\/mercado-flamengo-mantem-interesse-por-filipe-luis\/\",\"url\":\"https:\/\/portaltela.pt\/noticias\/2025\/12\/27\/mercado-flamengo-mantem-interesse-por-filipe-luis\/\",\"name\":\"Mercado: Flamengo mant\u00e9m interesse por Filipe Lu\u00eds - Portal Tela Portugal\",\"isPartOf\":{\"@id\":\"https:\/\/portaltela.pt\/#website\"},\"primaryImageOfPage\":{\"@id\":\"https:\/\/portaltela.pt\/noticias\/2025\/12\/27\/mercado-flamengo-mantem-interesse-por-filipe-luis\/#primaryimage\"},\"image\":{\"@id\":\"https:\/\/portaltela.pt\/noticias\/2025\/12\/27\/mercado-flamengo-mantem-interesse-por-filipe-luis\/#primaryimage\"},\"thumbnailUrl\":\"https:\/\/portaltela.pt\/s.01k8rhncp4jt1\/2025\/12\/877dd0df-d74b-4fa7-b3ef-5fe5df0f8ac7.jpg\",\"datePublished\":\"2025-12-27T15:05:00+00:00\",\"author\":{\"@id\":\"https:\/\/portaltela.pt\/#\/schema\/person\/c4278d4a6028830caff9ee44b42d32ed\"},\"breadcrumb\":{\"@id\":\"https:\/\/portaltela.pt\/noticias\/2025\/12\/27\/mercado-flamengo-mantem-interesse-por-filipe-luis\/#breadcrumb\"},\"inLanguage\":\"pt-PT\",\"potentialAction\":[{\"@type\":\"ReadAction\",\"target\":[\"https:\/\/portaltela.pt\/noticias\/2025\/12\/27\/mercado-flamengo-mantem-interesse-por-filipe-luis\/\"]}]},{\"@type\":\"ImageObject\",\"inLanguage\":\"pt-PT\",\"@id\":\"https:\/\/portaltela.pt\/noticias\/2025\/12\/27\/mercado-flamengo-mantem-interesse-por-filipe-luis\/#primaryimage\",\"url\":\"https:\/\/portaltela.pt\/s.01k8rhncp4jt1\/2025\/12\/877dd0df-d74b-4fa7-b3ef-5fe5df0f8ac7.jpg\",\"contentUrl\":\"https:\/\/portaltela.pt\/s.01k8rhncp4jt1\/2025\/12\/877dd0df-d74b-4fa7-b3ef-5fe5df0f8ac7.jpg\",\"width\":796,\"height\":448,\"caption\":\"Filipe Lu\u00eds, treinador do Flamengo\"},{\"@type\":\"BreadcrumbList\",\"@id\":\"https:\/\/portaltela.pt\/noticias\/2025\/12\/27\/mercado-flamengo-mantem-interesse-por-filipe-luis\/#breadcrumb\",\"itemListElement\":[{\"@type\":\"ListItem\",\"position\":1,\"name\":\"In\u00edcio\",\"item\":\"https:\/\/portaltela.pt\/\"},{\"@type\":\"ListItem\",\"position\":2,\"name\":\"Mercado: Flamengo mant\u00e9m interesse por Filipe Lu\u00eds\"}]},{\"@type\":\"WebSite\",\"@id\":\"https:\/\/portaltela.pt\/#website\",\"url\":\"https:\/\/portaltela.pt\/\",\"name\":\"Portal Tela Portugal\",\"description\":\"\",\"potentialAction\":[{\"@type\":\"SearchAction\",\"target\":{\"@type\":\"EntryPoint\",\"urlTemplate\":\"https:\/\/portaltela.pt\/?s={search_term_string}\"},\"query-input\":{\"@type\":\"PropertyValueSpecification\",\"valueRequired\":true,\"valueName\":\"search_term_string\"}}],\"inLanguage\":\"pt-PT\"},{\"@type\":\"Person\",\"@id\":\"https:\/\/portaltela.pt\/#\/schema\/person\/c4278d4a6028830caff9ee44b42d32ed\",\"name\":\"Telinha\",\"image\":{\"@type\":\"ImageObject\",\"inLanguage\":\"pt-PT\",\"@id\":\"https:\/\/portaltela.pt\/s.01k8rhncp4jt1\/2025\/11\/talking-bot-125x125.png\",\"url\":\"https:\/\/portaltela.pt\/s.01k8rhncp4jt1\/2025\/11\/talking-bot-125x125.png\",\"contentUrl\":\"https:\/\/portaltela.pt\/s.01k8rhncp4jt1\/2025\/11\/talking-bot-125x125.png\",\"caption\":\"Telinha\"},\"sameAs\":[\"https:\/\/portaltela.pt\/\"],\"url\":\"https:\/\/portaltela.pt\/por\/367410592786\/\"}]}<\/script>\n<!-- \/ Yoast SEO plugin. -->","yoast_head_json":{"title":"Mercado: Flamengo mant\u00e9m interesse por Filipe Lu\u00eds - Portal Tela Portugal","robots":{"index":"index","follow":"follow","max-snippet":"max-snippet:-1","max-image-preview":"max-image-preview:large","max-video-preview":"max-video-preview:-1"},"og_locale":"pt_PT","og_type":"article","og_title":"Mercado: Flamengo mant\u00e9m interesse por Filipe Lu\u00eds - Portal Tela Portugal","og_description":"O Flamengo mant\u00e9m Filipe Lu\u00eds no comando t\u00e9cnico, considerando a renova\u00e7\u00e3o do treinador prioridade. As negocia\u00e7\u00f5es com Filipe Lu\u00eds continuam sob a lideran\u00e7a do diretor desportivo Jos\u00e9 Boto. O clube pretende apresentar um v\u00ednculo de mais dois anos ao treinador. H\u00e1 rumores de associa\u00e7\u00e3o de Artur Jorge ao Flamengo, embora este esteja ligado ao Al Rayyan, do Qatar. Outros nomes j\u00e1 ventilados no Brasil foram Thiago Motta, antigo interveniente em Bolonha e Juventus.","og_url":"https:\/\/portaltela.pt\/noticias\/2025\/12\/27\/mercado-flamengo-mantem-interesse-por-filipe-luis\/","og_site_name":"Portal Tela Portugal","article_published_time":"2025-12-27T15:05:00+00:00","author":"Telinha","twitter_card":"summary_large_image","twitter_misc":{"Escrito por":"Telinha","Tempo estimado de leitura":"1 minuto"},"schema":{"@context":"https:\/\/schema.org","@graph":[{"@type":"Article","@id":"https:\/\/portaltela.pt\/noticias\/2025\/12\/27\/mercado-flamengo-mantem-interesse-por-filipe-luis\/#article","isPartOf":{"@id":"https:\/\/portaltela.pt\/noticias\/2025\/12\/27\/mercado-flamengo-mantem-interesse-por-filipe-luis\/"},"author":{"name":"Telinha","@id":"https:\/\/portaltela.pt\/#\/schema\/person\/c4278d4a6028830caff9ee44b42d32ed"},"headline":"Mercado: Flamengo mant\u00e9m interesse por Filipe Lu\u00eds","datePublished":"2025-12-27T15:05:00+00:00","mainEntityOfPage":{"@id":"https:\/\/portaltela.pt\/noticias\/2025\/12\/27\/mercado-flamengo-mantem-interesse-por-filipe-luis\/"},"wordCount":181,"image":{"@id":"https:\/\/portaltela.pt\/noticias\/2025\/12\/27\/mercado-flamengo-mantem-interesse-por-filipe-luis\/#primaryimage"},"thumbnailUrl":"https:\/\/portaltela.pt\/s.01k8rhncp4jt1\/2025\/12\/877dd0df-d74b-4fa7-b3ef-5fe5df0f8ac7.jpg","keywords":["campeonato brasileiro","clubes","futebol","Futebol Profissional","mercado da bola","organiza\u00e7\u00e3o desportiva"],"articleSection":["Desporto","Futebol"],"inLanguage":"pt-PT"},{"@type":"WebPage","@id":"https:\/\/portaltela.pt\/noticias\/2025\/12\/27\/mercado-flamengo-mantem-interesse-por-filipe-luis\/","url":"https:\/\/portaltela.pt\/noticias\/2025\/12\/27\/mercado-flamengo-mantem-interesse-por-filipe-luis\/","name":"Mercado: Flamengo mant\u00e9m interesse por Filipe Lu\u00eds - Portal Tela Portugal","isPartOf":{"@id":"https:\/\/portaltela.pt\/#website"},"primaryImageOfPage":{"@id":"https:\/\/portaltela.pt\/noticias\/2025\/12\/27\/mercado-flamengo-mantem-interesse-por-filipe-luis\/#primaryimage"},"image":{"@id":"https:\/\/portaltela.pt\/noticias\/2025\/12\/27\/mercado-flamengo-mantem-interesse-por-filipe-luis\/#primaryimage"},"thumbnailUrl":"https:\/\/portaltela.pt\/s.01k8rhncp4jt1\/2025\/12\/877dd0df-d74b-4fa7-b3ef-5fe5df0f8ac7.jpg","datePublished":"2025-12-27T15:05:00+00:00","author":{"@id":"https:\/\/portaltela.pt\/#\/schema\/person\/c4278d4a6028830caff9ee44b42d32ed"},"breadcrumb":{"@id":"https:\/\/portaltela.pt\/noticias\/2025\/12\/27\/mercado-flamengo-mantem-interesse-por-filipe-luis\/#breadcrumb"},"inLanguage":"pt-PT","potentialAction":[{"@type":"ReadAction","target":["https:\/\/portaltela.pt\/noticias\/2025\/12\/27\/mercado-flamengo-mantem-interesse-por-filipe-luis\/"]}]},{"@type":"ImageObject","inLanguage":"pt-PT","@id":"https:\/\/portaltela.pt\/noticias\/2025\/12\/27\/mercado-flamengo-mantem-interesse-por-filipe-luis\/#primaryimage","url":"https:\/\/portaltela.pt\/s.01k8rhncp4jt1\/2025\/12\/877dd0df-d74b-4fa7-b3ef-5fe5df0f8ac7.jpg","contentUrl":"https:\/\/portaltela.pt\/s.01k8rhncp4jt1\/2025\/12\/877dd0df-d74b-4fa7-b3ef-5fe5df0f8ac7.jpg","width":796,"height":448,"caption":"Filipe Lu\u00eds, treinador do Flamengo"},{"@type":"BreadcrumbList","@id":"https:\/\/portaltela.pt\/noticias\/2025\/12\/27\/mercado-flamengo-mantem-interesse-por-filipe-luis\/#breadcrumb","itemListElement":[{"@type":"ListItem","position":1,"name":"In\u00edcio","item":"https:\/\/portaltela.pt\/"},{"@type":"ListItem","position":2,"name":"Mercado: Flamengo mant\u00e9m interesse por Filipe Lu\u00eds"}]},{"@type":"WebSite","@id":"https:\/\/portaltela.pt\/#website","url":"https:\/\/portaltela.pt\/","name":"Portal Tela Portugal","description":"","potentialAction":[{"@type":"SearchAction","target":{"@type":"EntryPoint","urlTemplate":"https:\/\/portaltela.pt\/?s={search_term_string}"},"query-input":{"@type":"PropertyValueSpecification","valueRequired":true,"valueName":"search_term_string"}}],"inLanguage":"pt-PT"},{"@type":"Person","@id":"https:\/\/portaltela.pt\/#\/schema\/person\/c4278d4a6028830caff9ee44b42d32ed","name":"Telinha","image":{"@type":"ImageObject","inLanguage":"pt-PT","@id":"https:\/\/portaltela.pt\/s.01k8rhncp4jt1\/2025\/11\/talking-bot-125x125.png","url":"https:\/\/portaltela.pt\/s.01k8rhncp4jt1\/2025\/11\/talking-bot-125x125.png","contentUrl":"https:\/\/portaltela.pt\/s.01k8rhncp4jt1\/2025\/11\/talking-bot-125x125.png","caption":"Telinha"},"sameAs":["https:\/\/portaltela.pt\/"],"url":"https:\/\/portaltela.pt\/por\/367410592786\/"}]}},"_links":{"self":[{"href":"https:\/\/portaltela.pt\/api\/wp\/v2\/posts\/101480","targetHints":{"allow":["GET"]}}],"collection":[{"href":"https:\/\/portaltela.pt\/api\/wp\/v2\/posts"}],"about":[{"href":"https:\/\/portaltela.pt\/api\/wp\/v2\/types\/post"}],"author":[{"embeddable":true,"href":"https:\/\/portaltela.pt\/api\/wp\/v2\/users\/2"}],"replies":[{"embeddable":true,"href":"https:\/\/portaltela.pt\/api\/wp\/v2\/comments?post=101480"}],"version-history":[{"count":0,"href":"https:\/\/portaltela.pt\/api\/wp\/v2\/posts\/101480\/revisions"}],"wp:featuredmedia":[{"embeddable":true,"href":"https:\/\/portaltela.pt\/api\/wp\/v2\/media\/101484"}],"wp:attachment":[{"href":"https:\/\/portaltela.pt\/api\/wp\/v2\/media?parent=101480"}],"wp:term":[{"taxonomy":"category","embeddable":true,"href":"https:\/\/portaltela.pt\/api\/wp\/v2\/categories?post=101480"},{"taxonomy":"post_tag","embeddable":true,"href":"https:\/\/portaltela.pt\/api\/wp\/v2\/tags?post=101480"}],"curies":[{"name":"wp","href":"https:\/\/api.w.org\/{rel}","templated":true}]}}