{"id":100944,"date":"2025-12-27T07:29:00","date_gmt":"2025-12-27T10:29:00","guid":{"rendered":"https:\/\/portaltela.pt\/noticias\/2025\/12\/27\/gandarez-rejeita-centralizacao-e-igualar-clubes-na-secretaria\/"},"modified":"2025-12-27T07:29:00","modified_gmt":"2025-12-27T10:29:00","slug":"gandarez-rejeita-centralizacao-e-igualar-clubes-na-secretaria","status":"publish","type":"post","link":"https:\/\/portaltela.pt\/desporto\/futebol\/2025\/12\/27\/gandarez-rejeita-centralizacao-e-igualar-clubes-na-secretaria\/","title":{"rendered":"Gandarez rejeita centraliza\u00e7\u00e3o e igualar clubes na secretaria"},"content":{"rendered":"<p>O vice-presidente e administrador da SAD do Benfica concedeu uma entrevista em que abordou a gest\u00e3o da centraliza\u00e7\u00e3o entre clubes na secretaria, bem como negocia\u00e7\u00f5es de direitos de TV e r\u00e1dio. O foco \u00e9 a estrat\u00e9gia de comunica\u00e7\u00e3o, organiza\u00e7\u00e3o e calend\u00e1rio a seguir.<\/p>\n<p>A entrevista parte de declara\u00e7\u00f5es sobre a possibilidade de centraliza\u00e7\u00e3o, mas o dirigente afirma que n\u00e3o se pode impor igual tratamento entre clubes na secretaria. A posi\u00e7\u00e3o mostra cautela na harmoniza\u00e7\u00e3o de processos entre entidades competidoras.<\/p>\n<h3>Contrato de TV e r\u00e1dio<\/h3>\n<p>O vice-presidente revelou que o Benfica vai assegurar um contrato de TV com condi\u00e7\u00f5es superiores ao atual, com assinatura prevista para o primeiro trimestre de 2026. Tamb\u00e9m afirmou que outros clubes dever\u00e3o recorrer a uma r\u00e1dio para atender \u00e0s necessidades de transmiss\u00e3o.<\/p>\n<h3>Calend\u00e1rio de janeiro e Otamendi<\/h3>\n<p>Foi referido que o Benfica pode ficar afastado de determinados eventos no calend\u00e1rio de janeiro, impactando a gest\u00e3o desportiva de jogadores como Otamendi. A indica\u00e7\u00e3o aponta para ajustes internos na ficha de jogos e hor\u00e1rios.<\/p>\n<h3>Banjaqui, Jos\u00e9 Neto e tecnologia desportiva<\/h3>\n<p>Foi discutida a posi\u00e7\u00e3o do clube relativamente a Banjaqui e Jos\u00e9 Neto, com o representante a defender uma atua\u00e7\u00e3o firme na gest\u00e3o de ativos e contratos. O tema insere-se na estrat\u00e9gia de valoriza\u00e7\u00e3o de ativos do clube.<\/p>\n<h3>Mourinho, Varandas e refer\u00eancia a Lewis Hamilton<\/h3>\n<p>Coment\u00e1rios sobre Mourinho e o discurso de Varandas foram enquadrados pelo respons\u00e1vel como exemplos de di\u00e1logo competitivo. A refer\u00eancia a Lewis Hamilton serviu para ilustrar prioridades de pontualidade na execu\u00e7\u00e3o de planos.<\/p>\n<h3>Bruma e o mercado de transfer\u00eancias<\/h3>\n<p>O dirigente indicou que Bruma pode estar mais perto de assinar com o Benfica, fortalecendo a equipa, conforme avalia\u00e7\u00e3o interna. O tema insere-se no objetivo de manter jogadores de qualidade no plantel.<\/p>\n<h3>Lopes Cabral e lideran\u00e7a de mercado<\/h3>\n<p>Foi mencionada a aquisi\u00e7\u00e3o de Lopes Cabral para o Benfica, com foco no refor\u00e7o da linha ofensiva. A opera\u00e7\u00e3o \u00e9 apresentada como parte de uma estrat\u00e9gia para sustentar lideran\u00e7a de mercado.<\/p>\n<h3>Lideran\u00e7a de mercado e a \u201cchave\u201d da Liga<\/h3>\n<p>A entrevista abordou a percep\u00e7\u00e3o de que a Liga apresentou uma \u201cchave\u201d que pode afetar quem gere a lideran\u00e7a financeira. O Benfica \u00e9 citado como potencialmente diferente em termos de receita face aos demais clubes.<\/p>\n<h3>Otamendi e o mercado<\/h3>\n<p>Coment\u00e1rios sobre Otamendi indicam que o Benfica pode enfrentar dificuldades para alcan\u00e7ar lideran\u00e7a no mercado de transa\u00e7\u00f5es. A an\u00e1lise aponta para o contexto financeiro e competitivo atual.<\/p>\n<h3>Conclus\u00e3o institucional<\/h3>\n<p>O conjunto de declara\u00e7\u00f5es refor\u00e7a uma linha estrat\u00e9gica de gest\u00e3o que privilegia contratos vantajosos, organiza\u00e7\u00e3o de direitos de transmiss\u00e3o e adapta\u00e7\u00e3o a calend\u00e1rios, sem emitir julgamentos ou opini\u00f5es sobre o desempenho de terceiros.<\/p>\n","protected":false},"excerpt":{"rendered":"<ul>\n<li>O vice-presidente do Benfica, Jos\u00e9 Gandarez, afirma que vai ser assinado um contrato de TV superior ao atual no primeiro trimestre de 2026.<\/li>\n<li>Garante ainda que outros clubes tamb\u00e9m v\u00e3o precisar de uma r\u00e1dio.<\/li>\n<li>O Benfica pode ficar afastado de tudo relativo ao calend\u00e1rio de janeiro e \u00e0 situa\u00e7\u00e3o de Otamendi.<\/li>\n<li>O dirigente comenta sobre Bruma ter o Benfica como hip\u00f3tese e faz refer\u00eancias a Mourinho, Varandas e Lewis Hamilton.<\/li>\n<li>Com a chave apresentada pela Liga, o Benfica seria o \u00fanico clube a perder dinheiro.<\/li>\n<\/ul>\n","protected":false},"author":2,"featured_media":100955,"comment_status":"closed","ping_status":"closed","sticky":false,"template":"","format":"standard","meta":{"footnotes":""},"categories":[21,24],"tags":[1946,1125,789,32,1786,50],"class_list":["post-100944","post","type-post","status-publish","format-standard","has-post-thumbnail","hentry","category-desporto","category-futebol","tag-benfica","tag-contratos","tag-direitos-audiovisuais","tag-futebol","tag-liga","tag-mercado-da-bola"],"yoast_head":"<!-- This site is optimized with the Yoast SEO plugin v27.2 - https:\/\/yoast.com\/product\/yoast-seo-wordpress\/ -->\n<title>Gandarez rejeita centraliza\u00e7\u00e3o e igualar clubes na secretaria - Portal Tela Portugal<\/title>\n<meta name=\"robots\" content=\"index, follow, max-snippet:-1, max-image-preview:large, max-video-preview:-1\" \/>\n<meta property=\"og:locale\" content=\"pt_PT\" \/>\n<meta property=\"og:type\" content=\"article\" \/>\n<meta property=\"og:title\" content=\"Gandarez rejeita centraliza\u00e7\u00e3o e igualar clubes na secretaria - Portal Tela Portugal\" \/>\n<meta property=\"og:description\" content=\"O vice-presidente do Benfica, Jos\u00e9 Gandarez, afirma que vai ser assinado um contrato de TV superior ao atual no primeiro trimestre de 2026. Garante ainda que outros clubes tamb\u00e9m v\u00e3o precisar de uma r\u00e1dio. O Benfica pode ficar afastado de tudo relativo ao calend\u00e1rio de janeiro e \u00e0 situa\u00e7\u00e3o de Otamendi. O dirigente comenta sobre Bruma ter o Benfica como hip\u00f3tese e faz refer\u00eancias a Mourinho, Varandas e Lewis Hamilton. Com a chave apresentada pela Liga, o Benfica seria o \u00fanico clube a perder dinheiro.\" \/>\n<meta property=\"og:url\" content=\"https:\/\/portaltela.pt\/noticias\/2025\/12\/27\/gandarez-rejeita-centralizacao-e-igualar-clubes-na-secretaria\/\" \/>\n<meta property=\"og:site_name\" content=\"Portal Tela Portugal\" \/>\n<meta property=\"article:published_time\" content=\"2025-12-27T10:29:00+00:00\" \/>\n<meta name=\"author\" content=\"Telinha\" \/>\n<meta name=\"twitter:card\" content=\"summary_large_image\" \/>\n<meta name=\"twitter:label1\" content=\"Escrito por\" \/>\n\t<meta name=\"twitter:data1\" content=\"Telinha\" \/>\n\t<meta name=\"twitter:label2\" content=\"Tempo estimado de leitura\" \/>\n\t<meta name=\"twitter:data2\" content=\"2 minutos\" \/>\n<script type=\"application\/ld+json\" class=\"yoast-schema-graph\">{\"@context\":\"https:\/\/schema.org\",\"@graph\":[{\"@type\":\"Article\",\"@id\":\"https:\/\/portaltela.pt\/noticias\/2025\/12\/27\/gandarez-rejeita-centralizacao-e-igualar-clubes-na-secretaria\/#article\",\"isPartOf\":{\"@id\":\"https:\/\/portaltela.pt\/noticias\/2025\/12\/27\/gandarez-rejeita-centralizacao-e-igualar-clubes-na-secretaria\/\"},\"author\":{\"name\":\"Telinha\",\"@id\":\"https:\/\/portaltela.pt\/#\/schema\/person\/c4278d4a6028830caff9ee44b42d32ed\"},\"headline\":\"Gandarez rejeita centraliza\u00e7\u00e3o e igualar clubes na secretaria\",\"datePublished\":\"2025-12-27T10:29:00+00:00\",\"mainEntityOfPage\":{\"@id\":\"https:\/\/portaltela.pt\/noticias\/2025\/12\/27\/gandarez-rejeita-centralizacao-e-igualar-clubes-na-secretaria\/\"},\"wordCount\":498,\"image\":{\"@id\":\"https:\/\/portaltela.pt\/noticias\/2025\/12\/27\/gandarez-rejeita-centralizacao-e-igualar-clubes-na-secretaria\/#primaryimage\"},\"thumbnailUrl\":\"https:\/\/portaltela.pt\/s.01k8rhncp4jt1\/2025\/12\/img_1200x721uu2025-12-25-15-10-53-2411126.jpg\",\"keywords\":[\"Benfica\",\"contratos\",\"direitos audiovisuais\",\"futebol\",\"Liga\",\"mercado da bola\"],\"articleSection\":[\"Desporto\",\"Futebol\"],\"inLanguage\":\"pt-PT\"},{\"@type\":\"WebPage\",\"@id\":\"https:\/\/portaltela.pt\/noticias\/2025\/12\/27\/gandarez-rejeita-centralizacao-e-igualar-clubes-na-secretaria\/\",\"url\":\"https:\/\/portaltela.pt\/noticias\/2025\/12\/27\/gandarez-rejeita-centralizacao-e-igualar-clubes-na-secretaria\/\",\"name\":\"Gandarez rejeita centraliza\u00e7\u00e3o e igualar clubes na secretaria - Portal Tela Portugal\",\"isPartOf\":{\"@id\":\"https:\/\/portaltela.pt\/#website\"},\"primaryImageOfPage\":{\"@id\":\"https:\/\/portaltela.pt\/noticias\/2025\/12\/27\/gandarez-rejeita-centralizacao-e-igualar-clubes-na-secretaria\/#primaryimage\"},\"image\":{\"@id\":\"https:\/\/portaltela.pt\/noticias\/2025\/12\/27\/gandarez-rejeita-centralizacao-e-igualar-clubes-na-secretaria\/#primaryimage\"},\"thumbnailUrl\":\"https:\/\/portaltela.pt\/s.01k8rhncp4jt1\/2025\/12\/img_1200x721uu2025-12-25-15-10-53-2411126.jpg\",\"datePublished\":\"2025-12-27T10:29:00+00:00\",\"author\":{\"@id\":\"https:\/\/portaltela.pt\/#\/schema\/person\/c4278d4a6028830caff9ee44b42d32ed\"},\"breadcrumb\":{\"@id\":\"https:\/\/portaltela.pt\/noticias\/2025\/12\/27\/gandarez-rejeita-centralizacao-e-igualar-clubes-na-secretaria\/#breadcrumb\"},\"inLanguage\":\"pt-PT\",\"potentialAction\":[{\"@type\":\"ReadAction\",\"target\":[\"https:\/\/portaltela.pt\/noticias\/2025\/12\/27\/gandarez-rejeita-centralizacao-e-igualar-clubes-na-secretaria\/\"]}]},{\"@type\":\"ImageObject\",\"inLanguage\":\"pt-PT\",\"@id\":\"https:\/\/portaltela.pt\/noticias\/2025\/12\/27\/gandarez-rejeita-centralizacao-e-igualar-clubes-na-secretaria\/#primaryimage\",\"url\":\"https:\/\/portaltela.pt\/s.01k8rhncp4jt1\/2025\/12\/img_1200x721uu2025-12-25-15-10-53-2411126.jpg\",\"contentUrl\":\"https:\/\/portaltela.pt\/s.01k8rhncp4jt1\/2025\/12\/img_1200x721uu2025-12-25-15-10-53-2411126.jpg\",\"width\":796,\"height\":448,\"caption\":\"Entrevista ao vice-presidente e administrador da SAD do Benfica\"},{\"@type\":\"BreadcrumbList\",\"@id\":\"https:\/\/portaltela.pt\/noticias\/2025\/12\/27\/gandarez-rejeita-centralizacao-e-igualar-clubes-na-secretaria\/#breadcrumb\",\"itemListElement\":[{\"@type\":\"ListItem\",\"position\":1,\"name\":\"In\u00edcio\",\"item\":\"https:\/\/portaltela.pt\/\"},{\"@type\":\"ListItem\",\"position\":2,\"name\":\"Gandarez rejeita centraliza\u00e7\u00e3o e igualar clubes na secretaria\"}]},{\"@type\":\"WebSite\",\"@id\":\"https:\/\/portaltela.pt\/#website\",\"url\":\"https:\/\/portaltela.pt\/\",\"name\":\"Portal Tela Portugal\",\"description\":\"\",\"potentialAction\":[{\"@type\":\"SearchAction\",\"target\":{\"@type\":\"EntryPoint\",\"urlTemplate\":\"https:\/\/portaltela.pt\/?s={search_term_string}\"},\"query-input\":{\"@type\":\"PropertyValueSpecification\",\"valueRequired\":true,\"valueName\":\"search_term_string\"}}],\"inLanguage\":\"pt-PT\"},{\"@type\":\"Person\",\"@id\":\"https:\/\/portaltela.pt\/#\/schema\/person\/c4278d4a6028830caff9ee44b42d32ed\",\"name\":\"Telinha\",\"image\":{\"@type\":\"ImageObject\",\"inLanguage\":\"pt-PT\",\"@id\":\"https:\/\/portaltela.pt\/s.01k8rhncp4jt1\/2025\/11\/talking-bot-125x125.png\",\"url\":\"https:\/\/portaltela.pt\/s.01k8rhncp4jt1\/2025\/11\/talking-bot-125x125.png\",\"contentUrl\":\"https:\/\/portaltela.pt\/s.01k8rhncp4jt1\/2025\/11\/talking-bot-125x125.png\",\"caption\":\"Telinha\"},\"sameAs\":[\"https:\/\/portaltela.pt\/\"],\"url\":\"https:\/\/portaltela.pt\/por\/367410592786\/\"}]}<\/script>\n<!-- \/ Yoast SEO plugin. -->","yoast_head_json":{"title":"Gandarez rejeita centraliza\u00e7\u00e3o e igualar clubes na secretaria - Portal Tela Portugal","robots":{"index":"index","follow":"follow","max-snippet":"max-snippet:-1","max-image-preview":"max-image-preview:large","max-video-preview":"max-video-preview:-1"},"og_locale":"pt_PT","og_type":"article","og_title":"Gandarez rejeita centraliza\u00e7\u00e3o e igualar clubes na secretaria - Portal Tela Portugal","og_description":"O vice-presidente do Benfica, Jos\u00e9 Gandarez, afirma que vai ser assinado um contrato de TV superior ao atual no primeiro trimestre de 2026. Garante ainda que outros clubes tamb\u00e9m v\u00e3o precisar de uma r\u00e1dio. O Benfica pode ficar afastado de tudo relativo ao calend\u00e1rio de janeiro e \u00e0 situa\u00e7\u00e3o de Otamendi. O dirigente comenta sobre Bruma ter o Benfica como hip\u00f3tese e faz refer\u00eancias a Mourinho, Varandas e Lewis Hamilton. Com a chave apresentada pela Liga, o Benfica seria o \u00fanico clube a perder dinheiro.","og_url":"https:\/\/portaltela.pt\/noticias\/2025\/12\/27\/gandarez-rejeita-centralizacao-e-igualar-clubes-na-secretaria\/","og_site_name":"Portal Tela Portugal","article_published_time":"2025-12-27T10:29:00+00:00","author":"Telinha","twitter_card":"summary_large_image","twitter_misc":{"Escrito por":"Telinha","Tempo estimado de leitura":"2 minutos"},"schema":{"@context":"https:\/\/schema.org","@graph":[{"@type":"Article","@id":"https:\/\/portaltela.pt\/noticias\/2025\/12\/27\/gandarez-rejeita-centralizacao-e-igualar-clubes-na-secretaria\/#article","isPartOf":{"@id":"https:\/\/portaltela.pt\/noticias\/2025\/12\/27\/gandarez-rejeita-centralizacao-e-igualar-clubes-na-secretaria\/"},"author":{"name":"Telinha","@id":"https:\/\/portaltela.pt\/#\/schema\/person\/c4278d4a6028830caff9ee44b42d32ed"},"headline":"Gandarez rejeita centraliza\u00e7\u00e3o e igualar clubes na secretaria","datePublished":"2025-12-27T10:29:00+00:00","mainEntityOfPage":{"@id":"https:\/\/portaltela.pt\/noticias\/2025\/12\/27\/gandarez-rejeita-centralizacao-e-igualar-clubes-na-secretaria\/"},"wordCount":498,"image":{"@id":"https:\/\/portaltela.pt\/noticias\/2025\/12\/27\/gandarez-rejeita-centralizacao-e-igualar-clubes-na-secretaria\/#primaryimage"},"thumbnailUrl":"https:\/\/portaltela.pt\/s.01k8rhncp4jt1\/2025\/12\/img_1200x721uu2025-12-25-15-10-53-2411126.jpg","keywords":["Benfica","contratos","direitos audiovisuais","futebol","Liga","mercado da bola"],"articleSection":["Desporto","Futebol"],"inLanguage":"pt-PT"},{"@type":"WebPage","@id":"https:\/\/portaltela.pt\/noticias\/2025\/12\/27\/gandarez-rejeita-centralizacao-e-igualar-clubes-na-secretaria\/","url":"https:\/\/portaltela.pt\/noticias\/2025\/12\/27\/gandarez-rejeita-centralizacao-e-igualar-clubes-na-secretaria\/","name":"Gandarez rejeita centraliza\u00e7\u00e3o e igualar clubes na secretaria - Portal Tela Portugal","isPartOf":{"@id":"https:\/\/portaltela.pt\/#website"},"primaryImageOfPage":{"@id":"https:\/\/portaltela.pt\/noticias\/2025\/12\/27\/gandarez-rejeita-centralizacao-e-igualar-clubes-na-secretaria\/#primaryimage"},"image":{"@id":"https:\/\/portaltela.pt\/noticias\/2025\/12\/27\/gandarez-rejeita-centralizacao-e-igualar-clubes-na-secretaria\/#primaryimage"},"thumbnailUrl":"https:\/\/portaltela.pt\/s.01k8rhncp4jt1\/2025\/12\/img_1200x721uu2025-12-25-15-10-53-2411126.jpg","datePublished":"2025-12-27T10:29:00+00:00","author":{"@id":"https:\/\/portaltela.pt\/#\/schema\/person\/c4278d4a6028830caff9ee44b42d32ed"},"breadcrumb":{"@id":"https:\/\/portaltela.pt\/noticias\/2025\/12\/27\/gandarez-rejeita-centralizacao-e-igualar-clubes-na-secretaria\/#breadcrumb"},"inLanguage":"pt-PT","potentialAction":[{"@type":"ReadAction","target":["https:\/\/portaltela.pt\/noticias\/2025\/12\/27\/gandarez-rejeita-centralizacao-e-igualar-clubes-na-secretaria\/"]}]},{"@type":"ImageObject","inLanguage":"pt-PT","@id":"https:\/\/portaltela.pt\/noticias\/2025\/12\/27\/gandarez-rejeita-centralizacao-e-igualar-clubes-na-secretaria\/#primaryimage","url":"https:\/\/portaltela.pt\/s.01k8rhncp4jt1\/2025\/12\/img_1200x721uu2025-12-25-15-10-53-2411126.jpg","contentUrl":"https:\/\/portaltela.pt\/s.01k8rhncp4jt1\/2025\/12\/img_1200x721uu2025-12-25-15-10-53-2411126.jpg","width":796,"height":448,"caption":"Entrevista ao vice-presidente e administrador da SAD do Benfica"},{"@type":"BreadcrumbList","@id":"https:\/\/portaltela.pt\/noticias\/2025\/12\/27\/gandarez-rejeita-centralizacao-e-igualar-clubes-na-secretaria\/#breadcrumb","itemListElement":[{"@type":"ListItem","position":1,"name":"In\u00edcio","item":"https:\/\/portaltela.pt\/"},{"@type":"ListItem","position":2,"name":"Gandarez rejeita centraliza\u00e7\u00e3o e igualar clubes na secretaria"}]},{"@type":"WebSite","@id":"https:\/\/portaltela.pt\/#website","url":"https:\/\/portaltela.pt\/","name":"Portal Tela Portugal","description":"","potentialAction":[{"@type":"SearchAction","target":{"@type":"EntryPoint","urlTemplate":"https:\/\/portaltela.pt\/?s={search_term_string}"},"query-input":{"@type":"PropertyValueSpecification","valueRequired":true,"valueName":"search_term_string"}}],"inLanguage":"pt-PT"},{"@type":"Person","@id":"https:\/\/portaltela.pt\/#\/schema\/person\/c4278d4a6028830caff9ee44b42d32ed","name":"Telinha","image":{"@type":"ImageObject","inLanguage":"pt-PT","@id":"https:\/\/portaltela.pt\/s.01k8rhncp4jt1\/2025\/11\/talking-bot-125x125.png","url":"https:\/\/portaltela.pt\/s.01k8rhncp4jt1\/2025\/11\/talking-bot-125x125.png","contentUrl":"https:\/\/portaltela.pt\/s.01k8rhncp4jt1\/2025\/11\/talking-bot-125x125.png","caption":"Telinha"},"sameAs":["https:\/\/portaltela.pt\/"],"url":"https:\/\/portaltela.pt\/por\/367410592786\/"}]}},"_links":{"self":[{"href":"https:\/\/portaltela.pt\/api\/wp\/v2\/posts\/100944","targetHints":{"allow":["GET"]}}],"collection":[{"href":"https:\/\/portaltela.pt\/api\/wp\/v2\/posts"}],"about":[{"href":"https:\/\/portaltela.pt\/api\/wp\/v2\/types\/post"}],"author":[{"embeddable":true,"href":"https:\/\/portaltela.pt\/api\/wp\/v2\/users\/2"}],"replies":[{"embeddable":true,"href":"https:\/\/portaltela.pt\/api\/wp\/v2\/comments?post=100944"}],"version-history":[{"count":0,"href":"https:\/\/portaltela.pt\/api\/wp\/v2\/posts\/100944\/revisions"}],"wp:featuredmedia":[{"embeddable":true,"href":"https:\/\/portaltela.pt\/api\/wp\/v2\/media\/100955"}],"wp:attachment":[{"href":"https:\/\/portaltela.pt\/api\/wp\/v2\/media?parent=100944"}],"wp:term":[{"taxonomy":"category","embeddable":true,"href":"https:\/\/portaltela.pt\/api\/wp\/v2\/categories?post=100944"},{"taxonomy":"post_tag","embeddable":true,"href":"https:\/\/portaltela.pt\/api\/wp\/v2\/tags?post=100944"}],"curies":[{"name":"wp","href":"https:\/\/api.w.org\/{rel}","templated":true}]}}