{"id":100369,"date":"2025-12-26T19:55:00","date_gmt":"2025-12-26T22:55:00","guid":{"rendered":"https:\/\/portaltela.pt\/noticias\/2025\/12\/26\/morre-perry-bamonte-guitarrista-e-teclista-dos-the-cure\/"},"modified":"2025-12-26T19:55:00","modified_gmt":"2025-12-26T22:55:00","slug":"morre-perry-bamonte-guitarrista-e-teclista-dos-the-cure","status":"publish","type":"post","link":"https:\/\/portaltela.pt\/noticias\/2025\/12\/26\/morre-perry-bamonte-guitarrista-e-teclista-dos-the-cure\/","title":{"rendered":"Morre Perry Bamonte, guitarrista e teclista dos The Cure"},"content":{"rendered":"<p>Perry Bamonte, conhecido como Teddy, morreu aos 65 anos, em casa, ap\u00f3s uma doen\u00e7a de curta dura\u00e7\u00e3o. A not\u00edcia foi anunciada hoje pelos The Cure, banda inglesa de rock. Bamonte integrava a equipa t\u00e9cnica desde 1984 e tornou-se membro de pleno direito em 1990.<\/p>\n<p>Ao longo da sua passagem com os The Cure, Bamonte atuou primeiro como guitarrista e, desde 2022, como teclista. Contribuiu para \u00e1lbuns como Wish, Wild Mood Swings e Bloodflowers, al\u00e9m de ter protagonizado mais de 490 concertos.<\/p>\n<p>O \u00faltimo espet\u00e1culo dele ocorreu a 1 de novembro de 2024, em Londres, na apresenta\u00e7\u00e3o do \u00e1lbum Songs of a Lost World. Os The Cure destacaram a sua discre\u00e7\u00e3o, intensidade e criatividade, sublinhando a import\u00e2ncia dele para a hist\u00f3ria da banda.<\/p>\n<h3>Legado de Bamonte<\/h3>\n<p>Entre mem\u00f3rias da banda, Bamonte \u00e9 lembrado pela sua versatilidade e pela participa\u00e7\u00e3o em fases fundamentais do The Cure, incluindo turn\u00eas e grava\u00e7\u00f5es ao longo de v\u00e1rias d\u00e9cadas.<\/p>\n<p>Os The Cure continuam ativos com Robert Smith \u00e0 cabe\u00e7a e anunciaram eventos futuros, incluindo a digress\u00e3o prevista para 2026. Em junho desse ano, a banda est\u00e1 prevista como cabe\u00e7a de cartaz no North Festival, na Maia, Portugal.<\/p>\n","protected":false},"excerpt":{"rendered":"<ul>\n<li>Perry Bamonte, guitarrista e teclista dos The Cure, morreu aos 65 anos em casa, ap\u00f3s doen\u00e7a de curta dura\u00e7\u00e3o.<\/li>\n<li>Juntou-se aos The Cure em 1984 como parte da equipa t\u00e9cnica e tornou-se membro de pleno direito em 1990; foi guitarrista at\u00e9 2022 e passou a teclista na digress\u00e3o de 2022.<\/li>\n<li>Contribuiu para \u00e1lbuns como Wish, Wild Mood Swings e Bloodflowers, e atuou em mais de 490 concertos.<\/li>\n<li>O \u00faltimo concerto dele ocorreu a 1 de novembro de 2024, em Londres, durante a apresenta\u00e7\u00e3o do \u00e1lbum Songs of a Lost World.<\/li>\n<li>Os The Cure v\u00e3o atuar no North Festival, Maia, em junho de 2026, como cabe\u00e7as de cartaz.<\/li>\n<\/ul>\n","protected":false},"author":2,"featured_media":100374,"comment_status":"closed","ping_status":"closed","sticky":false,"template":"","format":"standard","meta":{"footnotes":""},"categories":[12,1],"tags":[593,299,122,1014,1813],"class_list":["post-100369","post","type-post","status-publish","format-standard","has-post-thumbnail","hentry","category-entretenimento","category-noticias","tag-concertos","tag-historia","tag-musica","tag-portugal","tag-turnes-internacionais"],"yoast_head":"<!-- This site is optimized with the Yoast SEO plugin v27.2 - https:\/\/yoast.com\/product\/yoast-seo-wordpress\/ -->\n<title>Morre Perry Bamonte, guitarrista e teclista dos The Cure - Portal Tela Portugal<\/title>\n<meta name=\"robots\" content=\"index, follow, max-snippet:-1, max-image-preview:large, max-video-preview:-1\" \/>\n<meta property=\"og:locale\" content=\"pt_PT\" \/>\n<meta property=\"og:type\" content=\"article\" \/>\n<meta property=\"og:title\" content=\"Morre Perry Bamonte, guitarrista e teclista dos The Cure - Portal Tela Portugal\" \/>\n<meta property=\"og:description\" content=\"Perry Bamonte, guitarrista e teclista dos The Cure, morreu aos 65 anos em casa, ap\u00f3s doen\u00e7a de curta dura\u00e7\u00e3o. Juntou-se aos The Cure em 1984 como parte da equipa t\u00e9cnica e tornou-se membro de pleno direito em 1990; foi guitarrista at\u00e9 2022 e passou a teclista na digress\u00e3o de 2022. Contribuiu para \u00e1lbuns como Wish, Wild Mood Swings e Bloodflowers, e atuou em mais de 490 concertos. O \u00faltimo concerto dele ocorreu a 1 de novembro de 2024, em Londres, durante a apresenta\u00e7\u00e3o do \u00e1lbum Songs of a Lost World. Os The Cure v\u00e3o atuar no North Festival, Maia, em junho de 2026, como cabe\u00e7as de cartaz.\" \/>\n<meta property=\"og:url\" content=\"https:\/\/portaltela.pt\/noticias\/2025\/12\/26\/morre-perry-bamonte-guitarrista-e-teclista-dos-the-cure\/\" \/>\n<meta property=\"og:site_name\" content=\"Portal Tela Portugal\" \/>\n<meta property=\"article:published_time\" content=\"2025-12-26T22:55:00+00:00\" \/>\n<meta name=\"author\" content=\"Telinha\" \/>\n<meta name=\"twitter:card\" content=\"summary_large_image\" \/>\n<meta name=\"twitter:label1\" content=\"Escrito por\" \/>\n\t<meta name=\"twitter:data1\" content=\"Telinha\" \/>\n\t<meta name=\"twitter:label2\" content=\"Tempo estimado de leitura\" \/>\n\t<meta name=\"twitter:data2\" content=\"1 minuto\" \/>\n<script type=\"application\/ld+json\" class=\"yoast-schema-graph\">{\"@context\":\"https:\/\/schema.org\",\"@graph\":[{\"@type\":\"Article\",\"@id\":\"https:\/\/portaltela.pt\/noticias\/2025\/12\/26\/morre-perry-bamonte-guitarrista-e-teclista-dos-the-cure\/#article\",\"isPartOf\":{\"@id\":\"https:\/\/portaltela.pt\/noticias\/2025\/12\/26\/morre-perry-bamonte-guitarrista-e-teclista-dos-the-cure\/\"},\"author\":{\"name\":\"Telinha\",\"@id\":\"https:\/\/portaltela.pt\/#\/schema\/person\/c4278d4a6028830caff9ee44b42d32ed\"},\"headline\":\"Morre Perry Bamonte, guitarrista e teclista dos The Cure\",\"datePublished\":\"2025-12-26T22:55:00+00:00\",\"mainEntityOfPage\":{\"@id\":\"https:\/\/portaltela.pt\/noticias\/2025\/12\/26\/morre-perry-bamonte-guitarrista-e-teclista-dos-the-cure\/\"},\"wordCount\":210,\"image\":{\"@id\":\"https:\/\/portaltela.pt\/noticias\/2025\/12\/26\/morre-perry-bamonte-guitarrista-e-teclista-dos-the-cure\/#primaryimage\"},\"thumbnailUrl\":\"https:\/\/portaltela.pt\/s.01k8rhncp4jt1\/2025\/12\/2055027.jpg\",\"keywords\":[\"concertos\",\"hist\u00f3ria\",\"m\u00fasica\",\"Portugal\",\"turn\u00eas internacionais\"],\"articleSection\":[\"Entretenimento\",\"Not\u00edcias\"],\"inLanguage\":\"pt-PT\"},{\"@type\":\"WebPage\",\"@id\":\"https:\/\/portaltela.pt\/noticias\/2025\/12\/26\/morre-perry-bamonte-guitarrista-e-teclista-dos-the-cure\/\",\"url\":\"https:\/\/portaltela.pt\/noticias\/2025\/12\/26\/morre-perry-bamonte-guitarrista-e-teclista-dos-the-cure\/\",\"name\":\"Morre Perry Bamonte, guitarrista e teclista dos The Cure - Portal Tela Portugal\",\"isPartOf\":{\"@id\":\"https:\/\/portaltela.pt\/#website\"},\"primaryImageOfPage\":{\"@id\":\"https:\/\/portaltela.pt\/noticias\/2025\/12\/26\/morre-perry-bamonte-guitarrista-e-teclista-dos-the-cure\/#primaryimage\"},\"image\":{\"@id\":\"https:\/\/portaltela.pt\/noticias\/2025\/12\/26\/morre-perry-bamonte-guitarrista-e-teclista-dos-the-cure\/#primaryimage\"},\"thumbnailUrl\":\"https:\/\/portaltela.pt\/s.01k8rhncp4jt1\/2025\/12\/2055027.jpg\",\"datePublished\":\"2025-12-26T22:55:00+00:00\",\"author\":{\"@id\":\"https:\/\/portaltela.pt\/#\/schema\/person\/c4278d4a6028830caff9ee44b42d32ed\"},\"breadcrumb\":{\"@id\":\"https:\/\/portaltela.pt\/noticias\/2025\/12\/26\/morre-perry-bamonte-guitarrista-e-teclista-dos-the-cure\/#breadcrumb\"},\"inLanguage\":\"pt-PT\",\"potentialAction\":[{\"@type\":\"ReadAction\",\"target\":[\"https:\/\/portaltela.pt\/noticias\/2025\/12\/26\/morre-perry-bamonte-guitarrista-e-teclista-dos-the-cure\/\"]}]},{\"@type\":\"ImageObject\",\"inLanguage\":\"pt-PT\",\"@id\":\"https:\/\/portaltela.pt\/noticias\/2025\/12\/26\/morre-perry-bamonte-guitarrista-e-teclista-dos-the-cure\/#primaryimage\",\"url\":\"https:\/\/portaltela.pt\/s.01k8rhncp4jt1\/2025\/12\/2055027.jpg\",\"contentUrl\":\"https:\/\/portaltela.pt\/s.01k8rhncp4jt1\/2025\/12\/2055027.jpg\",\"width\":796,\"height\":448,\"caption\":\"Concerto dos The Cure na California, em Maio de 2023\"},{\"@type\":\"BreadcrumbList\",\"@id\":\"https:\/\/portaltela.pt\/noticias\/2025\/12\/26\/morre-perry-bamonte-guitarrista-e-teclista-dos-the-cure\/#breadcrumb\",\"itemListElement\":[{\"@type\":\"ListItem\",\"position\":1,\"name\":\"In\u00edcio\",\"item\":\"https:\/\/portaltela.pt\/\"},{\"@type\":\"ListItem\",\"position\":2,\"name\":\"Morre Perry Bamonte, guitarrista e teclista dos The Cure\"}]},{\"@type\":\"WebSite\",\"@id\":\"https:\/\/portaltela.pt\/#website\",\"url\":\"https:\/\/portaltela.pt\/\",\"name\":\"Portal Tela Portugal\",\"description\":\"\",\"potentialAction\":[{\"@type\":\"SearchAction\",\"target\":{\"@type\":\"EntryPoint\",\"urlTemplate\":\"https:\/\/portaltela.pt\/?s={search_term_string}\"},\"query-input\":{\"@type\":\"PropertyValueSpecification\",\"valueRequired\":true,\"valueName\":\"search_term_string\"}}],\"inLanguage\":\"pt-PT\"},{\"@type\":\"Person\",\"@id\":\"https:\/\/portaltela.pt\/#\/schema\/person\/c4278d4a6028830caff9ee44b42d32ed\",\"name\":\"Telinha\",\"image\":{\"@type\":\"ImageObject\",\"inLanguage\":\"pt-PT\",\"@id\":\"https:\/\/portaltela.pt\/s.01k8rhncp4jt1\/2025\/11\/talking-bot-125x125.png\",\"url\":\"https:\/\/portaltela.pt\/s.01k8rhncp4jt1\/2025\/11\/talking-bot-125x125.png\",\"contentUrl\":\"https:\/\/portaltela.pt\/s.01k8rhncp4jt1\/2025\/11\/talking-bot-125x125.png\",\"caption\":\"Telinha\"},\"sameAs\":[\"https:\/\/portaltela.pt\/\"],\"url\":\"https:\/\/portaltela.pt\/por\/367410592786\/\"}]}<\/script>\n<!-- \/ Yoast SEO plugin. -->","yoast_head_json":{"title":"Morre Perry Bamonte, guitarrista e teclista dos The Cure - Portal Tela Portugal","robots":{"index":"index","follow":"follow","max-snippet":"max-snippet:-1","max-image-preview":"max-image-preview:large","max-video-preview":"max-video-preview:-1"},"og_locale":"pt_PT","og_type":"article","og_title":"Morre Perry Bamonte, guitarrista e teclista dos The Cure - Portal Tela Portugal","og_description":"Perry Bamonte, guitarrista e teclista dos The Cure, morreu aos 65 anos em casa, ap\u00f3s doen\u00e7a de curta dura\u00e7\u00e3o. Juntou-se aos The Cure em 1984 como parte da equipa t\u00e9cnica e tornou-se membro de pleno direito em 1990; foi guitarrista at\u00e9 2022 e passou a teclista na digress\u00e3o de 2022. Contribuiu para \u00e1lbuns como Wish, Wild Mood Swings e Bloodflowers, e atuou em mais de 490 concertos. O \u00faltimo concerto dele ocorreu a 1 de novembro de 2024, em Londres, durante a apresenta\u00e7\u00e3o do \u00e1lbum Songs of a Lost World. Os The Cure v\u00e3o atuar no North Festival, Maia, em junho de 2026, como cabe\u00e7as de cartaz.","og_url":"https:\/\/portaltela.pt\/noticias\/2025\/12\/26\/morre-perry-bamonte-guitarrista-e-teclista-dos-the-cure\/","og_site_name":"Portal Tela Portugal","article_published_time":"2025-12-26T22:55:00+00:00","author":"Telinha","twitter_card":"summary_large_image","twitter_misc":{"Escrito por":"Telinha","Tempo estimado de leitura":"1 minuto"},"schema":{"@context":"https:\/\/schema.org","@graph":[{"@type":"Article","@id":"https:\/\/portaltela.pt\/noticias\/2025\/12\/26\/morre-perry-bamonte-guitarrista-e-teclista-dos-the-cure\/#article","isPartOf":{"@id":"https:\/\/portaltela.pt\/noticias\/2025\/12\/26\/morre-perry-bamonte-guitarrista-e-teclista-dos-the-cure\/"},"author":{"name":"Telinha","@id":"https:\/\/portaltela.pt\/#\/schema\/person\/c4278d4a6028830caff9ee44b42d32ed"},"headline":"Morre Perry Bamonte, guitarrista e teclista dos The Cure","datePublished":"2025-12-26T22:55:00+00:00","mainEntityOfPage":{"@id":"https:\/\/portaltela.pt\/noticias\/2025\/12\/26\/morre-perry-bamonte-guitarrista-e-teclista-dos-the-cure\/"},"wordCount":210,"image":{"@id":"https:\/\/portaltela.pt\/noticias\/2025\/12\/26\/morre-perry-bamonte-guitarrista-e-teclista-dos-the-cure\/#primaryimage"},"thumbnailUrl":"https:\/\/portaltela.pt\/s.01k8rhncp4jt1\/2025\/12\/2055027.jpg","keywords":["concertos","hist\u00f3ria","m\u00fasica","Portugal","turn\u00eas internacionais"],"articleSection":["Entretenimento","Not\u00edcias"],"inLanguage":"pt-PT"},{"@type":"WebPage","@id":"https:\/\/portaltela.pt\/noticias\/2025\/12\/26\/morre-perry-bamonte-guitarrista-e-teclista-dos-the-cure\/","url":"https:\/\/portaltela.pt\/noticias\/2025\/12\/26\/morre-perry-bamonte-guitarrista-e-teclista-dos-the-cure\/","name":"Morre Perry Bamonte, guitarrista e teclista dos The Cure - Portal Tela Portugal","isPartOf":{"@id":"https:\/\/portaltela.pt\/#website"},"primaryImageOfPage":{"@id":"https:\/\/portaltela.pt\/noticias\/2025\/12\/26\/morre-perry-bamonte-guitarrista-e-teclista-dos-the-cure\/#primaryimage"},"image":{"@id":"https:\/\/portaltela.pt\/noticias\/2025\/12\/26\/morre-perry-bamonte-guitarrista-e-teclista-dos-the-cure\/#primaryimage"},"thumbnailUrl":"https:\/\/portaltela.pt\/s.01k8rhncp4jt1\/2025\/12\/2055027.jpg","datePublished":"2025-12-26T22:55:00+00:00","author":{"@id":"https:\/\/portaltela.pt\/#\/schema\/person\/c4278d4a6028830caff9ee44b42d32ed"},"breadcrumb":{"@id":"https:\/\/portaltela.pt\/noticias\/2025\/12\/26\/morre-perry-bamonte-guitarrista-e-teclista-dos-the-cure\/#breadcrumb"},"inLanguage":"pt-PT","potentialAction":[{"@type":"ReadAction","target":["https:\/\/portaltela.pt\/noticias\/2025\/12\/26\/morre-perry-bamonte-guitarrista-e-teclista-dos-the-cure\/"]}]},{"@type":"ImageObject","inLanguage":"pt-PT","@id":"https:\/\/portaltela.pt\/noticias\/2025\/12\/26\/morre-perry-bamonte-guitarrista-e-teclista-dos-the-cure\/#primaryimage","url":"https:\/\/portaltela.pt\/s.01k8rhncp4jt1\/2025\/12\/2055027.jpg","contentUrl":"https:\/\/portaltela.pt\/s.01k8rhncp4jt1\/2025\/12\/2055027.jpg","width":796,"height":448,"caption":"Concerto dos The Cure na California, em Maio de 2023"},{"@type":"BreadcrumbList","@id":"https:\/\/portaltela.pt\/noticias\/2025\/12\/26\/morre-perry-bamonte-guitarrista-e-teclista-dos-the-cure\/#breadcrumb","itemListElement":[{"@type":"ListItem","position":1,"name":"In\u00edcio","item":"https:\/\/portaltela.pt\/"},{"@type":"ListItem","position":2,"name":"Morre Perry Bamonte, guitarrista e teclista dos The Cure"}]},{"@type":"WebSite","@id":"https:\/\/portaltela.pt\/#website","url":"https:\/\/portaltela.pt\/","name":"Portal Tela Portugal","description":"","potentialAction":[{"@type":"SearchAction","target":{"@type":"EntryPoint","urlTemplate":"https:\/\/portaltela.pt\/?s={search_term_string}"},"query-input":{"@type":"PropertyValueSpecification","valueRequired":true,"valueName":"search_term_string"}}],"inLanguage":"pt-PT"},{"@type":"Person","@id":"https:\/\/portaltela.pt\/#\/schema\/person\/c4278d4a6028830caff9ee44b42d32ed","name":"Telinha","image":{"@type":"ImageObject","inLanguage":"pt-PT","@id":"https:\/\/portaltela.pt\/s.01k8rhncp4jt1\/2025\/11\/talking-bot-125x125.png","url":"https:\/\/portaltela.pt\/s.01k8rhncp4jt1\/2025\/11\/talking-bot-125x125.png","contentUrl":"https:\/\/portaltela.pt\/s.01k8rhncp4jt1\/2025\/11\/talking-bot-125x125.png","caption":"Telinha"},"sameAs":["https:\/\/portaltela.pt\/"],"url":"https:\/\/portaltela.pt\/por\/367410592786\/"}]}},"_links":{"self":[{"href":"https:\/\/portaltela.pt\/api\/wp\/v2\/posts\/100369","targetHints":{"allow":["GET"]}}],"collection":[{"href":"https:\/\/portaltela.pt\/api\/wp\/v2\/posts"}],"about":[{"href":"https:\/\/portaltela.pt\/api\/wp\/v2\/types\/post"}],"author":[{"embeddable":true,"href":"https:\/\/portaltela.pt\/api\/wp\/v2\/users\/2"}],"replies":[{"embeddable":true,"href":"https:\/\/portaltela.pt\/api\/wp\/v2\/comments?post=100369"}],"version-history":[{"count":0,"href":"https:\/\/portaltela.pt\/api\/wp\/v2\/posts\/100369\/revisions"}],"wp:featuredmedia":[{"embeddable":true,"href":"https:\/\/portaltela.pt\/api\/wp\/v2\/media\/100374"}],"wp:attachment":[{"href":"https:\/\/portaltela.pt\/api\/wp\/v2\/media?parent=100369"}],"wp:term":[{"taxonomy":"category","embeddable":true,"href":"https:\/\/portaltela.pt\/api\/wp\/v2\/categories?post=100369"},{"taxonomy":"post_tag","embeddable":true,"href":"https:\/\/portaltela.pt\/api\/wp\/v2\/tags?post=100369"}],"curies":[{"name":"wp","href":"https:\/\/api.w.org\/{rel}","templated":true}]}}